{"id":1283476,"date":"2015-05-08T10:33:21","date_gmt":"2015-05-08T07:33:21","guid":{"rendered":"https:\/\/analyse.optim.biz\/?p=1283476"},"modified":"2015-05-08T10:33:21","modified_gmt":"2015-05-08T07:33:21","slug":"ilare-bordeasu-pe-vremea-pdl-eram-vazuti-ca-niste-servanti-ca-niste-perii-de-haine","status":"publish","type":"post","link":"https:\/\/analyse.optim.biz\/?p=1283476","title":{"rendered":"Ilare Bordea\u0219u: \u201ePe vremea PDL eram v\u0103zu\u021bi ca ni\u0219te servan\u021bi, ca ni\u0219te perii de haine\u201d &#8211;"},"content":{"rendered":"<p><article id=\"post-13693\" class=\"post-id post-13693 post type-post status-publish format-standard has-post-thumbnail hentry category-educatie category-interviu category-stiri-locale category-slider category-stiri-2 tag-alma-mater tag-ilare-bordeasu tag-interviu-2 tag-lupta tag-pdl tag-perii-de-haine tag-servanti tag-sindicat tag-timisoara\"><span class=\"updated\">2015-05-08<\/span><\/p>\n<div class=\"vcard author\"><strong class=\"fn\"><a href=\"https:\/\/www.banatulmeu.ro\/author\/ovidiumarascu\/\" title=\"Articole de Ovidiu Marascu\" rel=\"author\">Ovidiu Marascu<\/a><\/strong><\/div>\n<div id=\"post-header-bd\" class=\"post-header-bd\">\n<div class=\"entry-crumbs\">\n<div class=\"vbreadcrumb\"><a href=\"https:\/\/www.banatulmeu.ro\/\" rel=\"v:url\" class=\"home\">Home<\/a><\/div>\n<div class=\"vbreadcrumb\"><a href=\"https:\/\/www.banatulmeu.ro\/category\/educatie\/\" title=\"Educatie\" rel=\"v:url\">Educatie<\/a><\/div>\n<div class=\"vbreadcrumb\">\n                            Ilare Bordea\u0219u: \u201ePe vremea PDL eram v\u0103zu\u021bi ca ni\u0219te servan\u021bi, ca ni\u0219te perii de haine\u201d                        <\/div>\n<\/div>\n<header>\n<h1 class=\"entry-title\">Ilare Bordea\u0219u: \u201ePe vremea PDL eram v\u0103zu\u021bi ca ni\u0219te servan\u021bi, ca ni\u0219te perii de haine\u201d<\/h1>\n<div class=\"meta-info\">\n<div class=\"post-author-bd\">\n                By <a href=\"https:\/\/www.banatulmeu.ro\/author\/ovidiumarascu\/\" title>Ovidiu Marascu <\/a><\/div>\n<div class=\"post-date-bd\">\n                &#8211; 8 mai 2015            <\/div>\n<div class=\"post-date-bd\">\n                &#8211; 13:33            <\/div>\n<div class=\"post-cats-bd\">\n                &#8211; in <a href=\"https:\/\/www.banatulmeu.ro\/category\/educatie\/\" rel=\"category tag\">Educatie<\/a>, <a href=\"https:\/\/www.banatulmeu.ro\/category\/interviu\/\" rel=\"category tag\">Interviu<\/a>, <a href=\"https:\/\/www.banatulmeu.ro\/category\/stiri-2\/stiri-locale\/\" rel=\"category tag\">Locale<\/a>, <a href=\"https:\/\/www.banatulmeu.ro\/category\/slider\/\" rel=\"category tag\">Slider<\/a>, <a href=\"https:\/\/www.banatulmeu.ro\/category\/stiri-2\/\" rel=\"category tag\">Stiri<\/a><\/div>\n<div class=\"post-comments-bd\"><a href=\"https:\/\/www.banatulmeu.ro\/ilare-bordeasu-pe-vremea-pdl-eram-vazuti-ca-niste-servanti-ca-niste-perii-de-haine\/#respond\">0<\/a><\/div>\n<\/div>\n<\/header>\n<\/div>\n<div class=\"post-content-bd\">\n<div class=\"post-featured\" id=\"post-featured\">\n<div class=\"post-featured-image-bd\">\n<figure><a href=\"https:\/\/analyse.optim.biz\/wp-content\/uploads\/2026\/01\/bordeasu-1.jpg\" rel=\"bookmark\"><img loading=\"lazy\" decoding=\"async\" width=\"440\" height=\"330\" src=\"https:\/\/analyse.optim.biz\/wp-content\/uploads\/2026\/01\/bordeasu-1.jpg\" class=\"attachment-bd-normal size-bd-normal wp-post-image\" title=\"bordeasu-1\"><img loading=\"lazy\" decoding=\"async\" width=\"440\" height=\"330\" src=\"https:\/\/analyse.optim.biz\/wp-content\/uploads\/2026\/01\/bordeasu-1.jpg\" class=\"attachment-bd-normal size-bd-normal wp-post-image\" title=\"bordeasu-1\"><\/a><\/figure>\n<\/div>\n<\/div>\n<div id=\"yiv7894706650yui_3_16_0_1_1430997937111_3036\" class=\"yiv7894706650\"><span id=\"yiv7894706650yui_3_16_0_1_1430997937111_3035\" class=\"yiv7894706650\">\u00cen perioada 8 \u2013 9 mai, la Sinaia, sindicali\u0219tii din FNS Alma Mater s\u0103rb\u0103toresc 25 de de ani de la \u00eenfiin\u021barea federa\u021biei sindicale. \u00cen Timi\u0219oara \u00een decembrie se \u00eemplinesc 25 de ani de la \u00eenfiin\u021barea Sindicatului Liber din UPT. Lupta sindical\u0103 la nivel universitar \u00een capitala Banatului \u0219i \u00een vestul \u021b\u0103rii a fost intransigent\u0103 \u0219i f\u0103r\u0103 menajamente. Este meritul \u00een special al profesorului universitar Ilare Bordea\u0219u. A condus timp de 8 ani SLUPT \u0219i a renun\u021bat, de\u0219i oamenii \u00eei cereau s\u0103 continue. A r\u0103mas \u00eens\u0103 vicepre\u0219edinte ALMA Mater \u0219i coordonator pe zona de vest al federa\u021biei na\u021bional sindicale. C\u00e2nd a intrat \u00een sindicat era doar un t\u00e2n\u0103r asistent. Se \u00eent\u00e2mpla cu peste 20 de ani \u00een urm\u0103. Oamenii au avut \u00eens\u0103 \u00eencredere \u00een el \u0219i Ilare Bordea\u0219u nu i-a dezam\u0103git. Acum, Bordea\u0219u vorbe\u0219te deschis despre b\u0103taia de joc marca PDL, despre inep\u021biile fostului ministru Daniel Funeriu, dar \u0219i despre cum a reu\u0219it PSD s\u0103 calmeze o mas\u0103 ce p\u0103rea de neoprit \u00een urm\u0103 cu doar c\u00e2\u021biva ani<\/span><\/div>\n<div id=\"yiv7894706650yui_3_16_0_1_1430997937111_3039\" class=\"yiv7894706650\"><b class=\"yiv7894706650\"><span class=\"yiv7894706650\">\u00a0<\/span><\/b><\/div>\n<div id=\"yiv7894706650yui_3_16_0_1_1430997937111_3039\" class=\"yiv7894706650\"><b id=\"yiv7894706650yui_3_16_0_1_1430997937111_3038\" class=\"yiv7894706650\"><span id=\"yiv7894706650yui_3_16_0_1_1430997937111_3037\" class=\"yiv7894706650\">C\u00e2t de greu a fost? Dac\u0103 ar fi s\u0103 o lua\u021bi de la cap\u0103t a\u021bi mai face acela\u0219i lucru?<\/span><\/b><\/div>\n<div id=\"yui_3_16_0_1_1431081022714_2737\" class=\"yiv7894706650\"><span id=\"yui_3_16_0_1_1431081022714_2736\" class=\"yiv7894706650\">Cred c\u0103 a\u0219 face acela\u0219i lucru. Dincolo de dorin\u021ba mea de preg\u0103tire profesional\u0103 ca prim\u0103 op\u021biune este \u0219i structura mea uman\u0103 de a fi un lupt\u0103tor \u0219i un militant pentru respectarea meritelor \u0219i a drepturilor oamenilor. Greut\u0103\u021bile le-am l\u0103sat mereu \u00een urm\u0103.<\/span><\/div>\n<div id=\"yiv7894706650yui_3_16_0_1_1430997937111_3047\" class=\"yiv7894706650\"><b class=\"yiv7894706650\"><span class=\"yiv7894706650\">\u00a0<\/span><\/b><\/div>\n<div id=\"yiv7894706650yui_3_16_0_1_1430997937111_3047\" class=\"yiv7894706650\"><b id=\"yiv7894706650yui_3_16_0_1_1430997937111_3046\" class=\"yiv7894706650\"><span id=\"yiv7894706650yui_3_16_0_1_1430997937111_3045\" class=\"yiv7894706650\">\u00cen urm\u0103 cu doar c\u00e2\u021biva ani sindicatele erau extrem de vizibile. Au fost greve, proteste, pichet\u0103ri de institu\u021bii publice. S-a cobor\u00e2t \u0219tacheta \u00een ultima vreme?<\/span><\/b><\/div>\n<div id=\"yiv7894706650yui_3_16_0_1_1430997937111_3044\" class=\"yiv7894706650\"><span id=\"yiv7894706650yui_3_16_0_1_1430997937111_3043\" class=\"yiv7894706650\">A fost o perioad\u0103 de convulsii. Asta \u00een special pentru c\u0103 s-au ridicat oameni f\u0103r\u0103 niciun fel de merite \u0219i era un haos de nedescris. Era trecerea de la o societate de tip statal la o societate mai liberal\u0103, altfel structurat\u0103 \u00een care au p\u0103truns oameni ce urm\u0103reau s\u0103 se \u00eembog\u0103\u021beasc\u0103, neglij\u00e2nd valorile \u0219i structurile de baz\u0103 ale unei societ\u0103\u021bi ce asigur\u0103 prosperitatea \u0219i echilibru \u2013 a\u0219a cum era educa\u021bia. Astea ne-au f\u0103cut s\u0103 ie\u0219im \u00een strad\u0103. Eram nedrept\u0103\u021bi\u021bi nu numai salarial, dar era o dec\u0103dere furtunoas\u0103 a educa\u021biei \u0219i chiar o denigrare a ei. Lucrurile pe care noi le strigam atunci \u00een strad\u0103, se v\u0103d bine acum. O politic\u0103 inconstant\u0103 ce a dus la degradarea educa\u021biei.<\/span><\/div>\n<div id=\"yiv7894706650yui_3_16_0_1_1430997937111_3053\" class=\"yiv7894706650\"><b class=\"yiv7894706650\"><span class=\"yiv7894706650\">\u00a0<\/span><\/b><\/div>\n<div id=\"yiv7894706650yui_3_16_0_1_1430997937111_3053\" class=\"yiv7894706650\"><b id=\"yiv7894706650yui_3_16_0_1_1430997937111_3055\" class=\"yiv7894706650\"><span id=\"yiv7894706650yui_3_16_0_1_1430997937111_3054\" class=\"yiv7894706650\">Totu\u0219i sindicatele au \u00eenceput s\u0103 devin\u0103 tot mai pu\u021bin vizibile. Este situa\u021bia actual\u0103 de a\u0219a natur\u0103 \u00eenc\u00e2t s\u0103 nu mai fie nevoie de proteste?<\/span><\/b><\/div>\n<div id=\"yiv7894706650yui_3_16_0_1_1430997937111_3049\" class=\"yiv7894706650\"><span id=\"yiv7894706650yui_3_16_0_1_1430997937111_3048\" class=\"yiv7894706650\">De ce nu se prea mai v\u0103d sindicatele\u2026 O s\u0103 v\u0103 par\u0103 surprinz\u0103tor, dar cel pu\u021bin \u00een ultima perioad\u0103 se vede o politic\u0103 social\u0103. \u00cen\u021belegerea \u0219i acordarea aten\u021biei de c\u0103tre actualul guvern, actuala putere de la guvernare se vede clar. Asta \u00een compara\u021bie cu domnul fost ministru al Educa\u021biei \u2013 Funeriu c\u00e2nd eram ignora\u021bi total. Eram v\u0103zu\u021bi ca ni\u0219te servan\u021bi, ca ni\u0219te perii de haine. Funeriu ne privea de sus, f\u0103r\u0103 s\u0103 realizeze c\u0103 de pozi\u021bia sa depinde viitorul unei \u021b\u0103ri. Actuala conducere are un dialog, ne cheam\u0103 la toate problemele, discut\u0103 cu noi, simte mai bine necesit\u0103\u021bile.<\/span><\/div>\n<div id=\"yiv7894706650yui_3_16_0_1_1430997937111_3052\" class=\"yiv7894706650\"><b class=\"yiv7894706650\"><span class=\"yiv7894706650\">\u00a0<\/span><\/b><\/div>\n<div id=\"yiv7894706650yui_3_16_0_1_1430997937111_3052\" class=\"yiv7894706650\"><b id=\"yiv7894706650yui_3_16_0_1_1430997937111_3051\" class=\"yiv7894706650\"><span id=\"yiv7894706650yui_3_16_0_1_1430997937111_3050\" class=\"yiv7894706650\">Adic\u0103 PSD este mai interesat de educa\u021bie?<\/span><\/b><\/div>\n<div id=\"yiv7894706650yui_3_16_0_1_1430997937111_3102\" class=\"yiv7894706650\"><span id=\"yiv7894706650yui_3_16_0_1_1430997937111_3101\" class=\"yiv7894706650\">Vreau s\u0103 spun clar: PDL \u0219i-a b\u0103tut joc de educa\u021bie. PDL \u0219i-a b\u0103tut\u00a0 joc de no\u021biunea de dialog social. La ei nu a existat no\u021biune, la ei a existat dictatur\u0103 \u0219i punerea clientelar\u0103 de oameni pe func\u021bii. Unii \u00eent\u00e2mpl\u0103tor erau foarte buni, dar politica a dus la ruperea celor de la conducere de cei de jos. \u00centre ei era doar un fulger: trebuia s\u0103 execu\u021bi f\u0103r\u0103 s\u0103 ai dreptul s\u0103 ciripe\u0219ti. Noi vorbeam \u0219i nimeni nu ne asculta. Acum suntem asculta\u021bi. Ne-au dat banii pe sentin\u021be. Ce le pot repro\u0219a? Le repro\u0219ez eventual c\u0103 nu ne-au dat banii cum ne-au promis \u00eenainte de Pa\u0219te\u2026<\/span><\/div>\n<div id=\"yiv7894706650yui_3_16_0_1_1430997937111_3061\" class=\"yiv7894706650\"><b class=\"yiv7894706650\"><span class=\"yiv7894706650\">\u00a0<\/span><\/b><\/div>\n<div id=\"yiv7894706650yui_3_16_0_1_1430997937111_3061\" class=\"yiv7894706650\"><b id=\"yiv7894706650yui_3_16_0_1_1430997937111_3063\" class=\"yiv7894706650\"><span id=\"yiv7894706650yui_3_16_0_1_1430997937111_3062\" class=\"yiv7894706650\">Mai ave\u021bi o parte de bani de \u00eencasat\u2026<\/span><\/b><\/div>\n<div id=\"yiv7894706650yui_3_16_0_1_1430997937111_3057\" class=\"yiv7894706650\"><span id=\"yiv7894706650yui_3_16_0_1_1430997937111_3056\" class=\"yiv7894706650\">Premierul a spus c\u0103 restul de bani vor fi da\u021bi la rectificare. Dac\u0103 nu \u00eei vom primi, noi nu suntem servan\u021bii niciunei puteri. Vor avea surprize. \u00cen iunie e rectificarea. De\u0219i ace\u0219ti bani \u00eei primim \u00een avans fa\u021b\u0103 de ce a stabilit ordonan\u021ba de urgen\u021b\u0103. Trebuie s\u0103 primim restul pe 2016, pe 2015 au fost achita\u021bi. Diferen\u021bele sunt obliga\u021biile universit\u0103\u021bilor. Dar trebuie s\u0103 se g\u00e2ndeasc\u0103 \u0219i Ministerul \u2013 universit\u0103\u021bile nu au at\u00e2\u021bia bani s\u0103 acopere at\u00e2tea goluri, dac\u0103 la finan\u021barea de baz\u0103 vin tot mai pu\u021bini bani. Sper ca pe noua politic\u0103 a actualului guvern s\u0103 se redreseze educa\u021bia din punct de vedere financiar.<\/span><\/div>\n<div id=\"yiv7894706650yui_3_16_0_1_1430997937111_3060\" class=\"yiv7894706650\"><b class=\"yiv7894706650\"><span class=\"yiv7894706650\">\u00a0<\/span><\/b><\/div>\n<div id=\"yiv7894706650yui_3_16_0_1_1430997937111_3060\" class=\"yiv7894706650\"><b id=\"yiv7894706650yui_3_16_0_1_1430997937111_3059\" class=\"yiv7894706650\"><span id=\"yiv7894706650yui_3_16_0_1_1430997937111_3058\" class=\"yiv7894706650\">Dac\u0103 \u00eei iunie nu vin banii pe 2016 ce se va \u00eent\u00e2mpla?<\/span><\/b><\/div>\n<div id=\"yiv7894706650yui_3_16_0_1_1430997937111_3114\" class=\"yiv7894706650\"><span id=\"yiv7894706650yui_3_16_0_1_1430997937111_3113\" class=\"yiv7894706650\">Dac\u0103 \u00een iunie nu vin banii, m\u0103 \u00eendoiesc c\u0103 vor fi greve \u0219i mitinguri. \u00cen mod normal banii cuveni\u021bi pe sentin\u021be pe 2016 sunt o promisiune ce trebuie onorat\u0103 de o putere care vrea s\u0103 respecte o lege \u00een \u021bara asta. O lege ce nu a fost respectat\u0103 de PDL \u0219i mai ales de domnul B\u0103sescu care a r\u00e2s de noi. Ne-a luat semn\u0103turile \u0219i \u0219i-a b\u0103tut joc<\/span><\/div>\n<div id=\"yiv7894706650yui_3_16_0_1_1430997937111_3066\" class=\"yiv7894706650\"><b class=\"yiv7894706650\"><span class=\"yiv7894706650\">\u00a0<\/span><\/b><\/div>\n<div id=\"yiv7894706650yui_3_16_0_1_1430997937111_3066\" class=\"yiv7894706650\"><b id=\"yiv7894706650yui_3_16_0_1_1430997937111_3065\" class=\"yiv7894706650\"><span id=\"yiv7894706650yui_3_16_0_1_1430997937111_3064\" class=\"yiv7894706650\">Sunte\u021bi profesor universitar \u0219i ave\u021bi numeroase realiz\u0103ri pe plan profesional. Nu regreta\u021bi c\u0103 sunte\u021bi asimilat mereu cu sindicalistul Ilare Bordea\u0219u?<\/span><\/b><\/div>\n<div id=\"yiv7894706650yui_3_16_0_1_1430997937111_3090\" class=\"yiv7894706650\"><span id=\"yiv7894706650yui_3_16_0_1_1430997937111_3089\" class=\"yiv7894706650\">(R\u00e2de) Da, este foarte nedrept. Asta o fac pentru c\u0103 merg pe structura de lupt\u0103tor. Vreau s\u0103 v\u0103 spu\u00a0 c\u0103 eu r\u0103m\u00e2n un profesionist \u0219i niciodat\u0103 nu voi renun\u021ba la actul didactic \u0219i de cercetare. Eu nu m-am afirmat prin lupta sindical\u0103. \u00cemi doresc s\u0103 \u0219tie lumea c\u0103 sunt profesor. Unii folosesc no\u021biunea de lider de sindicat pentru c\u0103 se tem s\u0103 nu ocup o alt\u0103 func\u021bie de conducere. Atunci e cel mai u\u0219or s\u0103 te asimileze cu liderul de sindicat \u0219i nu cu omul cu calit\u0103\u021bi profesionale, foarte bun cercet\u0103tor, care este \u00een v\u00e2rfurile UPT, care cunoa\u0219te actul managerial \u0219i poate s\u0103 treac\u0103 dincolo de lupt\u0103torul sindical \u0219i s\u0103 ofere ceea ce cerea ca sindicalist.<\/span><\/div>\n<div id=\"yiv7894706650yui_3_16_0_1_1430997937111_3069\" class=\"yiv7894706650\"><b class=\"yiv7894706650\"><span class=\"yiv7894706650\">\u00a0<\/span><\/b><\/div>\n<div id=\"yiv7894706650yui_3_16_0_1_1430997937111_3069\" class=\"yiv7894706650\"><b id=\"yiv7894706650yui_3_16_0_1_1430997937111_3068\" class=\"yiv7894706650\"><span id=\"yiv7894706650yui_3_16_0_1_1430997937111_3067\" class=\"yiv7894706650\">Cea mai mare realizare din ultimii zece ani?<\/span><\/b><\/div>\n<div id=\"yiv7894706650yui_3_16_0_1_1430997937111_3021\" class=\"yiv7894706650\"><span id=\"yiv7894706650yui_3_16_0_1_1430997937111_3020\" class=\"yiv7894706650\">Cea mai mare realizare \u2013 rezultatul luptei pe care am dus-o s\u0103 ob\u021binem banii pentru cre\u0219terile salariale. Pe Sindicatul Liber din UPT cea mai mare realizarea a fost cump\u0103rarea \u0219i amenajarea unei baze de agrement la Pojejena\u00a0 \u0219i faptul c\u0103 am reu\u0219it s\u0103 m\u0103resc num\u0103rul de sindicali\u0219ti. S\u0103 fac oamenii s\u0103 aib\u0103 \u00eencredere \u00een sindicat. Am pornit de la 150 de oameni \u0219i i-am l\u0103sat la 720.\u00a0Acum au ajuns la peste 800 dovad\u0103 c\u0103 noul pre\u0219edinte, Podoleanu, omul cu care am lucrat at\u00e2\u021bia ani, poate s\u0103 duc\u0103 la fel de bine munca noastr\u0103 mai departe, lucru pe care ar trebui s\u0103-l \u00een\u021beleag\u0103 toate persoanele din institu\u021bii cu pozi\u021bii de conducere care se cramponeaz\u0103 de func\u021bii. M\u0103 bucur c\u0103 i-am convins pe oameni c\u0103 sindicatul este o for\u021b\u0103 \u00een care trebuie s\u0103 ai \u00eencredere.<\/span><\/div>\n<div id=\"yiv7894706650yui_3_16_0_1_1430997937111_3072\" class=\"yiv7894706650\"><b class=\"yiv7894706650\"><span class=\"yiv7894706650\">\u00a0<\/span><\/b><\/div>\n<div id=\"yiv7894706650yui_3_16_0_1_1430997937111_3072\" class=\"yiv7894706650\"><b id=\"yiv7894706650yui_3_16_0_1_1430997937111_3071\" class=\"yiv7894706650\"><span id=\"yiv7894706650yui_3_16_0_1_1430997937111_3070\" class=\"yiv7894706650\">Cel mai mare regret\u2026<\/span><\/b><\/div>\n<div id=\"yiv7894706650yui_3_16_0_1_1430997937111_3084\" class=\"yiv7894706650\"><span id=\"yiv7894706650yui_3_16_0_1_1430997937111_3083\" class=\"yiv7894706650\">Cel mai mare regret este c\u0103 unii oameni nu v\u0103d \u00een mine ceea ce sunt cu adev\u0103rat. \u00cenainte de lider de sindicat sunt un profesionist \u00een ale dasc\u0103lilor \u0219i cercet\u0103rii. Cu asta a\u0219a vrea s\u0103 m\u0103 asocieze mai mult. \u0218i cu un om care \u0219tie s\u0103 lupte pentru drepturile lor din pozi\u021bia de profesor \u00een UPT \u0219i nu din cea de sindicalist.<\/span><\/div>\n<\/div>\n<footer>\n<div class=\"post-tags-bd\"><span>Tags<\/span><a href=\"https:\/\/www.banatulmeu.ro\/tag\/alma-mater\/\" rel=\"tag\">alma mater<\/a><a href=\"https:\/\/www.banatulmeu.ro\/tag\/ilare-bordeasu\/\" rel=\"tag\">ilare bordeasu<\/a><a href=\"https:\/\/www.banatulmeu.ro\/tag\/interviu-2\/\" rel=\"tag\">interviu<\/a><a href=\"https:\/\/www.banatulmeu.ro\/tag\/lupta\/\" rel=\"tag\">lupta<\/a><a href=\"https:\/\/www.banatulmeu.ro\/tag\/pdl\/\" rel=\"tag\">pdl<\/a><a href=\"https:\/\/www.banatulmeu.ro\/tag\/perii-de-haine\/\" rel=\"tag\">perii de haine<\/a><a href=\"https:\/\/www.banatulmeu.ro\/tag\/servanti\/\" rel=\"tag\">servanti<\/a><a href=\"https:\/\/www.banatulmeu.ro\/tag\/sindicat\/\" rel=\"tag\">sindicat<\/a><a href=\"https:\/\/www.banatulmeu.ro\/tag\/timisoara\/\" rel=\"tag\">timisoara<\/a><\/div>\n<div class=\"post-sharing-bd\">\n<ul>\n<li class=\"ps-title\">\n<li class=\"facebook\">\n<li class=\"twitter\">\n<li class=\"linkedin\">\n<li class=\"reddit\">\n<li class=\"tumblr\">\n<li class=\"google\">\n<li class=\"pinterest\"><\/ul>\n<\/div>\n<div class=\"post-nav-links\">\n<div class=\"post-nav-prev\"><a href=\"https:\/\/www.banatulmeu.ro\/alerta-pedofil-in-libertate-a-supus-doua-fetite-la-perversiuni-si-s-a-intors-acasa\/\" rel=\"prev\"><span>Previous article<\/span> Alert\u0103! Pedofil \u00een libertate. A supus dou\u0103 feti\u021be la perversiuni, \u0219i s-a \u00eentors acas\u0103<\/a><\/div>\n<div class=\"post-nav-next\"><a href=\"https:\/\/www.banatulmeu.ro\/senatorul-petru-ehegartner-revoltat-de-modul-marsav-prin-care-pnl-spera-sa-puna-mana-pe-putere\/\" rel=\"next\"><span>Next article<\/span> Senatorul Petru Ehegartner revoltat de modul m\u00e2r\u0219av prin care PNL sper\u0103 s\u0103 pun\u0103 m\u00e2na pe putere<\/a><\/div>\n<\/div>\n<div class=\"author-box-bd\">\n<div class=\"title-bd\">\n<h3>\n            About the author        <\/h3>\n<\/div>\n<div class=\"ab-inner\">\n<div class=\"ab-avatar\"><img loading=\"lazy\" decoding=\"async\" src=\"https:\/\/analyse.optim.biz\/wp-content\/uploads\/2026\/01\/user-avatar-pic-9.jpg\" class=\" avatar  avatar-100  photo user-4-avatar\" width=\"100\" height=\"100\" title=\"user-avatar-pic-9\"><img loading=\"lazy\" decoding=\"async\" src=\"https:\/\/analyse.optim.biz\/wp-content\/uploads\/2026\/01\/user-avatar-pic-9.jpg\" class=\" avatar  avatar-100  photo user-4-avatar\" width=\"100\" height=\"100\" title=\"user-avatar-pic-9\"><\/div>\n<div class=\"ab-content\">\n<div class=\"ab-header\">\n<div class=\"ab-name\"><a href=\"https:\/\/www.banatulmeu.ro\/author\/ovidiumarascu\/\">Ovidiu Marascu<\/a><\/div>\n<\/div>\n<\/div>\n<\/div>\n<\/div>\n<div class=\"post-related-bd\">\n<div class=\"title-bd\">\n<h3>\n                    Related Posts                <\/h3>\n<\/div>\n<section id=\"related-posts\">\n<div class=\"related-inner\">\n<div class=\"related-row\">\n<div data-val=\"178781\" class=\"rp-post\">\n<div class=\"rp-thumbnail\"><a href=\"https:\/\/www.banatulmeu.ro\/timis-sofer-mort-dupa-ce-s-a-rasturnat-cu-autoutilitara-intr-un-canal-la-mosnita-noua\/\" rel=\"bookmark\"><img loading=\"lazy\" decoding=\"async\" width=\"295\" height=\"219\" src=\"https:\/\/analyse.optim.biz\/wp-content\/uploads\/2026\/01\/cdfb9aff-754a-4524-9e5f-76dc6d69dce2-295x219-44.jpeg\" class=\"attachment-bd-large size-bd-large wp-post-image\" title=\"cdfb9aff-754a-4524-9e5f-76dc6d69dce2-295x219-44\"><img loading=\"lazy\" decoding=\"async\" width=\"295\" height=\"219\" src=\"https:\/\/analyse.optim.biz\/wp-content\/uploads\/2026\/01\/cdfb9aff-754a-4524-9e5f-76dc6d69dce2-295x219-44.jpeg\" class=\"attachment-bd-large size-bd-large wp-post-image\" title=\"cdfb9aff-754a-4524-9e5f-76dc6d69dce2-295x219-44\"><\/a><\/div>\n<div class=\"rp-meta\">\n<h3 class=\"entry-title\"><a href=\"https:\/\/www.banatulmeu.ro\/timis-sofer-mort-dupa-ce-s-a-rasturnat-cu-autoutilitara-intr-un-canal-la-mosnita-noua\/\" title=\"Timi\u0219: \u0218ofer mort dup\u0103 ce s-a r\u0103sturnat cu autoutilitara \u00eentr-un canal la Mo\u0219ni\u021ba Nou\u0103\" rel=\"bookmark\">Timi\u0219: \u0218ofer mort dup\u0103 ce s-a r\u0103sturnat cu autoutilitara \u00eentr-un canal la Mo\u0219ni\u021ba Nou\u0103<\/a><\/h3>\n<p><span class=\"ws-info\"><span>14 ore ago<\/span><\/span><\/div>\n<\/div>\n<div data-val=\"178777\" class=\"rp-post\">\n<div class=\"rp-thumbnail\"><a href=\"https:\/\/www.banatulmeu.ro\/vest-un-adult-si-un-minor-la-spital-dupa-un-accident-a-intervenit-descarcerarea\/\" rel=\"bookmark\"><img loading=\"lazy\" decoding=\"async\" width=\"331\" height=\"219\" src=\"https:\/\/analyse.optim.biz\/wp-content\/uploads\/2026\/01\/b3dfa74b-f8ba-4f20-b1fb-4cd833f0f3df-331x219-44.jpeg\" class=\"attachment-bd-large size-bd-large wp-post-image\" title=\"b3dfa74b-f8ba-4f20-b1fb-4cd833f0f3df-331x219-44\"><img decoding=\"async\" width=\"331\" height=\"219\" src=\"https:\/\/analyse.optim.biz\/wp-content\/uploads\/2026\/01\/b3dfa74b-f8ba-4f20-b1fb-4cd833f0f3df-331x219-44.jpeg\" class=\"attachment-bd-large size-bd-large wp-post-image\" loading=\"lazy\" title=\"b3dfa74b-f8ba-4f20-b1fb-4cd833f0f3df-331x219-44\"><\/a><\/div>\n<div class=\"rp-meta\">\n<h3 class=\"entry-title\"><a href=\"https:\/\/www.banatulmeu.ro\/vest-un-adult-si-un-minor-la-spital-dupa-un-accident-a-intervenit-descarcerarea\/\" title=\"Vest: Un adult \u0219i un minor la spital dup\u0103 un accident. A intervenit descarcerarea\" rel=\"bookmark\">Vest: Un adult \u0219i un minor la spital dup\u0103 un accident. A intervenit descarcerarea<\/a><\/h3>\n<p><span class=\"ws-info\"><span>14 ore ago<\/span><\/span><\/div>\n<\/div>\n<div data-val=\"178771\" class=\"rp-post last-col\">\n<div class=\"rp-thumbnail\"><a href=\"https:\/\/www.banatulmeu.ro\/vest-o-persoana-a-murit-si-alta-a-ajuns-la-spital-dupa-un-accident-cu-patru-masini\/\" rel=\"bookmark\"><img loading=\"lazy\" decoding=\"async\" width=\"331\" height=\"219\" src=\"https:\/\/analyse.optim.biz\/wp-content\/uploads\/2026\/01\/969214af-e265-4cae-b5f5-c23c8a1d85c1-331x219-44.jpeg\" class=\"attachment-bd-large size-bd-large wp-post-image\" title=\"969214af-e265-4cae-b5f5-c23c8a1d85c1-331x219-44\"><img decoding=\"async\" width=\"331\" height=\"219\" src=\"https:\/\/analyse.optim.biz\/wp-content\/uploads\/2026\/01\/969214af-e265-4cae-b5f5-c23c8a1d85c1-331x219-44.jpeg\" class=\"attachment-bd-large size-bd-large wp-post-image\" loading=\"lazy\" title=\"969214af-e265-4cae-b5f5-c23c8a1d85c1-331x219-44\"><\/a><\/div>\n<div class=\"rp-meta\">\n<h3 class=\"entry-title\"><a href=\"https:\/\/www.banatulmeu.ro\/vest-o-persoana-a-murit-si-alta-a-ajuns-la-spital-dupa-un-accident-cu-patru-masini\/\" title=\"Vest: O persoan\u0103 a murit \u0219i alta a ajuns la spital dup\u0103 un accident cu patru ma\u0219ini\" rel=\"bookmark\">Vest: O persoan\u0103 a murit \u0219i alta a ajuns la spital dup\u0103 un accident cu patru ma\u0219ini<\/a><\/h3>\n<p><span class=\"ws-info\"><span>14 ore ago<\/span><\/span><\/div>\n<\/div>\n<\/div>\n<\/div>\n<\/section>\n<\/div>\n<\/footer>\n<div id=\"comments\" class=\"comments-area\">\n<div id=\"respond\" class=\"comment-respond\">\n<h3 id=\"reply-title\" class=\"comment-reply-title\">\n<div class=\"title-bd\">\n<h3>Leave a Reply<\/h3>\n<\/div>\n<p><small><a rel=\"nofollow\" id=\"cancel-comment-reply-link\" href=\"https:\/\/www.banatulmeu.ro\/ilare-bordeasu-pe-vremea-pdl-eram-vazuti-ca-niste-servanti-ca-niste-perii-de-haine\/#respond\">Cancel Reply<\/a><\/small><\/h3>\n<p class=\"comment-notes\"><span id=\"email-notes\">Adresa ta de email nu va fi publicat\u0103.<\/span><span class=\"required-field-message\">C\u00e2mpurile obligatorii sunt marcate cu <span class=\"required\">*<\/span><\/span><\/p>\n<\/div>\n<\/div>\n<\/article>\n<p> Source URL: https:\/\/www.banatulmeu.ro\/ilare-bordeasu-pe-vremea-pdl-eram-vazuti-ca-niste-servanti-ca-niste-perii-de-haine\/<\/p>\n","protected":false},"excerpt":{"rendered":"<p>2015-05-08 Ovidiu Marascu Home Educatie Ilare Bordea\u0219u: \u201ePe vremea PDL eram v\u0103zu\u021bi ca ni\u0219te servan\u021bi, ca ni\u0219te perii de haine\u201d Ilare Bordea\u0219u: \u201ePe vremea PDL eram v\u0103zu\u021bi ca ni\u0219te servan\u021bi, ca ni\u0219te perii de haine\u201d By Ovidiu Marascu &#8211; 8 mai 2015 &#8211; 13:33 &#8211; in Educatie, Interviu, Locale, Slider, Stiri 0 \u00cen perioada 8 [&hellip;]<\/p>\n","protected":false},"author":1,"featured_media":1283485,"comment_status":"open","ping_status":"","sticky":false,"template":"","format":"standard","meta":{"footnotes":""},"categories":[89],"tags":[204],"class_list":["post-1283476","post","type-post","status-publish","format-standard","has-post-thumbnail","hentry","category-romania","tag-banatulmeu-ro"],"_links":{"self":[{"href":"https:\/\/analyse.optim.biz\/index.php?rest_route=\/wp\/v2\/posts\/1283476","targetHints":{"allow":["GET"]}}],"collection":[{"href":"https:\/\/analyse.optim.biz\/index.php?rest_route=\/wp\/v2\/posts"}],"about":[{"href":"https:\/\/analyse.optim.biz\/index.php?rest_route=\/wp\/v2\/types\/post"}],"author":[{"embeddable":true,"href":"https:\/\/analyse.optim.biz\/index.php?rest_route=\/wp\/v2\/users\/1"}],"replies":[{"embeddable":true,"href":"https:\/\/analyse.optim.biz\/index.php?rest_route=%2Fwp%2Fv2%2Fcomments&post=1283476"}],"version-history":[{"count":0,"href":"https:\/\/analyse.optim.biz\/index.php?rest_route=\/wp\/v2\/posts\/1283476\/revisions"}],"wp:featuredmedia":[{"embeddable":true,"href":"https:\/\/analyse.optim.biz\/index.php?rest_route=\/wp\/v2\/media\/1283485"}],"wp:attachment":[{"href":"https:\/\/analyse.optim.biz\/index.php?rest_route=%2Fwp%2Fv2%2Fmedia&parent=1283476"}],"wp:term":[{"taxonomy":"category","embeddable":true,"href":"https:\/\/analyse.optim.biz\/index.php?rest_route=%2Fwp%2Fv2%2Fcategories&post=1283476"},{"taxonomy":"post_tag","embeddable":true,"href":"https:\/\/analyse.optim.biz\/index.php?rest_route=%2Fwp%2Fv2%2Ftags&post=1283476"}],"curies":[{"name":"wp","href":"https:\/\/api.w.org\/{rel}","templated":true}]}}