{"id":1283187,"date":"2025-06-30T07:26:02","date_gmt":"2025-06-30T04:26:02","guid":{"rendered":"https:\/\/analyse.optim.biz\/?p=1283187"},"modified":"2025-06-30T07:26:02","modified_gmt":"2025-06-30T04:26:02","slug":"marilen-pirtea-consilier-onorific-al-premierului-ilie-bolojan-pe-educatie-si-cercetare","status":"publish","type":"post","link":"https:\/\/analyse.optim.biz\/?p=1283187","title":{"rendered":"Marilen Pirtea, consilier onorific al premierului Ilie Bolojan pe educa\u021bie \u0219i cercetare"},"content":{"rendered":"<article id=\"template-id-172790\" class=\"post-172790 tdb_templates type-tdb_templates status-publish post\">\n<div id=\"tdi_52\" class=\"tdc-zone\">\n<div class=\"tdc_zone tdi_53  wpb_row td-pb-row\">\n<div id=\"tdi_54\" class=\"tdc-row stretch_row_1400 td-stretch-content\">\n<div class=\"vc_row tdi_55  wpb_row td-pb-row tdc-element-style\">\n<div class=\"vc_column tdi_57  wpb_column vc_column_container tdc-column td-pb-span8\">\n<div class=\"wpb_wrapper\">\n<div class=\"td_block_wrap tdb_single_categories tdi_58 td-pb-border-top td_block_template_1 \" data-td-block-uid=\"tdi_58\">\n<div class=\"tdb-category td-fix-index\"><a class=\"tdb-entry-category\" href=\"https:\/\/voceatimisului.ro\/stiri-din-timisoara-si-timis\/\">\u0218tiri<\/a><a class=\"tdb-entry-category\" href=\"https:\/\/voceatimisului.ro\/stiri-din-timisoara-si-timis\/politica\/\">Politic\u0103<\/a><\/div>\n<\/div>\n<div class=\"td_block_wrap tdb_title tdi_59 tdb-single-title td-pb-border-top td_block_template_1\" data-td-block-uid=\"tdi_59\">\n<div class=\"tdb-block-inner td-fix-index\">\n<h1 class=\"tdb-title-text\">Marilen Pirtea, consilier onorific al premierului Ilie Bolojan pe educa\u021bie \u0219i cercetare<\/h1>\n<\/div>\n<\/div>\n<div class=\"td_block_wrap tdb_single_subtitle tdi_60 td-pb-border-top td_block_template_1\" data-td-block-uid=\"tdi_60\">\n<div class=\"tdb-block-inner td-fix-index\">\n<h2>Rectorul UVT Marilen Pirtea, numit consilier onorific al premierului Ilie Bolojan pentru educa\u021bie \u0219i cercetare<\/h2>\n<\/div>\n<\/div>\n<div class=\"vc_row_inner tdi_62  vc_row vc_inner wpb_row td-pb-row\">\n<div class=\"vc_column_inner tdi_64  wpb_column vc_column_container tdc-inner-column td-pb-span6\">\n<div class=\"vc_column-inner\">\n<div class=\"wpb_wrapper\">\n<div class=\"td_block_wrap tdb_single_author tdi_65 td-pb-border-top td_block_template_1 tdb-post-meta\" data-td-block-uid=\"tdi_65\">\n<div class=\"tdb-block-inner td-fix-index\">\n<div class=\"tdb-author-name-wrap\"><span class=\"tdb-author-by\">Autor-<\/span><a class=\"tdb-author-name\" href=\"https:\/\/voceatimisului.ro\/author\/marta-stirbey\/\">Marta Stirbey<\/a><\/div>\n<\/div>\n<\/div>\n<div class=\"td_block_wrap tdb_single_date tdi_66 td-pb-border-top td_block_template_1 tdb-post-meta\" data-td-block-uid=\"tdi_66\">\n<div class=\"tdb-block-inner td-fix-index\"><time class=\"entry-date updated td-module-date\" datetime=\"2025-06-30T10:26:02+03:00\">30 iunie 2025<\/time><\/div>\n<\/div>\n<div class=\"td_block_wrap tdb_single_comments_count tdi_67 td-pb-border-top td_block_template_1 tdb-post-meta\" data-td-block-uid=\"tdi_67\">\n<div class=\"tdb-block-inner td-fix-index\"><a href=\"https:\/\/voceatimisului.ro\/marilen-pirtea-consilier-onorific-al-premierului-ilie-bolojan-pe-educatie-si-cercetare\/#respond\"><span>0<\/span><\/a><\/div>\n<\/div>\n<div class=\"td_block_wrap tdb_single_post_views tdi_68 td-pb-border-top td_block_template_1 tdb-post-meta\" data-td-block-uid=\"tdi_68\">\n<div class=\"tdb-block-inner td-fix-index\"><span class=\"tdb-add-text\">1<\/span><span class=\"td-nr-views-173144\">347<\/span><\/div>\n<\/div>\n<\/div>\n<\/div>\n<\/div>\n<div class=\"vc_column_inner tdi_70  wpb_column vc_column_container tdc-inner-column td-pb-span6\">\n<div class=\"vc_column-inner\">\n<div class=\"wpb_wrapper\">\n<div class=\"td_block_wrap tdb_single_post_share tdi_71  td-pb-border-top td_block_template_1\" data-td-block-uid=\"tdi_71\">\n<div id=\"tdi_71\" class=\"td-post-sharing tdb-block td-ps-bg td-ps-notext td-post-sharing-style1 \">\n<div class=\"td-post-sharing-visible\"><a class=\"td-social-sharing-button td-social-sharing-button-js td-social-network td-social-facebook\" href=\"https:\/\/www.facebook.com\/sharer.php?u=https%3A%2F%2Fvoceatimisului.ro%2Fmarilen-pirtea-consilier-onorific-al-premierului-ilie-bolojan-pe-educatie-si-cercetare%2F\" title=\"Facebook\" rel=\"noopener\"><\/p>\n<div class=\"td-social-but-text\">Facebook<\/div>\n<p><\/a><a class=\"td-social-sharing-button td-social-sharing-button-js td-social-network td-social-twitter\" href=\"https:\/\/twitter.com\/intent\/tweet?text=Marilen+Pirtea%2C+consilier+onorific+al+premierului+Ilie+Bolojan+pe+educa%C8%9Bie+%C8%99i+cercetare&amp;url=https%3A%2F%2Fvoceatimisului.ro%2Fmarilen-pirtea-consilier-onorific-al-premierului-ilie-bolojan-pe-educatie-si-cercetare%2F&amp;via=Vocea+Timisului\" title=\"Twitter\" rel=\"noopener\"><\/p>\n<div class=\"td-social-but-text\">Twitter<\/div>\n<p><\/a><a class=\"td-social-sharing-button td-social-sharing-button-js td-social-network td-social-pinterest\" href=\"https:\/\/pinterest.com\/pin\/create\/button\/?url=https:\/\/voceatimisului.ro\/marilen-pirtea-consilier-onorific-al-premierului-ilie-bolojan-pe-educatie-si-cercetare\/&amp;media=https:\/\/analyse.optim.biz\/wp-content\/uploads\/2026\/01\/marilen-pirtea.avif&amp;description=Marilen+Pirtea%2C+consilier+onorific+al+premierului+Ilie+Bolojan+pe+educa%C8%9Bie+%C8%99i+cercetare\" title=\"Pinterest\" rel=\"noopener\"><\/p>\n<div class=\"td-social-but-text\">Pinterest<\/div>\n<p><\/a><a class=\"td-social-sharing-button td-social-sharing-button-js td-social-network td-social-whatsapp\" href=\"https:\/\/api.whatsapp.com\/send?text=Marilen+Pirtea%2C+consilier+onorific+al+premierului+Ilie+Bolojan+pe+educa%C8%9Bie+%C8%99i+cercetare%20%0A%0A%20https:\/\/voceatimisului.ro\/marilen-pirtea-consilier-onorific-al-premierului-ilie-bolojan-pe-educatie-si-cercetare\/\" title=\"WhatsApp\" rel=\"noopener\"><\/p>\n<div class=\"td-social-but-text\">WhatsApp<\/div>\n<p><\/a><a class=\"td-social-sharing-button td-social-sharing-button-js td-social-network td-social-linkedin\" href=\"https:\/\/www.linkedin.com\/shareArticle?mini=true&amp;url=https:\/\/voceatimisului.ro\/marilen-pirtea-consilier-onorific-al-premierului-ilie-bolojan-pe-educatie-si-cercetare\/&amp;title=Marilen+Pirtea%2C+consilier+onorific+al+premierului+Ilie+Bolojan+pe+educa%C8%9Bie+%C8%99i+cercetare\" title=\"Linkedin\" rel=\"noopener\"><\/p>\n<div class=\"td-social-but-text\">Linkedin<\/div>\n<p><\/a><a class=\"td-social-sharing-button td-social-sharing-button-js td-social-network td-social-copy_url\" href=\"https:\/\/voceatimisului.ro\/marilen-pirtea-consilier-onorific-al-premierului-ilie-bolojan-pe-educatie-si-cercetare\/\" title=\"Copy URL\" rel=\"noopener\"><\/p>\n<div class=\"td-social-but-text\">Copy URL<\/div>\n<p><\/a><\/div>\n<\/div>\n<\/div>\n<\/div>\n<\/div>\n<\/div>\n<\/div>\n<div class=\"td_block_wrap tdb_single_featured_image tdi_72 tdb-content-horiz-left td-pb-border-top td_block_template_1\" data-td-block-uid=\"tdi_72\">\n<div class=\"tdb-block-inner td-fix-index\">\n<figure><img loading=\"lazy\" decoding=\"async\" width=\"696\" height=\"696\" class=\"entry-thumb\" src=\"https:\/\/analyse.optim.biz\/wp-content\/uploads\/2026\/01\/marilen-pirtea-696x696-1.avif\" alt=\"Marilen Pirtea\" title=\"Marilen Pirtea\"><figcaption class=\"tdb-caption-text\">Marilen Pirtea<\/figcaption><\/figure>\n<\/div>\n<\/div>\n<div class=\"vc_row_inner tdi_74  vc_row vc_inner wpb_row td-pb-row\">\n<div class=\"vc_column_inner tdi_76  wpb_column vc_column_container tdc-inner-column td-pb-span4 td-is-sticky\">\n<div class=\"vc_column-inner\">\n<div class=\"wpb_wrapper\" data-sticky-enabled-on=\"W3RydWUsdHJ1ZSx0cnVlLHRydWVd\" data-sticky-offset=\"20\" data-sticky-is-width-auto=\"W2ZhbHNlLGZhbHNlLGZhbHNlLGZhbHNlXQ==\">\n<div class=\"td_block_wrap td_flex_block_1 tdi_77 td-pb-border-top td_block_template_1 td_ajax_preloading_preload td_flex_block\" data-td-block-uid=\"tdi_77\">\n<div id=\"tdi_77\" class=\"td_block_inner td-mc1-wrap\">\n<div class=\"td_module_flex td_module_flex_1 td_module_wrap td-animation-stack td-meta-info-hide td-cpt-post\">\n<div class=\"td-module-container td-category-pos-image\">\n<div class=\"td-module-meta-info\">\n<h3 class=\"entry-title td-module-title\"><a href=\"https:\/\/voceatimisului.ro\/uvt-timisoara-din-nou-campioana-europeana-universitara-la-fotbal\/\" rel=\"bookmark\" title=\"UVT Timi\u0219oara, din nou campioan\u0103 european\u0103 universitar\u0103 la fotbal\">UVT Timi\u0219oara, din nou campioan\u0103 european\u0103 universitar\u0103 la fotbal<\/a><\/h3>\n<\/div>\n<\/div>\n<\/div>\n<div class=\"td_module_flex td_module_flex_1 td_module_wrap td-animation-stack td-meta-info-hide td-cpt-post\">\n<div class=\"td-module-container td-category-pos-image\">\n<div class=\"td-module-meta-info\">\n<h3 class=\"entry-title td-module-title\"><a href=\"https:\/\/voceatimisului.ro\/simonis-si-grindeanu-mesaj-ferm-catre-guvernul-bolojan-anghel-saligny-nu-se-opreste\/\" rel=\"bookmark\" title=\"Simonis \u0219i Grindeanu, mesaj ferm c\u0103tre Guvernul Bolojan: \u201eAnghel Saligny nu se opre\u0219te!\u201d\">Simonis \u0219i Grindeanu, mesaj ferm c\u0103tre Guvernul Bolojan: \u201eAnghel Saligny nu se opre\u0219te!\u201d<\/a><\/h3>\n<\/div>\n<\/div>\n<\/div>\n<div class=\"td_module_flex td_module_flex_1 td_module_wrap td-animation-stack td-meta-info-hide td-cpt-post\">\n<div class=\"td-module-container td-category-pos-image\">\n<div class=\"td-module-meta-info\">\n<h3 class=\"entry-title td-module-title\"><a href=\"https:\/\/voceatimisului.ro\/pnl-timis-sustine-noul-stadion-dan-paltinisanu-investitiile-majore-trebuie-asumate-nu-confiscate-politic\/\" rel=\"bookmark\" title=\"PNL Timi\u0219 sus\u021bine noul stadion Dan P\u0103ltini\u0219anu: \u201eInvesti\u021biile majore trebuie asumate, nu confiscate politic\u201d\">PNL Timi\u0219 sus\u021bine noul stadion Dan P\u0103ltini\u0219anu: \u201eInvesti\u021biile majore trebuie asumate, nu confiscate politic\u201d<\/a><\/h3>\n<\/div>\n<\/div>\n<\/div>\n<div class=\"td_module_flex td_module_flex_1 td_module_wrap td-animation-stack td-meta-info-hide td-cpt-post\">\n<div class=\"td-module-container td-category-pos-image\">\n<div class=\"td-module-meta-info\">\n<h3 class=\"entry-title td-module-title\"><a href=\"https:\/\/voceatimisului.ro\/simonis-anunta-incepem-stadionul-pe-banii-nostri-usr-si-pnl-groparii-timisoarei\/\" rel=\"bookmark\" title=\"Simonis anun\u021b\u0103: \u00eencepem stadionul pe banii no\u0219tri. USR \u0219i PNL, groparii Timi\u0219oarei\">Simonis anun\u021b\u0103: \u00eencepem stadionul pe banii no\u0219tri. USR \u0219i PNL, groparii Timi\u0219oarei<\/a><\/h3>\n<\/div>\n<\/div>\n<\/div>\n<\/div>\n<\/div>\n<div class=\"tdb-author-box td_block_wrap tdb_single_author_box tdi_82 tdb-content-vert-top td-pb-border-top td_block_template_1\" data-td-block-uid=\"tdi_82\">\n<div class=\"tdb-block-inner td-fix-index\">\n<div class=\"tdb-author-info\"><a href=\"https:\/\/voceatimisului.ro\/author\/marta-stirbey\/\" class=\"tdb-author-name\">Marta Stirbey<\/a><\/p>\n<div class=\"tdb-author-descr\">\u00centreaga responsabilitate a comentariilor l\u0103sate de dumneavoastr\u0103 v\u0103 apar\u021bine!<br \/>\nClick <a href=\"https:\/\/voceatimisului.ro\/termeni-si-conditii\/\">aici<\/a>-citeste condi\u0163iile de utilizare ale site-ului www.voceatimisului.ro<\/div>\n<\/div>\n<\/div>\n<\/div>\n<\/div>\n<\/div>\n<\/div>\n<div class=\"vc_column_inner tdi_84  wpb_column vc_column_container tdc-inner-column td-pb-span8\">\n<div class=\"vc_column-inner\">\n<div class=\"wpb_wrapper\">\n<div class=\"td_block_wrap tdb_single_content tdi_85 td-pb-border-top td_block_template_1 td-post-content tagdiv-type\" data-td-block-uid=\"tdi_85\">\n<div class=\"tdb-block-inner td-fix-index\">\n<h2 class=\"wp-block-heading\">Pre\u0219edintele PNL Timi\u0219, deputatul Marilen Gabriel Pirtea, a fost numit consilier onorific al prim-ministrului Ilie Bolojan, \u00een domeniul educa\u021biei \u0219i cercet\u0103rii. Func\u021bia este neremunerat\u0103 \u0219i reprezint\u0103 singura pozi\u021bie onorific\u0103 dedicat\u0103 acestui sector \u00een cadrul Executivului.<\/h2>\n<p><strong><em>\u201ePreiau cu modestie \u0219i responsabilitate postura de consilier onorific. Este important s\u0103 sus\u021bin domeniul educa\u021biei \u0219i mediul universitar\u201d,<\/em><\/strong> a declarat Pirtea, subliniind c\u0103, \u00een contextul actual al reducerilor bugetare, pozi\u021bia pe care o ocup\u0103 nu implic\u0103 costuri suplimentare pentru stat.<\/p>\n<p>Potrivit unei post\u0103ri publicate pe pagina oficial\u0103 a PNL Timi\u0219, numirea vine ca o recunoa\u0219tere a activit\u0103\u021bii sale \u00een educa\u021bie \u0219i cercetare, dar \u0219i a implic\u0103rii constante \u00een promovarea principiilor liberale: <strong><em>\u201eO responsabilitate asumat\u0103 cu seriozitate \u0219i profesionalism, \u00eentr-un domeniu esen\u021bial pentru viitor.\u201d<\/em><\/strong><\/p>\n<p>Pirtea, rector al Universit\u0103\u021bii de Vest din Timi\u0219oara, este cunoscut pentru implicarea sa \u00een reformele universitare \u0219i \u00een dezbaterile privind modernizarea sistemului de \u00eenv\u0103\u021b\u0103m\u00e2nt superior.<\/p>\n<p><strong><em>\u201eS\u0103 recunoa\u0219tem cu to\u021bii: determinarea lui Ilie Bolojan a schimbat paradigma \u0219i a rea\u0219ezat condi\u021biile de definire a normalit\u0103\u021bii \u0219i valorilor. Educa\u021bia este esen\u021bial\u0103!\u201d,<\/em><\/strong> a mai transmis deputatul.<\/p>\n<\/div>\n<\/div>\n<div class=\"td_block_wrap tdb_single_tags tdi_88 td-pb-border-top td_block_template_1\" data-td-block-uid=\"tdi_88\">\n<div class=\"tdb-block-inner td-fix-index\">\n<ul class=\"tdb-tags\">\n<li><span>Tags<\/span><\/li>\n<li><a href=\"https:\/\/voceatimisului.ro\/tag\/ilie-bolojan\/\">Ilie Bolojan<\/a><\/li>\n<li><a href=\"https:\/\/voceatimisului.ro\/tag\/marilen-pirtea\/\">marilen pirtea<\/a><\/li>\n<li><a href=\"https:\/\/voceatimisului.ro\/tag\/pnl-timis\/\">pnl timis<\/a><\/li>\n<\/ul>\n<\/div>\n<\/div>\n<div class=\"td_block_wrap tdb_single_post_share tdi_89  td-pb-border-top td_block_template_1\" data-td-block-uid=\"tdi_89\">\n<div id=\"tdi_89\" class=\"td-post-sharing tdb-block td-ps-bg td-ps-notext td-post-sharing-style1 \">\n<div class=\"td-post-sharing-visible\"><a class=\"td-social-sharing-button td-social-sharing-button-js td-social-network td-social-facebook\" href=\"https:\/\/www.facebook.com\/sharer.php?u=https%3A%2F%2Fvoceatimisului.ro%2Fmarilen-pirtea-consilier-onorific-al-premierului-ilie-bolojan-pe-educatie-si-cercetare%2F\" title=\"Facebook\" rel=\"noopener\"><\/p>\n<div class=\"td-social-but-text\">Facebook<\/div>\n<p><\/a><a class=\"td-social-sharing-button td-social-sharing-button-js td-social-network td-social-twitter\" href=\"https:\/\/twitter.com\/intent\/tweet?text=Marilen+Pirtea%2C+consilier+onorific+al+premierului+Ilie+Bolojan+pe+educa%C8%9Bie+%C8%99i+cercetare&amp;url=https%3A%2F%2Fvoceatimisului.ro%2Fmarilen-pirtea-consilier-onorific-al-premierului-ilie-bolojan-pe-educatie-si-cercetare%2F&amp;via=Vocea+Timisului\" title=\"Twitter\" rel=\"noopener\"><\/p>\n<div class=\"td-social-but-text\">Twitter<\/div>\n<p><\/a><a class=\"td-social-sharing-button td-social-sharing-button-js td-social-network td-social-pinterest\" href=\"https:\/\/pinterest.com\/pin\/create\/button\/?url=https:\/\/voceatimisului.ro\/marilen-pirtea-consilier-onorific-al-premierului-ilie-bolojan-pe-educatie-si-cercetare\/&amp;media=https:\/\/analyse.optim.biz\/wp-content\/uploads\/2026\/01\/marilen-pirtea.avif&amp;description=Marilen+Pirtea%2C+consilier+onorific+al+premierului+Ilie+Bolojan+pe+educa%C8%9Bie+%C8%99i+cercetare\" title=\"Pinterest\" rel=\"noopener\"><\/p>\n<div class=\"td-social-but-text\">Pinterest<\/div>\n<p><\/a><a class=\"td-social-sharing-button td-social-sharing-button-js td-social-network td-social-whatsapp\" href=\"https:\/\/api.whatsapp.com\/send?text=Marilen+Pirtea%2C+consilier+onorific+al+premierului+Ilie+Bolojan+pe+educa%C8%9Bie+%C8%99i+cercetare%20%0A%0A%20https:\/\/voceatimisului.ro\/marilen-pirtea-consilier-onorific-al-premierului-ilie-bolojan-pe-educatie-si-cercetare\/\" title=\"WhatsApp\" rel=\"noopener\"><\/p>\n<div class=\"td-social-but-text\">WhatsApp<\/div>\n<p><\/a><a class=\"td-social-sharing-button td-social-sharing-button-js td-social-network td-social-linkedin\" href=\"https:\/\/www.linkedin.com\/shareArticle?mini=true&amp;url=https:\/\/voceatimisului.ro\/marilen-pirtea-consilier-onorific-al-premierului-ilie-bolojan-pe-educatie-si-cercetare\/&amp;title=Marilen+Pirtea%2C+consilier+onorific+al+premierului+Ilie+Bolojan+pe+educa%C8%9Bie+%C8%99i+cercetare\" title=\"Linkedin\" rel=\"noopener\"><\/p>\n<div class=\"td-social-but-text\">Linkedin<\/div>\n<p><\/a><a class=\"td-social-sharing-button td-social-sharing-button-js td-social-network td-social-copy_url\" href=\"https:\/\/voceatimisului.ro\/marilen-pirtea-consilier-onorific-al-premierului-ilie-bolojan-pe-educatie-si-cercetare\/\" title=\"Copy URL\" rel=\"noopener\"><\/p>\n<div class=\"td-social-but-text\">Copy URL<\/div>\n<p><\/a><\/div>\n<\/div>\n<\/div>\n<div class=\"td_block_wrap tdb_single_next_prev tdi_90 td-animation-stack td-next-prev-img-on td-pb-border-top td_block_template_1\" data-td-block-uid=\"tdi_90\">\n<div class=\"tdb-block-inner td-fix-index\">\n<div class=\"tdb-next-post tdb-next-post-bg tdb-post-prev\"><span>Articolul precedent<\/span><\/p>\n<div class=\"td-module-container\">\n<div class=\"td-image-container\"><a class=\"td-image-wrap\" href=\"https:\/\/voceatimisului.ro\/simonis-face-anuntul-care-i-va-enerva-pe-unii-facem-stadionul-dan-paltinisanu\/\"><img loading=\"lazy\" decoding=\"async\" class=\"td-next-prev-image td-fix-index td-lazy-img\" title=\"Simonis face anun\u021bul care-i va enerva pe unii: \u201eFacem stadionul Dan P\u0103ltini\u0219anu!\u201d\" width=\"696\" height=\"364\" src=\"https:\/\/analyse.optim.biz\/wp-content\/uploads\/2026\/01\/facem-stadionul-dan-paltinisanu-696x364-1-1.avif\"><\/a><\/div>\n<div class=\"next-prev-title\"><a href=\"https:\/\/voceatimisului.ro\/simonis-face-anuntul-care-i-va-enerva-pe-unii-facem-stadionul-dan-paltinisanu\/\">Simonis face anun\u021bul care-i va enerva pe unii: \u201eFacem stadionul Dan P\u0103ltini\u0219anu!\u201d<\/a><\/div>\n<\/div>\n<\/div>\n<div class=\"tdb-next-post tdb-next-post-bg tdb-post-next\"><span>Articolul urm\u0103tor<\/span><\/p>\n<div class=\"td-module-container\">\n<div class=\"td-image-container\"><a class=\"td-image-wrap\" href=\"https:\/\/voceatimisului.ro\/evenimente-culturale-in-timisoara-si-judetul-timis-in-perioada-30-iunie-6-iulie-2025\/\"><img loading=\"lazy\" decoding=\"async\" class=\"td-next-prev-image td-fix-index td-lazy-img\" title=\"Evenimente culturale \u00een Timi\u0219oara \u0219i jude\u021bul Timi\u0219, \u00een perioada 30 iunie \u2013 6 iulie 2025\" width=\"696\" height=\"464\" src=\"https:\/\/analyse.optim.biz\/wp-content\/uploads\/2026\/01\/alba-ca-zapada-si-cufarul-celor-7-pitici-696x464-1-1.avif\"><\/a><\/div>\n<div class=\"next-prev-title\"><a href=\"https:\/\/voceatimisului.ro\/evenimente-culturale-in-timisoara-si-judetul-timis-in-perioada-30-iunie-6-iulie-2025\/\">Evenimente culturale \u00een Timi\u0219oara \u0219i jude\u021bul Timi\u0219, \u00een perioada 30 iunie \u2013 6 iulie 2025<\/a><\/div>\n<\/div>\n<\/div>\n<\/div>\n<\/div>\n<\/div>\n<\/div>\n<\/div>\n<\/div>\n<div class=\"vc_row_inner tdi_100  vc_row vc_inner wpb_row td-pb-row\">\n<div class=\"vc_column_inner tdi_102  wpb_column vc_column_container tdc-inner-column td-pb-span4 td-is-sticky\">\n<div class=\"vc_column-inner\">\n<div class=\"wpb_wrapper\" data-sticky-enabled-on=\"W3RydWUsdHJ1ZSx0cnVlLHRydWVd\" data-sticky-offset=\"20\" data-sticky-is-width-auto=\"W2ZhbHNlLGZhbHNlLGZhbHNlLGZhbHNlXQ==\">\n<div class=\"td_block_wrap tdb_single_related tdi_103 td_with_ajax_pagination td-pb-border-top td_block_template_1 tdb-single-related-posts\" data-td-block-uid=\"tdi_103\">\n<div id=\"tdi_103\" class=\"td_block_inner tdb-block-inner td-fix-index\">\n<div class=\"tdb_module_related td_module_wrap td-animation-stack td-meta-info-hide\">\n<div class=\"td-module-container td-category-pos-image\">\n<div class=\"td-module-meta-info\">\n<h3 class=\"entry-title td-module-title\"><a href=\"https:\/\/voceatimisului.ro\/timisul-reprezentat-in-noua-conducere-pnl-gheorghe-falca-si-marilen-pirtea-propusi-de-regiunea-vest\/\" rel=\"bookmark\" title=\"Timi\u0219ul, reprezentat \u00een noua conducere PNL: Gheorghe Falc\u0103 \u0219i Marilen Pirtea, propu\u0219i de Regiunea Vest\">Timi\u0219ul, reprezentat \u00een noua conducere PNL: Gheorghe Falc\u0103 \u0219i Marilen Pirtea, propu\u0219i de Regiunea Vest<\/a><\/h3>\n<\/div>\n<\/div>\n<\/div>\n<div class=\"tdb_module_related td_module_wrap td-animation-stack td-meta-info-hide\">\n<div class=\"td-module-container td-category-pos-image\">\n<div class=\"td-module-meta-info\">\n<h3 class=\"entry-title td-module-title\"><a href=\"https:\/\/voceatimisului.ro\/raul-olajos-a-trecut-la-pnl-timis-fostul-lider-usr-plus-spune-ca-nu-vine-pentru-o-functie\/\" rel=\"bookmark\" title=\"Raul Olajos a trecut la PNL Timi\u0219. Fostul lider USR PLUS spune c\u0103 \u201enu vine pentru o func\u021bie\u201d\">Raul Olajos a trecut la PNL Timi\u0219. Fostul lider USR PLUS spune c\u0103 \u201enu vine pentru o func\u021bie\u201d<\/a><\/h3>\n<\/div>\n<\/div>\n<\/div>\n<div class=\"tdb_module_related td_module_wrap td-animation-stack td-meta-info-hide\">\n<div class=\"td-module-container td-category-pos-image\">\n<div class=\"td-module-meta-info\">\n<h3 class=\"entry-title td-module-title\"><a href=\"https:\/\/voceatimisului.ro\/liberalii-banateni-nu-l-voteaza-pe-pesedistul-alfred-simonis-la-functia-de-presedinte-al-consiliului-judetean-timis\/\" rel=\"bookmark\" title=\"Liberalii b\u0103n\u0103\u021beni nu-l voteaz\u0103 pe pesedistul Alfred Simonis la func\u021bia de pre\u0219edinte al Consiliului Jude\u021bean Timi\u0219\">Liberalii b\u0103n\u0103\u021beni nu-l voteaz\u0103 pe pesedistul Alfred Simonis la func\u021bia de pre\u0219edinte al Consiliului Jude\u021bean Timi\u0219<\/a><\/h3>\n<\/div>\n<\/div>\n<\/div>\n<\/div>\n<\/div>\n<\/div>\n<\/div>\n<\/div>\n<div class=\"vc_column_inner tdi_105  wpb_column vc_column_container tdc-inner-column td-pb-span8\">\n<div class=\"vc_column-inner\">\n<div class=\"wpb_wrapper\">\n<div class=\"td_block_wrap tdb_single_comments tdi_106 tdb-comm-layout2 td-pb-border-top td_block_template_2\" data-td-block-uid=\"tdi_106\">\n<div class=\"tdb-block-inner td-fix-index\">\n<div class=\"comments\" id=\"comments\">\n<div id=\"respond\" class=\"comment-respond\">\n<h3 id=\"reply-title\" class=\"comment-reply-title\">L\u0102SA\u021aI UN MESAJ <small><a rel=\"nofollow\" id=\"cancel-comment-reply-link\" href=\"https:\/\/voceatimisului.ro\/marilen-pirtea-consilier-onorific-al-premierului-ilie-bolojan-pe-educatie-si-cercetare\/#respond\">Renun\u021ba\u021bi la r\u0103spuns<\/a><\/small><\/h3>\n<div class=\"comment-form-input-wrap td-form-comment\">\n<div class=\"td-warning-comment\">V\u0103 rug\u0103m s\u0103 introduce\u021bi comentariul dvs.!<\/div>\n<\/div>\n<div class=\"comment-form-input-wrap td-form-author\">\n<div class=\"td-warning-author\">Introduce\u021bi aici numele dvs.<\/div>\n<\/div>\n<div class=\"comment-form-input-wrap td-form-email\">\n<div class=\"td-warning-email-error\">A\u021bi introdus o adres\u0103 de e-mail incorect\u0103!<\/div>\n<div class=\"td-warning-email\">V\u0103 rug\u0103m s\u0103 introduce\u021bi adresa dvs. de e-mail aici<\/div>\n<\/div>\n<\/div>\n<\/div>\n<\/div>\n<\/div>\n<\/div>\n<\/div>\n<\/div>\n<\/div>\n<\/div>\n<\/div>\n<div class=\"vc_column tdi_108  wpb_column vc_column_container tdc-column td-pb-span4 td-is-sticky\">\n<div class=\"wpb_wrapper\" data-sticky-enabled-on=\"W3RydWUsdHJ1ZSx0cnVlLHRydWVd\" data-sticky-offset=\"20\" data-sticky-is-width-auto=\"W2ZhbHNlLGZhbHNlLGZhbHNlLGZhbHNlXQ==\">\n<div class=\"vc_row_inner tdi_110  vc_row vc_inner wpb_row td-pb-row\">\n<div class=\"vc_column_inner tdi_112  wpb_column vc_column_container tdc-inner-column td-pb-span12\">\n<div class=\"vc_column-inner\">\n<div class=\"wpb_wrapper\">\n<div class=\"td_block_wrap td_block_title tdi_113 td-pb-border-top td_block_template_11 td-fix-index\" data-td-block-uid=\"tdi_113\">\n<div class=\"td-block-title-wrap\">\n<h4 class=\"td-block-title\"><span class=\"td-pulldown-size\">ANUN\u021aURI \u0218I PUBLICITATE<\/span><\/h4>\n<\/div>\n<\/div>\n<\/div>\n<\/div>\n<\/div>\n<\/div>\n<div class=\"wpb_wrapper td_block_wrap vc_widget_sidebar tdi_115 \">\n<aside id=\"block-10\" class=\"td_block_template_1 widget block-10 widget_block widget_media_image\">\n<figure class=\"wp-block-image size-full\"><a href=\"https:\/\/adpghiroda.ro\/index.html\" target=\"_blank\" rel=\" noreferrer noopener\"><img decoding=\"async\" loading=\"lazy\" width=\"960\" height=\"960\" src=\"https:\/\/analyse.optim.biz\/wp-content\/uploads\/2026\/01\/adp-ghiroda2-40.jpg\" class=\"wp-image-171492\" title=\"adp-ghiroda2-40\"><\/a><\/figure>\n<\/aside>\n<aside id=\"block-11\" class=\"td_block_template_1 widget block-11 widget_block widget_media_image\">\n<figure class=\"wp-block-image size-full\"><a href=\"https:\/\/adpghiroda.ro\/index.html\" target=\"_blank\" rel=\" noreferrer noopener\"><img decoding=\"async\" loading=\"lazy\" width=\"960\" height=\"960\" src=\"https:\/\/analyse.optim.biz\/wp-content\/uploads\/2026\/01\/adp-ghiroda1-40.jpg\" class=\"wp-image-171491\" title=\"adp-ghiroda1-40\"><\/a><\/figure>\n<\/aside>\n<aside id=\"block-17\" class=\"td_block_template_1 widget block-17 widget_block widget_media_image\">\n<figure class=\"wp-block-image size-large is-resized\"><a href=\"https:\/\/verde.events\/\" target=\"_blank\" rel=\" noreferrer noopener\"><img decoding=\"async\" loading=\"lazy\" width=\"1024\" height=\"683\" src=\"https:\/\/analyse.optim.biz\/wp-content\/uploads\/2026\/01\/verde-events-24-1024x683-1-25.jpg\" alt=\"Verde Events\" class=\"wp-image-174395\" title=\"verde-events-24-1024x683-1-25\"><\/a><figcaption class=\"wp-element-caption\"><strong><em>O experien\u021b\u0103 unic\u0103 pentru orice tip de eveniment<\/em><\/strong><\/figcaption><\/figure>\n<\/aside>\n<\/div>\n<div class=\"td_block_wrap td_flex_block_1 tdi_121 td-pb-border-top td_block_template_1 td_ajax_preloading_preload td_flex_block\" data-td-block-uid=\"tdi_121\">\n<div id=\"tdi_121\" class=\"td_block_inner td-mc1-wrap\">\n<div class=\"td_module_flex td_module_flex_1 td_module_wrap td-animation-stack td-meta-info-hide td-cpt-post\">\n<div class=\"td-module-container td-category-pos-image\">\n<div class=\"td-module-meta-info\">\n<h3 class=\"entry-title td-module-title\"><a href=\"https:\/\/voceatimisului.ro\/liberalii-cosmin-sandru-si-nicolae-bitea-achitati-de-judecatori-la-acuzatiile-de-coruptie-aduse-de-procurorii-dna\/\" rel=\"bookmark\" title=\"Liberalii Cosmin \u0218andru \u0219i Nicolae Bitea, achita\u021bi de judec\u0103tori, la acuza\u021biile de corup\u021bie aduse de procurorii DNA\">Liberalii Cosmin \u0218andru \u0219i Nicolae Bitea, achita\u021bi de judec\u0103tori, la acuza\u021biile de corup\u021bie aduse de procurorii DNA<\/a><\/h3>\n<\/div>\n<\/div>\n<\/div>\n<div class=\"td_module_flex td_module_flex_1 td_module_wrap td-animation-stack td-meta-info-hide td-cpt-post\">\n<div class=\"td-module-container td-category-pos-image\">\n<div class=\"td-module-meta-info\">\n<h3 class=\"entry-title td-module-title\"><a href=\"https:\/\/voceatimisului.ro\/blat-total-dominic-fritz-are-asigurat-al-doilea-mandat-in-fruntea-primariei-timisoara-odata-cu-iminenta-debarcare-a-presedintelui-alin-nica-din-fruntea-pnl-timis\/\" rel=\"bookmark\" title=\"Blat total! Dominic Fritz are asigurat al doilea mandat \u00een fruntea Prim\u0103riei Timi\u0219oara, odat\u0103 cu iminenta debarcare a pre\u0219edintelui Alin Nica din fruntea PNL Timi\u0219\u00a0\">Blat total! Dominic Fritz are asigurat al doilea mandat \u00een fruntea Prim\u0103riei Timi\u0219oara, odat\u0103 cu iminenta debarcare a pre\u0219edintelui Alin Nica din fruntea PNL&#8230;<\/a><\/h3>\n<\/div>\n<\/div>\n<\/div>\n<div class=\"td_module_flex td_module_flex_1 td_module_wrap td-animation-stack td-meta-info-hide td-cpt-post\">\n<div class=\"td-module-container td-category-pos-image\">\n<div class=\"td-module-meta-info\">\n<h3 class=\"entry-title td-module-title\"><a href=\"https:\/\/voceatimisului.ro\/umilinta-maxima-presedintele-cj-timis-alin-nica-ignorat-si-ironizat-de-primarii-pnl-pe-grupul-intern-de-comunicare\/\" rel=\"bookmark\" title=\"Umilin\u021b\u0103 maxim\u0103! Pre\u0219edintele CJ Timi\u0219 Alin Nica, ignorat \u0219i ironizat de primarii PNL, pe grupul intern de comunicare\">Umilin\u021b\u0103 maxim\u0103! Pre\u0219edintele CJ Timi\u0219 Alin Nica, ignorat \u0219i ironizat de primarii PNL, pe grupul intern de comunicare<\/a><\/h3>\n<\/div>\n<\/div>\n<\/div>\n<div class=\"td_module_flex td_module_flex_1 td_module_wrap td-animation-stack td-meta-info-hide td-cpt-post\">\n<div class=\"td-module-container td-category-pos-image\">\n<div class=\"td-module-meta-info\">\n<h3 class=\"entry-title td-module-title\"><a href=\"https:\/\/voceatimisului.ro\/ca-la-1907-marilen-pirtea-sustinut-de-primari-pnl-atac-devastator-la-garda-pretoriana-a-slugilor-din-ograda-tandemului-alin-nica-danut-groza\/\" rel=\"bookmark\" title=\"Ca la 1907! Marilen Pirtea, sus\u021binut de primari PNL, atac devastator la garda pretorian\u0103 a slugilor din ograda tandemului Alin Nica \u2013 D\u0103nu\u021b Groza\">Ca la 1907! Marilen Pirtea, sus\u021binut de primari PNL, atac devastator la garda pretorian\u0103 a slugilor din ograda tandemului Alin Nica \u2013 D\u0103nu\u021b Groza<\/a><\/h3>\n<\/div>\n<\/div>\n<\/div>\n<div class=\"td_module_flex td_module_flex_1 td_module_wrap td-animation-stack td-meta-info-hide td-cpt-post\">\n<div class=\"td-module-container td-category-pos-image\">\n<div class=\"td-module-meta-info\">\n<h3 class=\"entry-title td-module-title\"><a href=\"https:\/\/voceatimisului.ro\/protest-in-comuna-uivar-dupa-schimbarea-pe-sest-a-viceprimarului-liberal\/\" rel=\"bookmark\" title=\"Protest \u00een comuna Uivar, dup\u0103 schimbarea pe \u0219est a viceprimarului liberal\">Protest \u00een comuna Uivar, dup\u0103 schimbarea pe \u0219est a viceprimarului liberal<\/a><\/h3>\n<\/div>\n<\/div>\n<\/div>\n<\/div>\n<\/div>\n<\/div>\n<\/div>\n<\/div>\n<\/div>\n<\/div>\n<\/div>\n<p><span class=\"td-page-meta\"><\/span><span class=\"td-page-meta\"><span class=\"td-page-meta\"><\/span><\/span><span class=\"td-page-meta\"><\/span><\/article>\n<p> Source URL: https:\/\/voceatimisului.ro\/marilen-pirtea-consilier-onorific-al-premierului-ilie-bolojan-pe-educatie-si-cercetare\/<\/p>\n","protected":false},"excerpt":{"rendered":"<p>\u0218tiriPolitic\u0103 Marilen Pirtea, consilier onorific al premierului Ilie Bolojan pe educa\u021bie \u0219i cercetare Rectorul UVT Marilen Pirtea, numit consilier onorific al premierului Ilie Bolojan pentru educa\u021bie \u0219i cercetare Autor-Marta Stirbey 30 iunie 2025 0 1347 Facebook Twitter Pinterest WhatsApp Linkedin Copy URL Marilen Pirtea UVT Timi\u0219oara, din nou campioan\u0103 european\u0103 universitar\u0103 la fotbal Simonis \u0219i [&hellip;]<\/p>\n","protected":false},"author":1,"featured_media":1283188,"comment_status":"open","ping_status":"","sticky":false,"template":"","format":"standard","meta":{"footnotes":""},"categories":[89],"tags":[199],"class_list":["post-1283187","post","type-post","status-publish","format-standard","has-post-thumbnail","hentry","category-romania","tag-voceatimisului-ro"],"_links":{"self":[{"href":"https:\/\/analyse.optim.biz\/index.php?rest_route=\/wp\/v2\/posts\/1283187","targetHints":{"allow":["GET"]}}],"collection":[{"href":"https:\/\/analyse.optim.biz\/index.php?rest_route=\/wp\/v2\/posts"}],"about":[{"href":"https:\/\/analyse.optim.biz\/index.php?rest_route=\/wp\/v2\/types\/post"}],"author":[{"embeddable":true,"href":"https:\/\/analyse.optim.biz\/index.php?rest_route=\/wp\/v2\/users\/1"}],"replies":[{"embeddable":true,"href":"https:\/\/analyse.optim.biz\/index.php?rest_route=%2Fwp%2Fv2%2Fcomments&post=1283187"}],"version-history":[{"count":0,"href":"https:\/\/analyse.optim.biz\/index.php?rest_route=\/wp\/v2\/posts\/1283187\/revisions"}],"wp:featuredmedia":[{"embeddable":true,"href":"https:\/\/analyse.optim.biz\/index.php?rest_route=\/wp\/v2\/media\/1283188"}],"wp:attachment":[{"href":"https:\/\/analyse.optim.biz\/index.php?rest_route=%2Fwp%2Fv2%2Fmedia&parent=1283187"}],"wp:term":[{"taxonomy":"category","embeddable":true,"href":"https:\/\/analyse.optim.biz\/index.php?rest_route=%2Fwp%2Fv2%2Fcategories&post=1283187"},{"taxonomy":"post_tag","embeddable":true,"href":"https:\/\/analyse.optim.biz\/index.php?rest_route=%2Fwp%2Fv2%2Ftags&post=1283187"}],"curies":[{"name":"wp","href":"https:\/\/api.w.org\/{rel}","templated":true}]}}