{"id":1283175,"date":"2025-06-30T12:08:11","date_gmt":"2025-06-30T09:08:11","guid":{"rendered":"https:\/\/analyse.optim.biz\/?p=1283175"},"modified":"2025-06-30T12:08:11","modified_gmt":"2025-06-30T09:08:11","slug":"sorin-grindeanu-taie-banii-de-chirie-pentru-parlamentarii-cu-locuinte-in-bucuresti-sau-ilfov","status":"publish","type":"post","link":"https:\/\/analyse.optim.biz\/?p=1283175","title":{"rendered":"Sorin Grindeanu taie banii de chirie pentru parlamentarii cu locuin\u021be \u00een Bucure\u0219ti sau Ilfov"},"content":{"rendered":"<article id=\"template-id-172790\" class=\"post-172790 tdb_templates type-tdb_templates status-publish post\">\n<div id=\"tdi_52\" class=\"tdc-zone\">\n<div class=\"tdc_zone tdi_53  wpb_row td-pb-row\">\n<div id=\"tdi_54\" class=\"tdc-row stretch_row_1400 td-stretch-content\">\n<div class=\"vc_row tdi_55  wpb_row td-pb-row tdc-element-style\">\n<div class=\"vc_column tdi_57  wpb_column vc_column_container tdc-column td-pb-span8\">\n<div class=\"wpb_wrapper\">\n<div class=\"td_block_wrap tdb_single_categories tdi_58 td-pb-border-top td_block_template_1 \" data-td-block-uid=\"tdi_58\">\n<div class=\"tdb-category td-fix-index\"><a class=\"tdb-entry-category\" href=\"https:\/\/voceatimisului.ro\/stiri-din-timisoara-si-timis\/\">\u0218tiri<\/a><a class=\"tdb-entry-category\" href=\"https:\/\/voceatimisului.ro\/stiri-din-timisoara-si-timis\/politica\/\">Politic\u0103<\/a><\/div>\n<\/div>\n<div class=\"td_block_wrap tdb_title tdi_59 tdb-single-title td-pb-border-top td_block_template_1\" data-td-block-uid=\"tdi_59\">\n<div class=\"tdb-block-inner td-fix-index\">\n<h1 class=\"tdb-title-text\">Sorin Grindeanu taie banii de chirie pentru parlamentarii cu locuin\u021be \u00een Bucure\u0219ti sau Ilfov<\/h1>\n<\/div>\n<\/div>\n<div class=\"td_block_wrap tdb_single_subtitle tdi_60 td-pb-border-top td_block_template_1\" data-td-block-uid=\"tdi_60\">\n<div class=\"tdb-block-inner td-fix-index\">\n<h2>Parlamentarii care de\u021bin locuin\u021b\u0103 \u00een Capital\u0103 sau Ilfov nu vor mai primi bani de la stat pentru chirie, \u00een urma modific\u0103rii Statutului, ini\u021biat\u0103 de Sorin Grindeanu<\/h2>\n<\/div>\n<\/div>\n<div class=\"vc_row_inner tdi_62  vc_row vc_inner wpb_row td-pb-row\">\n<div class=\"vc_column_inner tdi_64  wpb_column vc_column_container tdc-inner-column td-pb-span6\">\n<div class=\"vc_column-inner\">\n<div class=\"wpb_wrapper\">\n<div class=\"td_block_wrap tdb_single_author tdi_65 td-pb-border-top td_block_template_1 tdb-post-meta\" data-td-block-uid=\"tdi_65\">\n<div class=\"tdb-block-inner td-fix-index\">\n<div class=\"tdb-author-name-wrap\"><span class=\"tdb-author-by\">Autor-<\/span><a class=\"tdb-author-name\" href=\"https:\/\/voceatimisului.ro\/author\/cataadmin\/\">Radu Constantin<\/a><\/div>\n<\/div>\n<\/div>\n<div class=\"td_block_wrap tdb_single_date tdi_66 td-pb-border-top td_block_template_1 tdb-post-meta\" data-td-block-uid=\"tdi_66\">\n<div class=\"tdb-block-inner td-fix-index\"><time class=\"entry-date updated td-module-date\" datetime=\"2025-06-30T15:08:11+03:00\">30 iunie 2025<\/time><\/div>\n<\/div>\n<div class=\"td_block_wrap tdb_single_comments_count tdi_67 td-pb-border-top td_block_template_1 tdb-post-meta\" data-td-block-uid=\"tdi_67\">\n<div class=\"tdb-block-inner td-fix-index\"><a href=\"https:\/\/voceatimisului.ro\/sorin-grindeanu-taie-banii-de-chirie-pentru-parlamentarii-cu-locuinte-in-bucuresti-sau-ilfov\/#respond\"><span>0<\/span><\/a><\/div>\n<\/div>\n<div class=\"td_block_wrap tdb_single_post_views tdi_68 td-pb-border-top td_block_template_1 tdb-post-meta\" data-td-block-uid=\"tdi_68\">\n<div class=\"tdb-block-inner td-fix-index\"><span class=\"tdb-add-text\">1<\/span><span class=\"td-nr-views-173164\">470<\/span><\/div>\n<\/div>\n<\/div>\n<\/div>\n<\/div>\n<div class=\"vc_column_inner tdi_70  wpb_column vc_column_container tdc-inner-column td-pb-span6\">\n<div class=\"vc_column-inner\">\n<div class=\"wpb_wrapper\">\n<div class=\"td_block_wrap tdb_single_post_share tdi_71  td-pb-border-top td_block_template_1\" data-td-block-uid=\"tdi_71\">\n<div id=\"tdi_71\" class=\"td-post-sharing tdb-block td-ps-bg td-ps-notext td-post-sharing-style1 \">\n<div class=\"td-post-sharing-visible\"><a class=\"td-social-sharing-button td-social-sharing-button-js td-social-network td-social-facebook\" href=\"https:\/\/www.facebook.com\/sharer.php?u=https%3A%2F%2Fvoceatimisului.ro%2Fsorin-grindeanu-taie-banii-de-chirie-pentru-parlamentarii-cu-locuinte-in-bucuresti-sau-ilfov%2F\" title=\"Facebook\" rel=\"noopener\"><\/p>\n<div class=\"td-social-but-text\">Facebook<\/div>\n<p><\/a><a class=\"td-social-sharing-button td-social-sharing-button-js td-social-network td-social-twitter\" href=\"https:\/\/twitter.com\/intent\/tweet?text=Sorin+Grindeanu+taie+banii+de+chirie+pentru+parlamentarii+cu+locuin%C8%9Be+%C3%AEn+Bucure%C8%99ti+sau+Ilfov&amp;url=https%3A%2F%2Fvoceatimisului.ro%2Fsorin-grindeanu-taie-banii-de-chirie-pentru-parlamentarii-cu-locuinte-in-bucuresti-sau-ilfov%2F&amp;via=Vocea+Timisului\" title=\"Twitter\" rel=\"noopener\"><\/p>\n<div class=\"td-social-but-text\">Twitter<\/div>\n<p><\/a><a class=\"td-social-sharing-button td-social-sharing-button-js td-social-network td-social-pinterest\" href=\"https:\/\/pinterest.com\/pin\/create\/button\/?url=https:\/\/voceatimisului.ro\/sorin-grindeanu-taie-banii-de-chirie-pentru-parlamentarii-cu-locuinte-in-bucuresti-sau-ilfov\/&amp;media=https:\/\/voceatimisului.ro\/wp-content\/uploads\/2025\/06\/Sorin-Grindeanu.avif&amp;description=Sorin+Grindeanu+taie+banii+de+chirie+pentru+parlamentarii+cu+locuin%C8%9Be+%C3%AEn+Bucure%C8%99ti+sau+Ilfov\" title=\"Pinterest\" rel=\"noopener\"><\/p>\n<div class=\"td-social-but-text\">Pinterest<\/div>\n<p><\/a><a class=\"td-social-sharing-button td-social-sharing-button-js td-social-network td-social-whatsapp\" href=\"https:\/\/api.whatsapp.com\/send?text=Sorin+Grindeanu+taie+banii+de+chirie+pentru+parlamentarii+cu+locuin%C8%9Be+%C3%AEn+Bucure%C8%99ti+sau+Ilfov%20%0A%0A%20https:\/\/voceatimisului.ro\/sorin-grindeanu-taie-banii-de-chirie-pentru-parlamentarii-cu-locuinte-in-bucuresti-sau-ilfov\/\" title=\"WhatsApp\" rel=\"noopener\"><\/p>\n<div class=\"td-social-but-text\">WhatsApp<\/div>\n<p><\/a><a class=\"td-social-sharing-button td-social-sharing-button-js td-social-network td-social-linkedin\" href=\"https:\/\/www.linkedin.com\/shareArticle?mini=true&amp;url=https:\/\/voceatimisului.ro\/sorin-grindeanu-taie-banii-de-chirie-pentru-parlamentarii-cu-locuinte-in-bucuresti-sau-ilfov\/&amp;title=Sorin+Grindeanu+taie+banii+de+chirie+pentru+parlamentarii+cu+locuin%C8%9Be+%C3%AEn+Bucure%C8%99ti+sau+Ilfov\" title=\"Linkedin\" rel=\"noopener\"><\/p>\n<div class=\"td-social-but-text\">Linkedin<\/div>\n<p><\/a><a class=\"td-social-sharing-button td-social-sharing-button-js td-social-network td-social-copy_url\" href=\"https:\/\/voceatimisului.ro\/sorin-grindeanu-taie-banii-de-chirie-pentru-parlamentarii-cu-locuinte-in-bucuresti-sau-ilfov\/\" title=\"Copy URL\" rel=\"noopener\"><\/p>\n<div class=\"td-social-but-text\">Copy URL<\/div>\n<p><\/a><\/div>\n<\/div>\n<\/div>\n<\/div>\n<\/div>\n<\/div>\n<\/div>\n<div class=\"td_block_wrap tdb_single_featured_image tdi_72 tdb-content-horiz-left td-pb-border-top td_block_template_1\" data-td-block-uid=\"tdi_72\">\n<div class=\"tdb-block-inner td-fix-index\">\n<figure><img loading=\"lazy\" decoding=\"async\" width=\"696\" height=\"480\" class=\"entry-thumb\" src=\"https:\/\/analyse.optim.biz\/wp-content\/uploads\/2026\/01\/sorin-grindeanu-696x480-1.avif\" alt=\"Sorin Grindeanu\" title=\"Sorin Grindeanu\"><figcaption class=\"tdb-caption-text\">Sorin Grindeanu<\/figcaption><\/figure>\n<\/div>\n<\/div>\n<div class=\"vc_row_inner tdi_74  vc_row vc_inner wpb_row td-pb-row\">\n<div class=\"vc_column_inner tdi_76  wpb_column vc_column_container tdc-inner-column td-pb-span4 td-is-sticky\">\n<div class=\"vc_column-inner\">\n<div class=\"wpb_wrapper\" data-sticky-enabled-on=\"W3RydWUsdHJ1ZSx0cnVlLHRydWVd\" data-sticky-offset=\"20\" data-sticky-is-width-auto=\"W2ZhbHNlLGZhbHNlLGZhbHNlLGZhbHNlXQ==\">\n<div class=\"td_block_wrap td_flex_block_1 tdi_77 td-pb-border-top td_block_template_1 td_ajax_preloading_preload td_flex_block\" data-td-block-uid=\"tdi_77\">\n<div id=\"tdi_77\" class=\"td_block_inner td-mc1-wrap\">\n<div class=\"td_module_flex td_module_flex_1 td_module_wrap td-animation-stack td-meta-info-hide td-cpt-post\">\n<div class=\"td-module-container td-category-pos-image\">\n<div class=\"td-module-meta-info\">\n<h3 class=\"entry-title td-module-title\"><a href=\"https:\/\/voceatimisului.ro\/grindeanu-gest-ferm-la-congresul-udmr-romania-are-un-singur-imn\/\" rel=\"bookmark\" title=\"Grindeanu, gest ferm la congresul UDMR: \u201eRom\u00e2nia are un singur imn\u201d\">Grindeanu, gest ferm la congresul UDMR: \u201eRom\u00e2nia are un singur imn\u201d<\/a><\/h3>\n<\/div>\n<\/div>\n<\/div>\n<div class=\"td_module_flex td_module_flex_1 td_module_wrap td-animation-stack td-meta-info-hide td-cpt-post\">\n<div class=\"td-module-container td-category-pos-image\">\n<div class=\"td-module-meta-info\">\n<h3 class=\"entry-title td-module-title\"><a href=\"https:\/\/voceatimisului.ro\/drumul-de-legatura-a1-dn69-noua-poarta-rapida-spre-timisoara-se-deschide-saptamana-viitoare\/\" rel=\"bookmark\" title=\"Drumul de leg\u0103tur\u0103 A1\u2013DN69, noua poart\u0103 rapid\u0103 spre Timi\u0219oara, se deschide s\u0103pt\u0103m\u00e2na viitoare\">Drumul de leg\u0103tur\u0103 A1\u2013DN69, noua poart\u0103 rapid\u0103 spre Timi\u0219oara, se deschide s\u0103pt\u0103m\u00e2na viitoare<\/a><\/h3>\n<\/div>\n<\/div>\n<\/div>\n<div class=\"td_module_flex td_module_flex_1 td_module_wrap td-animation-stack td-meta-info-hide td-cpt-post\">\n<div class=\"td-module-container td-category-pos-image\">\n<div class=\"td-module-meta-info\">\n<h3 class=\"entry-title td-module-title\"><a href=\"https:\/\/voceatimisului.ro\/simonis-si-grindeanu-mesaj-ferm-catre-guvernul-bolojan-anghel-saligny-nu-se-opreste\/\" rel=\"bookmark\" title=\"Simonis \u0219i Grindeanu, mesaj ferm c\u0103tre Guvernul Bolojan: \u201eAnghel Saligny nu se opre\u0219te!\u201d\">Simonis \u0219i Grindeanu, mesaj ferm c\u0103tre Guvernul Bolojan: \u201eAnghel Saligny nu se opre\u0219te!\u201d<\/a><\/h3>\n<\/div>\n<\/div>\n<\/div>\n<div class=\"td_module_flex td_module_flex_1 td_module_wrap td-animation-stack td-meta-info-hide td-cpt-post\">\n<div class=\"td-module-container td-category-pos-image\">\n<div class=\"td-module-meta-info\">\n<h3 class=\"entry-title td-module-title\"><a href=\"https:\/\/voceatimisului.ro\/sorin-grindeanu-cere-impozitarea-dura-a-multinationalelor-si-taieri-de-indemnizatii-in-consiliile-de-administratie\/\" rel=\"bookmark\" title=\"Sorin Grindeanu cere impozitarea dur\u0103 a multina\u021bionalelor \u0219i t\u0103ieri de indemniza\u021bii \u00een Consiliile de Administra\u021bie\">Sorin Grindeanu cere impozitarea dur\u0103 a multina\u021bionalelor \u0219i t\u0103ieri de indemniza\u021bii \u00een Consiliile de Administra\u021bie<\/a><\/h3>\n<\/div>\n<\/div>\n<\/div>\n<\/div>\n<\/div>\n<div class=\"tdb-author-box td_block_wrap tdb_single_author_box tdi_82 tdb-content-vert-top td-pb-border-top td_block_template_1\" data-td-block-uid=\"tdi_82\">\n<div class=\"tdb-block-inner td-fix-index\">\n<div class=\"tdb-author-info\"><a href=\"https:\/\/voceatimisului.ro\/author\/cataadmin\/\" class=\"tdb-author-name\">Radu Constantin<\/a><a href=\"http:\/\/www.voceatimisului.ro\" rel=\"nofollow\" class=\"tdb-author-url\">http:\/\/www.voceatimisului.ro<\/a><\/p>\n<div class=\"tdb-author-descr\">\u00centreaga responsabilitate a comentariilor l\u0103sate de dumneavoastr\u0103 v\u0103 apar\u021bine!<br \/>\nClick <a href=\"https:\/\/voceatimisului.ro\/termeni-si-conditii\/\">aici<\/a>-citeste condi\u0163iile de utilizare ale site-ului www.voceatimisului.ro<\/div>\n<\/div>\n<\/div>\n<\/div>\n<\/div>\n<\/div>\n<\/div>\n<div class=\"vc_column_inner tdi_84  wpb_column vc_column_container tdc-inner-column td-pb-span8\">\n<div class=\"vc_column-inner\">\n<div class=\"wpb_wrapper\">\n<div class=\"td_block_wrap tdb_single_content tdi_85 td-pb-border-top td_block_template_1 td-post-content tagdiv-type\" data-td-block-uid=\"tdi_85\">\n<div class=\"tdb-block-inner td-fix-index\">\n<h2 class=\"wp-block-heading\">Parlamentarii care de\u021bin locuin\u021be \u00een Bucure\u0219ti sau \u00een jude\u021bul Ilfov nu vor mai beneficia de decontarea cheltuielilor cu chiria. Camera Deputa\u021bilor a votat ast\u0103zi, \u00een regim de urgen\u021b\u0103, modificarea Statutului deputa\u021bilor \u0219i senatorilor, la ini\u021biativa pre\u0219edintelui Camerei, Sorin Grindeanu.<\/h2>\n<p><strong><em>\u201eEste prima anomalie legislativ\u0103 pe care o corectez ca pre\u0219edinte al Camerei Deputa\u021bilor. \u0218i acesta este doar \u00eenceputul!\u201d,<\/em><\/strong> a transmis Grindeanu. El a subliniat c\u0103 m\u0103sura face parte dintr-un plan amplu de t\u0103iere a privilegiilor \u0219i sinecurilor din institu\u021biile publice.<\/p>\n<p>P\u00e2n\u0103 acum, parlamentarii puteau primi sume importante pentru cazare \u00een Capital\u0103, chiar \u0219i \u00een situa\u021biile \u00een care de\u021bineau deja o locuin\u021b\u0103 \u00een zon\u0103. M\u0103sura adoptat\u0103 elimin\u0103 aceast\u0103 incongruen\u021b\u0103 legislativ\u0103 \u0219i este v\u0103zut\u0103 ca un pas important spre responsabilizarea cheltuielilor publice.<\/p>\n<p>Grindeanu anun\u021b\u0103 c\u0103 va continua cu \u201eun pachet de m\u0103suri consistente\u201d care s\u0103 reduc\u0103 drastic privilegiile de care beneficiaz\u0103 unii ale\u0219i: <strong><em>\u201eTrebuie ac\u021bionat de sus \u00een jos, dac\u0103 vrem s\u0103 trecem cu bine peste aceast\u0103 perioad\u0103 dificil\u0103 pentru economia Rom\u00e2niei.\u201d<\/em><\/strong><\/p>\n<\/div>\n<\/div>\n<div class=\"td_block_wrap tdb_single_tags tdi_88 td-pb-border-top td_block_template_1\" data-td-block-uid=\"tdi_88\">\n<div class=\"tdb-block-inner td-fix-index\">\n<ul class=\"tdb-tags\">\n<li><span>Tags<\/span><\/li>\n<li><a href=\"https:\/\/voceatimisului.ro\/tag\/chiriile-parlamentarilor\/\">chiriile parlamentarilor<\/a><\/li>\n<li><a href=\"https:\/\/voceatimisului.ro\/tag\/presedintele-camerei-deputatilor\/\">pre\u0219edintele camerei deputa\u021bilor<\/a><\/li>\n<li><a href=\"https:\/\/voceatimisului.ro\/tag\/psd-timis\/\">psd timis<\/a><\/li>\n<li><a href=\"https:\/\/voceatimisului.ro\/tag\/sorin-grindeanu\/\">sorin grindeanu<\/a><\/li>\n<\/ul>\n<\/div>\n<\/div>\n<div class=\"td_block_wrap tdb_single_post_share tdi_89  td-pb-border-top td_block_template_1\" data-td-block-uid=\"tdi_89\">\n<div id=\"tdi_89\" class=\"td-post-sharing tdb-block td-ps-bg td-ps-notext td-post-sharing-style1 \">\n<div class=\"td-post-sharing-visible\"><a class=\"td-social-sharing-button td-social-sharing-button-js td-social-network td-social-facebook\" href=\"https:\/\/www.facebook.com\/sharer.php?u=https%3A%2F%2Fvoceatimisului.ro%2Fsorin-grindeanu-taie-banii-de-chirie-pentru-parlamentarii-cu-locuinte-in-bucuresti-sau-ilfov%2F\" title=\"Facebook\" rel=\"noopener\"><\/p>\n<div class=\"td-social-but-text\">Facebook<\/div>\n<p><\/a><a class=\"td-social-sharing-button td-social-sharing-button-js td-social-network td-social-twitter\" href=\"https:\/\/twitter.com\/intent\/tweet?text=Sorin+Grindeanu+taie+banii+de+chirie+pentru+parlamentarii+cu+locuin%C8%9Be+%C3%AEn+Bucure%C8%99ti+sau+Ilfov&amp;url=https%3A%2F%2Fvoceatimisului.ro%2Fsorin-grindeanu-taie-banii-de-chirie-pentru-parlamentarii-cu-locuinte-in-bucuresti-sau-ilfov%2F&amp;via=Vocea+Timisului\" title=\"Twitter\" rel=\"noopener\"><\/p>\n<div class=\"td-social-but-text\">Twitter<\/div>\n<p><\/a><a class=\"td-social-sharing-button td-social-sharing-button-js td-social-network td-social-pinterest\" href=\"https:\/\/pinterest.com\/pin\/create\/button\/?url=https:\/\/voceatimisului.ro\/sorin-grindeanu-taie-banii-de-chirie-pentru-parlamentarii-cu-locuinte-in-bucuresti-sau-ilfov\/&amp;media=https:\/\/voceatimisului.ro\/wp-content\/uploads\/2025\/06\/Sorin-Grindeanu.avif&amp;description=Sorin+Grindeanu+taie+banii+de+chirie+pentru+parlamentarii+cu+locuin%C8%9Be+%C3%AEn+Bucure%C8%99ti+sau+Ilfov\" title=\"Pinterest\" rel=\"noopener\"><\/p>\n<div class=\"td-social-but-text\">Pinterest<\/div>\n<p><\/a><a class=\"td-social-sharing-button td-social-sharing-button-js td-social-network td-social-whatsapp\" href=\"https:\/\/api.whatsapp.com\/send?text=Sorin+Grindeanu+taie+banii+de+chirie+pentru+parlamentarii+cu+locuin%C8%9Be+%C3%AEn+Bucure%C8%99ti+sau+Ilfov%20%0A%0A%20https:\/\/voceatimisului.ro\/sorin-grindeanu-taie-banii-de-chirie-pentru-parlamentarii-cu-locuinte-in-bucuresti-sau-ilfov\/\" title=\"WhatsApp\" rel=\"noopener\"><\/p>\n<div class=\"td-social-but-text\">WhatsApp<\/div>\n<p><\/a><a class=\"td-social-sharing-button td-social-sharing-button-js td-social-network td-social-linkedin\" href=\"https:\/\/www.linkedin.com\/shareArticle?mini=true&amp;url=https:\/\/voceatimisului.ro\/sorin-grindeanu-taie-banii-de-chirie-pentru-parlamentarii-cu-locuinte-in-bucuresti-sau-ilfov\/&amp;title=Sorin+Grindeanu+taie+banii+de+chirie+pentru+parlamentarii+cu+locuin%C8%9Be+%C3%AEn+Bucure%C8%99ti+sau+Ilfov\" title=\"Linkedin\" rel=\"noopener\"><\/p>\n<div class=\"td-social-but-text\">Linkedin<\/div>\n<p><\/a><a class=\"td-social-sharing-button td-social-sharing-button-js td-social-network td-social-copy_url\" href=\"https:\/\/voceatimisului.ro\/sorin-grindeanu-taie-banii-de-chirie-pentru-parlamentarii-cu-locuinte-in-bucuresti-sau-ilfov\/\" title=\"Copy URL\" rel=\"noopener\"><\/p>\n<div class=\"td-social-but-text\">Copy URL<\/div>\n<p><\/a><\/div>\n<\/div>\n<\/div>\n<div class=\"td_block_wrap tdb_single_next_prev tdi_90 td-animation-stack td-next-prev-img-on td-pb-border-top td_block_template_1\" data-td-block-uid=\"tdi_90\">\n<div class=\"tdb-block-inner td-fix-index\">\n<div class=\"tdb-next-post tdb-next-post-bg tdb-post-prev\"><span>Articolul precedent<\/span><\/p>\n<div class=\"td-module-container\">\n<div class=\"td-image-container\"><a class=\"td-image-wrap\" href=\"https:\/\/voceatimisului.ro\/evenimente-culturale-in-timisoara-si-judetul-timis-in-perioada-30-iunie-6-iulie-2025\/\"><img loading=\"lazy\" decoding=\"async\" class=\"td-next-prev-image td-fix-index td-lazy-img\" title=\"Evenimente culturale \u00een Timi\u0219oara \u0219i jude\u021bul Timi\u0219, \u00een perioada 30 iunie \u2013 6 iulie 2025\" width=\"696\" height=\"464\" src=\"https:\/\/analyse.optim.biz\/wp-content\/uploads\/2026\/01\/alba-ca-zapada-si-cufarul-celor-7-pitici-696x464-1.avif\"><\/a><\/div>\n<div class=\"next-prev-title\"><a href=\"https:\/\/voceatimisului.ro\/evenimente-culturale-in-timisoara-si-judetul-timis-in-perioada-30-iunie-6-iulie-2025\/\">Evenimente culturale \u00een Timi\u0219oara \u0219i jude\u021bul Timi\u0219, \u00een perioada 30 iunie \u2013 6 iulie 2025<\/a><\/div>\n<\/div>\n<\/div>\n<div class=\"tdb-next-post tdb-next-post-bg tdb-post-next\"><span>Articolul urm\u0103tor<\/span><\/p>\n<div class=\"td-module-container\">\n<div class=\"td-image-container\"><a class=\"td-image-wrap\" href=\"https:\/\/voceatimisului.ro\/rachita-ovidiu-ionel-castiga-procesul-cu-igpr-si-ipj-timis-politia-obligata-sa-i-plateasca-salariile-pierdute-dupa-o-sanctiune-abuziva\/\"><img loading=\"lazy\" decoding=\"async\" class=\"td-next-prev-image td-fix-index td-lazy-img\" title=\"R\u0103chit\u0103 Ovidiu Ionel c\u00e2\u0219tig\u0103 procesul cu IGPR \u0219i IPJ Timi\u0219: Poli\u021bia obligat\u0103 s\u0103-i pl\u0103teasc\u0103 salariile pierdute dup\u0103 o sanc\u021biune abuziv\u0103\" width=\"696\" height=\"696\" src=\"https:\/\/analyse.optim.biz\/wp-content\/uploads\/2026\/01\/rachita-ovidiu-ionel-696x696-1.avif\"><\/a><\/div>\n<div class=\"next-prev-title\"><a href=\"https:\/\/voceatimisului.ro\/rachita-ovidiu-ionel-castiga-procesul-cu-igpr-si-ipj-timis-politia-obligata-sa-i-plateasca-salariile-pierdute-dupa-o-sanctiune-abuziva\/\">R\u0103chit\u0103 Ovidiu Ionel c\u00e2\u0219tig\u0103 procesul cu IGPR \u0219i IPJ Timi\u0219: Poli\u021bia obligat\u0103 s\u0103-i pl\u0103teasc\u0103 salariile pierdute dup\u0103 o sanc\u021biune abuziv\u0103<\/a><\/div>\n<\/div>\n<\/div>\n<\/div>\n<\/div>\n<\/div>\n<\/div>\n<\/div>\n<\/div>\n<div class=\"vc_row_inner tdi_100  vc_row vc_inner wpb_row td-pb-row\">\n<div class=\"vc_column_inner tdi_102  wpb_column vc_column_container tdc-inner-column td-pb-span4 td-is-sticky\">\n<div class=\"vc_column-inner\">\n<div class=\"wpb_wrapper\" data-sticky-enabled-on=\"W3RydWUsdHJ1ZSx0cnVlLHRydWVd\" data-sticky-offset=\"20\" data-sticky-is-width-auto=\"W2ZhbHNlLGZhbHNlLGZhbHNlLGZhbHNlXQ==\">\n<div class=\"td_block_wrap tdb_single_related tdi_103 td_with_ajax_pagination td-pb-border-top td_block_template_1 tdb-single-related-posts\" data-td-block-uid=\"tdi_103\">\n<div id=\"tdi_103\" class=\"td_block_inner tdb-block-inner td-fix-index\">\n<div class=\"tdb_module_related td_module_wrap td-animation-stack td-meta-info-hide\">\n<div class=\"td-module-container td-category-pos-image\">\n<div class=\"td-module-meta-info\">\n<h3 class=\"entry-title td-module-title\"><a href=\"https:\/\/voceatimisului.ro\/ciolacu-si-grindeanu-in-inspectie-la-marile-santiere-din-timisoara\/\" rel=\"bookmark\" title=\"Ciolacu \u0219i Grindeanu, \u00een inspec\u021bie la marile \u0219antiere din Timi\u0219oara\">Ciolacu \u0219i Grindeanu, \u00een inspec\u021bie la marile \u0219antiere din Timi\u0219oara<\/a><\/h3>\n<\/div>\n<\/div>\n<\/div>\n<div class=\"tdb_module_related td_module_wrap td-animation-stack td-meta-info-hide\">\n<div class=\"td-module-container td-category-pos-image\">\n<div class=\"td-module-meta-info\">\n<h3 class=\"entry-title td-module-title\"><a href=\"https:\/\/voceatimisului.ro\/psd-timis-si-a-stabilit-candidatii-pentru-alegerile-parlamentare-din-1-decembrie\/\" rel=\"bookmark\" title=\"PSD Timi\u0219 \u0219i-a stabilit candida\u021bii pentru alegerile parlamentare din 1 decembrie\">PSD Timi\u0219 \u0219i-a stabilit candida\u021bii pentru alegerile parlamentare din 1 decembrie<\/a><\/h3>\n<\/div>\n<\/div>\n<\/div>\n<div class=\"tdb_module_related td_module_wrap td-animation-stack td-meta-info-hide\">\n<div class=\"td-module-container td-category-pos-image\">\n<div class=\"td-module-meta-info\">\n<h3 class=\"entry-title td-module-title\"><a href=\"https:\/\/voceatimisului.ro\/de-poveste-cea-mai-mare-investitie-din-istoria-timisoarei-blocata-de-un-imobil-colectiv-aprobat-de-administratia-fritz-in-mijlocul-unui-sens-giratoriu\/\" rel=\"bookmark\" title=\"De poveste! Cea mai mare investi\u021bie din istoria Timi\u0219oarei, blocat\u0103 de un imobil colectiv, aprobat de administra\u021bia Fritz, \u00een mijlocul unui sens giratoriu\u00a0\">De poveste! Cea mai mare investi\u021bie din istoria Timi\u0219oarei, blocat\u0103 de un imobil colectiv, aprobat de administra\u021bia Fritz, \u00een mijlocul unui sens giratoriu\u00a0<\/a><\/h3>\n<\/div>\n<\/div>\n<\/div>\n<\/div>\n<\/div>\n<\/div>\n<\/div>\n<\/div>\n<div class=\"vc_column_inner tdi_105  wpb_column vc_column_container tdc-inner-column td-pb-span8\">\n<div class=\"vc_column-inner\">\n<div class=\"wpb_wrapper\">\n<div class=\"td_block_wrap tdb_single_comments tdi_106 tdb-comm-layout2 td-pb-border-top td_block_template_2\" data-td-block-uid=\"tdi_106\">\n<div class=\"tdb-block-inner td-fix-index\">\n<div class=\"comments\" id=\"comments\">\n<div id=\"respond\" class=\"comment-respond\">\n<h3 id=\"reply-title\" class=\"comment-reply-title\">L\u0102SA\u021aI UN MESAJ <small><a rel=\"nofollow\" id=\"cancel-comment-reply-link\" href=\"https:\/\/voceatimisului.ro\/sorin-grindeanu-taie-banii-de-chirie-pentru-parlamentarii-cu-locuinte-in-bucuresti-sau-ilfov\/#respond\">Renun\u021ba\u021bi la r\u0103spuns<\/a><\/small><\/h3>\n<div class=\"comment-form-input-wrap td-form-comment\">\n<div class=\"td-warning-comment\">V\u0103 rug\u0103m s\u0103 introduce\u021bi comentariul dvs.!<\/div>\n<\/div>\n<div class=\"comment-form-input-wrap td-form-author\">\n<div class=\"td-warning-author\">Introduce\u021bi aici numele dvs.<\/div>\n<\/div>\n<div class=\"comment-form-input-wrap td-form-email\">\n<div class=\"td-warning-email-error\">A\u021bi introdus o adres\u0103 de e-mail incorect\u0103!<\/div>\n<div class=\"td-warning-email\">V\u0103 rug\u0103m s\u0103 introduce\u021bi adresa dvs. de e-mail aici<\/div>\n<\/div>\n<\/div>\n<\/div>\n<\/div>\n<\/div>\n<\/div>\n<\/div>\n<\/div>\n<\/div>\n<\/div>\n<\/div>\n<div class=\"vc_column tdi_108  wpb_column vc_column_container tdc-column td-pb-span4 td-is-sticky\">\n<div class=\"wpb_wrapper\" data-sticky-enabled-on=\"W3RydWUsdHJ1ZSx0cnVlLHRydWVd\" data-sticky-offset=\"20\" data-sticky-is-width-auto=\"W2ZhbHNlLGZhbHNlLGZhbHNlLGZhbHNlXQ==\">\n<div class=\"vc_row_inner tdi_110  vc_row vc_inner wpb_row td-pb-row\">\n<div class=\"vc_column_inner tdi_112  wpb_column vc_column_container tdc-inner-column td-pb-span12\">\n<div class=\"vc_column-inner\">\n<div class=\"wpb_wrapper\">\n<div class=\"td_block_wrap td_block_title tdi_113 td-pb-border-top td_block_template_11 td-fix-index\" data-td-block-uid=\"tdi_113\">\n<div class=\"td-block-title-wrap\">\n<h4 class=\"td-block-title\"><span class=\"td-pulldown-size\">ANUN\u021aURI \u0218I PUBLICITATE<\/span><\/h4>\n<\/div>\n<\/div>\n<\/div>\n<\/div>\n<\/div>\n<\/div>\n<div class=\"wpb_wrapper td_block_wrap vc_widget_sidebar tdi_115 \">\n<aside id=\"block-10\" class=\"td_block_template_1 widget block-10 widget_block widget_media_image\">\n<figure class=\"wp-block-image size-full\"><a href=\"https:\/\/adpghiroda.ro\/index.html\" target=\"_blank\" rel=\" noreferrer noopener\"><img decoding=\"async\" loading=\"lazy\" width=\"960\" height=\"960\" src=\"https:\/\/analyse.optim.biz\/wp-content\/uploads\/2026\/01\/adp-ghiroda2-39.jpg\" class=\"wp-image-171492\" title=\"adp-ghiroda2-39\"><\/a><\/figure>\n<\/aside>\n<aside id=\"block-11\" class=\"td_block_template_1 widget block-11 widget_block widget_media_image\">\n<figure class=\"wp-block-image size-full\"><a href=\"https:\/\/adpghiroda.ro\/index.html\" target=\"_blank\" rel=\" noreferrer noopener\"><img decoding=\"async\" loading=\"lazy\" width=\"960\" height=\"960\" src=\"https:\/\/analyse.optim.biz\/wp-content\/uploads\/2026\/01\/adp-ghiroda1-39.jpg\" class=\"wp-image-171491\" title=\"adp-ghiroda1-39\"><\/a><\/figure>\n<\/aside>\n<aside id=\"block-17\" class=\"td_block_template_1 widget block-17 widget_block widget_media_image\">\n<figure class=\"wp-block-image size-large is-resized\"><a href=\"https:\/\/verde.events\/\" target=\"_blank\" rel=\" noreferrer noopener\"><img decoding=\"async\" loading=\"lazy\" width=\"1024\" height=\"683\" src=\"https:\/\/analyse.optim.biz\/wp-content\/uploads\/2026\/01\/verde-events-24-1024x683-1-24.jpg\" alt=\"Verde Events\" class=\"wp-image-174395\" title=\"verde-events-24-1024x683-1-24\"><\/a><figcaption class=\"wp-element-caption\"><strong><em>O experien\u021b\u0103 unic\u0103 pentru orice tip de eveniment<\/em><\/strong><\/figcaption><\/figure>\n<\/aside>\n<\/div>\n<div class=\"td_block_wrap td_flex_block_1 tdi_121 td-pb-border-top td_block_template_1 td_ajax_preloading_preload td_flex_block\" data-td-block-uid=\"tdi_121\">\n<div id=\"tdi_121\" class=\"td_block_inner td-mc1-wrap\">\n<div class=\"td_module_flex td_module_flex_1 td_module_wrap td-animation-stack td-meta-info-hide td-cpt-post\">\n<div class=\"td-module-container td-category-pos-image\">\n<div class=\"td-module-meta-info\">\n<h3 class=\"entry-title td-module-title\"><a href=\"https:\/\/voceatimisului.ro\/productie-tefelista-avocatul-cristian-clipa-acuzat-ca-se-drogheaza-prin-camine-cot-la-cot-cu-stagiarii-cu-marfa-de-la-dealeri-din-psd-timis\/\" rel=\"bookmark\" title=\"Produc\u021bie tefelist\u0103! Avocatul Cristian Clipa, acuzat c\u0103 se drogheaz\u0103 prin c\u0103mine, cot la cot cu stagiarii, cu marf\u0103 de la dealeri din PSD Timi\u0219\">Produc\u021bie tefelist\u0103! Avocatul Cristian Clipa, acuzat c\u0103 se drogheaz\u0103 prin c\u0103mine, cot la cot cu stagiarii, cu marf\u0103 de la dealeri din PSD Timi\u0219<\/a><\/h3>\n<\/div>\n<\/div>\n<\/div>\n<div class=\"td_module_flex td_module_flex_1 td_module_wrap td-animation-stack td-meta-info-hide td-cpt-post\">\n<div class=\"td-module-container td-category-pos-image\">\n<div class=\"td-module-meta-info\">\n<h3 class=\"entry-title td-module-title\"><a href=\"https:\/\/voceatimisului.ro\/stenograme-in-scandalul-cu-borseta-si-vanzatorul-de-iluzii-birlic-presedintele-alin-nica-decreteaza-atac-din-partea-lui-grindeanu-si-al-unora-dintre-colegi\/\" rel=\"bookmark\" title=\"Stenograme! \u00cen scandalul cu \u201dBorset\u0103\u201d \u0219i v\u00e2nz\u0103torul de iluzii Birlic, pre\u0219edintele Alin Nica decreteaz\u0103: \u201dAtac din partea lui Grindeanu \u0219i al unora dintre colegi\u201d\">Stenograme! \u00cen scandalul cu \u201dBorset\u0103\u201d \u0219i v\u00e2nz\u0103torul de iluzii Birlic, pre\u0219edintele Alin Nica decreteaz\u0103: \u201dAtac din partea lui Grindeanu \u0219i al unora dintre colegi\u201d<\/a><\/h3>\n<\/div>\n<\/div>\n<\/div>\n<div class=\"td_module_flex td_module_flex_1 td_module_wrap td-animation-stack td-meta-info-hide td-cpt-post\">\n<div class=\"td-module-container td-category-pos-image\">\n<div class=\"td-module-meta-info\">\n<h3 class=\"entry-title td-module-title\"><a href=\"https:\/\/voceatimisului.ro\/film-artistic-timisoara-se-scufunda-dar-prefectul-psd-mihai-ritivoiu-si-viceprimarul-usr-ruben-latcau-se-intrec-in-competitii-de-imagine\/\" rel=\"bookmark\" title=\"Film artistic! Timi\u0219oara se scufund\u0103 dar prefectul PSD Mihai Ritivoiu \u0219i viceprimarul USR Ruben La\u021bc\u0103u se \u00eentrec \u00een competi\u021bii de imagine\">Film artistic! Timi\u0219oara se scufund\u0103 dar prefectul PSD Mihai Ritivoiu \u0219i viceprimarul USR Ruben La\u021bc\u0103u se \u00eentrec \u00een competi\u021bii de imagine<\/a><\/h3>\n<\/div>\n<\/div>\n<\/div>\n<div class=\"td_module_flex td_module_flex_1 td_module_wrap td-animation-stack td-meta-info-hide td-cpt-post\">\n<div class=\"td-module-container td-category-pos-image\">\n<div class=\"td-module-meta-info\">\n<h3 class=\"entry-title td-module-title\"><a href=\"https:\/\/voceatimisului.ro\/vicepremierul-sorin-grindeanu-cauta-solutii-pentru-descentralizarea-unor-proiecte-de-infrastructura-rutiera\/\" rel=\"bookmark\" title=\"Vicepremierul Sorin Grindeanu caut\u0103 solu\u021bii pentru descentralizarea unor proiecte de infrastructur\u0103 rutier\u0103\">Vicepremierul Sorin Grindeanu caut\u0103 solu\u021bii pentru descentralizarea unor proiecte de infrastructur\u0103 rutier\u0103<\/a><\/h3>\n<\/div>\n<\/div>\n<\/div>\n<div class=\"td_module_flex td_module_flex_1 td_module_wrap td-animation-stack td-meta-info-hide td-cpt-post\">\n<div class=\"td-module-container td-category-pos-image\">\n<div class=\"td-module-meta-info\">\n<h3 class=\"entry-title td-module-title\"><a href=\"https:\/\/voceatimisului.ro\/directorul-colegiului-national-banatean-se-incalzeste-pentru-candidatura-la-primaria-timisoara-din-partea-psd\/\" rel=\"bookmark\" title=\"Directorul Colegiului Na\u021bional B\u0103n\u0103\u021bean se \u00eenc\u0103lze\u0219te pentru candidatura la Prim\u0103ria Timi\u0219oara din partea PSD\">Directorul Colegiului Na\u021bional B\u0103n\u0103\u021bean se \u00eenc\u0103lze\u0219te pentru candidatura la Prim\u0103ria Timi\u0219oara din partea PSD<\/a><\/h3>\n<\/div>\n<\/div>\n<\/div>\n<\/div>\n<\/div>\n<\/div>\n<\/div>\n<\/div>\n<\/div>\n<\/div>\n<\/div>\n<p><span class=\"td-page-meta\"><\/span><span class=\"td-page-meta\"><span class=\"td-page-meta\"><\/span><\/span><span class=\"td-page-meta\"><\/span><\/article>\n<p> Source URL: https:\/\/voceatimisului.ro\/sorin-grindeanu-taie-banii-de-chirie-pentru-parlamentarii-cu-locuinte-in-bucuresti-sau-ilfov\/<\/p>\n","protected":false},"excerpt":{"rendered":"<p>\u0218tiriPolitic\u0103 Sorin Grindeanu taie banii de chirie pentru parlamentarii cu locuin\u021be \u00een Bucure\u0219ti sau Ilfov Parlamentarii care de\u021bin locuin\u021b\u0103 \u00een Capital\u0103 sau Ilfov nu vor mai primi bani de la stat pentru chirie, \u00een urma modific\u0103rii Statutului, ini\u021biat\u0103 de Sorin Grindeanu Autor-Radu Constantin 30 iunie 2025 0 1470 Facebook Twitter Pinterest WhatsApp Linkedin Copy URL [&hellip;]<\/p>\n","protected":false},"author":1,"featured_media":1283176,"comment_status":"open","ping_status":"","sticky":false,"template":"","format":"standard","meta":{"footnotes":""},"categories":[89],"tags":[199],"class_list":["post-1283175","post","type-post","status-publish","format-standard","has-post-thumbnail","hentry","category-romania","tag-voceatimisului-ro"],"_links":{"self":[{"href":"https:\/\/analyse.optim.biz\/index.php?rest_route=\/wp\/v2\/posts\/1283175","targetHints":{"allow":["GET"]}}],"collection":[{"href":"https:\/\/analyse.optim.biz\/index.php?rest_route=\/wp\/v2\/posts"}],"about":[{"href":"https:\/\/analyse.optim.biz\/index.php?rest_route=\/wp\/v2\/types\/post"}],"author":[{"embeddable":true,"href":"https:\/\/analyse.optim.biz\/index.php?rest_route=\/wp\/v2\/users\/1"}],"replies":[{"embeddable":true,"href":"https:\/\/analyse.optim.biz\/index.php?rest_route=%2Fwp%2Fv2%2Fcomments&post=1283175"}],"version-history":[{"count":0,"href":"https:\/\/analyse.optim.biz\/index.php?rest_route=\/wp\/v2\/posts\/1283175\/revisions"}],"wp:featuredmedia":[{"embeddable":true,"href":"https:\/\/analyse.optim.biz\/index.php?rest_route=\/wp\/v2\/media\/1283176"}],"wp:attachment":[{"href":"https:\/\/analyse.optim.biz\/index.php?rest_route=%2Fwp%2Fv2%2Fmedia&parent=1283175"}],"wp:term":[{"taxonomy":"category","embeddable":true,"href":"https:\/\/analyse.optim.biz\/index.php?rest_route=%2Fwp%2Fv2%2Fcategories&post=1283175"},{"taxonomy":"post_tag","embeddable":true,"href":"https:\/\/analyse.optim.biz\/index.php?rest_route=%2Fwp%2Fv2%2Ftags&post=1283175"}],"curies":[{"name":"wp","href":"https:\/\/api.w.org\/{rel}","templated":true}]}}