{"id":1283139,"date":"2025-07-23T15:42:27","date_gmt":"2025-07-23T12:42:27","guid":{"rendered":"https:\/\/analyse.optim.biz\/?p=1283139"},"modified":"2025-07-23T15:42:27","modified_gmt":"2025-07-23T12:42:27","slug":"simonis-anunta-incepem-stadionul-pe-banii-nostri-usr-si-pnl-groparii-timisoarei","status":"publish","type":"post","link":"https:\/\/analyse.optim.biz\/?p=1283139","title":{"rendered":"Simonis anun\u021b\u0103: \u00eencepem stadionul pe banii no\u0219tri. USR \u0219i PNL, groparii Timi\u0219oarei"},"content":{"rendered":"<article id=\"template-id-172790\" class=\"post-172790 tdb_templates type-tdb_templates status-publish post\">\n<div id=\"tdi_52\" class=\"tdc-zone\">\n<div class=\"tdc_zone tdi_53  wpb_row td-pb-row\">\n<div id=\"tdi_54\" class=\"tdc-row stretch_row_1400 td-stretch-content\">\n<div class=\"vc_row tdi_55  wpb_row td-pb-row tdc-element-style\">\n<div class=\"vc_column tdi_57  wpb_column vc_column_container tdc-column td-pb-span8\">\n<div class=\"wpb_wrapper\">\n<div class=\"td_block_wrap tdb_single_categories tdi_58 td-pb-border-top td_block_template_1 \" data-td-block-uid=\"tdi_58\">\n<div class=\"tdb-category td-fix-index\"><a class=\"tdb-entry-category\" href=\"https:\/\/voceatimisului.ro\/stiri-din-timisoara-si-timis\/\">\u0218tiri<\/a><a class=\"tdb-entry-category\" href=\"https:\/\/voceatimisului.ro\/stiri-din-timisoara-si-timis\/politica\/\">Politic\u0103<\/a><\/div>\n<\/div>\n<div class=\"td_block_wrap tdb_title tdi_59 tdb-single-title td-pb-border-top td_block_template_1\" data-td-block-uid=\"tdi_59\">\n<div class=\"tdb-block-inner td-fix-index\">\n<h1 class=\"tdb-title-text\">Simonis anun\u021b\u0103: \u00eencepem stadionul pe banii no\u0219tri. USR \u0219i PNL, groparii Timi\u0219oarei<\/h1>\n<\/div>\n<\/div>\n<div class=\"td_block_wrap tdb_single_subtitle tdi_60 td-pb-border-top td_block_template_1\" data-td-block-uid=\"tdi_60\">\n<div class=\"tdb-block-inner td-fix-index\">\n<h2>USR \u0219i PNL pun be\u021be \u00een roate construc\u021biei stadionului Dan P\u0103ltini\u0219anu, de\u0219i investi\u021bia \u00eencepe din banii jude\u021bului. Sabotaj politic la adresa Timi\u0219oarei, sub pretexte ipocrite.<\/h2>\n<\/div>\n<\/div>\n<div class=\"vc_row_inner tdi_62  vc_row vc_inner wpb_row td-pb-row\">\n<div class=\"vc_column_inner tdi_64  wpb_column vc_column_container tdc-inner-column td-pb-span6\">\n<div class=\"vc_column-inner\">\n<div class=\"wpb_wrapper\">\n<div class=\"td_block_wrap tdb_single_author tdi_65 td-pb-border-top td_block_template_1 tdb-post-meta\" data-td-block-uid=\"tdi_65\">\n<div class=\"tdb-block-inner td-fix-index\">\n<div class=\"tdb-author-name-wrap\"><span class=\"tdb-author-by\">Autor-<\/span><a class=\"tdb-author-name\" href=\"https:\/\/voceatimisului.ro\/author\/cataadmin\/\">Radu Constantin<\/a><\/div>\n<\/div>\n<\/div>\n<div class=\"td_block_wrap tdb_single_date tdi_66 td-pb-border-top td_block_template_1 tdb-post-meta\" data-td-block-uid=\"tdi_66\">\n<div class=\"tdb-block-inner td-fix-index\"><time class=\"entry-date updated td-module-date\" datetime=\"2025-07-23T18:42:27+03:00\">23 iulie 2025<\/time><\/div>\n<\/div>\n<div class=\"td_block_wrap tdb_single_comments_count tdi_67 td-pb-border-top td_block_template_1 tdb-post-meta\" data-td-block-uid=\"tdi_67\">\n<div class=\"tdb-block-inner td-fix-index\"><a href=\"https:\/\/voceatimisului.ro\/simonis-anunta-incepem-stadionul-pe-banii-nostri-usr-si-pnl-groparii-timisoarei\/#respond\"><span>0<\/span><\/a><\/div>\n<\/div>\n<div class=\"td_block_wrap tdb_single_post_views tdi_68 td-pb-border-top td_block_template_1 tdb-post-meta\" data-td-block-uid=\"tdi_68\">\n<div class=\"tdb-block-inner td-fix-index\"><span class=\"tdb-add-text\">1<\/span><span class=\"td-nr-views-174151\">1880<\/span><\/div>\n<\/div>\n<\/div>\n<\/div>\n<\/div>\n<div class=\"vc_column_inner tdi_70  wpb_column vc_column_container tdc-inner-column td-pb-span6\">\n<div class=\"vc_column-inner\">\n<div class=\"wpb_wrapper\">\n<div class=\"td_block_wrap tdb_single_post_share tdi_71  td-pb-border-top td_block_template_1\" data-td-block-uid=\"tdi_71\">\n<div id=\"tdi_71\" class=\"td-post-sharing tdb-block td-ps-bg td-ps-notext td-post-sharing-style1 \">\n<div class=\"td-post-sharing-visible\"><a class=\"td-social-sharing-button td-social-sharing-button-js td-social-network td-social-facebook\" href=\"https:\/\/www.facebook.com\/sharer.php?u=https%3A%2F%2Fvoceatimisului.ro%2Fsimonis-anunta-incepem-stadionul-pe-banii-nostri-usr-si-pnl-groparii-timisoarei%2F\" title=\"Facebook\" rel=\"noopener\"><\/p>\n<div class=\"td-social-but-text\">Facebook<\/div>\n<p><\/a><a class=\"td-social-sharing-button td-social-sharing-button-js td-social-network td-social-twitter\" href=\"https:\/\/twitter.com\/intent\/tweet?text=Simonis+anun%C8%9B%C4%83%3A+%C3%AEncepem+stadionul+pe+banii+no%C8%99tri.+USR+%C8%99i+PNL%2C+groparii+Timi%C8%99oarei&amp;url=https%3A%2F%2Fvoceatimisului.ro%2Fsimonis-anunta-incepem-stadionul-pe-banii-nostri-usr-si-pnl-groparii-timisoarei%2F&amp;via=Vocea+Timisului\" title=\"Twitter\" rel=\"noopener\"><\/p>\n<div class=\"td-social-but-text\">Twitter<\/div>\n<p><\/a><a class=\"td-social-sharing-button td-social-sharing-button-js td-social-network td-social-pinterest\" href=\"https:\/\/pinterest.com\/pin\/create\/button\/?url=https:\/\/voceatimisului.ro\/simonis-anunta-incepem-stadionul-pe-banii-nostri-usr-si-pnl-groparii-timisoarei\/&amp;media=https:\/\/voceatimisului.ro\/wp-content\/uploads\/2025\/06\/Facem-stadionul-Dan-Paltinisanu-scaled.avif&amp;description=Simonis+anun%C8%9B%C4%83%3A+%C3%AEncepem+stadionul+pe+banii+no%C8%99tri.+USR+%C8%99i+PNL%2C+groparii+Timi%C8%99oarei\" title=\"Pinterest\" rel=\"noopener\"><\/p>\n<div class=\"td-social-but-text\">Pinterest<\/div>\n<p><\/a><a class=\"td-social-sharing-button td-social-sharing-button-js td-social-network td-social-whatsapp\" href=\"https:\/\/api.whatsapp.com\/send?text=Simonis+anun%C8%9B%C4%83%3A+%C3%AEncepem+stadionul+pe+banii+no%C8%99tri.+USR+%C8%99i+PNL%2C+groparii+Timi%C8%99oarei%20%0A%0A%20https:\/\/voceatimisului.ro\/simonis-anunta-incepem-stadionul-pe-banii-nostri-usr-si-pnl-groparii-timisoarei\/\" title=\"WhatsApp\" rel=\"noopener\"><\/p>\n<div class=\"td-social-but-text\">WhatsApp<\/div>\n<p><\/a><a class=\"td-social-sharing-button td-social-sharing-button-js td-social-network td-social-linkedin\" href=\"https:\/\/www.linkedin.com\/shareArticle?mini=true&amp;url=https:\/\/voceatimisului.ro\/simonis-anunta-incepem-stadionul-pe-banii-nostri-usr-si-pnl-groparii-timisoarei\/&amp;title=Simonis+anun%C8%9B%C4%83%3A+%C3%AEncepem+stadionul+pe+banii+no%C8%99tri.+USR+%C8%99i+PNL%2C+groparii+Timi%C8%99oarei\" title=\"Linkedin\" rel=\"noopener\"><\/p>\n<div class=\"td-social-but-text\">Linkedin<\/div>\n<p><\/a><a class=\"td-social-sharing-button td-social-sharing-button-js td-social-network td-social-copy_url\" href=\"https:\/\/voceatimisului.ro\/simonis-anunta-incepem-stadionul-pe-banii-nostri-usr-si-pnl-groparii-timisoarei\/\" title=\"Copy URL\" rel=\"noopener\"><\/p>\n<div class=\"td-social-but-text\">Copy URL<\/div>\n<p><\/a><\/div>\n<\/div>\n<\/div>\n<\/div>\n<\/div>\n<\/div>\n<\/div>\n<div class=\"td_block_wrap tdb_single_featured_image tdi_72 tdb-content-horiz-left td-pb-border-top td_block_template_1\" data-td-block-uid=\"tdi_72\">\n<div class=\"tdb-block-inner td-fix-index\">\n<figure><img fetchpriority=\"high\" decoding=\"async\" width=\"696\" height=\"364\" class=\"entry-thumb\" src=\"https:\/\/analyse.optim.biz\/wp-content\/uploads\/2026\/01\/facem-stadionul-dan-paltinisanu-696x364-1.avif\" alt=\"Facem stadionul Dan P\u0103ltini\u0219anu\" title=\"Facem stadionul Dan P\u0103ltini\u0219anu\" loading=\"eager\"><figcaption class=\"tdb-caption-text\">Facem stadionul Dan P\u0103ltini\u0219anu<\/figcaption><\/figure>\n<\/div>\n<\/div>\n<div class=\"vc_row_inner tdi_74  vc_row vc_inner wpb_row td-pb-row\">\n<div class=\"vc_column_inner tdi_76  wpb_column vc_column_container tdc-inner-column td-pb-span4 td-is-sticky\">\n<div class=\"vc_column-inner\">\n<div class=\"wpb_wrapper\" data-sticky-enabled-on=\"W3RydWUsdHJ1ZSx0cnVlLHRydWVd\" data-sticky-offset=\"20\" data-sticky-is-width-auto=\"W2ZhbHNlLGZhbHNlLGZhbHNlLGZhbHNlXQ==\">\n<div class=\"td_block_wrap td_flex_block_1 tdi_77 td-pb-border-top td_block_template_1 td_ajax_preloading_preload td_flex_block\" data-td-block-uid=\"tdi_77\">\n<div id=\"tdi_77\" class=\"td_block_inner td-mc1-wrap\">\n<div class=\"td_module_flex td_module_flex_1 td_module_wrap td-animation-stack td-meta-info-hide td-cpt-post\">\n<div class=\"td-module-container td-category-pos-image\">\n<div class=\"td-module-meta-info\">\n<h3 class=\"entry-title td-module-title\"><a href=\"https:\/\/voceatimisului.ro\/alfred-simonis-implicare-concreta-nu-vorbe-cadoul-de-craciun-care-duce-politehnica-timisoara-mai-aproape-de-normalitate\/\" rel=\"bookmark\" title=\"Alfred Simonis, implicare concret\u0103, nu vorbe. Cadoul de Cr\u0103ciun care duce Politehnica Timi\u0219oara mai aproape de normalitate\">Alfred Simonis, implicare concret\u0103, nu vorbe. Cadoul de Cr\u0103ciun care duce Politehnica Timi\u0219oara mai aproape de normalitate<\/a><\/h3>\n<\/div>\n<\/div>\n<\/div>\n<div class=\"td_module_flex td_module_flex_1 td_module_wrap td-animation-stack td-meta-info-hide td-cpt-post\">\n<div class=\"td-module-container td-category-pos-image\">\n<div class=\"td-module-meta-info\">\n<h3 class=\"entry-title td-module-title\"><a href=\"https:\/\/voceatimisului.ro\/investitii-de-500-de-milioane-de-euro-in-sanatate-prezentate-in-timpul-vizitei-ministrului-sanatatii-la-timisoara\/\" rel=\"bookmark\" title=\"Investi\u021bii de 500 de milioane de euro \u00een s\u0103n\u0103tate, prezentate \u00een timpul vizitei ministrului S\u0103n\u0103t\u0103\u021bii la Timi\u0219oara\">Investi\u021bii de 500 de milioane de euro \u00een s\u0103n\u0103tate, prezentate \u00een timpul vizitei ministrului S\u0103n\u0103t\u0103\u021bii la Timi\u0219oara<\/a><\/h3>\n<\/div>\n<\/div>\n<\/div>\n<div class=\"td_module_flex td_module_flex_1 td_module_wrap td-animation-stack td-meta-info-hide td-cpt-post\">\n<div class=\"td-module-container td-category-pos-image\">\n<div class=\"td-module-meta-info\">\n<h3 class=\"entry-title td-module-title\"><a href=\"https:\/\/voceatimisului.ro\/retim-sfideaza-legea-si-institutiile-din-timis-foloseste-echipamente-publice-fara-drept-si-blocheaza-accesul-la-informatii\/\" rel=\"bookmark\" title=\"RETIM sfideaz\u0103 legea \u0219i institu\u021biile din Timi\u0219, folose\u0219te echipamente publice f\u0103r\u0103 drept \u0219i blocheaz\u0103 accesul la informa\u021bii\">RETIM sfideaz\u0103 legea \u0219i institu\u021biile din Timi\u0219, folose\u0219te echipamente publice f\u0103r\u0103 drept \u0219i blocheaz\u0103 accesul la informa\u021bii<\/a><\/h3>\n<\/div>\n<\/div>\n<\/div>\n<div class=\"td_module_flex td_module_flex_1 td_module_wrap td-animation-stack td-meta-info-hide td-cpt-post\">\n<div class=\"td-module-container td-category-pos-image\">\n<div class=\"td-module-meta-info\">\n<h3 class=\"entry-title td-module-title\"><a href=\"https:\/\/voceatimisului.ro\/retim-lovitura-in-instanta-si-factura-de-24-600-lei-pe-fondul-haosului-din-gestionarea-gunoiului\/\" rel=\"bookmark\" title=\"RETIM, lovitur\u0103 \u00een instan\u021b\u0103 \u0219i factur\u0103 de 24.600 lei pe fondul haosului din gestionarea gunoiului\">RETIM, lovitur\u0103 \u00een instan\u021b\u0103 \u0219i factur\u0103 de 24.600 lei pe fondul haosului din gestionarea gunoiului<\/a><\/h3>\n<\/div>\n<\/div>\n<\/div>\n<\/div>\n<\/div>\n<div class=\"tdb-author-box td_block_wrap tdb_single_author_box tdi_82 tdb-content-vert-top td-pb-border-top td_block_template_1\" data-td-block-uid=\"tdi_82\">\n<div class=\"tdb-block-inner td-fix-index\">\n<div class=\"tdb-author-info\"><a href=\"https:\/\/voceatimisului.ro\/author\/cataadmin\/\" class=\"tdb-author-name\">Radu Constantin<\/a><a href=\"http:\/\/www.voceatimisului.ro\" rel=\"nofollow\" class=\"tdb-author-url\">http:\/\/www.voceatimisului.ro<\/a><\/p>\n<div class=\"tdb-author-descr\">\u00centreaga responsabilitate a comentariilor l\u0103sate de dumneavoastr\u0103 v\u0103 apar\u021bine!<br \/>\nClick <a href=\"https:\/\/voceatimisului.ro\/termeni-si-conditii\/\">aici<\/a>-citeste condi\u0163iile de utilizare ale site-ului www.voceatimisului.ro<\/div>\n<\/div>\n<\/div>\n<\/div>\n<\/div>\n<\/div>\n<\/div>\n<div class=\"vc_column_inner tdi_84  wpb_column vc_column_container tdc-inner-column td-pb-span8\">\n<div class=\"vc_column-inner\">\n<div class=\"wpb_wrapper\">\n<div class=\"td_block_wrap tdb_single_content tdi_85 td-pb-border-top td_block_template_1 td-post-content tagdiv-type\" data-td-block-uid=\"tdi_85\">\n<div class=\"tdb-block-inner td-fix-index\">\n<h2 class=\"wp-block-heading\">Consiliul Jude\u021bean Timi\u0219 a decis s\u0103 mearg\u0103 mai departe cu proiectul noului stadion Dan P\u0103ltini\u0219anu, chiar \u0219i f\u0103r\u0103 sprijinul Guvernului. Investi\u021bia va fi demarat\u0103 din fonduri proprii, cu o alocare de peste 100 de milioane de lei, urm\u00e2nd ca statul rom\u00e2n s\u0103 intervin\u0103 abia \u00een 2027. \u00cen ciuda acestui efort uria\u0219 din partea administra\u021biei jude\u021bene, USR \u0219i PNL continu\u0103 s\u0103 saboteze proiectul \u0219i s\u0103 pun\u0103 be\u021be \u00een roate oric\u0103rei ini\u021biative care ar putea readuce Timi\u0219oara \u00een r\u00e2ndul marilor ora\u0219e ale Rom\u00e2niei.<\/h2>\n<p>\u00centr-o conferin\u021b\u0103 de pres\u0103 organizat\u0103 miercuri, pre\u0219edintele CJ Timi\u0219, Alfred Simonis, a transmis ferm c\u0103 nu va mai accepta nicio scuz\u0103 din partea Guvernului: <strong><em>\u201e\u00cencepem noi, pe banii no\u0219tri. Dac\u0103 Guvernul refuz\u0103 s\u0103 continue, \u00eenseamn\u0103 pur \u0219i simplu reavoin\u021b\u0103.\u201d<\/em><\/strong><\/p>\n<p>Stadionul, demolat pe baza unei licita\u021bii organizate chiar de stat, nu mai poate r\u0103m\u00e2ne o groap\u0103 de moloz la intrarea \u00een Timi\u0219oara. A fost o promisiune de peste un deceniu, pe care nicio guvernare n-a fost \u00een stare s\u0103 o onoreze. Acum, c\u00e2nd exist\u0103 voin\u021b\u0103 administrativ\u0103 local\u0103 \u0219i finan\u021bare concret\u0103, apar \u2013 din nou \u2013 aceia\u0219i opozan\u021bi politici care, sub pretextul \u201era\u021bionaliz\u0103rii\u201d cheltuielilor, \u00eencearc\u0103 s\u0103 opreasc\u0103 proiectul.<\/p>\n<p>USR \u0219i PNL sunt principalii vinova\u021bi pentru blocajele care au \u00eempiedicat dezvoltarea sportiv\u0103 a jude\u021bului \u00een ultimii ani. Cu un cinism revolt\u0103tor, exact cei care au fost \u00een func\u021bii \u0219i n-au mi\u0219cat un deget pentru infrastructura Timi\u0219oarei se opun ast\u0103zi realiz\u0103rii stadionului. Fie o fac pe fa\u021b\u0103, fie pe la col\u021buri, prin boicot institu\u021bional sau mesaje ipocrite \u00een pres\u0103. Nu vor stadion, nu vor echip\u0103, nu vor dezvoltare. Singura lor strategie e sabotajul.<\/p>\n<p>Este revolt\u0103tor ca Timi\u0219ul, al doilea cel mai mare contributor la bugetul na\u021bional dup\u0103 Bucure\u0219ti, s\u0103 fie tratat cu dispre\u021b \u0219i sfidare. De 35 de ani, acest jude\u021b nu a primit nicio investi\u021bie guvernamental\u0103 major\u0103 \u00een sport: nici stadion, nici sal\u0103 polivalent\u0103, nici bazin olimpic. \u00cen schimb, din contribu\u021biile Timi\u0219ului s-au construit facilit\u0103\u021bi \u00een Cluj, Oradea, Constan\u021ba \u0219i Craiova. \u0218i acum, c\u00e2nd jude\u021bul \u00ee\u0219i asum\u0103 costurile \u0219i cere doar ca Guvernul s\u0103 preia efortul \u00een 2027, apar din nou vocile de partid care \u00ee\u0219i doresc ca nimic s\u0103 nu se mi\u0219te.<\/p>\n<p>Simonis nu a rostit nume, dar \u021binta e evident\u0103: acelea\u0219i partide care, de fiecare dat\u0103 c\u00e2nd Timi\u0219oara a avut un proiect important, au g\u0103sit motive s\u0103-l blocheze. Cu o lips\u0103 de ru\u0219ine greu de egalat, ace\u0219ti politicieni mimeaz\u0103 grija pentru buget, dar \u00een realitate joac\u0103 politic \u00eempotriva propriului ora\u0219.<\/p>\n<p>Dac\u0103 stadionul nu se face, timi\u0219orenii s\u0103 \u0219tie cine sunt vinova\u021bii. Nu administra\u021bia local\u0103 care pune bani pe mas\u0103, nu jude\u021bul care pl\u0103te\u0219te din propriul buget, ci acei indivizi din USR \u0219i PNL care vor ca Timi\u0219oara s\u0103 r\u0103m\u00e2n\u0103 \u00een ruin\u0103. Din orgoliu, din frustrare, din interese meschine.<\/p>\n<figure class=\"wp-block-embed is-type-video is-provider-youtube wp-block-embed-youtube wp-embed-aspect-16-9 \">\n<div class=\"wp-block-embed__wrapper\"><span class=\"flying-press-youtube\" data-src=\"https:\/\/www.youtube.com\/embed\/rM5xIiMDQK8?feature=oembed&amp;autoplay=1\"><img decoding=\"async\" src=\"https:\/\/analyse.optim.biz\/wp-content\/uploads\/2026\/01\/018179b314f897d3ad177ccf6ab04011.jpg\" width=\"1280\" height=\"720\" alt=\"Dan Paltinisanu\" loading=\"lazy\" title=\"018179b314f897d3ad177ccf6ab04011\"><\/span><\/div>\n<\/figure>\n<\/div>\n<\/div>\n<div class=\"td_block_wrap tdb_single_tags tdi_88 td-pb-border-top td_block_template_1\" data-td-block-uid=\"tdi_88\">\n<div class=\"tdb-block-inner td-fix-index\">\n<ul class=\"tdb-tags\">\n<li><span>Tags<\/span><\/li>\n<li><a href=\"https:\/\/voceatimisului.ro\/tag\/alfred-simions\/\">Alfred Simions<\/a><\/li>\n<li><a href=\"https:\/\/voceatimisului.ro\/tag\/dan-paltinisanu\/\">dan paltinisanu<\/a><\/li>\n<li><a href=\"https:\/\/voceatimisului.ro\/tag\/guvernul-bolojan\/\">guvernul bolojan<\/a><\/li>\n<li><a href=\"https:\/\/voceatimisului.ro\/tag\/pnl-timis\/\">pnl timis<\/a><\/li>\n<li><a href=\"https:\/\/voceatimisului.ro\/tag\/usr-timis\/\">usr timis<\/a><\/li>\n<\/ul>\n<\/div>\n<\/div>\n<div class=\"td_block_wrap tdb_single_post_share tdi_89  td-pb-border-top td_block_template_1\" data-td-block-uid=\"tdi_89\">\n<div id=\"tdi_89\" class=\"td-post-sharing tdb-block td-ps-bg td-ps-notext td-post-sharing-style1 \">\n<div class=\"td-post-sharing-visible\"><a class=\"td-social-sharing-button td-social-sharing-button-js td-social-network td-social-facebook\" href=\"https:\/\/www.facebook.com\/sharer.php?u=https%3A%2F%2Fvoceatimisului.ro%2Fsimonis-anunta-incepem-stadionul-pe-banii-nostri-usr-si-pnl-groparii-timisoarei%2F\" title=\"Facebook\" rel=\"noopener\"><\/p>\n<div class=\"td-social-but-text\">Facebook<\/div>\n<p><\/a><a class=\"td-social-sharing-button td-social-sharing-button-js td-social-network td-social-twitter\" href=\"https:\/\/twitter.com\/intent\/tweet?text=Simonis+anun%C8%9B%C4%83%3A+%C3%AEncepem+stadionul+pe+banii+no%C8%99tri.+USR+%C8%99i+PNL%2C+groparii+Timi%C8%99oarei&amp;url=https%3A%2F%2Fvoceatimisului.ro%2Fsimonis-anunta-incepem-stadionul-pe-banii-nostri-usr-si-pnl-groparii-timisoarei%2F&amp;via=Vocea+Timisului\" title=\"Twitter\" rel=\"noopener\"><\/p>\n<div class=\"td-social-but-text\">Twitter<\/div>\n<p><\/a><a class=\"td-social-sharing-button td-social-sharing-button-js td-social-network td-social-pinterest\" href=\"https:\/\/pinterest.com\/pin\/create\/button\/?url=https:\/\/voceatimisului.ro\/simonis-anunta-incepem-stadionul-pe-banii-nostri-usr-si-pnl-groparii-timisoarei\/&amp;media=https:\/\/voceatimisului.ro\/wp-content\/uploads\/2025\/06\/Facem-stadionul-Dan-Paltinisanu-scaled.avif&amp;description=Simonis+anun%C8%9B%C4%83%3A+%C3%AEncepem+stadionul+pe+banii+no%C8%99tri.+USR+%C8%99i+PNL%2C+groparii+Timi%C8%99oarei\" title=\"Pinterest\" rel=\"noopener\"><\/p>\n<div class=\"td-social-but-text\">Pinterest<\/div>\n<p><\/a><a class=\"td-social-sharing-button td-social-sharing-button-js td-social-network td-social-whatsapp\" href=\"https:\/\/api.whatsapp.com\/send?text=Simonis+anun%C8%9B%C4%83%3A+%C3%AEncepem+stadionul+pe+banii+no%C8%99tri.+USR+%C8%99i+PNL%2C+groparii+Timi%C8%99oarei%20%0A%0A%20https:\/\/voceatimisului.ro\/simonis-anunta-incepem-stadionul-pe-banii-nostri-usr-si-pnl-groparii-timisoarei\/\" title=\"WhatsApp\" rel=\"noopener\"><\/p>\n<div class=\"td-social-but-text\">WhatsApp<\/div>\n<p><\/a><a class=\"td-social-sharing-button td-social-sharing-button-js td-social-network td-social-linkedin\" href=\"https:\/\/www.linkedin.com\/shareArticle?mini=true&amp;url=https:\/\/voceatimisului.ro\/simonis-anunta-incepem-stadionul-pe-banii-nostri-usr-si-pnl-groparii-timisoarei\/&amp;title=Simonis+anun%C8%9B%C4%83%3A+%C3%AEncepem+stadionul+pe+banii+no%C8%99tri.+USR+%C8%99i+PNL%2C+groparii+Timi%C8%99oarei\" title=\"Linkedin\" rel=\"noopener\"><\/p>\n<div class=\"td-social-but-text\">Linkedin<\/div>\n<p><\/a><a class=\"td-social-sharing-button td-social-sharing-button-js td-social-network td-social-copy_url\" href=\"https:\/\/voceatimisului.ro\/simonis-anunta-incepem-stadionul-pe-banii-nostri-usr-si-pnl-groparii-timisoarei\/\" title=\"Copy URL\" rel=\"noopener\"><\/p>\n<div class=\"td-social-but-text\">Copy URL<\/div>\n<p><\/a><\/div>\n<\/div>\n<\/div>\n<div class=\"td_block_wrap tdb_single_next_prev tdi_90 td-animation-stack td-next-prev-img-on td-pb-border-top td_block_template_1\" data-td-block-uid=\"tdi_90\">\n<div class=\"tdb-block-inner td-fix-index\">\n<div class=\"tdb-next-post tdb-next-post-bg tdb-post-prev\"><span>Articolul precedent<\/span><\/p>\n<div class=\"td-module-container\">\n<div class=\"td-image-container\"><a class=\"td-image-wrap\" href=\"https:\/\/voceatimisului.ro\/transportul-ilegal-lovit-in-plin-de-politie-in-gara-mare-din-timisoara-zeci-de-sanctiuni-intr-o-singura-razie\/\"><img loading=\"lazy\" decoding=\"async\" class=\"td-next-prev-image td-fix-index td-lazy-img\" title=\"Transportul ilegal, lovit \u00een plin de Poli\u021bie \u00een Gara Mare din Timi\u0219oara: zeci de sanc\u021biuni \u00eentr-o singur\u0103 razie\" width=\"696\" height=\"522\" src=\"https:\/\/analyse.optim.biz\/wp-content\/uploads\/2026\/01\/transportul-ilegal-lovit-in-plin-de-politie-in-gara-mare-din-timisoara-696x522-1.jpg\"><\/a><\/div>\n<div class=\"next-prev-title\"><a href=\"https:\/\/voceatimisului.ro\/transportul-ilegal-lovit-in-plin-de-politie-in-gara-mare-din-timisoara-zeci-de-sanctiuni-intr-o-singura-razie\/\">Transportul ilegal, lovit \u00een plin de Poli\u021bie \u00een Gara Mare din Timi\u0219oara: zeci de sanc\u021biuni \u00eentr-o singur\u0103 razie<\/a><\/div>\n<\/div>\n<\/div>\n<div class=\"tdb-next-post tdb-next-post-bg tdb-post-next\"><span>Articolul urm\u0103tor<\/span><\/p>\n<div class=\"td-module-container\">\n<div class=\"td-image-container\"><a class=\"td-image-wrap\" href=\"https:\/\/voceatimisului.ro\/pnl-timis-sustine-noul-stadion-dan-paltinisanu-investitiile-majore-trebuie-asumate-nu-confiscate-politic\/\"><img loading=\"lazy\" decoding=\"async\" class=\"td-next-prev-image td-fix-index td-lazy-img\" title=\"PNL Timi\u0219 sus\u021bine noul stadion Dan P\u0103ltini\u0219anu: \u201eInvesti\u021biile majore trebuie asumate, nu confiscate politic\u201d\" width=\"696\" height=\"464\" src=\"https:\/\/analyse.optim.biz\/wp-content\/uploads\/2026\/01\/marilen-pirtea-696x464-1.jpg\"><\/a><\/div>\n<div class=\"next-prev-title\"><a href=\"https:\/\/voceatimisului.ro\/pnl-timis-sustine-noul-stadion-dan-paltinisanu-investitiile-majore-trebuie-asumate-nu-confiscate-politic\/\">PNL Timi\u0219 sus\u021bine noul stadion Dan P\u0103ltini\u0219anu: \u201eInvesti\u021biile majore trebuie asumate, nu confiscate politic\u201d<\/a><\/div>\n<\/div>\n<\/div>\n<\/div>\n<\/div>\n<\/div>\n<\/div>\n<\/div>\n<\/div>\n<div class=\"vc_row_inner tdi_100  vc_row vc_inner wpb_row td-pb-row\">\n<div class=\"vc_column_inner tdi_102  wpb_column vc_column_container tdc-inner-column td-pb-span4 td-is-sticky\">\n<div class=\"vc_column-inner\">\n<div class=\"wpb_wrapper\" data-sticky-enabled-on=\"W3RydWUsdHJ1ZSx0cnVlLHRydWVd\" data-sticky-offset=\"20\" data-sticky-is-width-auto=\"W2ZhbHNlLGZhbHNlLGZhbHNlLGZhbHNlXQ==\">\n<div class=\"td_block_wrap tdb_single_related tdi_103 td_with_ajax_pagination td-pb-border-top td_block_template_1 tdb-single-related-posts\" data-td-block-uid=\"tdi_103\">\n<div id=\"tdi_103\" class=\"td_block_inner tdb-block-inner td-fix-index\">\n<div class=\"tdb_module_related td_module_wrap td-animation-stack td-meta-info-hide\">\n<div class=\"td-module-container td-category-pos-image\">\n<div class=\"td-module-meta-info\">\n<h3 class=\"entry-title td-module-title\"><a href=\"https:\/\/voceatimisului.ro\/retim-si-polaris-acuzatii-directe-in-cj-timis-simonis-nu-ne-lasam-santajati-de-mafia-gunoaielor\/\" rel=\"bookmark\" title=\"RETIM \u0219i Polaris, acuza\u021bii directe \u00een CJ Timi\u0219. Simonis: nu ne l\u0103s\u0103m \u0219antaja\u021bi de \u201emafia gunoaielor\u201d\">RETIM \u0219i Polaris, acuza\u021bii directe \u00een CJ Timi\u0219. Simonis: nu ne l\u0103s\u0103m \u0219antaja\u021bi de \u201emafia gunoaielor\u201d<\/a><\/h3>\n<\/div>\n<\/div>\n<\/div>\n<div class=\"tdb_module_related td_module_wrap td-animation-stack td-meta-info-hide\">\n<div class=\"td-module-container td-category-pos-image\">\n<div class=\"td-module-meta-info\">\n<h3 class=\"entry-title td-module-title\"><a href=\"https:\/\/voceatimisului.ro\/eveniment-de-iarna-la-muzeul-satului-banatean-organizat-de-consiliul-judetean-timis\/\" rel=\"bookmark\" title=\"Eveniment de iarn\u0103 la Muzeul Satului B\u0103n\u0103\u021bean, organizat de Consiliul Jude\u021bean Timi\u0219\">Eveniment de iarn\u0103 la Muzeul Satului B\u0103n\u0103\u021bean, organizat de Consiliul Jude\u021bean Timi\u0219<\/a><\/h3>\n<\/div>\n<\/div>\n<\/div>\n<div class=\"tdb_module_related td_module_wrap td-animation-stack td-meta-info-hide\">\n<div class=\"td-module-container td-category-pos-image\">\n<div class=\"td-module-meta-info\">\n<h3 class=\"entry-title td-module-title\"><a href=\"https:\/\/voceatimisului.ro\/demolarea-stadionului-dan-paltinisanu-documentele-care-demonteaza-acuzatiile-aparute-in-spatiul-public\/\" rel=\"bookmark\" title=\"Demolarea stadionului Dan P\u0103ltini\u0219anu. Documentele care demonteaz\u0103 acuza\u021biile ap\u0103rute \u00een spa\u021biul public\">Demolarea stadionului Dan P\u0103ltini\u0219anu. Documentele care demonteaz\u0103 acuza\u021biile ap\u0103rute \u00een spa\u021biul public<\/a><\/h3>\n<\/div>\n<\/div>\n<\/div>\n<\/div>\n<\/div>\n<\/div>\n<\/div>\n<\/div>\n<div class=\"vc_column_inner tdi_105  wpb_column vc_column_container tdc-inner-column td-pb-span8\">\n<div class=\"vc_column-inner\">\n<div class=\"wpb_wrapper\">\n<div class=\"td_block_wrap tdb_single_comments tdi_106 tdb-comm-layout2 td-pb-border-top td_block_template_2\" data-td-block-uid=\"tdi_106\">\n<div class=\"tdb-block-inner td-fix-index\">\n<div class=\"comments\" id=\"comments\">\n<div id=\"respond\" class=\"comment-respond\">\n<h3 id=\"reply-title\" class=\"comment-reply-title\">L\u0102SA\u021aI UN MESAJ <small><a rel=\"nofollow\" id=\"cancel-comment-reply-link\" href=\"https:\/\/voceatimisului.ro\/simonis-anunta-incepem-stadionul-pe-banii-nostri-usr-si-pnl-groparii-timisoarei\/#respond\">Renun\u021ba\u021bi la r\u0103spuns<\/a><\/small><\/h3>\n<div class=\"comment-form-input-wrap td-form-comment\">\n<div class=\"td-warning-comment\">V\u0103 rug\u0103m s\u0103 introduce\u021bi comentariul dvs.!<\/div>\n<\/div>\n<div class=\"comment-form-input-wrap td-form-author\">\n<div class=\"td-warning-author\">Introduce\u021bi aici numele dvs.<\/div>\n<\/div>\n<div class=\"comment-form-input-wrap td-form-email\">\n<div class=\"td-warning-email-error\">A\u021bi introdus o adres\u0103 de e-mail incorect\u0103!<\/div>\n<div class=\"td-warning-email\">V\u0103 rug\u0103m s\u0103 introduce\u021bi adresa dvs. de e-mail aici<\/div>\n<\/div>\n<\/div>\n<\/div>\n<\/div>\n<\/div>\n<\/div>\n<\/div>\n<\/div>\n<\/div>\n<\/div>\n<\/div>\n<div class=\"vc_column tdi_108  wpb_column vc_column_container tdc-column td-pb-span4 td-is-sticky\">\n<div class=\"wpb_wrapper\" data-sticky-enabled-on=\"W3RydWUsdHJ1ZSx0cnVlLHRydWVd\" data-sticky-offset=\"20\" data-sticky-is-width-auto=\"W2ZhbHNlLGZhbHNlLGZhbHNlLGZhbHNlXQ==\">\n<div class=\"vc_row_inner tdi_110  vc_row vc_inner wpb_row td-pb-row\">\n<div class=\"vc_column_inner tdi_112  wpb_column vc_column_container tdc-inner-column td-pb-span12\">\n<div class=\"vc_column-inner\">\n<div class=\"wpb_wrapper\">\n<div class=\"td_block_wrap td_block_title tdi_113 td-pb-border-top td_block_template_11 td-fix-index\" data-td-block-uid=\"tdi_113\">\n<div class=\"td-block-title-wrap\">\n<h4 class=\"td-block-title\"><span class=\"td-pulldown-size\">ANUN\u021aURI \u0218I PUBLICITATE<\/span><\/h4>\n<\/div>\n<\/div>\n<\/div>\n<\/div>\n<\/div>\n<\/div>\n<div class=\"wpb_wrapper td_block_wrap vc_widget_sidebar tdi_115 \">\n<aside id=\"block-10\" class=\"td_block_template_1 widget block-10 widget_block widget_media_image\">\n<figure class=\"wp-block-image size-full\"><a href=\"https:\/\/adpghiroda.ro\/index.html\" target=\"_blank\" rel=\" noreferrer noopener\"><img decoding=\"async\" loading=\"eager\" width=\"960\" height=\"960\" src=\"https:\/\/analyse.optim.biz\/wp-content\/uploads\/2026\/01\/adp-ghiroda2-36.jpg\" class=\"wp-image-171492\" title=\"adp-ghiroda2-36\"><\/a><\/figure>\n<\/aside>\n<aside id=\"block-11\" class=\"td_block_template_1 widget block-11 widget_block widget_media_image\">\n<figure class=\"wp-block-image size-full\"><a href=\"https:\/\/adpghiroda.ro\/index.html\" target=\"_blank\" rel=\" noreferrer noopener\"><img decoding=\"async\" loading=\"lazy\" width=\"960\" height=\"960\" src=\"https:\/\/analyse.optim.biz\/wp-content\/uploads\/2026\/01\/adp-ghiroda1-36.jpg\" class=\"wp-image-171491\" title=\"adp-ghiroda1-36\"><\/a><\/figure>\n<\/aside>\n<aside id=\"block-17\" class=\"td_block_template_1 widget block-17 widget_block widget_media_image\">\n<figure class=\"wp-block-image size-large is-resized\"><a href=\"https:\/\/verde.events\/\" target=\"_blank\" rel=\" noreferrer noopener\"><img decoding=\"async\" loading=\"lazy\" width=\"1024\" height=\"683\" src=\"https:\/\/analyse.optim.biz\/wp-content\/uploads\/2026\/01\/verde-events-24-1024x683-1-21.jpg\" alt=\"Verde Events\" class=\"wp-image-174395\" title=\"verde-events-24-1024x683-1-21\"><\/a><figcaption class=\"wp-element-caption\"><strong><em>O experien\u021b\u0103 unic\u0103 pentru orice tip de eveniment<\/em><\/strong><\/figcaption><\/figure>\n<\/aside>\n<\/div>\n<div class=\"td_block_wrap td_flex_block_1 tdi_121 td-pb-border-top td_block_template_1 td_ajax_preloading_preload td_flex_block\" data-td-block-uid=\"tdi_121\">\n<div id=\"tdi_121\" class=\"td_block_inner td-mc1-wrap\">\n<div class=\"td_module_flex td_module_flex_1 td_module_wrap td-animation-stack td-meta-info-hide td-cpt-post\">\n<div class=\"td-module-container td-category-pos-image\">\n<div class=\"td-module-meta-info\">\n<h3 class=\"entry-title td-module-title\"><a href=\"https:\/\/voceatimisului.ro\/retim-a-pierdut-ghizela-groapa-veche-inchisa-definitiv-interesele-afectate-au-declansat-reactii-in-presa\/\" rel=\"bookmark\" title=\"Retim a pierdut Ghizela. Groapa veche, \u00eenchis\u0103 definitiv. Interesele afectate au declan\u0219at reac\u021bii \u00een pres\u0103\">Retim a pierdut Ghizela. Groapa veche, \u00eenchis\u0103 definitiv. Interesele afectate au declan\u0219at reac\u021bii \u00een pres\u0103<\/a><\/h3>\n<\/div>\n<\/div>\n<\/div>\n<div class=\"td_module_flex td_module_flex_1 td_module_wrap td-animation-stack td-meta-info-hide td-cpt-post\">\n<div class=\"td-module-container td-category-pos-image\">\n<div class=\"td-module-meta-info\">\n<h3 class=\"entry-title td-module-title\"><a href=\"https:\/\/voceatimisului.ro\/alfred-simonis-raspuns-pe-intelesul-tuturor-de-ce-timisul-merge-inainte-si-alte-judete-bat-pasul-pe-loc\/\" rel=\"bookmark\" title=\"Alfred Simonis, r\u0103spuns pe \u00een\u021belesul tuturor: de ce Timi\u0219ul merge \u00eenainte \u0219i alte jude\u021be bat pasul pe loc\">Alfred Simonis, r\u0103spuns pe \u00een\u021belesul tuturor: de ce Timi\u0219ul merge \u00eenainte \u0219i alte jude\u021be bat pasul pe loc<\/a><\/h3>\n<\/div>\n<\/div>\n<\/div>\n<div class=\"td_module_flex td_module_flex_1 td_module_wrap td-animation-stack td-meta-info-hide td-cpt-post\">\n<div class=\"td-module-container td-category-pos-image\">\n<div class=\"td-module-meta-info\">\n<h3 class=\"entry-title td-module-title\"><a href=\"https:\/\/voceatimisului.ro\/alfred-simonis-un-an-de-mandat-si-cea-mai-coerenta-administratie-judeteana-de-dupa-1989\/\" rel=\"bookmark\" title=\"Alfred Simonis: un an de mandat \u0219i cea mai coerent\u0103 administra\u021bie jude\u021bean\u0103 de dup\u0103 1989\">Alfred Simonis: un an de mandat \u0219i cea mai coerent\u0103 administra\u021bie jude\u021bean\u0103 de dup\u0103 1989<\/a><\/h3>\n<\/div>\n<\/div>\n<\/div>\n<div class=\"td_module_flex td_module_flex_1 td_module_wrap td-animation-stack td-meta-info-hide td-cpt-post\">\n<div class=\"td-module-container td-category-pos-image\">\n<div class=\"td-module-meta-info\">\n<h3 class=\"entry-title td-module-title\"><a href=\"https:\/\/voceatimisului.ro\/ruben-latcau-inventeaza-cifre-despre-stadion-simonis-il-pune-la-punct-cu-documentele-in-fata\/\" rel=\"bookmark\" title=\"Ruben La\u021bc\u0103u inventeaz\u0103 cifre despre stadion. Simonis \u00eel pune la punct cu documentele \u00een fa\u021b\u0103\">Ruben La\u021bc\u0103u inventeaz\u0103 cifre despre stadion. Simonis \u00eel pune la punct cu documentele \u00een fa\u021b\u0103<\/a><\/h3>\n<\/div>\n<\/div>\n<\/div>\n<div class=\"td_module_flex td_module_flex_1 td_module_wrap td-animation-stack td-meta-info-hide td-cpt-post\">\n<div class=\"td-module-container td-category-pos-image\">\n<div class=\"td-module-meta-info\">\n<h3 class=\"entry-title td-module-title\"><a href=\"https:\/\/voceatimisului.ro\/alfred-simonis-consiliul-judetean-timis-va-finanta-refacerea-scolii-din-lovrin-distruse-de-incendiu\/\" rel=\"bookmark\" title=\"Alfred Simonis: Consiliul Jude\u021bean Timi\u0219 va finan\u021ba refacerea \u0219colii din Lovrin distruse de incendiu\">Alfred Simonis: Consiliul Jude\u021bean Timi\u0219 va finan\u021ba refacerea \u0219colii din Lovrin distruse de incendiu<\/a><\/h3>\n<\/div>\n<\/div>\n<\/div>\n<\/div>\n<\/div>\n<\/div>\n<\/div>\n<\/div>\n<\/div>\n<\/div>\n<\/div>\n<p><span class=\"td-page-meta\"><\/span><span class=\"td-page-meta\"><span class=\"td-page-meta\"><\/span><\/span><span class=\"td-page-meta\"><\/span><\/article>\n<p> Source URL: https:\/\/voceatimisului.ro\/simonis-anunta-incepem-stadionul-pe-banii-nostri-usr-si-pnl-groparii-timisoarei\/<\/p>\n","protected":false},"excerpt":{"rendered":"<p>\u0218tiriPolitic\u0103 Simonis anun\u021b\u0103: \u00eencepem stadionul pe banii no\u0219tri. USR \u0219i PNL, groparii Timi\u0219oarei USR \u0219i PNL pun be\u021be \u00een roate construc\u021biei stadionului Dan P\u0103ltini\u0219anu, de\u0219i investi\u021bia \u00eencepe din banii jude\u021bului. Sabotaj politic la adresa Timi\u0219oarei, sub pretexte ipocrite. Autor-Radu Constantin 23 iulie 2025 0 11880 Facebook Twitter Pinterest WhatsApp Linkedin Copy URL Facem stadionul Dan [&hellip;]<\/p>\n","protected":false},"author":1,"featured_media":1283140,"comment_status":"open","ping_status":"","sticky":false,"template":"","format":"standard","meta":{"footnotes":""},"categories":[89],"tags":[199],"class_list":["post-1283139","post","type-post","status-publish","format-standard","has-post-thumbnail","hentry","category-romania","tag-voceatimisului-ro"],"_links":{"self":[{"href":"https:\/\/analyse.optim.biz\/index.php?rest_route=\/wp\/v2\/posts\/1283139","targetHints":{"allow":["GET"]}}],"collection":[{"href":"https:\/\/analyse.optim.biz\/index.php?rest_route=\/wp\/v2\/posts"}],"about":[{"href":"https:\/\/analyse.optim.biz\/index.php?rest_route=\/wp\/v2\/types\/post"}],"author":[{"embeddable":true,"href":"https:\/\/analyse.optim.biz\/index.php?rest_route=\/wp\/v2\/users\/1"}],"replies":[{"embeddable":true,"href":"https:\/\/analyse.optim.biz\/index.php?rest_route=%2Fwp%2Fv2%2Fcomments&post=1283139"}],"version-history":[{"count":0,"href":"https:\/\/analyse.optim.biz\/index.php?rest_route=\/wp\/v2\/posts\/1283139\/revisions"}],"wp:featuredmedia":[{"embeddable":true,"href":"https:\/\/analyse.optim.biz\/index.php?rest_route=\/wp\/v2\/media\/1283140"}],"wp:attachment":[{"href":"https:\/\/analyse.optim.biz\/index.php?rest_route=%2Fwp%2Fv2%2Fmedia&parent=1283139"}],"wp:term":[{"taxonomy":"category","embeddable":true,"href":"https:\/\/analyse.optim.biz\/index.php?rest_route=%2Fwp%2Fv2%2Fcategories&post=1283139"},{"taxonomy":"post_tag","embeddable":true,"href":"https:\/\/analyse.optim.biz\/index.php?rest_route=%2Fwp%2Fv2%2Ftags&post=1283139"}],"curies":[{"name":"wp","href":"https:\/\/api.w.org\/{rel}","templated":true}]}}