{"id":128124,"date":"2017-12-19T13:20:06","date_gmt":"2017-12-19T10:20:06","guid":{"rendered":"https:\/\/analyse.optim.biz\/?p=128124"},"modified":"2017-12-19T13:20:06","modified_gmt":"2017-12-19T10:20:06","slug":"sedinta-de-la-senat-suspendata-din-nou","status":"publish","type":"post","link":"https:\/\/analyse.optim.biz\/?p=128124","title":{"rendered":"\u0218edin\u021ba de la Senat, suspendat\u0103 din nou"},"content":{"rendered":"<div class=\"entry data-app-meta data-app-meta-article\" data-embed-base-url-canonical=\"https:\/\/www.digi24.ro\/embed\/stiri\/actualitate\/politica\/protest-al-usr-in-plenul-senatului-fata-de-modificarile-la-legile-justitiei-si-codurile-penale-847857\">\n<p data-index=\"1\"><strong><span lang=\"ro-RO\">Scandal \u00een plenul Senatului, acolo unde are loc dezbaterea Legilor Justi\u0163iei. Opozi\u0163ia a cerut scoaterea de pe ordinea de zi a proiectelor, \u00eens\u0103 parlamentarii PSD \u0219i ALDE au refuzat.\u00a0Supus\u0103 la vot, solicitarea liberalilor a fost respins\u0103 cu 71 de voturi \u201e\u00eempotriv\u0103\u201d \u015fi 38 de voturi \u201epentru\u201d.<\/span><\/strong><\/p>\n<p data-index=\"2\">\n<figure class=\"article-thumb article-thumb-gallery article-thumb-gallery-alt\"><a href=\"https:\/\/www.digi24.ro\/galerie-foto\/1\/stiri\/actualitate\/politica\/protest-al-usr-in-plenul-senatului-fata-de-modificarile-la-legile-justitiei-si-codurile-penale-847857\" data-skip-linkfix=\"1\"><img decoding=\"async\" src=\"https:\/\/analyse.optim.biz\/wp-content\/uploads\/2024\/09\/jnc9odawjmhhc2g9mtziogjkzmy0zjflmjexmwm4mgqxogzimzlmztcwm2m-thumb_.jpg\" alt=\"171219_PARLAMENT_06_INQUAM_Photos_Octav_Ganea\" data-skip-htmlfix=\"1\" title=\"jnc9odawjmhhc2g9mtziogjkzmy0zjflmjexmwm4mgqxogzimzlmztcwm2m-thumb_\"><figcaption>171219_PARLAMENT_06_INQUAM_Photos_Octav_Ganea<\/figcaption><\/a><\/p>\n<div class=\"read-more-cta\"><a href=\"https:\/\/www.digi24.ro\/galerie-foto\/1\/stiri\/actualitate\/politica\/protest-al-usr-in-plenul-senatului-fata-de-modificarile-la-legile-justitiei-si-codurile-penale-847857\" title=\"Deschide galeria foto\" class=\"read-more\" data-skip-linkfix=\"1\">Deschide galeria foto<\/a><\/div>\n<\/figure>\n<div class=\"swiper-gallery-nav article-thumb\">\n<div class=\"swiper-container\">\n<div class=\"swiper-wrapper\"><a href=\"https:\/\/www.digi24.ro\/galerie-foto\/1\/stiri\/actualitate\/politica\/protest-al-usr-in-plenul-senatului-fata-de-modificarile-la-legile-justitiei-si-codurile-penale-847857#1\" class=\"swiper-slide\" data-skip-linkfix=\"1\"><img decoding=\"async\" src=\"https:\/\/analyse.optim.biz\/wp-content\/uploads\/2024\/09\/jnc9odawjmhhc2g9ndyxythmy2y1yzzlytk5ndkzm2i2ogmxode4zjfizgq-thumb_.jpg\" alt=\"171219_PARLAMENT_06_INQUAM_Photos_Octav_Ganea | Poza 1 din 9\" data-skip-htmlfix=\"1\" title=\"jnc9odawjmhhc2g9ndyxythmy2y1yzzlytk5ndkzm2i2ogmxode4zjfizgq-thumb_\"><figcaption class=\"hide\">171219_PARLAMENT_06_INQUAM_Photos_Octav_Ganea<\/figcaption><\/a><a href=\"https:\/\/www.digi24.ro\/galerie-foto\/1\/stiri\/actualitate\/politica\/protest-al-usr-in-plenul-senatului-fata-de-modificarile-la-legile-justitiei-si-codurile-penale-847857#2\" class=\"swiper-slide\" data-skip-linkfix=\"1\"><img decoding=\"async\" src=\"https:\/\/analyse.optim.biz\/wp-content\/uploads\/2024\/09\/jnc9odawjmhhc2g9ytixzjg1y2q3zmm5yze2ymy2nmu1owjlodzmmwi3zmy-thumb_.jpg\" alt=\"171219_PARLAMENT_05_INQUAM_Photos_Octav_Ganea | Poza 2 din 9\" data-skip-htmlfix=\"1\" title=\"jnc9odawjmhhc2g9ytixzjg1y2q3zmm5yze2ymy2nmu1owjlodzmmwi3zmy-thumb_\"><figcaption class=\"hide\">171219_PARLAMENT_05_INQUAM_Photos_Octav_Ganea<\/figcaption><\/a><a href=\"https:\/\/www.digi24.ro\/galerie-foto\/1\/stiri\/actualitate\/politica\/protest-al-usr-in-plenul-senatului-fata-de-modificarile-la-legile-justitiei-si-codurile-penale-847857#3\" class=\"swiper-slide\" data-skip-linkfix=\"1\"><img decoding=\"async\" src=\"https:\/\/analyse.optim.biz\/wp-content\/uploads\/2024\/09\/jnc9odawjmhhc2g9ngq0nwezm2y1zdrmzwrjzgvkmzayntrjmjk1odnlzwy-thumb_.jpg\" alt=\"171219_PARLAMENT_04_INQUAM_Photos_Octav_Ganea | Poza 3 din 9\" data-skip-htmlfix=\"1\" title=\"jnc9odawjmhhc2g9ngq0nwezm2y1zdrmzwrjzgvkmzayntrjmjk1odnlzwy-thumb_\"><figcaption class=\"hide\">171219_PARLAMENT_04_INQUAM_Photos_Octav_Ganea<\/figcaption><\/a><a href=\"https:\/\/www.digi24.ro\/galerie-foto\/1\/stiri\/actualitate\/politica\/protest-al-usr-in-plenul-senatului-fata-de-modificarile-la-legile-justitiei-si-codurile-penale-847857#4\" class=\"swiper-slide\" data-skip-linkfix=\"1\"><img decoding=\"async\" src=\"https:\/\/analyse.optim.biz\/wp-content\/uploads\/2024\/09\/jnc9odawjmhhc2g9yzg0yme0ywe4ndu2yjixmjjkyjgwyjcwnjk1ztayzwy-thumb_.jpg\" alt=\"171219_PARLAMENT_03_INQUAM_Photos_Octav_Ganea | Poza 4 din 9\" data-skip-htmlfix=\"1\" title=\"jnc9odawjmhhc2g9yzg0yme0ywe4ndu2yjixmjjkyjgwyjcwnjk1ztayzwy-thumb_\"><figcaption class=\"hide\">171219_PARLAMENT_03_INQUAM_Photos_Octav_Ganea<\/figcaption><\/a><a href=\"https:\/\/www.digi24.ro\/galerie-foto\/1\/stiri\/actualitate\/politica\/protest-al-usr-in-plenul-senatului-fata-de-modificarile-la-legile-justitiei-si-codurile-penale-847857#5\" class=\"swiper-slide\" data-skip-linkfix=\"1\"><img decoding=\"async\" src=\"https:\/\/analyse.optim.biz\/wp-content\/uploads\/2024\/09\/jnc9odawjmhhc2g9ngmzzdm0ngq2ztgwowvkzwnmmjnlnwfknjgxnwflnzk-thumb_.jpg\" alt=\"171219_PARLAMENT_02_INQUAM_Photos_Octav_Ganea | Poza 5 din 9\" data-skip-htmlfix=\"1\" title=\"jnc9odawjmhhc2g9ngmzzdm0ngq2ztgwowvkzwnmmjnlnwfknjgxnwflnzk-thumb_\"><figcaption class=\"hide\">171219_PARLAMENT_02_INQUAM_Photos_Octav_Ganea<\/figcaption><\/a><a href=\"https:\/\/www.digi24.ro\/galerie-foto\/1\/stiri\/actualitate\/politica\/protest-al-usr-in-plenul-senatului-fata-de-modificarile-la-legile-justitiei-si-codurile-penale-847857#6\" class=\"swiper-slide\" data-skip-linkfix=\"1\"><img decoding=\"async\" src=\"https:\/\/analyse.optim.biz\/wp-content\/uploads\/2024\/09\/jnc9odawjmhhc2g9nmqxyznkmmi1odayodiyowzlnzg0zmzkn2i2y2rhyjq-thumb_.jpg\" alt=\"Foto: Inquam Photos | Poza 6 din 9\" data-skip-htmlfix=\"1\" title=\"jnc9odawjmhhc2g9nmqxyznkmmi1odayodiyowzlnzg0zmzkn2i2y2rhyjq-thumb_\"><figcaption class=\"hide\">Foto: Inquam Photos<\/figcaption><\/a><a href=\"https:\/\/www.digi24.ro\/galerie-foto\/1\/stiri\/actualitate\/politica\/protest-al-usr-in-plenul-senatului-fata-de-modificarile-la-legile-justitiei-si-codurile-penale-847857#7\" class=\"swiper-slide\" data-skip-linkfix=\"1\"><img decoding=\"async\" src=\"https:\/\/analyse.optim.biz\/wp-content\/uploads\/2024\/09\/ptgxm2y0nzq5ndgwmwvizmu4zmfjn2i2odg0yzzimtu4-thumb_.jpg\" alt=\"20171219140732_IMG_4481-01 | Poza 7 din 9\" data-skip-htmlfix=\"1\" title=\"ptgxm2y0nzq5ndgwmwvizmu4zmfjn2i2odg0yzzimtu4-thumb_\"><figcaption class=\"hide\">20171219140732_IMG_4481-01<\/figcaption><\/a><a href=\"https:\/\/www.digi24.ro\/galerie-foto\/1\/stiri\/actualitate\/politica\/protest-al-usr-in-plenul-senatului-fata-de-modificarile-la-legile-justitiei-si-codurile-penale-847857#8\" class=\"swiper-slide\" data-skip-linkfix=\"1\"><img decoding=\"async\" src=\"https:\/\/analyse.optim.biz\/wp-content\/uploads\/2024\/09\/pte3ndg2ntfmotnloge2ndjkyzkym2yzntyxztq2odiz-thumb_.jpg\" alt=\"Foto: InquamPhotos\/Octav Ganea | Poza 8 din 9\" data-skip-htmlfix=\"1\" title=\"pte3ndg2ntfmotnloge2ndjkyzkym2yzntyxztq2odiz-thumb_\"><figcaption class=\"hide\">Foto: InquamPhotos\/Octav Ganea<\/figcaption><\/a><a href=\"https:\/\/www.digi24.ro\/galerie-foto\/1\/stiri\/actualitate\/politica\/protest-al-usr-in-plenul-senatului-fata-de-modificarile-la-legile-justitiei-si-codurile-penale-847857#9\" class=\"swiper-slide\" data-skip-linkfix=\"1\"><img decoding=\"async\" src=\"https:\/\/analyse.optim.biz\/wp-content\/uploads\/2024\/09\/pte3ywi0mzg2zjy4n2qwnjy0mzeynmq2mta4zjmxzmuw-thumb_.jpg\" alt=\"20171219140813_IMG_4499-01 | Poza 9 din 9\" data-skip-htmlfix=\"1\" title=\"pte3ywi0mzg2zjy4n2qwnjy0mzeynmq2mta4zjmxzmuw-thumb_\"><figcaption class=\"hide\">20171219140813_IMG_4499-01<\/figcaption><\/a>, <\/div>\n<\/div>\n<\/div>\n<p data-index=\"3\"><em>Foto: InquamPhotos\/Octav Ganea<\/em><\/p>\n<p data-index=\"4\"><strong>Actualizare 14:50. <\/strong>\u0218edin\u021ba Senatului a fost suspendat\u0103 din nou, dup\u0103 ce \u0219i parlamentarii Puterii au decis s\u0103 mearg\u0103 la Camera Deputa\u021bilor, unde va avea loc o \u0219edin\u021b\u0103 a camerelor reunite.\u00a0Anterior, majoritatea a votat c\u0103 \u0219edin\u021ba poate continua \u00een acela\u0219i timp cu plenul camerelor reunite, \u00eenc\u0103lc\u00e2nd astfel regulamentele din Parlament.<\/p>\n<p data-index=\"5\"><strong>Actualizare 14:35. La propunerea senatorului PSD \u0218erban Nicolae, majoritatea a decis (cu 70 voturi \u201epentru\u201d, opt ab\u021bineri \u0219i niciun vot \u201e\u00eempotriv\u0103\u201d) ca senatorii s\u0103 poat\u0103 formula amendamente direct \u00een plen, altele dec\u00e2t cele cuprinse \u00een raportul comisiei speciale.<\/strong><\/p>\n<hr>\n<p data-index=\"6\"><strong>Actualizare 14:30.<\/strong> Amendamentele la legea\u00a0303\/2004 privind statutul magistra\u021bilor se dezbat f\u0103r\u0103 partidele din Opozi\u021bie \u00een sal\u0103. \u00cen acest moment niciun senator de la PNL, USR \u0219i PMP nu se afl\u0103 \u00een plen, ei plec\u00e2nd la Camera Deputa\u021bilor.<\/p>\n<p data-index=\"7\"><strong>Actualizare 13:50.<\/strong> \u0218edin\u021ba de plen a Senatului s-a reluat, dup\u0103 aproape o or\u0103.<\/p>\n<p data-index=\"8\"><strong>Actualizare 13:00.<\/strong> C\u0103lin Popescu T\u0103riceanu a suspendat \u0219edin\u021ba de plen a Senatului, dup\u0103 ce parlamentarii USR au mers la prezidiu ca s\u0103 protesteze. Ei adus \u0219i un proiector \u0219i au afi\u0219at imagini de la proteste.<\/p>\n<hr>\n<p data-index=\"9\"><strong>ACTUALIZARE 12.00.<\/strong> \u201eAu refuzat propunerea PNL de a scoate aceste legi de pe ordinea de zi \u00eencalcand astfel regulamentul Senatului care spune c\u0103 senatorii trebuie s\u0103 aib\u0103 raportul comisiei de fond cu cel pu\u0163in 3 zile lucr\u0103toare \u00eenainte de a avea legea pe ordinea de zi.\u00a0AU PUS RAPORTUL PE SITE ASTAZI LA 10:52 am. Ace\u015fti\u00a0oameni care \u00eencalc\u0103 regulamentul Senatului ne spun c\u0103 ei nu au niciun interes cu aceste legi ale justi\u0163iei!!!! Ho\u0163ii strig\u0103 ho\u0163ii&#8221;, scrie senatorul Florin C\u00ee\u0163u, pe contul s\u0103u de Facebook.<\/p>\n<hr>\n<p data-index=\"10\"><span lang=\"ro-RO\">Senatorii USR au protestat de la tribuna Senatului. Ei au venit \u015fi cu portavoce, la fel cum s-a \u00eent\u00e2mplat \u00een plenul Camerei Deputa\u0163ilor.<\/span><\/p>\n<p data-index=\"11\">Mihai Go\u021biu este cel care a adus portavocea, el fiind lini\u0219tit de chestorii Senatului. Senatorul a \u00eenceput s\u0103 o foloseasc\u0103 atunci c\u00e2nd pre\u0219edintele de \u0219edin\u021b\u0103, C\u0103lin Popescu T\u0103riceanu, i-a t\u0103iat microfonul.<\/p>\n<p class=\"gdpr-placeholder gdpr-social-media gdpr-iframe-fix\" data-index=\"13\"> Setarile tale privind cookie-urile nu permit afisarea continutul din aceasta sectiune. Poti actualiza setarile modulelor coookie direct din browser sau de <a class=\"ot-sdk-show-settings\" data-skip-linkfix=\"1\">aici<\/a> \u2013 e nevoie sa accepti cookie-urile social media<\/p>\n<p data-index=\"14\">De asemenea, senatorii USR au adus ni\u0219te m\u00e2nu\u021be galbene, prezente \u0219i la manifesta\u021biile \u00eempotriva acestor modific\u0103ri, \u0219i le-au distribuit \u0219i celor de la PNL.<\/p>\n<p data-index=\"15\">\u00cen acela\u0219i timp, opozi\u021bia mai spune c\u0103 nu are rapoartele pentru ultimele legi ale justi\u0163iei, dup\u0103 ce comisia special\u0103 condus\u0103 de Florin Iordache \u201ea lucrat\u201d p\u00e2n\u0103 t\u00e2rziu \u00een noapte.<\/p>\n<p class=\"gdpr-placeholder gdpr-social-media gdpr-iframe-fix\" data-index=\"17\"> Setarile tale privind cookie-urile nu permit afisarea continutul din aceasta sectiune. Poti actualiza setarile modulelor coookie direct din browser sau de <a class=\"ot-sdk-show-settings\" data-skip-linkfix=\"1\">aici<\/a> \u2013 e nevoie sa accepti cookie-urile social media<\/p>\n<p data-index=\"18\">\u00cen schimb, parlamentarii de la PMP au p\u0103r\u0103sit sala pentru a nu asigura cvorum, dar au\u00a0solicitat am\u00e2narea pentru sesiunea parlamentar\u0103 viitoare a dezbaterilor pe marginea legilor Justi\u0163iei.\u00a0<\/p>\n<p data-index=\"19\">La r\u00e2ndul lor, cei de la USR au solicitat retrimiterea la comisie pentru 60 de zile a legilor justi\u0163iei.<\/p>\n<p data-index=\"20\">Ast\u0103zi, senatorii PSD \u0219i ALDE vor s\u0103 adopte modific\u0103rile controversate la legea 303\/2004 privind statutul magistra\u021bilor \u0219i la legea 304\/2004 privind organizarea CSM.<\/p>\n<p data-index=\"21\">Proiectul de modificare a Legii 303\/2004 privind Statutul magistra\u0163ilor se afl\u0103 pe ordinea de zi a \u015fedin\u0163ei de mar\u0163i a plenului Senatului, care este for decizional pe aceast\u0103 lege. Cu o zi \u00een urm\u0103, Comisia Iordache a adus mai multe modific\u0103ri proiectului, fa\u0163\u0103 de forma adoptat\u0103 de Camera Deputa\u0163ilor, unul dintre amendamente fiind c\u0103 pre\u015fedintele poate refuza motivat, o singur\u0103 dat\u0103, numirea \u015fefilor Parchetului General, DNA \u015fi DIICOT, aduc\u00e2nd la cuno\u015ftin\u0163a publicului motivele refuzului.<\/p>\n<p data-index=\"22\">Comisia special\u0103 pentru legile Justi\u0163iei a adoptat, luni sear\u0103, dup\u0103 aproximativ nou\u0103 ore de dezbateri, Raport de admitere, cu amendamente, la proiectul de modificare a Legii 303\/2004 privind Statutul magistra\u0163ilor.<\/p>\n<p data-index=\"23\">Comisia a adus mai multe modific\u0103ri proiectului, fa\u0163\u0103 de forma\u00a0 adoptat\u0103 de Camera Deputa\u0163ilor.<\/p>\n<p data-index=\"24\">Cel mai important amendament prevede c\u0103 pre\u015fedintele Rom\u00e2niei poate refuza, motivat, o singur\u0103 dat\u0103, numirea \u00een func\u0163iile de conducere la Parchetul \u00cenaltei Cur\u0163i de Casa\u0163ie \u015fi Justi\u0163ie, Direc\u0163ia Na\u0163ional\u0103 Anticorup\u0163ie \u015fi\u00a0Direc\u0163ia de Investigare a Infrac\u0163iunilor de Criminalitate Organizat\u0103 \u015fi Terorism, aduc\u00e2nd la cuno\u015ftin\u0163a publicului motivele refuzului.\u00a0Acum, pre\u015fedintele nu este limitat la un singur refuz.\u00a0<\/p>\n<p data-index=\"25\">Comisia a mai adoptat un amendament al PSD prin care a fost eliminat\u0103 proba scris\u0103 de la promovarea \u00een func\u0163ia de judec\u0103tor la \u00cenalta Curte de Casa\u0163ie \u015fi Justi\u0163ie. Proba pe care candidatul o va sus\u0163ine \u00een fa\u0163a Sec\u0163iei de judec\u0103tori a CSM este un interviu.<\/p>\n<p data-index=\"26\">Un alt amendament prevede c\u0103 solu\u0163iile adoptate de un procuror pot fi infirmate de c\u0103tre procurorul ierarhic superior, dac\u0103 acesta le apreciaz\u0103 ca fiind nelegale sau netemeinice. Un alt amendament depus de PSD spune c\u0103 magistra\u0163ii stagiari nu au dreptul s\u0103 dispun\u0103 m\u0103suri privative sau restrictive de libertate.<\/p>\n<p> Tot luni, comisia condus\u0103 de Florin Iordache a adoptat un amendament la proiectul de modificare a Legii 303\/2004 privind Statutul magistra\u0163ilor care prevede c\u0103 hot\u0103r\u00e2rile sec\u0163iilor CSM pot fi atacate cu recurs \u00een termen de 15 zile de la comunicare, f\u0103r\u0103 parcurgerea procedurii prealabile, la Sec\u0163ia de contencios administrativ a Cur\u0163ii de Apel. \u00cen prezent, hot\u0103r\u00e2rile sec\u0163iilor pot fi atacate la Plenul CSM, iar hot\u0103r\u00e2rile acestuia sunt definitive \u015fi irevocabile.<\/p>\n<p data-index=\"27\">Un alt amendament adus luni la proiectul de modificare a Legii 303\/2004 privind Statutul magistra\u0163ilor prevede c\u0103 magistra\u0163ii trebuie s\u0103 aleag\u0103 \u00eentre pensiile speciale, iar p\u00e2n\u0103 la \u00eemplinirea a 65 de ani nu pot cumula pensia cu salariul.<\/p>\n<p data-index=\"28\">De asemenea,\u00a0Comisia a stabilit, luni, c\u0103\u00a0r\u0103spunderea statului nu \u00eenl\u0103tur\u0103 r\u0103spunderea civil\u0103, penal\u0103 sau disciplinar\u0103 a judec\u0103torilor \u015fi procurorilor care \u015fi-au exercitat func\u0163ia cu rea-credin\u0163\u0103 sau grav\u0103 neglijen\u0163\u0103.\u00a0Exist\u0103 grav\u0103 neglijen\u0163\u0103 atunci c\u00e2nd judec\u0103torul sau procurorul nesocote\u015fte din culp\u0103, \u00een mod grav, ne\u00eendoielnic \u015fi nescuzabil, normele de drept material ori procesual.<\/p>\n<p data-index=\"29\">Parlamentarii au mai stabilit c\u0103\u00a0nu este \u00eendrept\u0103\u0163it\u0103 \u00een repararea pagubei persoana care, \u00een cursul procesului, a contribuit la s\u0103v\u00e2r\u015firea erorii judiciare de c\u0103tre judec\u0103tor sau procuror.\u00a0Pentru repararea prejudiciului, persoana v\u0103t\u0103mat\u0103 se va \u00eendrepta cu ac\u0163iune \u00eempotriva Ministerului Finan\u0163elor Publice, iar competen\u0163a solu\u0163ion\u0103rii ac\u0163iunii civile revine tribunalului \u00een a c\u0103rui circumscrip\u0163ie \u00ee\u015fi are domiciliul reclamantul. Plata de c\u0103tre stat a sumelor datorate cu titlu de desp\u0103gubire se face \u00een termen de cel mult \u015fase luni de la data comunic\u0103rii hot\u0103r\u00e2rii judec\u0103tore\u015fti definitive.<\/p>\n<p data-index=\"30\">Legile justi\u0163iei au intrat, luni, \u00eentr-o procedur\u0103 accelerat\u0103 de dezbatere \u015fi vot, fiind posibil ca p\u00e2n\u0103 miercuri sau joi s\u0103 fie aprobate toate cele trei proiecte. Rapoartele pentru dezbaterea din plenul Senatului sunt f\u0103cute tot de c\u0103tre Comisia special\u0103 condus\u0103 de Florin Iordache.<\/p>\n<p data-index=\"31\">Biroul Permanent al Senatului a aprobat joia trecut\u0103 o procedur\u0103 de urgen\u0163\u0103 accelerat\u0103 pentru dezbaterea legilor justi\u0163iei \u00een forul decizional: parlamentarii au avut termen de depunere a eventualelor amendamente p\u00e2n\u0103 luni diminea\u0163\u0103 la ora 9.00 la legea privind organizarea judiciar\u0103 \u015fi cea privind func\u0163ionarea CSM, comisia special\u0103 trebuind s\u0103 elaboreze raportul \u00een maximum 24 de ore, p\u00e2n\u0103 mar\u0163i diminea\u0163a la ora 9.00.<\/p>\n<p data-index=\"32\">Plenul Camerei Deputa\u0163ilor a adoptat s\u0103pt\u0103m\u00e2na trecut\u0103 cele trei legi ale Justi\u0163iei: luni a fost dat votul final pe legea 303\/2004 privind statutul judec\u0103torilor \u015fi procurorilor, iar miercuri au fost votate legea 304\/2004 privind organizarea judiciar\u0103 \u015fi legea 317\/2004 privind func\u0163ionarea CSM.<\/p>\n<p data-index=\"33\">Senatul este forul decizional \u00een cazul tuturor celor trei acte normative.<\/p>\n<p data-index=\"34\">C\u00e2teva sute de magistra\u0163i au protestat, luni, \u00een fa\u0163a institu\u0163iilor, fa\u0163\u0103 de modificarea legilor justi\u0163iei, dar \u015fi fa\u0163\u0103 de modificarea Codurilor penale.<\/p>\n<p data-index=\"35\">\u00cen Capital\u0103, aproximativ 500 de magistra\u0163i au protestat \u00een t\u0103cere, luni sear\u0103, pe treptele Cur\u0163ii de Apel Bucure\u015fti, proteste similare ale magistra\u0163ilor av\u00e2nd loc \u015fi la Constan\u0163a, Cluj-Napoca, Br\u0103ila, Slatina sau Bra\u015fov.<\/p>\n<div>Pre\u015fedintele Consiliului Superior al Magistraturii, Mariana Ghena, a trimis, luni, o scrisoare deschis\u0103 pre\u015fedintelui Comisiei parlamentare speciale pentru legile justi\u0163iei, Florin Iordache, \u00een care \u00eei cere s\u0103 acorde timp Consiliului pentru a se consulta cu corpul magistra\u0163ilor. Ea precizeaz\u0103 c\u0103 faptul c\u0103 magistra\u0163ii au ajuns s\u0103 protesteze trebuie s\u0103 dea de g\u00e2ndit\u00a0societ\u0103\u0163ii \u015fi Parlamentului.<\/div>\n<div>\u00a0<\/div>\n<\/div>\n<p> Source URL: https:\/\/www.digi24.ro\/stiri\/actualitate\/politica\/protest-al-usr-in-plenul-senatului-fata-de-modificarile-la-legile-justitiei-si-codurile-penale-847857<\/p>\n","protected":false},"excerpt":{"rendered":"<p>Scandal \u00een plenul Senatului, acolo unde are loc dezbaterea Legilor Justi\u0163iei. Opozi\u0163ia a cerut scoaterea de pe ordinea de zi a proiectelor, \u00eens\u0103 parlamentarii PSD \u0219i ALDE au refuzat.\u00a0Supus\u0103 la vot, solicitarea liberalilor a fost respins\u0103 cu 71 de voturi \u201e\u00eempotriv\u0103\u201d \u015fi 38 de voturi \u201epentru\u201d. 171219_PARLAMENT_06_INQUAM_Photos_Octav_Ganea Deschide galeria foto 171219_PARLAMENT_06_INQUAM_Photos_Octav_Ganea171219_PARLAMENT_05_INQUAM_Photos_Octav_Ganea171219_PARLAMENT_04_INQUAM_Photos_Octav_Ganea171219_PARLAMENT_03_INQUAM_Photos_Octav_Ganea171219_PARLAMENT_02_INQUAM_Photos_Octav_GaneaFoto: Inquam Photos20171219140732_IMG_4481-01Foto: InquamPhotos\/Octav Ganea20171219140813_IMG_4499-01, [&hellip;]<\/p>\n","protected":false},"author":1,"featured_media":128125,"comment_status":"open","ping_status":"","sticky":false,"template":"","format":"standard","meta":{"footnotes":""},"categories":[2],"tags":[11],"class_list":["post-128124","post","type-post","status-publish","format-standard","has-post-thumbnail","hentry","category-politics","tag-digi24"],"_links":{"self":[{"href":"https:\/\/analyse.optim.biz\/index.php?rest_route=\/wp\/v2\/posts\/128124","targetHints":{"allow":["GET"]}}],"collection":[{"href":"https:\/\/analyse.optim.biz\/index.php?rest_route=\/wp\/v2\/posts"}],"about":[{"href":"https:\/\/analyse.optim.biz\/index.php?rest_route=\/wp\/v2\/types\/post"}],"author":[{"embeddable":true,"href":"https:\/\/analyse.optim.biz\/index.php?rest_route=\/wp\/v2\/users\/1"}],"replies":[{"embeddable":true,"href":"https:\/\/analyse.optim.biz\/index.php?rest_route=%2Fwp%2Fv2%2Fcomments&post=128124"}],"version-history":[{"count":0,"href":"https:\/\/analyse.optim.biz\/index.php?rest_route=\/wp\/v2\/posts\/128124\/revisions"}],"wp:featuredmedia":[{"embeddable":true,"href":"https:\/\/analyse.optim.biz\/index.php?rest_route=\/wp\/v2\/media\/128125"}],"wp:attachment":[{"href":"https:\/\/analyse.optim.biz\/index.php?rest_route=%2Fwp%2Fv2%2Fmedia&parent=128124"}],"wp:term":[{"taxonomy":"category","embeddable":true,"href":"https:\/\/analyse.optim.biz\/index.php?rest_route=%2Fwp%2Fv2%2Fcategories&post=128124"},{"taxonomy":"post_tag","embeddable":true,"href":"https:\/\/analyse.optim.biz\/index.php?rest_route=%2Fwp%2Fv2%2Ftags&post=128124"}],"curies":[{"name":"wp","href":"https:\/\/api.w.org\/{rel}","templated":true}]}}