{"id":128121,"date":"2017-12-19T13:33:50","date_gmt":"2017-12-19T10:33:50","guid":{"rendered":"https:\/\/analyse.optim.biz\/?p=128121"},"modified":"2017-12-19T13:33:50","modified_gmt":"2017-12-19T10:33:50","slug":"un-deputat-psd-i-a-cerut-lui-toader-revocarea-lui-lazar","status":"publish","type":"post","link":"https:\/\/analyse.optim.biz\/?p=128121","title":{"rendered":"Un deputat PSD i-a cerut lui Toader revocarea lui Laz\u0103r"},"content":{"rendered":"<div class=\"entry data-app-meta data-app-meta-article\" data-embed-base-url-canonical=\"https:\/\/www.digi24.ro\/embed\/stiri\/actualitate\/politica\/un-deputat-psd-i-a-cerut-lui-toader-revocarea-lui-lazar-847966\">\n<p data-index=\"1\"><strong>Parlamentarul C\u0103t\u0103lin R\u0103dulescu vrea m\u0103suri drastice \u00eempotriva procurorului general \u015fi i-a cerut, mar\u0163i, ministrului Justi\u0163iei, Tudorel Toader, \u00een cadrul Comisiei speciale pentru modificarea legilor Justi\u0163iei, revocarea din func\u0163ie a lui Augustin Laz\u0103r. Motivul: \u201cdef\u0103imeaz\u0103\u201d Parlamentul \u015fi membrii Comisiei, numindu-i \u201cinfractori de rang \u00eenalt\u201d.<\/strong><\/p>\n<p data-index=\"2\"><img loading=\"lazy\" decoding=\"async\" class=\"alignnone size-full wp-image-837230\" src=\"https:\/\/analyse.optim.biz\/wp-content\/uploads\/2024\/09\/dz04mdamagfzad1hmtnmmwy2zta5yjk5mti1nmrhyze2mtu3ndriztcxmg-thumb_-1.jpg\" width=\"423\" height=\"289\" data-skip-htmlfix=\"1\" title=\"dz04mdamagfzad1hmtnmmwy2zta5yjk5mti1nmrhyze2mtu3ndriztcxmg-thumb_-1\"><\/p>\n<div class=\"article-share\">\n<p data-index=\"3\">\u201dEu niciodat\u0103 nu cred \u015fi nu am crezut c\u0103 procurorii sunt independen\u0163i, ci am crezut \u00eentotdeauna c\u0103 ei sunt exact cum sunt \u00een toate \u0163\u0103rile din lume, ni\u015fte \u00eenal\u0163i func\u0163ionari publici. Faptul c\u0103 \u00een ultimii ani au tot clamat aceast\u0103 independen\u0163\u0103, a dus \u015fi la abuzurile pe care le-au f\u0103cut \u00een mod permanent. Eu consider c\u0103 trebuie, la un moment dat, s\u0103 ne raport\u0103m inclusiv la modificarea Constitu\u0163iei \u015fi s\u0103 revenim la faptul c\u0103 magistra\u0163ii sunt numai \u015fi numai judec\u0103torii, iar procurorii sunt numai \u015fi numai \u00eenal\u0163i func\u0163ionari publici\u201d, a declarat deputatul PSD C\u0103t\u0103lin R\u0103dulescu, citat de News.ro.<\/p>\n<p data-index=\"4\">Potrivit sursei citate, R\u0103dulescu i-a cerut public ministrului Justi\u0163iei s\u0103 \u00eel revoce din func\u0163ie pe procurorul general, sus\u0163in\u00e2nd c\u0103 acesta def\u0103imeaz\u0103 Parlamentul Rom\u00e2niei \u015fi pe ale\u015fi, el neav\u00e2nd dreptul s\u0103 critice modific\u0103rile legilor.<\/p>\n<p data-index=\"5\">&#8220;A\u015f vrea s\u0103 v\u0103 sesizez \u015fi s\u0103 v\u0103 cer \u00een acela\u015fi tem\u0103 s\u0103 lua\u0163i m\u0103suri drastice \u00eempotriva procurorului general, care \u015fi-a permis \u015fi \u00ee\u015fi permite \u00een continuare s\u0103 def\u0103imeze Parlamentul Rom\u00e2niei, afirm\u00e2nd c\u0103 nu doar membrii Comisiei (pentru legile Justi\u0163iei \u2013 n.r.), dar \u015fi parlamentarii Rom\u00e2niei, ale\u015fi de poporul rom\u00e2n, sunt infractori de rang \u00eenalt. V\u0103 cer public, domnule ministru ca s\u0103 cere\u0163i revocarea acestui procuror general care n-a \u00een\u0163eles c\u0103 d\u00e2nsul nu face politica penal\u0103 a acestei \u0163\u0103ri, ci o face Parlamentul Rom\u00e2niei, a\u015fa cum se face \u00een orice \u0163ar\u0103 civilizat\u0103 \u015fi nu poate s\u0103 \u00ee\u015fi permit\u0103 s\u0103 fac\u0103 declara\u0163ii publice sau s\u0103 fac\u0103 critici asupra legilor\u201d, a deputatul PSD.<\/p>\n<p data-index=\"6\">Alesul social-democrat i-a trimis \u00eenc\u0103 de s\u0103pt\u0103m\u00e2na trecut\u0103 avertismente procurorului general. Detalii <a href=\"https:\/\/www.digi24.ro\/stiri\/actualitate\/politica\/deputatul-mitraliera-de-maine-procurorul-general-va-putea-fi-acuzat-de-abuz-in-serviciu-844313\" data-skip-linkfix=\"1\">AICI<\/a>.<\/p>\n<div>C\u0103t\u0103lin R\u0103dulescu este deputat la al treilea mandat, iar \u00een decembrie 2016 a fost condamnat definitiv\u00a0la un an \u015fi \u015fase luni de \u00eenchisoare cu suspendare pentru dare de mit\u0103 \u015fi efectuare de opera\u0163iuni financiare ca acte de comer\u0163, incompatibile cu func\u0163ia.<\/div>\n<div>\u00cen luna mai a acestui an, deputatul PSD C\u0103t\u0103lin R\u0103dulescu a fost pus sub acuzare pentru nerespectarea regimului armelor \u015fi muni\u0163iilor, \u00een dosarul deschis de procurorii Parchetului instan\u0163ei supreme dup\u0103 ce parlamentarul a declarat c\u0103 protestatarii din Pia\u0163a Victoriei ar trebui alunga\u0163i cu tunurile cu ap\u0103 \u015fi c\u0103 are o mitralier\u0103 AKM cu care a luptat la Revolu\u0163ie, pe care este preg\u0103tit s\u0103 o foloseasc\u0103 din nou.<\/div>\n<\/div>\n<\/div>\n<p> Source URL: https:\/\/www.digi24.ro\/stiri\/actualitate\/politica\/un-deputat-psd-i-a-cerut-lui-toader-revocarea-lui-lazar-847966<\/p>\n","protected":false},"excerpt":{"rendered":"<p>Parlamentarul C\u0103t\u0103lin R\u0103dulescu vrea m\u0103suri drastice \u00eempotriva procurorului general \u015fi i-a cerut, mar\u0163i, ministrului Justi\u0163iei, Tudorel Toader, \u00een cadrul Comisiei speciale pentru modificarea legilor Justi\u0163iei, revocarea din func\u0163ie a lui Augustin Laz\u0103r. Motivul: \u201cdef\u0103imeaz\u0103\u201d Parlamentul \u015fi membrii Comisiei, numindu-i \u201cinfractori de rang \u00eenalt\u201d. \u201dEu niciodat\u0103 nu cred \u015fi nu am crezut c\u0103 procurorii sunt independen\u0163i, [&hellip;]<\/p>\n","protected":false},"author":1,"featured_media":128122,"comment_status":"open","ping_status":"","sticky":false,"template":"","format":"standard","meta":{"footnotes":""},"categories":[2],"tags":[11],"class_list":["post-128121","post","type-post","status-publish","format-standard","has-post-thumbnail","hentry","category-politics","tag-digi24"],"_links":{"self":[{"href":"https:\/\/analyse.optim.biz\/index.php?rest_route=\/wp\/v2\/posts\/128121","targetHints":{"allow":["GET"]}}],"collection":[{"href":"https:\/\/analyse.optim.biz\/index.php?rest_route=\/wp\/v2\/posts"}],"about":[{"href":"https:\/\/analyse.optim.biz\/index.php?rest_route=\/wp\/v2\/types\/post"}],"author":[{"embeddable":true,"href":"https:\/\/analyse.optim.biz\/index.php?rest_route=\/wp\/v2\/users\/1"}],"replies":[{"embeddable":true,"href":"https:\/\/analyse.optim.biz\/index.php?rest_route=%2Fwp%2Fv2%2Fcomments&post=128121"}],"version-history":[{"count":0,"href":"https:\/\/analyse.optim.biz\/index.php?rest_route=\/wp\/v2\/posts\/128121\/revisions"}],"wp:featuredmedia":[{"embeddable":true,"href":"https:\/\/analyse.optim.biz\/index.php?rest_route=\/wp\/v2\/media\/128122"}],"wp:attachment":[{"href":"https:\/\/analyse.optim.biz\/index.php?rest_route=%2Fwp%2Fv2%2Fmedia&parent=128121"}],"wp:term":[{"taxonomy":"category","embeddable":true,"href":"https:\/\/analyse.optim.biz\/index.php?rest_route=%2Fwp%2Fv2%2Fcategories&post=128121"},{"taxonomy":"post_tag","embeddable":true,"href":"https:\/\/analyse.optim.biz\/index.php?rest_route=%2Fwp%2Fv2%2Ftags&post=128121"}],"curies":[{"name":"wp","href":"https:\/\/api.w.org\/{rel}","templated":true}]}}