{"id":128107,"date":"2017-12-19T14:59:07","date_gmt":"2017-12-19T11:59:07","guid":{"rendered":"https:\/\/analyse.optim.biz\/?p=128107"},"modified":"2017-12-19T14:59:07","modified_gmt":"2017-12-19T11:59:07","slug":"fara-precedent-statutul-magistratilor-votat-pe-langa-regulamentul-parlamentului","status":"publish","type":"post","link":"https:\/\/analyse.optim.biz\/?p=128107","title":{"rendered":"F\u0103r\u0103 precedent. Statutul magistra\u021bilor, votat \u201epe l\u00e2ng\u0103\u201d Regulamentul Parlamentului"},"content":{"rendered":"<div class=\"entry data-app-meta data-app-meta-article\" data-embed-base-url-canonical=\"https:\/\/www.digi24.ro\/embed\/stiri\/actualitate\/politica\/fara-precedent-statutul-magistratilor-dezbatut-pe-langa-regulamentul-parlamentului-848044\">\n<p data-index=\"1\"><strong>Majoritatea PSD-ALDE, sus\u021binut\u0103 de UDMR, a decis continuarea dezbaterilor la Statutul judec\u0103torilor \u0219i procurorilor \u00een timp ce trebuia s\u0103 \u00eenceap\u0103 \u0219edin\u021ba comun\u0103 dedicat\u0103 bugetului pe 2018. Propunerea a fost formulat\u0103 de senatorul PSD \u0218erban Nicolae. Practic, prin acceptarea acesteia, senatorii au \u00eenc\u0103lcat prevederile Regulamentului activit\u0103\u021bilor comune ale Camerei Deputa\u021bilor \u0219i Senatului.<\/strong><\/p>\n<figure class=\"article-thumb\"><img decoding=\"async\" src=\"https:\/\/analyse.optim.biz\/wp-content\/uploads\/2024\/09\/emm9mszoyxnopwninzrmotmxymvhmtg3odgyzgywowi0mwy4mdlimtqw-thumb_.jpg\" alt=\"171219_protest senat PARLAMENT_01_INQUAM_Photos_Octav_Ganea\" data-skip-htmlfix=\"1\" title=\"emm9mszoyxnopwninzrmotmxymvhmtg3odgyzgywowi0mwy4mdlimtqw-thumb_\"><figcaption> Surs\u0103 foto: INQUAM PHOTOS \/ Octav Ganea <\/figcaption><\/figure>\n<p data-index=\"2\"><strong>Senatul a adoptat, mar\u0163i, \u00een calitate de for decizional, Legea privind statutul judec\u0103torilor \u015fi procurorilor. Modific\u0103rile la Legea\u00a0303\/2004 privind statutul judec\u0103torilor \u015fi procurorilor au fost adoptate dup\u0103 ce PNL \u015fi USR au p\u0103r\u0103sit sala<\/strong>.<\/p>\n<p data-index=\"3\">Astfel, s-au \u00eenregistrat 80 de voturi \u201dpentru\u201d \u015fi niciun vot \u00eempotriv\u0103.<\/p>\n<p data-index=\"4\">Plenul Senatului a adoptat o serie de amendamente ale lui \u015eerban Nicolae, respinse de comisie, la capitolul care reglementeaz\u0103 r\u0103spunderea material\u0103 a magistra\u0163ilor.<\/p>\n<p data-index=\"5\">\u0218edin\u021ba de plen de la Senat ar fi trebuit s\u0103 se \u00eencheie la ora 14.00, pentru ca senatorii s\u0103 poat\u0103 participa la \u0219edin\u021ba comun\u0103 dedicat\u0103 bugetului de stat pe 2018. <strong>Cu pu\u021bin timp \u00eenainte de expirarea timpului alocat, plenul a votat \u00eens\u0103, la propunerea senatorului PSD \u0218erban Nicolae, prelungirea programului de lucru p\u00e2n\u0103 la epuizarea dezbaterii la Statutul magistra\u021bilor<\/strong>.<\/p>\n<p data-index=\"6\">\u00cen semn de protest fa\u021b\u0103 de aceast\u0103 decizie a majorit\u0103\u021bii, senatorii PNL \u015fi USR au p\u0103r\u0103sit sala de plen.<\/p>\n<p data-index=\"7\">Senatorul PNL Mario Oprea a spus c\u0103 plenul Senatului nu poate \u00eenc\u0103lca o decizie a Birourilor Permanente Reunite, care au hot\u0103r\u00e2t ca de la ora 14.00 s\u0103 aib\u0103 loc o \u015fedin\u0163\u0103 comun\u0103 a Camerei Deputa\u0163ilor \u015fi Senatului pentru dezbaterea proiectului de lege a bugetului pentru 2018.<\/p>\n<p data-index=\"8\">El a anun\u0163at c\u0103 senatorii liberali vor p\u0103r\u0103si \u015fedin\u0163a \u015fi vor ataca la Curtea Constitu\u0163ional\u0103 modul \u00een care decurg dezbaterile pe marginea Legii nr. 303\/2004 privind Statutul magistra\u0163ilor.<\/p>\n<p data-index=\"9\">Liderul grupului USR, Cristian Ghica, a anun\u0163at c\u0103 \u015fi senatorii acestui partid vor p\u0103r\u0103si sala \u00een semn de protest fa\u0163\u0103 de prelungirea programului.<\/p>\n<p data-index=\"10\"><strong>Dup\u0103 c\u00e2teva zeci de minute \u00een care senatorii puterii au dezb\u0103tut \u0219i votat singuri amendamentele la Statutul magistra\u021bilor, pre\u0219edintele Senatului, C\u0103lin Popescu T\u0103riceanu, a anun\u021bat suspendarea lucr\u0103rilor<\/strong>.<\/p>\n<p data-index=\"11\"><strong>Dac\u0103 ar fi continuat cu cele dou\u0103 \u0219edin\u021be \u00een paralel &#8211; plen Senat \u0219i plen comun -, dincolo de problemele de asigurare a cvorumului, parlamentarii ar fi \u00eenc\u0103lcat \u0219i prevederile Regulamentului activit\u0103\u021bilor comune ale Camerei Deputa\u021bilor \u0219i Senatului<\/strong>.<\/p>\n<p data-index=\"12\">Art. 33 din Regulamentul \u0219edin\u021belor comune stabile\u0219te:<\/p>\n<p data-index=\"13\">\u201e(1) Deputa\u0163ii \u015fi senatorii sunt obliga\u0163i s\u0103 fie prezen\u0163i la lucr\u0103rile comune ale Camerei Deputa\u0163ilor \u015fi Senatului \u015fi s\u0103 se \u00eenscrie pe lista de prezen\u0163\u0103 a \u015fedin\u0163ei comune, \u0163inut\u0103 de secretari.<\/p>\n<p data-index=\"14\">(2) Deputatul sau senatorul poate solicita \u00een scris liderului grupului parlamentar din care face parte permisiunea de a absenta de la lucr\u0103rile comune pentru rezolvarea unor probleme legate de exercitarea mandatului sau pentru rezolvarea unor probleme personale.<\/p>\n<p data-index=\"15\">(3) \u00cen situa\u0163ia \u00een care deputatul sau senatorul absenteaz\u0103 de la lucr\u0103rile comune datorit\u0103 apari\u0163iei unor situa\u0163ii neprev\u0103zute, acesta se poate adresa \u00een scris Biroului permanent pentru a solicita motivarea respectivelor absen\u0163e.<\/p>\n<p data-index=\"16\">(4) Neparticiparea la cel pu\u0163in o activitate parlamentar\u0103 desf\u0103\u015furat\u0103 \u00een sediul Camerei Deputa\u0163ilor sau Senatului, dup\u0103 caz, se consider\u0103 absen\u0163\u0103 nemotivat\u0103 \u015fi are drept consecin\u0163\u0103 re\u0163inerea a 1% din indemniza\u0163ia lunar\u0103 brut\u0103 a deputatului sau a senatorului, cu excep\u0163ia motiv\u0103rii absen\u0163elor \u00een conformitate cu prevederile Regulamentului Camerei Deputa\u0163ilor \u015fi ale Regulamentului Senatului\u201d.<\/p>\n<p data-index=\"17\">Desf\u0103\u0219urarea \u0219edin\u021bei de mar\u021bi a Senatului \u0219i scandalul care a \u00eenso\u021bit dezbaterile sunt redate, \u00een detaliu, <a href=\"https:\/\/www.digi24.ro\/stiri\/actualitate\/politica\/protest-al-usr-in-plenul-senatului-fata-de-modificarile-la-legile-justitiei-si-codurile-penale-847857\" data-skip-linkfix=\"1\">AICI<\/a>.<\/p>\n<p data-index=\"18\"><a href=\"https:\/\/www.digi24.ro\/stiri\/actualitate\/politica\/senat-tariceanu-citeaza-din-stalin-si-se-declara-nemultumit-ca-nu-s-au-modificat-mai-substantial-legile-justitiei-847987\" data-skip-linkfix=\"1\">Pre\u0219edintele Senatului, C\u0103lin Popescu T\u0103riceanu, a declarat, de la tribuna Camerei Superioare, c\u0103 legile Justi\u021biei trebuiau modificate mai amplu \u0219i c\u0103 membrii Comisiei speciale au f\u0103cut \u201eo oper\u0103 mult mai modest\u0103\u201d. Liderul ALDE i-a criticat pe magistra\u021bi, pe protestatari \u0219i pe reprezentan\u021bii opozi\u021biei, iar la un moment dat a \u021binut s\u0103 citeze \u201eformula tovar\u0103\u0219ului Stalin\u201d<\/a>.<\/p>\n<h3><strong>Amendamentele acceptate de plenul Senatului referitoarea la r\u0103spunderea magistra\u021bilor<\/strong><\/h3>\n<p data-index=\"19\">\u201e<strong>Eroarea judiciar\u0103 atrage r\u0103spunderea judec\u0103torilor \u015fi procurorilor doar \u00een ipoteza \u00een care \u015fi-au exercitat func\u0163ia cu rea credin\u0163\u0103 sau grav\u0103 neglijen\u0163\u0103<\/strong>\u201d, se arat\u0103 la alin. (2) reformulat de \u015eerban Nicolae.<\/p>\n<p data-index=\"20\">\u00cen noua form\u0103, alin. (3) prevede \u201e<strong>exist\u0103 eroare judiciar\u0103 atunci c\u00e2nd, \u00een \u00eenf\u0103ptuirea actului de justi\u0163ie se determin\u0103 o desf\u0103\u015furare gre\u015fit\u0103 a unei proceduri judiciare \u015fi prin aceast\u0103 se produce o v\u0103t\u0103mare a drepturilor ori intereselor legimite ale unei persoane<\/strong>\u201d.<\/p>\n<p data-index=\"21\">De asemenea, \u015eerban Nicolae \u00a0a modificat \u015fi alin. (4) al legii 303\/2004, care acum prevede c\u0103 \u201e<strong>exist\u0103 rea credin\u0163\u0103 atunci c\u00e2nd judec\u0103torul sau procurorul \u00een exercitarea func\u0163iei, cu \u015ftiin\u0163\u0103, prin \u00eenc\u0103lcarea Conven\u0163iei pentru ap\u0103rarea Drepturilor Omului \u015fi a Libert\u0103\u0163ilor fundamentale prev\u0103zute de Constitu\u0163ia Rom\u00e2niei ori a normelor de drept material sau procesual a determinat o eroare judiciar\u0103<\/strong>\u201d. \u00a0<\/p>\n<p data-index=\"22\">La alin. (5), se arat\u0103 c\u0103 \u201eexist\u0103 grav\u0103 neglijen\u0163\u0103 atunci c\u00e2nd judec\u0103torul sau procurorul \u00een exercitarea func\u0163iei din culp\u0103 nesocote\u015fte normele de drept material ori procesual, determin\u00e2nd o eroare judiciar\u0103\u201d. \u00a0<\/p>\n<p data-index=\"23\">\u201e<strong>Nu este \u00eendrept\u0103\u0163it\u0103 la repararea pagubei persoana care, \u00een cursul procesului, a contribuit \u00een orice mod la s\u0103v\u00e2r\u015firea erorii judiciare de c\u0103tre judec\u0103tor sau procuror<\/strong>\u201d, precizeaz\u0103 alin. (6) \u00een noua form\u0103.<\/p>\n<p data-index=\"24\">Alin. (7), modifcat \u015fi el, statueaz\u0103 c\u0103 \u201epentru repararea prejudiciului produs printr-o eroare judiciar\u0103 <strong>persoana v\u0103t\u0103mat\u0103 se poate \u00eendrepta cu ac\u0163iune numai \u00eempotriva statului<\/strong>, reprezentat prin Ministerul Finan\u0163elor Publice, \u00een condi\u0163iile legii, la tribunalul \u00een a c\u0103rui circumscrip\u0163ie \u00ee\u015fi are domiciliul sau sediul dup\u0103 caz. Plata de c\u0103tre stat a sumelor datoroate cu titlu de desp\u0103gubire se efectueaz\u0103 \u00een termen de maxim 1 an de la data comunic\u0103rii hot\u0103r\u00e2rii judec\u0103tore\u015fti definitive\u201d. \u00a0<\/p>\n<p data-index=\"25\">\u201e<strong>Dup\u0103 ce prejudiciul cauzat de o eroare judiciar\u0103 a fost acoperit de stat, Ministerul Finan\u0163elor Publice se \u00eentoarce \u00een mod obligatoriu pe cale judiciar\u0103 \u00eempotriva jduecatorului sau procurorului care a determinat eroarea judiciar\u0103<\/strong>. Competen\u0163a de judecat\u0103, \u00een prim\u0103 instan\u0163\u0103, revine Cur\u0163ii de Apel Bucure\u015fti, dispozi\u0163iile Codului de procedur\u0103 civil\u0103 fiind pe deplin aplicabile\u201d, se arat\u0103 la alin. (8), modificat a\u015fa cum a propus \u015eerban Nicolae.<\/p>\n<p data-index=\"26\">La alin. (9) se prevede c\u0103 \u201etermenul de prescrip\u0163ie a dreptului la ac\u0163iune al statului prev\u0103zut la alin. (8) este de un an, de la data c\u00e2nd a fost achitat integral prejudiciul\u201d.<\/p>\n<p data-index=\"27\">Ultimul alineat al articolului 96, \u00een forma propus\u0103 de \u015eerban Nicolae, prevede c\u0103 \u201eCSM poate stabili condi\u0163ii, termene \u015fi proceduri pentru asigurarea profesional\u0103 obligatorie a judec\u0103torilor \u015fi procurorilor. <strong>Asigurarea obligatorie nu poate s\u0103 \u00eent\u00e2rzie, s\u0103 diminueze sau s\u0103 \u00eenl\u0103ture r\u0103spunderea pentru eroarea judiciar\u0103 determinat\u0103 de rea-credin\u0163a sau grav\u0103 neglijen\u0163\u0103<\/strong>\u201d.<\/p>\n<\/div>\n<p> Source URL: https:\/\/www.digi24.ro\/stiri\/actualitate\/politica\/fara-precedent-statutul-magistratilor-dezbatut-pe-langa-regulamentul-parlamentului-848044<\/p>\n","protected":false},"excerpt":{"rendered":"<p>Majoritatea PSD-ALDE, sus\u021binut\u0103 de UDMR, a decis continuarea dezbaterilor la Statutul judec\u0103torilor \u0219i procurorilor \u00een timp ce trebuia s\u0103 \u00eenceap\u0103 \u0219edin\u021ba comun\u0103 dedicat\u0103 bugetului pe 2018. Propunerea a fost formulat\u0103 de senatorul PSD \u0218erban Nicolae. Practic, prin acceptarea acesteia, senatorii au \u00eenc\u0103lcat prevederile Regulamentului activit\u0103\u021bilor comune ale Camerei Deputa\u021bilor \u0219i Senatului. Surs\u0103 foto: INQUAM PHOTOS [&hellip;]<\/p>\n","protected":false},"author":1,"featured_media":128108,"comment_status":"open","ping_status":"","sticky":false,"template":"","format":"standard","meta":{"footnotes":""},"categories":[2],"tags":[11],"class_list":["post-128107","post","type-post","status-publish","format-standard","has-post-thumbnail","hentry","category-politics","tag-digi24"],"_links":{"self":[{"href":"https:\/\/analyse.optim.biz\/index.php?rest_route=\/wp\/v2\/posts\/128107","targetHints":{"allow":["GET"]}}],"collection":[{"href":"https:\/\/analyse.optim.biz\/index.php?rest_route=\/wp\/v2\/posts"}],"about":[{"href":"https:\/\/analyse.optim.biz\/index.php?rest_route=\/wp\/v2\/types\/post"}],"author":[{"embeddable":true,"href":"https:\/\/analyse.optim.biz\/index.php?rest_route=\/wp\/v2\/users\/1"}],"replies":[{"embeddable":true,"href":"https:\/\/analyse.optim.biz\/index.php?rest_route=%2Fwp%2Fv2%2Fcomments&post=128107"}],"version-history":[{"count":0,"href":"https:\/\/analyse.optim.biz\/index.php?rest_route=\/wp\/v2\/posts\/128107\/revisions"}],"wp:featuredmedia":[{"embeddable":true,"href":"https:\/\/analyse.optim.biz\/index.php?rest_route=\/wp\/v2\/media\/128108"}],"wp:attachment":[{"href":"https:\/\/analyse.optim.biz\/index.php?rest_route=%2Fwp%2Fv2%2Fmedia&parent=128107"}],"wp:term":[{"taxonomy":"category","embeddable":true,"href":"https:\/\/analyse.optim.biz\/index.php?rest_route=%2Fwp%2Fv2%2Fcategories&post=128107"},{"taxonomy":"post_tag","embeddable":true,"href":"https:\/\/analyse.optim.biz\/index.php?rest_route=%2Fwp%2Fv2%2Ftags&post=128107"}],"curies":[{"name":"wp","href":"https:\/\/api.w.org\/{rel}","templated":true}]}}