{"id":128104,"date":"2017-12-19T15:35:26","date_gmt":"2017-12-19T12:35:26","guid":{"rendered":"https:\/\/analyse.optim.biz\/?p=128104"},"modified":"2017-12-19T15:35:26","modified_gmt":"2017-12-19T12:35:26","slug":"surse-ministrul-justitiei-a-afectat-independenta-justitiei-prin-declaratiile-privind-dosarul-belina","status":"publish","type":"post","link":"https:\/\/analyse.optim.biz\/?p=128104","title":{"rendered":"Surse. Ministrul Justi\u021biei a afectat independen\u021ba Justi\u021biei prin declara\u021biile privind dosarul \u201eBelina\u201d"},"content":{"rendered":"<div class=\"entry data-app-meta data-app-meta-article\" data-embed-base-url-canonical=\"https:\/\/www.digi24.ro\/embed\/stiri\/actualitate\/politica\/surse-ministrul-justitiei-a-afectat-independenta-justitiei-prin-declaratiile-privind-dosarul-belina-848071\">\n<p data-index=\"1\"><strong>Plenul Consiliului Superior al Magistraturii (CSM) a admis, mar\u0163i, sesizarea procurorului-\u015fef al DNA, Laura Codru\u0163a Kovesi, referitoare la declara\u0163iile ministrului Justi\u0163iei, Tudorel Toader, despre dosarul \u201eBelina\u201d \u015fi a stabilit c\u0103 afirma\u0163iile acestuia au afectat independen\u0163a sistemului judiciar, au precizat, pentru Agerpres, surse din CSM.<\/strong><\/p>\n<figure class=\"article-thumb\"><img decoding=\"async\" src=\"https:\/\/analyse.optim.biz\/wp-content\/uploads\/2024\/09\/mdamemm9mszoyxnopwfln2u2yjmyn2ixyjuzntfhmwe3odqyzjhknmiwnwuw-thumb_.jpg\" alt=\"COMBO_INQUAM_TOADER_KOVESI_INSPECTIA_INQUAM_Photos_Octav_Ganea\" data-skip-htmlfix=\"1\" title=\"mdamemm9mszoyxnopwfln2u2yjmyn2ixyjuzntfhmwe3odqyzjhknmiwnwuw-thumb_\"><figcaption> Surs\u0103 foto: INQUAM PHOTOS \/ Octav Ganea <\/figcaption><\/figure>\n<p data-index=\"2\"><strong>Sursele citate au ar\u0103tat c\u0103 decizia a fost luat\u0103 cu 9 voturi pentru \u015fi 7 \u00eempotriv\u0103<\/strong>.<\/p>\n<p> Pe 26 septembrie, procurorul \u015fef al DNA, Laura Codru\u0163a Kovesi, a solicitat CSM s\u0103 analizeze dac\u0103 afirma\u0163iile ministrului Justi\u0163iei referitoare la dosarul \u201eBelina&#8221; sunt de natur\u0103 s\u0103 afecteze independen\u0163a sistemului judiciar.<\/p>\n<p> \u201e\u00cen cursul zilei de 26 septembrie 2017, ministrul Justi\u0163iei, Tudorel Toader, a f\u0103cut o serie de considera\u0163ii de natur\u0103 juridic\u0103, \u00een contextul unor \u00eentreb\u0103ri ale reprezentan\u0163ilor mass-media despre o cauz\u0103 aflat\u0103 \u00een lucru la procurorii DNA, cunoscut\u0103 drept &#8216;dosarul Belina&#8217;. Astfel, <strong>ministrul Justi\u0163iei a afirmat, \u00eentre altele, c\u0103 legalitatea unei hot\u0103r\u00e2ri de guvern nu o verific\u0103 procurorii, ci judec\u0103torii de contencios administrativ<\/strong>&#8220;, se ar\u0103ta \u00eentr-un comunicat al DNA.<\/p>\n<p> Potrivit DNA, declara\u0163iile ministrului Justi\u0163iei cu privire la o anchet\u0103 penal\u0103 \u00een curs, care are ca obiect cercetarea unor fapte penale, reprezint\u0103 o form\u0103 de imixtiune \u00een activitatea procurorilor.<\/p>\n<p> \u201eSub acest aspect, procurorul \u015fef al DNA a solicitat CSM s\u0103 analizeze dac\u0103 aceste afirma\u0163ii sunt de natur\u0103 s\u0103 afecteze independen\u0163a sistemului judiciar, \u00eentruc\u00e2t, prin declara\u0163iile din data de 26 septembrie 2017, domnul ministru al Justi\u0163iei a indus ideea (&#8230;) c\u0103 activitatea procurorilor nu se desf\u0103\u015foar\u0103 \u00een limitele cadrului legal\u201d, se preciza \u00een comunicat.<\/p>\n<p> \u00cen sus\u0163inerea cererii adresate CSM, procurorul \u015fef al DNA a apreciat c\u0103 \u201eexprimarea public\u0103 a unui punct de vedere trebuie, \u00een mod obligatoriu, s\u0103 respecte principiul responsabilit\u0103\u0163ii, deontologia profesional\u0103 \u015fi buna credin\u0163\u0103\u201d.<\/p>\n<p> \u201eAcreditarea ideii c\u0103 procurorii DNA nu investigheaz\u0103 fapte ce reprezint\u0103 \u00eenc\u0103lc\u0103ri ale legii penale este de natur\u0103 s\u0103 afecteze \u00eencrederea opiniei publice \u00een activitatea desf\u0103\u015furat\u0103 de DNA. Preluarea afirma\u0163iilor \u015fi de c\u0103tre alte publica\u0163ii a contribuit la amplificarea acestor consecin\u0163e, cu afectarea independen\u0163ei \u00eentregului sistem judiciar \u015fi manipularea opiniei publice\u201d, a sus\u0163inut Kovesi.<\/p>\n<p> Referitor la problema de drept invocat\u0103 \u00een declara\u0163iile ministrului Justi\u0163iei, DNA a ar\u0103tat c\u0103 a fost tran\u015fat\u0103 \u00een mod definitiv de c\u0103tre \u00cenalta Curte de Casa\u0163ie \u015fi Justi\u0163ie, care a stabilit c\u0103 fapta ministrului care promoveaz\u0103 o hot\u0103r\u00e2re de guvern av\u00e2nd ca obiect trecerea \u00een mod nelegal a unui bun imobil din domeniul public al statului \u00eentr-o alt\u0103 form\u0103 de proprietate public\u0103, produc\u00e2nd un avantaj patrimonial unei societ\u0103\u0163i comerciale, constituie infrac\u0163iunea de abuz \u00een serviciu.<\/p>\n<p> \u201e\u00cen ceea ce prive\u015fte decizia Cur\u0163ii Constitu\u0163ionale a Rom\u00e2niei nr. 68 din 27 februarie 2017, preciz\u0103m c\u0103 aceasta este aplicabil\u0103 unor acte normative de nivelul legilor \u015fi ordonan\u0163elor de urgen\u0163\u0103, \u015fi nu actelor administrative emise prin hot\u0103r\u00e2ri de guvern\u201d, se mai men\u0163iona \u00een comunicatul DNA.<\/p>\n<p> Ministrul Justi\u0163iei, Tudorel Toader, a declarat c\u0103 legalitatea unei hot\u0103r\u00e2ri de guvern este verificat\u0103 de judec\u0103torul specializat \u00een contencios administrativ, \u015fi nu de c\u0103tre procuror.<\/p>\n<p> \u201eDe principiu, hot\u0103r\u00e2rile de guvern sunt acte normative infralegale cum se spune, sub lege, \u00een ierarhia actelor normative. Hot\u0103r\u00e2rile de guvern pot crea suspiciuni privind legalitatea. \u00cen aceast\u0103 ipotez\u0103, c\u0103 e hot\u0103r\u00e2re de guvern, c\u0103 este un ordin de ministru, verificarea legalit\u0103\u0163ii actelor normative infralegale se realizeaz\u0103 de c\u0103tre instan\u0163a de contencios administrativ. \u015eti\u0163i c\u0103 multe hot\u0103r\u00e2ri de guvern au fost atacate la instan\u0163ele de contencios administrativ, spre a se verifica de c\u0103tre judec\u0103tor legalitatea unui act normativ inferior legii. Prin urmare, \u00een opinia mea, legalitatea unei hot\u0103r\u00e2ri de guvern nu o verific\u0103 procurorul, ci o verific\u0103 judec\u0103torul specializat \u00een contencios administrativ&#8221;, a spus Toader, \u00eentrebat cum comenteaz\u0103 decizia DNA de a ancheta emiterea unei hot\u0103r\u00e2ri de guvern \u00een dosarul \u201eBelina\u201d.<\/p>\n<\/div>\n<p> Source URL: https:\/\/www.digi24.ro\/stiri\/actualitate\/politica\/surse-ministrul-justitiei-a-afectat-independenta-justitiei-prin-declaratiile-privind-dosarul-belina-848071<\/p>\n","protected":false},"excerpt":{"rendered":"<p>Plenul Consiliului Superior al Magistraturii (CSM) a admis, mar\u0163i, sesizarea procurorului-\u015fef al DNA, Laura Codru\u0163a Kovesi, referitoare la declara\u0163iile ministrului Justi\u0163iei, Tudorel Toader, despre dosarul \u201eBelina\u201d \u015fi a stabilit c\u0103 afirma\u0163iile acestuia au afectat independen\u0163a sistemului judiciar, au precizat, pentru Agerpres, surse din CSM. Surs\u0103 foto: INQUAM PHOTOS \/ Octav Ganea Sursele citate au ar\u0103tat [&hellip;]<\/p>\n","protected":false},"author":1,"featured_media":128105,"comment_status":"open","ping_status":"","sticky":false,"template":"","format":"standard","meta":{"footnotes":""},"categories":[2],"tags":[11],"class_list":["post-128104","post","type-post","status-publish","format-standard","has-post-thumbnail","hentry","category-politics","tag-digi24"],"_links":{"self":[{"href":"https:\/\/analyse.optim.biz\/index.php?rest_route=\/wp\/v2\/posts\/128104","targetHints":{"allow":["GET"]}}],"collection":[{"href":"https:\/\/analyse.optim.biz\/index.php?rest_route=\/wp\/v2\/posts"}],"about":[{"href":"https:\/\/analyse.optim.biz\/index.php?rest_route=\/wp\/v2\/types\/post"}],"author":[{"embeddable":true,"href":"https:\/\/analyse.optim.biz\/index.php?rest_route=\/wp\/v2\/users\/1"}],"replies":[{"embeddable":true,"href":"https:\/\/analyse.optim.biz\/index.php?rest_route=%2Fwp%2Fv2%2Fcomments&post=128104"}],"version-history":[{"count":0,"href":"https:\/\/analyse.optim.biz\/index.php?rest_route=\/wp\/v2\/posts\/128104\/revisions"}],"wp:featuredmedia":[{"embeddable":true,"href":"https:\/\/analyse.optim.biz\/index.php?rest_route=\/wp\/v2\/media\/128105"}],"wp:attachment":[{"href":"https:\/\/analyse.optim.biz\/index.php?rest_route=%2Fwp%2Fv2%2Fmedia&parent=128104"}],"wp:term":[{"taxonomy":"category","embeddable":true,"href":"https:\/\/analyse.optim.biz\/index.php?rest_route=%2Fwp%2Fv2%2Fcategories&post=128104"},{"taxonomy":"post_tag","embeddable":true,"href":"https:\/\/analyse.optim.biz\/index.php?rest_route=%2Fwp%2Fv2%2Ftags&post=128104"}],"curies":[{"name":"wp","href":"https:\/\/api.w.org\/{rel}","templated":true}]}}