{"id":128101,"date":"2017-12-19T19:20:47","date_gmt":"2017-12-19T16:20:47","guid":{"rendered":"https:\/\/analyse.optim.biz\/?p=128101"},"modified":"2017-12-19T19:20:47","modified_gmt":"2017-12-19T16:20:47","slug":"legile-justitiei-sectia-de-investigarea-a-infractiunilor-savarsite-de-magistrati-primeste-puteri-sporite","status":"publish","type":"post","link":"https:\/\/analyse.optim.biz\/?p=128101","title":{"rendered":"Legile Justi\u0163iei: Sec\u0163ia de investigarea a infrac\u0163iunilor s\u0103v\u00e2r\u015fite de magistra\u0163i prime\u015fte puteri sporite"},"content":{"rendered":"<div class=\"entry data-app-meta data-app-meta-article\" data-embed-base-url-canonical=\"https:\/\/www.digi24.ro\/embed\/stiri\/actualitate\/justitie\/legile-justitiei-sectia-de-investigarea-a-infractiunilor-savarsite-de-magistrati-primeste-puteri-sporite-848187\">\n<p data-index=\"1\"><strong>Comisia special\u0103 pentru legile justi\u0163iei a adoptat mar\u0163i un amendament la legea 304\/2004 privind organizarea judiciar\u0103 prin care acord\u0103 puteri sporite nou \u00eenfiin\u0163atei sec\u0163ii de investigare a magistra\u0163ilor, astfel \u00eenc\u00e2t aceast\u0103 structur\u0103 va putea s\u0103 cerceteze toate infrac\u0163iunile s\u0103v\u00e2r\u015fite de procurori \u015fi judec\u0103tori.<\/strong><\/p>\n<p data-index=\"2\"><img loading=\"lazy\" decoding=\"async\" class=\"alignnone size-full wp-image-848190\" src=\"https:\/\/analyse.optim.biz\/wp-content\/uploads\/2024\/09\/yxnopwnkmjqyntnmmzu1odhmodrlzdc4nmnhmdfhn2ezmgyx-thumb_.jpg\" width=\"936\" height=\"623\" data-skip-htmlfix=\"1\" title=\"yxnopwnkmjqyntnmmzu1odhmodrlzdc4nmnhmdfhn2ezmgyx-thumb_\"><\/p>\n<p data-index=\"3\">\u201d\u00cen cadrul Parchetului de pe l\u00e2ng\u0103 \u00cenalta Curte de Casa\u0163ie \u015fi Justi\u0163ie se \u00eenfiin\u0163eaz\u0103 \u015fi func\u0163ioneaz\u0103 Sec\u0163ia pentru Investigarea Infrac\u0163iunilor din Justi\u0163ie care are competen\u0163a exclusiv\u0103 de a efectua urm\u0103rirea penal\u0103 pentru infrac\u0163iunile s\u0103v\u00e2r\u015fite de judec\u0103tori \u015fi procurori, inclusiv judec\u0103torii \u015fi procurorii militari \u015fi cei care au calitatea de membri ai Consiliului Superior al Magistraturii\u201d, se arat\u0103 \u00een amendamnetul adoptat de comisia special\u0103.<\/p>\n<p data-index=\"4\">\u00cen varianta votat\u0103 de Camera Deputa\u0163ilor, sec\u0163ia special\u0103 avea competen\u0163a de a investiga doar unele infrac\u0163iuni s\u0103v\u00e2r\u015fite de magistra\u0163i, nu toate infrac\u0163iunile, a\u015fa cum a decis comisia special\u0103.<\/p>\n<p data-index=\"5\">O alt\u0103 noutate introdus\u0103 de comisie a fost prevederea c\u0103 sec\u0163ia pentru investigarea infrac\u0163iunilor din justi\u0163ie \u00ee\u015fi p\u0103streaz\u0103 competen\u0163a de urm\u0103rire penal\u0103 \u015fi \u00een situa\u0163ia \u00een care al\u0103turi magistra\u0163i sunt cercetate \u015fi alte persoane.<\/p>\n<p data-index=\"6\">Comisia a mai decis ca sec\u0163ia pentru investigarea infrac\u0163iunilor din Justi\u0163ie s\u0103 fie condus\u0103 de un procuror \u015fef sec\u0163ie, ajutat de un procuror-\u015fef adjunct, iar ambii s\u0103 fie numi\u0163i \u00een func\u0163ie de plenul Consiliului Superior al Magistraturii.<\/p>\n<p data-index=\"7\">De asemenea, conflictele de competen\u0163\u0103 ap\u0103rute \u00eentre sec\u0163ia pentru investigarea infrac\u0163iunilor din justi\u0163ie ar urma s\u0103 fie solu\u0163ionate de c\u0103tre procurorul general al Rom\u00e2niei.<\/p>\n<p data-index=\"8\">Sursa: news.ro<\/p>\n<\/div>\n<p> Source URL: https:\/\/www.digi24.ro\/stiri\/actualitate\/justitie\/legile-justitiei-sectia-de-investigarea-a-infractiunilor-savarsite-de-magistrati-primeste-puteri-sporite-848187<\/p>\n","protected":false},"excerpt":{"rendered":"<p>Comisia special\u0103 pentru legile justi\u0163iei a adoptat mar\u0163i un amendament la legea 304\/2004 privind organizarea judiciar\u0103 prin care acord\u0103 puteri sporite nou \u00eenfiin\u0163atei sec\u0163ii de investigare a magistra\u0163ilor, astfel \u00eenc\u00e2t aceast\u0103 structur\u0103 va putea s\u0103 cerceteze toate infrac\u0163iunile s\u0103v\u00e2r\u015fite de procurori \u015fi judec\u0103tori. \u201d\u00cen cadrul Parchetului de pe l\u00e2ng\u0103 \u00cenalta Curte de Casa\u0163ie \u015fi Justi\u0163ie [&hellip;]<\/p>\n","protected":false},"author":1,"featured_media":128102,"comment_status":"open","ping_status":"","sticky":false,"template":"","format":"standard","meta":{"footnotes":""},"categories":[2],"tags":[11],"class_list":["post-128101","post","type-post","status-publish","format-standard","has-post-thumbnail","hentry","category-politics","tag-digi24"],"_links":{"self":[{"href":"https:\/\/analyse.optim.biz\/index.php?rest_route=\/wp\/v2\/posts\/128101","targetHints":{"allow":["GET"]}}],"collection":[{"href":"https:\/\/analyse.optim.biz\/index.php?rest_route=\/wp\/v2\/posts"}],"about":[{"href":"https:\/\/analyse.optim.biz\/index.php?rest_route=\/wp\/v2\/types\/post"}],"author":[{"embeddable":true,"href":"https:\/\/analyse.optim.biz\/index.php?rest_route=\/wp\/v2\/users\/1"}],"replies":[{"embeddable":true,"href":"https:\/\/analyse.optim.biz\/index.php?rest_route=%2Fwp%2Fv2%2Fcomments&post=128101"}],"version-history":[{"count":0,"href":"https:\/\/analyse.optim.biz\/index.php?rest_route=\/wp\/v2\/posts\/128101\/revisions"}],"wp:featuredmedia":[{"embeddable":true,"href":"https:\/\/analyse.optim.biz\/index.php?rest_route=\/wp\/v2\/media\/128102"}],"wp:attachment":[{"href":"https:\/\/analyse.optim.biz\/index.php?rest_route=%2Fwp%2Fv2%2Fmedia&parent=128101"}],"wp:term":[{"taxonomy":"category","embeddable":true,"href":"https:\/\/analyse.optim.biz\/index.php?rest_route=%2Fwp%2Fv2%2Fcategories&post=128101"},{"taxonomy":"post_tag","embeddable":true,"href":"https:\/\/analyse.optim.biz\/index.php?rest_route=%2Fwp%2Fv2%2Ftags&post=128101"}],"curies":[{"name":"wp","href":"https:\/\/api.w.org\/{rel}","templated":true}]}}