{"id":1278978,"date":"2016-05-24T07:00:12","date_gmt":"2016-05-24T04:00:12","guid":{"rendered":"https:\/\/analyse.optim.biz\/?p=1278978"},"modified":"2016-05-24T07:00:12","modified_gmt":"2016-05-24T04:00:12","slug":"politistii-atrag-atentia-cu-privire-la-modul-de-asigurare-a-vehiculelor-si-bunurilor-lasate-in-interiorul-acestora-suceavalive","status":"publish","type":"post","link":"https:\/\/analyse.optim.biz\/?p=1278978","title":{"rendered":"Poli\u021bi\u0219tii atrag aten\u0163ia cu privire la modul de asigurare a vehiculelor \u015fi bunurilor l\u0103sate \u00een interiorul acestora &#8211; SuceavaLIVE"},"content":{"rendered":"<article id=\"post-74472\" class=\"clearfix post-74472 post type-post status-publish format-standard has-post-thumbnail hentry category-comunicate tag-accident tag-accident-2016-suceava tag-accident-martie-2016 tag-accident-suceava tag-bucovina tag-editorial-suceava tag-furt-martie-2016 tag-furt-suceava tag-informatia tag-informatii-interesante tag-media tag-monitorul-suceava tag-news tag-noutati-suceava tag-obiectiv-suceava tag-orasul-suceava tag-plus-stiri tag-politia-judeteana-suceava tag-politia-suceava tag-reportaje tag-spitalul-judetean-suceava tag-stirea-zilei tag-stiri-de-ultima-ora tag-stiri-suceava tag-stirile-zilei tag-suceava tag-suceavalive tag-ultimele-stiri tag-urgente-suceava tag-victime-accident-suceava tag-victime-suceava\">\n<header id=\"cb-standard-featured\">\n<div id=\"cb-fis-wrap\" class=\"cb-entry-header cb-fis cb-style-standard\"><span class=\"cb-title-fi\"><\/p>\n<h1 class=\"entry-title cb-entry-title cb-single-title\">Poli\u021bi\u0219tii atrag aten\u0163ia cu privire la modul de asigurare a vehiculelor \u015fi bunurilor l\u0103sate \u00een interiorul acestora<\/h1>\n<div class=\"cb-byline cb-font-header\">\n<div class=\"cb-date cb-byline-element\"><time datetime=\"2016-05-24\">24 mai 2016<\/time><\/div>\n<\/div>\n<p><\/span><\/div>\n<div class=\"cb-mask\"><img decoding=\"async\" width=\"1280\" height=\"720\" src=\"https:\/\/analyse.optim.biz\/wp-content\/uploads\/2026\/01\/purtator-de-cuvant-ipj-politie-1.jpg\" class=\"attachment-cb-full-full size-cb-full-full wp-post-image\" loading=\"lazy\" title=\"purtator-de-cuvant-ipj-politie-1\"><\/div>\n<\/header>\n<p>Duminic\u0103, \u00een jurul orei 13:00, o femeie de 58 de ani, din municipiul Suceava, a sesizat poli\u021bia despre faptul c\u0103, persoane necunoscute i-au sustras din autoturism o geant\u0103 cu bunuri.<\/p>\n<section class=\"cb-entry-content entry-content clearfix\">\n<p class=\"western\" align=\"justify\"><span><span>Conform unui comunicat al IPJ Suceava, din primele cercet\u0103ri, poli\u021bi\u0219tii au stabilit faptul c\u0103, \u00een jurul orei 10:40, partea v\u0103t\u0103mat\u0103 a parcat autoturismul pe o alee din Pia\u0163a Agroalimentar\u0103 Burdujeni, iar dup\u0103 aproximativ 25 de minute, c\u00e2nd a revenit, a sesizat faptul c\u0103, geamul unei portiere este spart, iar de pe banchet\u0103 lipse\u015fte geanta cu documente \u0219i un telefon mobil.<\/span><\/span><\/p>\n<p class=\"western\" align=\"justify\"><span><span>Cu ocazia verific\u0103rilor efectuate \u00een zona comiterii furtului, geanta a fost g\u0103sit\u0103 abandonat\u0103 l\u00e2ng\u0103 un tomberon din zona pie\u0163ii, \u00eens\u0103, f\u0103r\u0103 telefonul mobil, prejudiciul fiind de circa 500 lei.<\/span><\/span><\/p>\n<p class=\"western\" align=\"justify\"><span><span>Tot duminic\u0103, la ora 00:00, un b\u0103rbat de 42 de ani, din municipiul R\u0103d\u0103u\u021bi, a sesizat poli\u021bia despre faptul c\u0103, persoane necunoscute i-au sustras din autoturism, geanta so\u0163iei sale. <\/span><\/span><\/p>\n<p class=\"western\" align=\"justify\"><span><span>B\u0103rbatul participa, \u00eempreun\u0103 cu so\u021bia sa, la o nunt\u0103 din comuna \u015echeia, iar la plecare, a constatat faptul c\u0103 geamul unei portiere este spart, iar de pe scaun, l\u0103sat\u0103 la vedere, lipse\u015fte geanta so\u0163iei, \u00een care se aflau bani, bijuterii \u0219i documente. <\/span><\/span><\/p>\n<p class=\"western\" align=\"justify\"><span><span>\u00cen ambele cauze s-a \u00eentocmit dosar penal sub aspectul s\u0103v\u00e2r\u015firii infrac\u0163iunii de furt calificat, cercet\u0103rile fiind continuate de poli\u021bi\u0219ti pentru identificarea autorilor \u015fi recuperarea prejudiciilor.<\/span><\/span><\/p>\n<p class=\"western\" align=\"justify\"><span><span>Poli\u0163i\u015ftii atrag aten\u0163ia cu privire la modul de asigurare a vehiculelor, dar \u015fi cu privire la loca\u0163iile de parcare \u015fi la bunurile pe care cet\u0103\u0163enii le las\u0103 \u00een interiorul autoturismelor. <\/span><\/span><\/p>\n<p class=\"western\" align=\"justify\"><span><span>Pentru a preveni furturile din auto, poli\u0163i\u015ftii recomand\u0103:<\/span><\/span><\/p>\n<ul>\n<li>\n<p class=\"western\"><span><span>nu parca\u0163i autoturismul \u00een zone neiluminate, la ad\u0103postul \u00eentunericului, ho\u0163ii pot ac\u0163iona nestingheri\u0163i;<\/span><\/span><\/p>\n<\/li>\n<li>\n<p class=\"western\"><span><span>nu l\u0103sa\u0163i \u00een interiorul autoturismului acte sau alte valori;<\/span><\/span><\/p>\n<\/li>\n<li>\n<p class=\"western\"><span><span>\u00een timpul zilei asigura\u0163i-v\u0103 autoturismul prin blocarea tuturor portierelor;<\/span><\/span><\/p>\n<\/li>\n<li>\n<p class=\"western\"><span><span>c\u00e2nd p\u0103r\u0103si\u0163i autoturismul, chiar pentru un minut, nu v\u0103 zg\u00e2rci\u0163i cu timpul dumneavoastr\u0103 \u015fi asigura\u0163i portierele ; indicat ar fi \u015fi cuplarea sistemului de alarm\u0103;<\/span><\/span><\/p>\n<\/li>\n<li>\n<p class=\"western\"><span><span>nu l\u0103sa\u0163i \u00een autoturism bunuri de valoare, gen\u0163i sau lucruri ce ar putea trezi interesul ho\u0163ilor; ace\u015ftia ac\u0163ioneaz\u0103 at\u00e2t \u00een parc\u0103rile aglomerate c\u00e2t \u015fi din mers, \u00eencerc\u00e2nd portierele ma\u015finilor sta\u0163ionate;<\/span><\/span><\/p>\n<\/li>\n<li>\n<p class=\"western\"><span><span>dac\u0103 la bordul autoturismului ave\u0163i montat\u0103 aparatur\u0103 electronic\u0103 de valoare, gen, radio casetofoane scumpe sau CD playere, sisteme de naviga\u0163ie, sta\u0163ii auto, este indicat s\u0103 fie luate \u00een cas\u0103 pe timpul nop\u0163ii;<\/span><\/span><\/p>\n<\/li>\n<li>\n<p class=\"western\"><span><span>\u00eencerca\u0163i s\u0103 monta\u0163i aparatura audio pe un sistem tip \u015fin\u0103, cu fi\u015fe, care s\u0103 permit\u0103 o deconectare u\u015foar\u0103 \u015fi f\u0103r\u0103 riscuri;<\/span><\/span><\/p>\n<\/li>\n<li>\n<p class=\"western\"><span><span>nu l\u0103sa\u0163i niciodat\u0103 \u00een autoturism actele ma\u015finii;<\/span><\/span><\/p>\n<\/li>\n<li>\n<p class=\"western\"><span><span>nu l\u0103sa\u0163i \u00een ma\u015fin\u0103 bani, c\u0103r\u0163i de credit, ordine de plat\u0103 sau alte obiecte; obiceiul de a \u00eencuia \u00een torpedou banii atrage de obicei aten\u0163ia.<\/span><\/span><\/p>\n<\/li>\n<\/ul>\n<\/section>\n<footer class=\"article-footer\">\n<p class=\"cb-tags\"><a href=\"https:\/\/suceavalive.ro\/tag\/accident\/\" rel=\"tag\">accident<\/a><a href=\"https:\/\/suceavalive.ro\/tag\/accident-2016-suceava\/\" rel=\"tag\">accident 2016 suceava<\/a><a href=\"https:\/\/suceavalive.ro\/tag\/accident-martie-2016\/\" rel=\"tag\">accident martie 2016<\/a><a href=\"https:\/\/suceavalive.ro\/tag\/accident-suceava\/\" rel=\"tag\">accident suceava<\/a><a href=\"https:\/\/suceavalive.ro\/tag\/bucovina\/\" rel=\"tag\">bucovina<\/a><a href=\"https:\/\/suceavalive.ro\/tag\/editorial-suceava\/\" rel=\"tag\">editorial suceava<\/a><a href=\"https:\/\/suceavalive.ro\/tag\/furt-martie-2016\/\" rel=\"tag\">furt martie 2016<\/a><a href=\"https:\/\/suceavalive.ro\/tag\/furt-suceava\/\" rel=\"tag\">furt suceava<\/a><a href=\"https:\/\/suceavalive.ro\/tag\/informatia\/\" rel=\"tag\">informatia<\/a><a href=\"https:\/\/suceavalive.ro\/tag\/informatii-interesante\/\" rel=\"tag\">informatii interesante<\/a><a href=\"https:\/\/suceavalive.ro\/tag\/media\/\" rel=\"tag\">media<\/a><a href=\"https:\/\/suceavalive.ro\/tag\/monitorul-suceava\/\" rel=\"tag\">monitorul suceava<\/a><a href=\"https:\/\/suceavalive.ro\/tag\/news\/\" rel=\"tag\">news<\/a><a href=\"https:\/\/suceavalive.ro\/tag\/noutati-suceava\/\" rel=\"tag\">noutati suceava<\/a><a href=\"https:\/\/suceavalive.ro\/tag\/obiectiv-suceava\/\" rel=\"tag\">obiectiv suceava<\/a><a href=\"https:\/\/suceavalive.ro\/tag\/orasul-suceava\/\" rel=\"tag\">orasul suceava<\/a><a href=\"https:\/\/suceavalive.ro\/tag\/plus-stiri\/\" rel=\"tag\">plus stiri<\/a><a href=\"https:\/\/suceavalive.ro\/tag\/politia-judeteana-suceava\/\" rel=\"tag\">politia judeteana suceava<\/a><a href=\"https:\/\/suceavalive.ro\/tag\/politia-suceava\/\" rel=\"tag\">politia suceava<\/a><a href=\"https:\/\/suceavalive.ro\/tag\/reportaje\/\" rel=\"tag\">reportaje<\/a><a href=\"https:\/\/suceavalive.ro\/tag\/spitalul-judetean-suceava\/\" rel=\"tag\">Spitalul Jude\u0163ean Suceava<\/a><a href=\"https:\/\/suceavalive.ro\/tag\/stirea-zilei\/\" rel=\"tag\">stirea zilei<\/a><a href=\"https:\/\/suceavalive.ro\/tag\/stiri-de-ultima-ora\/\" rel=\"tag\">stiri de ultima ora<\/a><a href=\"https:\/\/suceavalive.ro\/tag\/stiri-suceava\/\" rel=\"tag\">stiri suceava<\/a><a href=\"https:\/\/suceavalive.ro\/tag\/stirile-zilei\/\" rel=\"tag\">stirile zilei<\/a><a href=\"https:\/\/suceavalive.ro\/tag\/suceava\/\" rel=\"tag\">Suceava<\/a><a href=\"https:\/\/suceavalive.ro\/tag\/suceavalive\/\" rel=\"tag\">suceavalive<\/a><a href=\"https:\/\/suceavalive.ro\/tag\/ultimele-stiri\/\" rel=\"tag\">ultimele stiri<\/a><a href=\"https:\/\/suceavalive.ro\/tag\/urgente-suceava\/\" rel=\"tag\">urgente suceava<\/a><a href=\"https:\/\/suceavalive.ro\/tag\/victime-accident-suceava\/\" rel=\"tag\">victime accident suceava<\/a><a href=\"https:\/\/suceavalive.ro\/tag\/victime-suceava\/\" rel=\"tag\">victime suceava<\/a><\/p>\n<div class=\"cb-social-sharing cb-post-footer-block cb-beside clearfix\">\n<div class=\"cb-title-subtle\">Share On:<\/div>\n<div class=\"cb-twitter\"><a href=\"https:\/\/twitter.com\/share\" class=\"twitter-share-button\" data-dnt=\"true\" data-count=\"horizontal\">Tweet<\/a><\/div>\n<\/div>\n<div id=\"cb-previous-next-links\" class=\"cb-post-footer-block clearfix\">\n<div id=\"cb-previous-link\"><a href=\"https:\/\/suceavalive.ro\/dosar-penal-pentru-ca-s-urcat-baut-la-volan\/\" rel=\"prev\">Dosar penal pentru c\u0103 s-a urcat b\u0103ut la volan<\/a><\/div>\n<div id=\"cb-next-link\"><a href=\"https:\/\/suceavalive.ro\/flacari-puternice-la-o-gospodarie-din-valea-moldovei\/\" rel=\"next\">Fl\u0103c\u0103ri puternice la o gospod\u0103rie din Valea Moldovei<\/a><\/div>\n<\/div>\n<div id=\"cb-author-box\" class=\"clearfix\">\n<h3 class=\"cb-block-title\">Despre autor<\/h3>\n<div class=\"cb-mask\"><a href=\"https:\/\/suceavalive.ro\/author\/suceavalive\/\"><img decoding=\"async\" src=\"https:\/\/analyse.optim.biz\/wp-content\/uploads\/2026\/01\/d542cd85af72d7d3afad0d26982263c9a64170e87d978956298bfb0122b00b8c-18.jpg\" class=\"avatar avatar-120 photo\" height=\"120\" width=\"120\" loading=\"lazy\" title=\"d542cd85af72d7d3afad0d26982263c9a64170e87d978956298bfb0122b00b8c-18\"><\/a><\/div>\n<div class=\"cb-meta\">\n<div class=\"cb-info\">\n<div class=\"cb-author-title vcard\"><a href=\"https:\/\/suceavalive.ro\/author\/suceavalive\/\"><span class=\"fn\">SuceavaLive<\/span><\/a><\/div>\n<\/div>\n<\/div>\n<\/div>\n<div id=\"cb-related-posts\" class=\"cb-related-posts-block cb-post-end-block clearfix\">\n<h3 class=\"cb-block-title\">Postari asemanatoare<\/h3>\n<ul>\n<li class=\"cb-style-overlay cb-grid-entry cb-related-post no-1\">\n<div class=\"cb-mask\"><a href=\"https:\/\/suceavalive.ro\/calendarul-zilei-de-18-ianuarie\/\"><img decoding=\"async\" width=\"360\" height=\"240\" src=\"https:\/\/analyse.optim.biz\/wp-content\/uploads\/2026\/01\/grigore-vieru-360x240-4.jpg\" class=\"attachment-cb-360-240 size-cb-360-240 wp-post-image\" loading=\"lazy\" title=\"grigore-vieru-360x240-4\"><\/a><\/div>\n<div class=\"cb-meta cb-article-meta\">\n<h4 class=\"h3 cb-post-title\"><a href=\"https:\/\/suceavalive.ro\/calendarul-zilei-de-18-ianuarie\/\">Calendarul zilei de 18 ianuarie<\/a><\/h4>\n<div class=\"cb-byline cb-font-header\">\n<div class=\"cb-date cb-byline-element\"><time datetime=\"2026-01-18\">18 ianuarie 2026<\/time><\/div>\n<\/div>\n<\/div>\n<\/li>\n<li class=\"cb-style-overlay cb-grid-entry cb-related-post no-2\">\n<div class=\"cb-mask\"><a href=\"https:\/\/suceavalive.ro\/calendarul-zilei-de-16-ianuarie\/\"><img decoding=\"async\" width=\"360\" height=\"240\" src=\"https:\/\/analyse.optim.biz\/wp-content\/uploads\/2026\/01\/calinescu-360x240-4.jpg\" class=\"attachment-cb-360-240 size-cb-360-240 wp-post-image\" loading=\"lazy\" title=\"calinescu-360x240-4\"><\/a><\/div>\n<div class=\"cb-meta cb-article-meta\">\n<h4 class=\"h3 cb-post-title\"><a href=\"https:\/\/suceavalive.ro\/calendarul-zilei-de-16-ianuarie\/\">Calendarul zilei de 16 ianuarie<\/a><\/h4>\n<div class=\"cb-byline cb-font-header\">\n<div class=\"cb-date cb-byline-element\"><time datetime=\"2026-01-16\">16 ianuarie 2026<\/time><\/div>\n<\/div>\n<\/div>\n<\/li>\n<\/ul>\n<\/div>\n<\/footer>\n<div id=\"respond\" class=\"comment-respond\">\n<h3 id=\"reply-title\" class=\"comment-reply-title\">Lasa un raspuns <small><a rel=\"nofollow\" id=\"cancel-comment-reply-link\" href=\"https:\/\/suceavalive.ro\/politistii-atrag-atentia-cu-privire-la-modul-de-asigurare-vehiculelor-si-bunurilor-lasate-interiorul-acestora\/#respond\">Anuleaza raspunsul<\/a><\/small><\/h3>\n<p class=\"comment-notes\">Adresa ta de email nu va fi publicat\u0103.<\/p>\n<\/div>\n<\/article>\n<p> Source URL: https:\/\/suceavalive.ro\/politistii-atrag-atentia-cu-privire-la-modul-de-asigurare-vehiculelor-si-bunurilor-lasate-interiorul-acestora\/<\/p>\n","protected":false},"excerpt":{"rendered":"<p>Poli\u021bi\u0219tii atrag aten\u0163ia cu privire la modul de asigurare a vehiculelor \u015fi bunurilor l\u0103sate \u00een interiorul acestora 24 mai 2016 Duminic\u0103, \u00een jurul orei 13:00, o femeie de 58 de ani, din municipiul Suceava, a sesizat poli\u021bia despre faptul c\u0103, persoane necunoscute i-au sustras din autoturism o geant\u0103 cu bunuri. Conform unui comunicat al IPJ [&hellip;]<\/p>\n","protected":false},"author":1,"featured_media":1278979,"comment_status":"open","ping_status":"","sticky":false,"template":"","format":"standard","meta":{"footnotes":""},"categories":[89],"tags":[173],"class_list":["post-1278978","post","type-post","status-publish","format-standard","has-post-thumbnail","hentry","category-romania","tag-suceavalive-ro"],"_links":{"self":[{"href":"https:\/\/analyse.optim.biz\/index.php?rest_route=\/wp\/v2\/posts\/1278978","targetHints":{"allow":["GET"]}}],"collection":[{"href":"https:\/\/analyse.optim.biz\/index.php?rest_route=\/wp\/v2\/posts"}],"about":[{"href":"https:\/\/analyse.optim.biz\/index.php?rest_route=\/wp\/v2\/types\/post"}],"author":[{"embeddable":true,"href":"https:\/\/analyse.optim.biz\/index.php?rest_route=\/wp\/v2\/users\/1"}],"replies":[{"embeddable":true,"href":"https:\/\/analyse.optim.biz\/index.php?rest_route=%2Fwp%2Fv2%2Fcomments&post=1278978"}],"version-history":[{"count":0,"href":"https:\/\/analyse.optim.biz\/index.php?rest_route=\/wp\/v2\/posts\/1278978\/revisions"}],"wp:featuredmedia":[{"embeddable":true,"href":"https:\/\/analyse.optim.biz\/index.php?rest_route=\/wp\/v2\/media\/1278979"}],"wp:attachment":[{"href":"https:\/\/analyse.optim.biz\/index.php?rest_route=%2Fwp%2Fv2%2Fmedia&parent=1278978"}],"wp:term":[{"taxonomy":"category","embeddable":true,"href":"https:\/\/analyse.optim.biz\/index.php?rest_route=%2Fwp%2Fv2%2Fcategories&post=1278978"},{"taxonomy":"post_tag","embeddable":true,"href":"https:\/\/analyse.optim.biz\/index.php?rest_route=%2Fwp%2Fv2%2Ftags&post=1278978"}],"curies":[{"name":"wp","href":"https:\/\/api.w.org\/{rel}","templated":true}]}}