{"id":1277689,"date":"2017-01-18T17:50:34","date_gmt":"2017-01-18T14:50:34","guid":{"rendered":"https:\/\/analyse.optim.biz\/?p=1277689"},"modified":"2017-01-18T17:50:34","modified_gmt":"2017-01-18T14:50:34","slug":"sorin-grindeanu-conform-constitutiei-avem-voie-sa-dam-legea-gratierii","status":"publish","type":"post","link":"https:\/\/analyse.optim.biz\/?p=1277689","title":{"rendered":"Sorin Grindeanu: Conform Constitu\u021biei, avem voie s\u0103 d\u0103m legea gra\u021bierii"},"content":{"rendered":"<article id=\"template-id-172790\" class=\"post-172790 tdb_templates type-tdb_templates status-publish post\">\n<div id=\"tdi_52\" class=\"tdc-zone\">\n<div class=\"tdc_zone tdi_53  wpb_row td-pb-row\">\n<div id=\"tdi_54\" class=\"tdc-row stretch_row_1400 td-stretch-content\">\n<div class=\"vc_row tdi_55  wpb_row td-pb-row tdc-element-style\">\n<div class=\"vc_column tdi_57  wpb_column vc_column_container tdc-column td-pb-span8\">\n<div class=\"wpb_wrapper\">\n<div class=\"td_block_wrap tdb_single_categories tdi_58 td-pb-border-top td_block_template_1 \" data-td-block-uid=\"tdi_58\">\n<div class=\"tdb-category td-fix-index\"><a class=\"tdb-entry-category\" href=\"https:\/\/voceatimisului.ro\/stiri-din-timisoara-si-timis\/\">\u0218tiri<\/a><a class=\"tdb-entry-category\" href=\"https:\/\/voceatimisului.ro\/timp-liber\/\">Timp Liber<\/a><a class=\"tdb-entry-category\" href=\"https:\/\/voceatimisului.ro\/timp-liber\/pamflet-timp-liber\/\">Pamflet<\/a><\/div>\n<\/div>\n<div class=\"td_block_wrap tdb_title tdi_59 tdb-single-title td-pb-border-top td_block_template_1\" data-td-block-uid=\"tdi_59\">\n<div class=\"tdb-block-inner td-fix-index\">\n<h1 class=\"tdb-title-text\">Sorin Grindeanu: Conform Constitu\u021biei, avem voie s\u0103 d\u0103m legea gra\u021bierii<\/h1>\n<\/div>\n<\/div>\n<div class=\"vc_row_inner tdi_62  vc_row vc_inner wpb_row td-pb-row\">\n<div class=\"vc_column_inner tdi_64  wpb_column vc_column_container tdc-inner-column td-pb-span6\">\n<div class=\"vc_column-inner\">\n<div class=\"wpb_wrapper\">\n<div class=\"td_block_wrap tdb_single_author tdi_65 td-pb-border-top td_block_template_1 tdb-post-meta\" data-td-block-uid=\"tdi_65\">\n<div class=\"tdb-block-inner td-fix-index\">\n<div class=\"tdb-author-name-wrap\"><span class=\"tdb-author-by\">Autor-<\/span><a class=\"tdb-author-name\" href=\"https:\/\/voceatimisului.ro\/author\/redactia\/\">Redac\u021bia<\/a><\/div>\n<\/div>\n<\/div>\n<div class=\"td_block_wrap tdb_single_date tdi_66 td-pb-border-top td_block_template_1 tdb-post-meta\" data-td-block-uid=\"tdi_66\">\n<div class=\"tdb-block-inner td-fix-index\"><time class=\"entry-date updated td-module-date\" datetime=\"2017-01-18T19:50:34+02:00\">18 ianuarie 2017<\/time><\/div>\n<\/div>\n<div class=\"td_block_wrap tdb_single_comments_count tdi_67 td-pb-border-top td_block_template_1 tdb-post-meta\" data-td-block-uid=\"tdi_67\">\n<div class=\"tdb-block-inner td-fix-index\"><a href=\"https:\/\/voceatimisului.ro\/sorin-grindeanu-conform-constitutiei-avem-voie-sa-dam-legea-gratierii\/#respond\"><span>0<\/span><\/a><\/div>\n<\/div>\n<div class=\"td_block_wrap tdb_single_post_views tdi_68 td-pb-border-top td_block_template_1 tdb-post-meta\" data-td-block-uid=\"tdi_68\">\n<div class=\"tdb-block-inner td-fix-index\"><span class=\"tdb-add-text\">1<\/span><span class=\"td-nr-views-92179\">2095<\/span><\/div>\n<\/div>\n<\/div>\n<\/div>\n<\/div>\n<div class=\"vc_column_inner tdi_70  wpb_column vc_column_container tdc-inner-column td-pb-span6\">\n<div class=\"vc_column-inner\">\n<div class=\"wpb_wrapper\">\n<div class=\"td_block_wrap tdb_single_post_share tdi_71  td-pb-border-top td_block_template_1\" data-td-block-uid=\"tdi_71\">\n<div id=\"tdi_71\" class=\"td-post-sharing tdb-block td-ps-bg td-ps-notext td-post-sharing-style1 \">\n<div class=\"td-post-sharing-visible\"><a class=\"td-social-sharing-button td-social-sharing-button-js td-social-network td-social-facebook\" href=\"https:\/\/www.facebook.com\/sharer.php?u=https%3A%2F%2Fvoceatimisului.ro%2Fsorin-grindeanu-conform-constitutiei-avem-voie-sa-dam-legea-gratierii%2F\" title=\"Facebook\" rel=\"noopener\"><\/p>\n<div class=\"td-social-but-text\">Facebook<\/div>\n<p><\/a><a class=\"td-social-sharing-button td-social-sharing-button-js td-social-network td-social-twitter\" href=\"https:\/\/twitter.com\/intent\/tweet?text=Sorin+Grindeanu%3A+Conform+Constitu%C8%9Biei%2C+avem+voie+s%C4%83+d%C4%83m+legea+gra%C8%9Bierii&amp;url=https%3A%2F%2Fvoceatimisului.ro%2Fsorin-grindeanu-conform-constitutiei-avem-voie-sa-dam-legea-gratierii%2F&amp;via=Vocea+Timisului\" title=\"Twitter\" rel=\"noopener\"><\/p>\n<div class=\"td-social-but-text\">Twitter<\/div>\n<p><\/a><a class=\"td-social-sharing-button td-social-sharing-button-js td-social-network td-social-pinterest\" href=\"https:\/\/pinterest.com\/pin\/create\/button\/?url=https:\/\/voceatimisului.ro\/sorin-grindeanu-conform-constitutiei-avem-voie-sa-dam-legea-gratierii\/&amp;media=https:\/\/voceatimisului.ro\/wp-content\/uploads\/2017\/01\/legea-gra%C8%9Bierii-jpg.webp&amp;description=Sorin+Grindeanu%3A+Conform+Constitu%C8%9Biei%2C+avem+voie+s%C4%83+d%C4%83m+legea+gra%C8%9Bierii\" title=\"Pinterest\" rel=\"noopener\"><\/p>\n<div class=\"td-social-but-text\">Pinterest<\/div>\n<p><\/a><a class=\"td-social-sharing-button td-social-sharing-button-js td-social-network td-social-whatsapp\" href=\"https:\/\/api.whatsapp.com\/send?text=Sorin+Grindeanu%3A+Conform+Constitu%C8%9Biei%2C+avem+voie+s%C4%83+d%C4%83m+legea+gra%C8%9Bierii%20%0A%0A%20https:\/\/voceatimisului.ro\/sorin-grindeanu-conform-constitutiei-avem-voie-sa-dam-legea-gratierii\/\" title=\"WhatsApp\" rel=\"noopener\"><\/p>\n<div class=\"td-social-but-text\">WhatsApp<\/div>\n<p><\/a><a class=\"td-social-sharing-button td-social-sharing-button-js td-social-network td-social-linkedin\" href=\"https:\/\/www.linkedin.com\/shareArticle?mini=true&amp;url=https:\/\/voceatimisului.ro\/sorin-grindeanu-conform-constitutiei-avem-voie-sa-dam-legea-gratierii\/&amp;title=Sorin+Grindeanu%3A+Conform+Constitu%C8%9Biei%2C+avem+voie+s%C4%83+d%C4%83m+legea+gra%C8%9Bierii\" title=\"Linkedin\" rel=\"noopener\"><\/p>\n<div class=\"td-social-but-text\">Linkedin<\/div>\n<p><\/a><a class=\"td-social-sharing-button td-social-sharing-button-js td-social-network td-social-copy_url\" href=\"https:\/\/voceatimisului.ro\/sorin-grindeanu-conform-constitutiei-avem-voie-sa-dam-legea-gratierii\/\" title=\"Copy URL\" rel=\"noopener\"><\/p>\n<div class=\"td-social-but-text\">Copy URL<\/div>\n<p><\/a><\/div>\n<\/div>\n<\/div>\n<\/div>\n<\/div>\n<\/div>\n<\/div>\n<div class=\"td_block_wrap tdb_single_featured_image tdi_72 tdb-content-horiz-left td-pb-border-top td_block_template_1\" data-td-block-uid=\"tdi_72\">\n<div class=\"tdb-block-inner td-fix-index\">\n<figure><img loading=\"lazy\" decoding=\"async\" width=\"696\" height=\"739\" class=\"entry-thumb\" src=\"https:\/\/analyse.optim.biz\/wp-content\/uploads\/2026\/01\/legea-grac89bierii-jpg-696x739-1.webp\" alt=\"legea gra\u021bierii jpg\" title=\"legea gra\u021bierii jpg\"><figcaption class=\"tdb-caption-text\">legea gra\u021bierii jpg<\/figcaption><\/figure>\n<\/div>\n<\/div>\n<div class=\"vc_row_inner tdi_74  vc_row vc_inner wpb_row td-pb-row\">\n<div class=\"vc_column_inner tdi_76  wpb_column vc_column_container tdc-inner-column td-pb-span4 td-is-sticky\">\n<div class=\"vc_column-inner\">\n<div class=\"wpb_wrapper\" data-sticky-enabled-on=\"W3RydWUsdHJ1ZSx0cnVlLHRydWVd\" data-sticky-offset=\"20\" data-sticky-is-width-auto=\"W2ZhbHNlLGZhbHNlLGZhbHNlLGZhbHNlXQ==\">\n<div class=\"td_block_wrap td_flex_block_1 tdi_77 td-pb-border-top td_block_template_1 td_ajax_preloading_preload td_flex_block\" data-td-block-uid=\"tdi_77\">\n<div id=\"tdi_77\" class=\"td_block_inner td-mc1-wrap\">\n<div class=\"td_module_flex td_module_flex_1 td_module_wrap td-animation-stack td-meta-info-hide td-cpt-post\">\n<div class=\"td-module-container td-category-pos-image\">\n<div class=\"td-module-meta-info\">\n<h3 class=\"entry-title td-module-title\"><a href=\"https:\/\/voceatimisului.ro\/promisiuni-de-la-guvern-ambulanta-in-fiecare-comuna-din-romania\/\" rel=\"bookmark\" title=\"Promisiuni de la Guvern: Ambulanta in fiecare comuna din Romania\">Promisiuni de la Guvern: Ambulanta in fiecare comuna din Romania<\/a><\/h3>\n<\/div>\n<\/div>\n<\/div>\n<div class=\"td_module_flex td_module_flex_1 td_module_wrap td-animation-stack td-meta-info-hide td-cpt-post\">\n<div class=\"td-module-container td-category-pos-image\">\n<div class=\"td-module-meta-info\">\n<h3 class=\"entry-title td-module-title\"><a href=\"https:\/\/voceatimisului.ro\/culmea-premierul-viorica-dancila-transmite-un-mesaj-cu-prilejul-zilei-culturii-nationale\/\" rel=\"bookmark\" title=\"Culmea! Premierul Viorica Dancila transmite un mesaj cu prilejul Zilei Culturii Nationale\">Culmea! Premierul Viorica Dancila transmite un mesaj cu prilejul Zilei Culturii Nationale<\/a><\/h3>\n<\/div>\n<\/div>\n<\/div>\n<div class=\"td_module_flex td_module_flex_1 td_module_wrap td-animation-stack td-meta-info-hide td-cpt-post\">\n<div class=\"td-module-container td-category-pos-image\">\n<div class=\"td-module-meta-info\">\n<h3 class=\"entry-title td-module-title\"><a href=\"https:\/\/voceatimisului.ro\/mihaela-triculescu-noul-presedinte-al-anaf-ce-o-recomanda\/\" rel=\"bookmark\" title=\"Mihaela Triculescu, noul presedinte al ANAF. Ce o recomanda?\">Mihaela Triculescu, noul presedinte al ANAF. Ce o recomanda?<\/a><\/h3>\n<\/div>\n<\/div>\n<\/div>\n<div class=\"td_module_flex td_module_flex_1 td_module_wrap td-animation-stack td-meta-info-hide td-cpt-post\">\n<div class=\"td-module-container td-category-pos-image\">\n<div class=\"td-module-meta-info\">\n<h3 class=\"entry-title td-module-title\"><a href=\"https:\/\/voceatimisului.ro\/dupa-ce-a-cerut-ajutor-de-la-mitropolitul-banatului-privind-circulatia-vaporaselor-primaria-timisoara-a-dat-in-judecata-guvernul-romaniei\/\" rel=\"bookmark\" title=\"Dup\u0103 ce a cerut ajutor de la Mitropolitul Banatului privind circula\u021bia vapora\u0219elor, Prim\u0103ria Timi\u0219oara a dat \u00een judecat\u0103 Guvernul Rom\u00e2niei\">Dup\u0103 ce a cerut ajutor de la Mitropolitul Banatului privind circula\u021bia vapora\u0219elor, Prim\u0103ria Timi\u0219oara a dat \u00een judecat\u0103 Guvernul Rom\u00e2niei<\/a><\/h3>\n<\/div>\n<\/div>\n<\/div>\n<\/div>\n<\/div>\n<div class=\"tdb-author-box td_block_wrap tdb_single_author_box tdi_82 tdb-content-vert-top td-pb-border-top td_block_template_1\" data-td-block-uid=\"tdi_82\">\n<div class=\"tdb-block-inner td-fix-index\">\n<div class=\"tdb-author-info\"><a href=\"https:\/\/voceatimisului.ro\/author\/redactia\/\" class=\"tdb-author-name\">Redac\u021bia<\/a><\/p>\n<div class=\"tdb-author-descr\">\u00centreaga responsabilitate a comentariilor l\u0103sate de dumneavoastr\u0103 v\u0103 apar\u021bine!<br \/>\nClick <a href=\"https:\/\/voceatimisului.ro\/termeni-si-conditii\/\">aici<\/a>-citeste condi\u0163iile de utilizare ale site-ului www.voceatimisului.ro<\/div>\n<\/div>\n<\/div>\n<\/div>\n<\/div>\n<\/div>\n<\/div>\n<div class=\"vc_column_inner tdi_84  wpb_column vc_column_container tdc-inner-column td-pb-span8\">\n<div class=\"vc_column-inner\">\n<div class=\"wpb_wrapper\">\n<div class=\"td_block_wrap tdb_single_content tdi_85 td-pb-border-top td_block_template_1 td-post-content tagdiv-type\" data-td-block-uid=\"tdi_85\">\n<div class=\"tdb-block-inner td-fix-index\">\n<p>Pentru c\u0103 rom\u00e2nul s-a n\u0103scut poet \u015fi \u015ftie pe l\u00e2ng\u0103 fotbal \u015fi politic\u0103 s\u0103 fac\u0103 haz de necaz, sper\u0103m ca protagoni\u015ftii pamfletului s\u0103 ia ca atare aceast\u0103 rubric\u0103 \u015fi s\u0103 nu ne trezim cu reclama\u0163ii, sau mai r\u0103u cu anumite du\u015fm\u0103nii. Repet\u0103m, prin rubrica <strong><a href=\"https:\/\/voceatimisului.ro\/category\/timp-liber\/pamflet-timp-liber\/\">PAMFLET<\/a><\/strong> nu dorim dec\u00e2t s\u0103 aducem un z\u00e2mbet pe chipurile cititorilor, iar asem\u0103n\u0103rile cu persoanele reale sunt pur \u00eent\u00e2mpl\u0103toare.<\/p>\n<\/div>\n<\/div>\n<div class=\"td_block_wrap tdb_single_tags tdi_88 td-pb-border-top td_block_template_1\" data-td-block-uid=\"tdi_88\">\n<div class=\"tdb-block-inner td-fix-index\">\n<ul class=\"tdb-tags\">\n<li><span>Tags<\/span><\/li>\n<li><a href=\"https:\/\/voceatimisului.ro\/tag\/grindeanu\/\">grindeanu<\/a><\/li>\n<li><a href=\"https:\/\/voceatimisului.ro\/tag\/guvern\/\">guvern<\/a><\/li>\n<li><a href=\"https:\/\/voceatimisului.ro\/tag\/legea-amnistiei-si-gratierii\/\">legea amnistiei si gratierii<\/a><\/li>\n<li><a href=\"https:\/\/voceatimisului.ro\/tag\/politicieni-corupti\/\">politicieni corupti<\/a><\/li>\n<\/ul>\n<\/div>\n<\/div>\n<div class=\"td_block_wrap tdb_single_post_share tdi_89  td-pb-border-top td_block_template_1\" data-td-block-uid=\"tdi_89\">\n<div id=\"tdi_89\" class=\"td-post-sharing tdb-block td-ps-bg td-ps-notext td-post-sharing-style1 \">\n<div class=\"td-post-sharing-visible\"><a class=\"td-social-sharing-button td-social-sharing-button-js td-social-network td-social-facebook\" href=\"https:\/\/www.facebook.com\/sharer.php?u=https%3A%2F%2Fvoceatimisului.ro%2Fsorin-grindeanu-conform-constitutiei-avem-voie-sa-dam-legea-gratierii%2F\" title=\"Facebook\" rel=\"noopener\"><\/p>\n<div class=\"td-social-but-text\">Facebook<\/div>\n<p><\/a><a class=\"td-social-sharing-button td-social-sharing-button-js td-social-network td-social-twitter\" href=\"https:\/\/twitter.com\/intent\/tweet?text=Sorin+Grindeanu%3A+Conform+Constitu%C8%9Biei%2C+avem+voie+s%C4%83+d%C4%83m+legea+gra%C8%9Bierii&amp;url=https%3A%2F%2Fvoceatimisului.ro%2Fsorin-grindeanu-conform-constitutiei-avem-voie-sa-dam-legea-gratierii%2F&amp;via=Vocea+Timisului\" title=\"Twitter\" rel=\"noopener\"><\/p>\n<div class=\"td-social-but-text\">Twitter<\/div>\n<p><\/a><a class=\"td-social-sharing-button td-social-sharing-button-js td-social-network td-social-pinterest\" href=\"https:\/\/pinterest.com\/pin\/create\/button\/?url=https:\/\/voceatimisului.ro\/sorin-grindeanu-conform-constitutiei-avem-voie-sa-dam-legea-gratierii\/&amp;media=https:\/\/voceatimisului.ro\/wp-content\/uploads\/2017\/01\/legea-gra%C8%9Bierii-jpg.webp&amp;description=Sorin+Grindeanu%3A+Conform+Constitu%C8%9Biei%2C+avem+voie+s%C4%83+d%C4%83m+legea+gra%C8%9Bierii\" title=\"Pinterest\" rel=\"noopener\"><\/p>\n<div class=\"td-social-but-text\">Pinterest<\/div>\n<p><\/a><a class=\"td-social-sharing-button td-social-sharing-button-js td-social-network td-social-whatsapp\" href=\"https:\/\/api.whatsapp.com\/send?text=Sorin+Grindeanu%3A+Conform+Constitu%C8%9Biei%2C+avem+voie+s%C4%83+d%C4%83m+legea+gra%C8%9Bierii%20%0A%0A%20https:\/\/voceatimisului.ro\/sorin-grindeanu-conform-constitutiei-avem-voie-sa-dam-legea-gratierii\/\" title=\"WhatsApp\" rel=\"noopener\"><\/p>\n<div class=\"td-social-but-text\">WhatsApp<\/div>\n<p><\/a><a class=\"td-social-sharing-button td-social-sharing-button-js td-social-network td-social-linkedin\" href=\"https:\/\/www.linkedin.com\/shareArticle?mini=true&amp;url=https:\/\/voceatimisului.ro\/sorin-grindeanu-conform-constitutiei-avem-voie-sa-dam-legea-gratierii\/&amp;title=Sorin+Grindeanu%3A+Conform+Constitu%C8%9Biei%2C+avem+voie+s%C4%83+d%C4%83m+legea+gra%C8%9Bierii\" title=\"Linkedin\" rel=\"noopener\"><\/p>\n<div class=\"td-social-but-text\">Linkedin<\/div>\n<p><\/a><a class=\"td-social-sharing-button td-social-sharing-button-js td-social-network td-social-copy_url\" href=\"https:\/\/voceatimisului.ro\/sorin-grindeanu-conform-constitutiei-avem-voie-sa-dam-legea-gratierii\/\" title=\"Copy URL\" rel=\"noopener\"><\/p>\n<div class=\"td-social-but-text\">Copy URL<\/div>\n<p><\/a><\/div>\n<\/div>\n<\/div>\n<div class=\"td_block_wrap tdb_single_next_prev tdi_90 td-animation-stack td-next-prev-img-on td-pb-border-top td_block_template_1\" data-td-block-uid=\"tdi_90\">\n<div class=\"tdb-block-inner td-fix-index\">\n<div class=\"tdb-next-post tdb-next-post-bg tdb-post-prev\"><span>Articolul precedent<\/span><\/p>\n<div class=\"td-module-container\">\n<div class=\"td-image-container\"><a class=\"td-image-wrap\" href=\"https:\/\/voceatimisului.ro\/timisorenii-nu-vor-plati-taxa-de-depozitare-deseurilor-anuntul-primarului-robu-despre-retim\/\"><img loading=\"lazy\" decoding=\"async\" class=\"td-next-prev-image td-fix-index td-lazy-img\" title=\"Timi\u015forenii NU vor pl\u0103ti taxa de depozitare a de\u015feurilor. Anun\u0163ul primarului Robu despre Retim\" width=\"696\" height=\"392\" src=\"https:\/\/analyse.optim.biz\/wp-content\/uploads\/2026\/01\/groapa-gunoi-696x392-1.jpg\"><\/a><\/div>\n<div class=\"next-prev-title\"><a href=\"https:\/\/voceatimisului.ro\/timisorenii-nu-vor-plati-taxa-de-depozitare-deseurilor-anuntul-primarului-robu-despre-retim\/\">Timi\u015forenii NU vor pl\u0103ti taxa de depozitare a de\u015feurilor. Anun\u0163ul primarului Robu despre Retim<\/a><\/div>\n<\/div>\n<\/div>\n<div class=\"tdb-next-post tdb-next-post-bg tdb-post-next\"><span>Articolul urm\u0103tor<\/span><\/p>\n<div class=\"td-module-container\">\n<div class=\"td-image-container\"><a class=\"td-image-wrap\" href=\"https:\/\/voceatimisului.ro\/reglare-de-conturi-stil-mafiot-pe-calea-aradului-din-timisoara\/\"><img loading=\"lazy\" decoding=\"async\" class=\"td-next-prev-image td-fix-index td-lazy-img\" title=\"Reglare de conturi \u00een stil MAFIOT pe Calea Aradului din Timi\u015foara UPDATE Ultimele informa\u021bii\" width=\"696\" height=\"699\" src=\"https:\/\/analyse.optim.biz\/wp-content\/uploads\/2026\/01\/faadi-jamil-jpg-696x699-1.webp\"><\/a><\/div>\n<div class=\"next-prev-title\"><a href=\"https:\/\/voceatimisului.ro\/reglare-de-conturi-stil-mafiot-pe-calea-aradului-din-timisoara\/\">Reglare de conturi \u00een stil MAFIOT pe Calea Aradului din Timi\u015foara UPDATE Ultimele informa\u021bii<\/a><\/div>\n<\/div>\n<\/div>\n<\/div>\n<\/div>\n<\/div>\n<\/div>\n<\/div>\n<\/div>\n<div class=\"vc_row_inner tdi_100  vc_row vc_inner wpb_row td-pb-row\">\n<div class=\"vc_column_inner tdi_102  wpb_column vc_column_container tdc-inner-column td-pb-span4 td-is-sticky\">\n<div class=\"vc_column-inner\">\n<div class=\"wpb_wrapper\" data-sticky-enabled-on=\"W3RydWUsdHJ1ZSx0cnVlLHRydWVd\" data-sticky-offset=\"20\" data-sticky-is-width-auto=\"W2ZhbHNlLGZhbHNlLGZhbHNlLGZhbHNlXQ==\">\n<div class=\"td_block_wrap tdb_single_related tdi_103 td_with_ajax_pagination td-pb-border-top td_block_template_1 tdb-single-related-posts\" data-td-block-uid=\"tdi_103\">\n<div id=\"tdi_103\" class=\"td_block_inner tdb-block-inner td-fix-index\">\n<div class=\"tdb_module_related td_module_wrap td-animation-stack td-meta-info-hide\">\n<div class=\"td-module-container td-category-pos-image\">\n<div class=\"td-module-meta-info\">\n<h3 class=\"entry-title td-module-title\"><a href=\"https:\/\/voceatimisului.ro\/protestatarii-din-timisoara-nu-au-mai-rezistat-frigului-cati-oameni-au-iesit-strada\/\" rel=\"bookmark\" title=\"Protestatarii din Timi\u015foara nu au mai #rezistat frigului. C\u00e2\u0163i oameni au ie\u015fit \u00een strad\u0103\">Protestatarii din Timi\u015foara nu au mai #rezistat frigului. C\u00e2\u0163i oameni au ie\u015fit \u00een strad\u0103<\/a><\/h3>\n<\/div>\n<\/div>\n<\/div>\n<div class=\"tdb_module_related td_module_wrap td-animation-stack td-meta-info-hide\">\n<div class=\"td-module-container td-category-pos-image\">\n<div class=\"td-module-meta-info\">\n<h3 class=\"entry-title td-module-title\"><a href=\"https:\/\/voceatimisului.ro\/cj-timis-primele-demersuri-pentru-reabilitarea-drumurilor-judetene-cu-bani-de-la-guvern\/\" rel=\"bookmark\" title=\"CJ Timi\u0219, primele demersuri pentru reabilitarea drumurilor jude\u021bene cu bani de la guvern\">CJ Timi\u0219, primele demersuri pentru reabilitarea drumurilor jude\u021bene cu bani de la guvern<\/a><\/h3>\n<\/div>\n<\/div>\n<\/div>\n<div class=\"tdb_module_related td_module_wrap td-animation-stack td-meta-info-hide\">\n<div class=\"td-module-container td-category-pos-image\">\n<div class=\"td-module-meta-info\">\n<h3 class=\"entry-title td-module-title\"><a href=\"https:\/\/voceatimisului.ro\/robu-acuza-guvernul-nu-trimis-banii-de-reparatii-dupa-furtuna-si-nici-pentru-spitalul-de-copii\/\" rel=\"bookmark\" title=\"Robu acuz\u0103: Guvernul nu a trimis banii de repara\u021bii dup\u0103 furtun\u0103 \u0219i nici pentru spitalul de copii\">Robu acuz\u0103: Guvernul nu a trimis banii de repara\u021bii dup\u0103 furtun\u0103 \u0219i nici pentru spitalul de copii<\/a><\/h3>\n<\/div>\n<\/div>\n<\/div>\n<\/div>\n<\/div>\n<\/div>\n<\/div>\n<\/div>\n<div class=\"vc_column_inner tdi_105  wpb_column vc_column_container tdc-inner-column td-pb-span8\">\n<div class=\"vc_column-inner\">\n<div class=\"wpb_wrapper\">\n<div class=\"td_block_wrap tdb_single_comments tdi_106 tdb-comm-layout2 td-pb-border-top td_block_template_2\" data-td-block-uid=\"tdi_106\">\n<div class=\"tdb-block-inner td-fix-index\">\n<div class=\"comments\" id=\"comments\">\n<div id=\"respond\" class=\"comment-respond\">\n<h3 id=\"reply-title\" class=\"comment-reply-title\">L\u0102SA\u021aI UN MESAJ <small><a rel=\"nofollow\" id=\"cancel-comment-reply-link\" href=\"https:\/\/voceatimisului.ro\/sorin-grindeanu-conform-constitutiei-avem-voie-sa-dam-legea-gratierii\/#respond\">Renun\u021ba\u021bi la r\u0103spuns<\/a><\/small><\/h3>\n<div class=\"comment-form-input-wrap td-form-comment\">\n<div class=\"td-warning-comment\">V\u0103 rug\u0103m s\u0103 introduce\u021bi comentariul dvs.!<\/div>\n<\/div>\n<div class=\"comment-form-input-wrap td-form-author\">\n<div class=\"td-warning-author\">Introduce\u021bi aici numele dvs.<\/div>\n<\/div>\n<div class=\"comment-form-input-wrap td-form-email\">\n<div class=\"td-warning-email-error\">A\u021bi introdus o adres\u0103 de e-mail incorect\u0103!<\/div>\n<div class=\"td-warning-email\">V\u0103 rug\u0103m s\u0103 introduce\u021bi adresa dvs. de e-mail aici<\/div>\n<\/div>\n<\/div>\n<\/div>\n<\/div>\n<\/div>\n<\/div>\n<\/div>\n<\/div>\n<\/div>\n<\/div>\n<\/div>\n<div class=\"vc_column tdi_108  wpb_column vc_column_container tdc-column td-pb-span4 td-is-sticky\">\n<div class=\"wpb_wrapper\" data-sticky-enabled-on=\"W3RydWUsdHJ1ZSx0cnVlLHRydWVd\" data-sticky-offset=\"20\" data-sticky-is-width-auto=\"W2ZhbHNlLGZhbHNlLGZhbHNlLGZhbHNlXQ==\">\n<div class=\"vc_row_inner tdi_110  vc_row vc_inner wpb_row td-pb-row\">\n<div class=\"vc_column_inner tdi_112  wpb_column vc_column_container tdc-inner-column td-pb-span12\">\n<div class=\"vc_column-inner\">\n<div class=\"wpb_wrapper\">\n<div class=\"td_block_wrap td_block_title tdi_113 td-pb-border-top td_block_template_11 td-fix-index\" data-td-block-uid=\"tdi_113\">\n<div class=\"td-block-title-wrap\">\n<h4 class=\"td-block-title\"><span class=\"td-pulldown-size\">ANUN\u021aURI \u0218I PUBLICITATE<\/span><\/h4>\n<\/div>\n<\/div>\n<\/div>\n<\/div>\n<\/div>\n<\/div>\n<div class=\"wpb_wrapper td_block_wrap vc_widget_sidebar tdi_115 \">\n<aside id=\"block-10\" class=\"td_block_template_1 widget block-10 widget_block widget_media_image\">\n<figure class=\"wp-block-image size-full\"><a href=\"https:\/\/adpghiroda.ro\/index.html\" target=\"_blank\" rel=\" noreferrer noopener\"><img decoding=\"async\" loading=\"lazy\" width=\"960\" height=\"960\" src=\"https:\/\/analyse.optim.biz\/wp-content\/uploads\/2026\/01\/adp-ghiroda2-19.jpg\" class=\"wp-image-171492\" title=\"adp-ghiroda2-19\"><\/a><\/figure>\n<\/aside>\n<aside id=\"block-11\" class=\"td_block_template_1 widget block-11 widget_block widget_media_image\">\n<figure class=\"wp-block-image size-full\"><a href=\"https:\/\/adpghiroda.ro\/index.html\" target=\"_blank\" rel=\" noreferrer noopener\"><img decoding=\"async\" loading=\"lazy\" width=\"960\" height=\"960\" src=\"https:\/\/analyse.optim.biz\/wp-content\/uploads\/2026\/01\/adp-ghiroda1-19.jpg\" class=\"wp-image-171491\" title=\"adp-ghiroda1-19\"><\/a><\/figure>\n<\/aside>\n<aside id=\"block-17\" class=\"td_block_template_1 widget block-17 widget_block widget_media_image\">\n<figure class=\"wp-block-image size-large is-resized\"><a href=\"https:\/\/verde.events\/\" target=\"_blank\" rel=\" noreferrer noopener\"><img decoding=\"async\" loading=\"lazy\" width=\"1024\" height=\"683\" src=\"https:\/\/analyse.optim.biz\/wp-content\/uploads\/2026\/01\/verde-events-24-1024x683-1-4.jpg\" alt=\"Verde Events\" class=\"wp-image-174395\" title=\"verde-events-24-1024x683-1-4\"><\/a><figcaption class=\"wp-element-caption\"><strong><em>O experien\u021b\u0103 unic\u0103 pentru orice tip de eveniment<\/em><\/strong><\/figcaption><\/figure>\n<\/aside>\n<\/div>\n<div class=\"td_block_wrap td_flex_block_1 tdi_121 td-pb-border-top td_block_template_1 td_ajax_preloading_preload td_flex_block\" data-td-block-uid=\"tdi_121\">\n<div id=\"tdi_121\" class=\"td_block_inner td-mc1-wrap\">\n<div class=\"td_module_flex td_module_flex_1 td_module_wrap td-animation-stack td-meta-info-hide td-cpt-post\">\n<div class=\"td-module-container td-category-pos-image\">\n<div class=\"td-module-meta-info\">\n<h3 class=\"entry-title td-module-title\"><a href=\"https:\/\/voceatimisului.ro\/timisul-primeste-inca-o-transa-de-bani-de-reparatii-de-la-guvern-suma-mai-mica-decat-la-maramures\/\" rel=\"bookmark\" title=\"Timi\u0219ul prime\u0219te \u00eenc\u0103 o tran\u0219\u0103 de bani de repara\u021bii de la guvern. Suma, mai mic\u0103 dec\u00e2t la Maramure\u0219\">Timi\u0219ul prime\u0219te \u00eenc\u0103 o tran\u0219\u0103 de bani de repara\u021bii de la guvern. Suma, mai mic\u0103 dec\u00e2t la Maramure\u0219<\/a><\/h3>\n<\/div>\n<\/div>\n<\/div>\n<div class=\"td_module_flex td_module_flex_1 td_module_wrap td-animation-stack td-meta-info-hide td-cpt-post\">\n<div class=\"td-module-container td-category-pos-image\">\n<div class=\"td-module-meta-info\">\n<h3 class=\"entry-title td-module-title\"><a href=\"https:\/\/voceatimisului.ro\/primarul-robu-explicatie-pentru-alocarea-de-doar-22-milioane-de-lei-de-la-guvern-pentru-repararea-daunelor-provocate-de-furtuna\/\" rel=\"bookmark\" title=\"Primarul Robu, explica\u021bie pentru alocarea de doar 2,2 milioane de lei de la guvern, pentru repararea daunelor provocate de furtun\u0103\">Primarul Robu, explica\u021bie pentru alocarea de doar 2,2 milioane de lei de la guvern, pentru repararea daunelor provocate de furtun\u0103<\/a><\/h3>\n<\/div>\n<\/div>\n<\/div>\n<div class=\"td_module_flex td_module_flex_1 td_module_wrap td-animation-stack td-meta-info-hide td-cpt-post\">\n<div class=\"td-module-container td-category-pos-image\">\n<div class=\"td-module-meta-info\">\n<h3 class=\"entry-title td-module-title\"><a href=\"https:\/\/voceatimisului.ro\/deocamdata-timisul-primeste-doar-22-milioane-de-lei-de-la-guvern-pentru-pagubele-de-dupa-furtuna\/\" rel=\"bookmark\" title=\"Deocamdat\u0103, Timi\u015ful prime\u015fte doar 2,2 milioane de lei de la guvern pentru pagubele de dup\u0103 furtun\u0103\">Deocamdat\u0103, Timi\u015ful prime\u015fte doar 2,2 milioane de lei de la guvern pentru pagubele de dup\u0103 furtun\u0103<\/a><\/h3>\n<\/div>\n<\/div>\n<\/div>\n<div class=\"td_module_flex td_module_flex_1 td_module_wrap td-animation-stack td-meta-info-hide td-cpt-post\">\n<div class=\"td-module-container td-category-pos-image\">\n<div class=\"td-module-meta-info\">\n<h3 class=\"entry-title td-module-title\"><a href=\"https:\/\/voceatimisului.ro\/grindeanu-despre-datele-ins-evaluarea-care-dus-la-caderea-guvernului-grindeanu-nu-avut-nicio-legatura-cu-realitatea\/\" rel=\"bookmark\" title=\"Grindeanu, despre datele INS: \u201eEvaluarea care a dus la c\u0103derea guvernului Grindeanu nu a avut nicio leg\u0103tur\u0103 cu realitatea\u201d\">Grindeanu, despre datele INS: \u201eEvaluarea care a dus la c\u0103derea guvernului Grindeanu nu a avut nicio leg\u0103tur\u0103 cu realitatea\u201d<\/a><\/h3>\n<\/div>\n<\/div>\n<\/div>\n<div class=\"td_module_flex td_module_flex_1 td_module_wrap td-animation-stack td-meta-info-hide td-cpt-post\">\n<div class=\"td-module-container td-category-pos-image\">\n<div class=\"td-module-meta-info\">\n<h3 class=\"entry-title td-module-title\"><a href=\"https:\/\/voceatimisului.ro\/sorin-grindeanu-contestat-excluderea-sa-din-psd-anuntul-facut-pe-facebook\/\" rel=\"bookmark\" title=\"Sorin Grindeanu a contestat excluderea sa din PSD. Anun\u021bul f\u0103cut pe Facebook\">Sorin Grindeanu a contestat excluderea sa din PSD. Anun\u021bul f\u0103cut pe Facebook<\/a><\/h3>\n<\/div>\n<\/div>\n<\/div>\n<\/div>\n<\/div>\n<\/div>\n<\/div>\n<\/div>\n<\/div>\n<\/div>\n<\/div>\n<p><span class=\"td-page-meta\"><\/span><span class=\"td-page-meta\"><span class=\"td-page-meta\"><\/span><\/span><span class=\"td-page-meta\"><\/span><\/article>\n<p> Source URL: https:\/\/voceatimisului.ro\/sorin-grindeanu-conform-constitutiei-avem-voie-sa-dam-legea-gratierii\/<\/p>\n","protected":false},"excerpt":{"rendered":"<p>\u0218tiriTimp LiberPamflet Sorin Grindeanu: Conform Constitu\u021biei, avem voie s\u0103 d\u0103m legea gra\u021bierii Autor-Redac\u021bia 18 ianuarie 2017 0 12095 Facebook Twitter Pinterest WhatsApp Linkedin Copy URL legea gra\u021bierii jpg Promisiuni de la Guvern: Ambulanta in fiecare comuna din Romania Culmea! Premierul Viorica Dancila transmite un mesaj cu prilejul Zilei Culturii Nationale Mihaela Triculescu, noul presedinte al [&hellip;]<\/p>\n","protected":false},"author":1,"featured_media":1277690,"comment_status":"open","ping_status":"","sticky":false,"template":"","format":"standard","meta":{"footnotes":""},"categories":[89],"tags":[199],"class_list":["post-1277689","post","type-post","status-publish","format-standard","has-post-thumbnail","hentry","category-romania","tag-voceatimisului-ro"],"_links":{"self":[{"href":"https:\/\/analyse.optim.biz\/index.php?rest_route=\/wp\/v2\/posts\/1277689","targetHints":{"allow":["GET"]}}],"collection":[{"href":"https:\/\/analyse.optim.biz\/index.php?rest_route=\/wp\/v2\/posts"}],"about":[{"href":"https:\/\/analyse.optim.biz\/index.php?rest_route=\/wp\/v2\/types\/post"}],"author":[{"embeddable":true,"href":"https:\/\/analyse.optim.biz\/index.php?rest_route=\/wp\/v2\/users\/1"}],"replies":[{"embeddable":true,"href":"https:\/\/analyse.optim.biz\/index.php?rest_route=%2Fwp%2Fv2%2Fcomments&post=1277689"}],"version-history":[{"count":0,"href":"https:\/\/analyse.optim.biz\/index.php?rest_route=\/wp\/v2\/posts\/1277689\/revisions"}],"wp:featuredmedia":[{"embeddable":true,"href":"https:\/\/analyse.optim.biz\/index.php?rest_route=\/wp\/v2\/media\/1277690"}],"wp:attachment":[{"href":"https:\/\/analyse.optim.biz\/index.php?rest_route=%2Fwp%2Fv2%2Fmedia&parent=1277689"}],"wp:term":[{"taxonomy":"category","embeddable":true,"href":"https:\/\/analyse.optim.biz\/index.php?rest_route=%2Fwp%2Fv2%2Fcategories&post=1277689"},{"taxonomy":"post_tag","embeddable":true,"href":"https:\/\/analyse.optim.biz\/index.php?rest_route=%2Fwp%2Fv2%2Ftags&post=1277689"}],"curies":[{"name":"wp","href":"https:\/\/api.w.org\/{rel}","templated":true}]}}