{"id":127677,"date":"2017-12-21T16:16:47","date_gmt":"2017-12-21T13:16:47","guid":{"rendered":"https:\/\/analyse.optim.biz\/?p=127677"},"modified":"2017-12-21T16:16:47","modified_gmt":"2017-12-21T13:16:47","slug":"protest-mut-in-fata-sediului-psd-timis","status":"publish","type":"post","link":"https:\/\/analyse.optim.biz\/?p=127677","title":{"rendered":"Protest mut \u00een fa\u0163a sediului PSD Timi\u015f"},"content":{"rendered":"<div class=\"entry data-app-meta data-app-meta-article\" data-embed-base-url-canonical=\"https:\/\/www.digi24.ro\/embed\/stiri\/actualitate\/politica\/protest-mut-in-fata-sediului-psd-timis-849281\">\n<p data-index=\"1\"><strong>Un protest mut, f\u0103r\u0103 lozinci, doar cu pancarte, a avut loc, joi, \u00een fa\u0163a sediului PSD Timi\u015f. Au fost prezen\u0163i zeci de oameni care de obicei se adun\u0103 la protestele #rezist din Timi\u015foara, transmite News.ro<\/strong><\/p>\n<p data-index=\"2\"><img loading=\"lazy\" decoding=\"async\" class=\"alignnone size-full wp-image-849282\" src=\"https:\/\/analyse.optim.biz\/wp-content\/uploads\/2024\/09\/odblzgqwntk4ntrkn2rhmwqyntq3otfmzdi5yja-thumb_.jpg\" width=\"480\" height=\"360\" data-skip-htmlfix=\"1\" title=\"odblzgqwntk4ntrkn2rhmwqyntq3otfmzdi5yja-thumb_\"><\/p>\n<p data-index=\"3\">\u201ePentru c\u0103 PSD+ALDE voteaz\u0103 pe band\u0103 subordonarea Justi\u0163iei haide\u0163i s\u0103 le ar\u0103t\u0103m c\u0103 \u00eei vedem \u015fi suntem con\u015ftien\u0163i de ce fac. La 13:00, \u00een fa\u0163a sediului PSD Timi\u015f pentru 15 minute ne vom \u00eencolona \u015fi vom sta s\u0103-i privim cum distrug viitorul acestei \u0163\u0103ri\u201d, au transmis organizatorii pe Facebook, cita\u0163i de News.ro.<\/p>\n<p data-index=\"4\">Protestatarii s-au a\u015fezat \u00een line pe trotuarul de pe malul Beg\u0103i \u015fi au privit \u00een lini\u015fte sediul social-democratilor din Timi\u015f.<\/p>\n<p data-index=\"5\">\u201eF\u0103r\u0103 scand\u0103ri, f\u0103r\u0103 fluier\u0103turi: doar lini\u015fte! Una ap\u0103s\u0103toare pentru ei! Nu avem speakeri: s-au spus destule, cunvintele nu mai au valoare acum. La 13:15 ne putem \u00eempr\u0103\u015ftia; cine vrea s\u0103 r\u0103m\u00e2n\u0103 este binevenit. Pute\u0163i afi\u015fa pancarte, steaguri\u201d, au mai transmis organizatorii.<\/p>\n<p data-index=\"6\">\u00cen jurul orei 13.30, oamenii manifestan\u0163ii au plecat din fa\u0163a PSD Timi\u015f.<\/p>\n<p data-index=\"7\">Protestatarii \u00eencearc\u0103, prin aceste ac\u0163iuni, s\u0103 \u00eei conving\u0103 pe reprezentan\u0163ii PSD s\u0103 nu adopte modific\u0103rile la Legile Justi\u0163iei.<\/p>\n<\/div>\n<p> Source URL: https:\/\/www.digi24.ro\/stiri\/actualitate\/politica\/protest-mut-in-fata-sediului-psd-timis-849281<\/p>\n","protected":false},"excerpt":{"rendered":"<p>Un protest mut, f\u0103r\u0103 lozinci, doar cu pancarte, a avut loc, joi, \u00een fa\u0163a sediului PSD Timi\u015f. Au fost prezen\u0163i zeci de oameni care de obicei se adun\u0103 la protestele #rezist din Timi\u015foara, transmite News.ro \u201ePentru c\u0103 PSD+ALDE voteaz\u0103 pe band\u0103 subordonarea Justi\u0163iei haide\u0163i s\u0103 le ar\u0103t\u0103m c\u0103 \u00eei vedem \u015fi suntem con\u015ftien\u0163i de ce [&hellip;]<\/p>\n","protected":false},"author":1,"featured_media":127678,"comment_status":"open","ping_status":"","sticky":false,"template":"","format":"standard","meta":{"footnotes":""},"categories":[2],"tags":[11],"class_list":["post-127677","post","type-post","status-publish","format-standard","has-post-thumbnail","hentry","category-politics","tag-digi24"],"_links":{"self":[{"href":"https:\/\/analyse.optim.biz\/index.php?rest_route=\/wp\/v2\/posts\/127677","targetHints":{"allow":["GET"]}}],"collection":[{"href":"https:\/\/analyse.optim.biz\/index.php?rest_route=\/wp\/v2\/posts"}],"about":[{"href":"https:\/\/analyse.optim.biz\/index.php?rest_route=\/wp\/v2\/types\/post"}],"author":[{"embeddable":true,"href":"https:\/\/analyse.optim.biz\/index.php?rest_route=\/wp\/v2\/users\/1"}],"replies":[{"embeddable":true,"href":"https:\/\/analyse.optim.biz\/index.php?rest_route=%2Fwp%2Fv2%2Fcomments&post=127677"}],"version-history":[{"count":0,"href":"https:\/\/analyse.optim.biz\/index.php?rest_route=\/wp\/v2\/posts\/127677\/revisions"}],"wp:featuredmedia":[{"embeddable":true,"href":"https:\/\/analyse.optim.biz\/index.php?rest_route=\/wp\/v2\/media\/127678"}],"wp:attachment":[{"href":"https:\/\/analyse.optim.biz\/index.php?rest_route=%2Fwp%2Fv2%2Fmedia&parent=127677"}],"wp:term":[{"taxonomy":"category","embeddable":true,"href":"https:\/\/analyse.optim.biz\/index.php?rest_route=%2Fwp%2Fv2%2Fcategories&post=127677"},{"taxonomy":"post_tag","embeddable":true,"href":"https:\/\/analyse.optim.biz\/index.php?rest_route=%2Fwp%2Fv2%2Ftags&post=127677"}],"curies":[{"name":"wp","href":"https:\/\/api.w.org\/{rel}","templated":true}]}}