{"id":127639,"date":"2017-12-28T23:46:35","date_gmt":"2017-12-28T20:46:35","guid":{"rendered":"https:\/\/analyse.optim.biz\/?p=127639"},"modified":"2017-12-28T23:46:35","modified_gmt":"2017-12-28T20:46:35","slug":"l-dragnea-trebuie-sa-vedem-anul-viitor-daca-forma-guvernului-este-cea-mai-buna","status":"publish","type":"post","link":"https:\/\/analyse.optim.biz\/?p=127639","title":{"rendered":"L. Dragnea: Trebuie s\u0103 vedem anul viitor dac\u0103 forma Guvernului este cea mai bun\u0103"},"content":{"rendered":"<div class=\"entry data-app-meta data-app-meta-article\" data-embed-base-url-canonical=\"https:\/\/www.digi24.ro\/embed\/stiri\/actualitate\/politica\/l-dragnea-trebuie-sa-vedem-anul-viitor-daca-forma-guvernului-este-cea-mai-buna-852268\">\n<p data-index=\"1\"><strong>Pre\u015fedintele PSD Liviu Dragnea a declarat, joi sear\u0103, c\u0103 \u00een luna ianuarie se va face o analiz\u0103 \u00een coali\u0163ie \u00een leg\u0103tur\u0103 cu o posibil\u0103 restructurare a Guvernului.<\/strong><\/p>\n<figure class=\"article-thumb\"><img decoding=\"async\" src=\"https:\/\/analyse.optim.biz\/wp-content\/uploads\/2024\/09\/jnpjptemagfzad04ndqxngjiowe0odcxotblnwu4mjcxyzvmowy2ote4oa-thumb_.jpg\" alt=\"171113_LIVIU_DRAGNEA_DECLARATII_06_INQUAM_Photos_Octav_Ganea\" data-skip-htmlfix=\"1\" title=\"jnpjptemagfzad04ndqxngjiowe0odcxotblnwu4mjcxyzvmowy2ote4oa-thumb_\"><figcaption> FOTO: INQUAM PHOTOS &#8211; Octav Ganea <\/figcaption><\/figure>\n<p data-index=\"2\">&#8220;Evaluarea Guvernului s-a f\u0103cut permanent \u015fi se face uit\u00e2ndu-ne la m\u0103surile pe care le-am adoptat \u00een Guvern \u015fi ne uit\u0103m \u015fi \u00een Parlament. Trebuie s\u0103 vedem anul viitor dac\u0103 forma Guvernului este cea mai bun\u0103, dac\u0103 este nevoie sau nu s\u0103 se procedeze la o restructurare a Guvernului. Dac\u0103 da sau nu. Nu a existat nici din partea Guvernului nici din partea noastr\u0103 \u00een coali\u0163ie vreo perioad\u0103 de r\u0103gaz \u00een care s\u0103 po\u0163i s\u0103 faci o astfel de analiz\u0103 \u015fi am avut o discu\u0163ie cu primul ministru \u015fi cu domnul T\u0103riceanu ca \u00een ianuarie s\u0103 \u00eencepem s\u0103 discut\u0103m dac\u0103 se impune, dintr-o discu\u0163ie cu membrii Guvernului, s\u0103 vedem dac\u0103 este necesar sau nu, pentru c\u0103 \u00een ianuarie vom \u00eencepe discu\u0163ii serioase despre ce putem face pentru ca activitatea guvernamental\u0103 s\u0103 fie \u015fi mai bun\u0103 dec\u00e2t a fost \u00een aceast\u0103 perioad\u0103. A fost un an guvernamental bun, cu rezultate bune, cu o munc\u0103 eficient\u0103, cu m\u0103surile adoptate&#8221;, a spus Dragnea la un post de televiziune, citat de Agerpres.<\/p>\n<p data-index=\"3\">El a ad\u0103ugat c\u0103 este mul\u0163umit de activitatea premierului Mihai Tudose, pe care \u015fi l-ar dori mai calm.<\/p>\n<p data-index=\"4\">&#8220;Eu sunt mul\u0163umit de activitatea premierului Tudose. Este un tip care nu e foarte calm, sunt oameni care nu sunt foarte calmi. (&#8230;) To\u0163i trebuie s\u0103 fim mai calmi, c\u00e2nd e\u015fti mai calm aduni mai multe \u00een jurul t\u0103u, c\u00e2nd e\u015fti nervos, nu aduni&#8221;, a ar\u0103tat el.<\/p>\n<p data-index=\"5\">Pre\u015fedintele PSD a mai subliniat c\u0103 personal, p\u00e2n\u0103 acum, nu are niciun element care s\u0103 \u00eei spun\u0103 c\u0103 trebuie s\u0103 fie remaniat vreun ministru.<\/p>\n<\/div>\n<p> Source URL: https:\/\/www.digi24.ro\/stiri\/actualitate\/politica\/l-dragnea-trebuie-sa-vedem-anul-viitor-daca-forma-guvernului-este-cea-mai-buna-852268<\/p>\n","protected":false},"excerpt":{"rendered":"<p>Pre\u015fedintele PSD Liviu Dragnea a declarat, joi sear\u0103, c\u0103 \u00een luna ianuarie se va face o analiz\u0103 \u00een coali\u0163ie \u00een leg\u0103tur\u0103 cu o posibil\u0103 restructurare a Guvernului. FOTO: INQUAM PHOTOS &#8211; Octav Ganea &#8220;Evaluarea Guvernului s-a f\u0103cut permanent \u015fi se face uit\u00e2ndu-ne la m\u0103surile pe care le-am adoptat \u00een Guvern \u015fi ne uit\u0103m \u015fi \u00een [&hellip;]<\/p>\n","protected":false},"author":1,"featured_media":127640,"comment_status":"open","ping_status":"","sticky":false,"template":"","format":"standard","meta":{"footnotes":""},"categories":[2],"tags":[11],"class_list":["post-127639","post","type-post","status-publish","format-standard","has-post-thumbnail","hentry","category-politics","tag-digi24"],"_links":{"self":[{"href":"https:\/\/analyse.optim.biz\/index.php?rest_route=\/wp\/v2\/posts\/127639","targetHints":{"allow":["GET"]}}],"collection":[{"href":"https:\/\/analyse.optim.biz\/index.php?rest_route=\/wp\/v2\/posts"}],"about":[{"href":"https:\/\/analyse.optim.biz\/index.php?rest_route=\/wp\/v2\/types\/post"}],"author":[{"embeddable":true,"href":"https:\/\/analyse.optim.biz\/index.php?rest_route=\/wp\/v2\/users\/1"}],"replies":[{"embeddable":true,"href":"https:\/\/analyse.optim.biz\/index.php?rest_route=%2Fwp%2Fv2%2Fcomments&post=127639"}],"version-history":[{"count":0,"href":"https:\/\/analyse.optim.biz\/index.php?rest_route=\/wp\/v2\/posts\/127639\/revisions"}],"wp:featuredmedia":[{"embeddable":true,"href":"https:\/\/analyse.optim.biz\/index.php?rest_route=\/wp\/v2\/media\/127640"}],"wp:attachment":[{"href":"https:\/\/analyse.optim.biz\/index.php?rest_route=%2Fwp%2Fv2%2Fmedia&parent=127639"}],"wp:term":[{"taxonomy":"category","embeddable":true,"href":"https:\/\/analyse.optim.biz\/index.php?rest_route=%2Fwp%2Fv2%2Fcategories&post=127639"},{"taxonomy":"post_tag","embeddable":true,"href":"https:\/\/analyse.optim.biz\/index.php?rest_route=%2Fwp%2Fv2%2Ftags&post=127639"}],"curies":[{"name":"wp","href":"https:\/\/api.w.org\/{rel}","templated":true}]}}