{"id":127636,"date":"2017-12-29T08:19:49","date_gmt":"2017-12-29T05:19:49","guid":{"rendered":"https:\/\/analyse.optim.biz\/?p=127636"},"modified":"2017-12-29T08:19:49","modified_gmt":"2017-12-29T05:19:49","slug":"dragnea-cel-putin-doi-membri-ai-guvernului-tudose-mi-au-spus-ca-li-s-a-transmis-ca-ar-fi-buni-sa-devina-lideri-psd","status":"publish","type":"post","link":"https:\/\/analyse.optim.biz\/?p=127636","title":{"rendered":"Dragnea: Cel pu\u0163in doi membri ai Guvernului Tudose mi-au spus c\u0103 li s-a transmis c\u0103 ar fi buni s\u0103 devin\u0103 lideri PSD"},"content":{"rendered":"<div class=\"entry data-app-meta data-app-meta-article\" data-embed-base-url-canonical=\"https:\/\/www.digi24.ro\/embed\/stiri\/actualitate\/politica\/dragnea-cel-putin-doi-membri-ai-guvernului-tudose-mi-au-spus-ca-li-s-a-transmis-ca-ar-fi-buni-sa-devina-lideri-psd-852299\">\n<p data-index=\"1\"><strong>Liderul PSD Liviu Dragnea a declarat joi c\u0103 \u00eenc\u0103 din martie a \u00eenceput s\u0103 li se spun\u0103 unor colegi de partid c\u0103 el va fi arestat \u015fi c\u0103 unii dintre ei ar fi buni pentru a prelua conducerea \u015fi c\u0103 cel pu\u0163in doi membri ai actualului Cabinet i-au relatat c\u0103 li s-a transmis explicit c\u0103 ar fi buni s\u0103 fie \u00een fruntea PSD. El le-a solicitat celor doi s\u0103 fac\u0103 ei public acest lucru, avertiz\u00e2nd c\u0103 \u00een caz contrar va furniza el aceste informa\u0163ii.<\/strong><\/p>\n<figure class=\"article-thumb\"><img decoding=\"async\" src=\"https:\/\/analyse.optim.biz\/wp-content\/uploads\/2024\/09\/mdamemm9mszoyxnopwmwytllzjq1zdizzdiymthjowi4mdzhndkyodi0othk-thumb_.jpg\" alt=\"171113_LIVIU_DRAGNEA_DECLARATII_05_INQUAM_Photos_Octav_Ganea\" data-skip-htmlfix=\"1\" title=\"mdamemm9mszoyxnopwmwytllzjq1zdizzdiymthjowi4mdzhndkyodi0othk-thumb_\"><figcaption> Foto: Inquam Photos\/Octav Ganea <\/figcaption><\/figure>\n<p data-index=\"2\">Dragnea a sus\u0163inut la Rom\u00e2nia TV c\u0103 dup\u0103 alegeri at\u00e2t pre\u015fedintele Klaus Iohannis, c\u00e2t \u015fi cei care au pierdut alegerile \u201e<strong>au \u00eencercat \u015fi \u00eencearc\u0103 \u015fi acum s\u0103 fac\u0103 orice pentru ca aceast\u0103 guvernare s\u0103 nu func\u0163ioneze<\/strong>\u201d \u015fi s\u0103 destabilizeze PSD.<\/p>\n<p data-index=\"3\">\u201e<em>Din martie, cred, a \u00eenceput s\u0103 li se spun\u0103 unor colegi <strong>\u201evede\u0163i c\u0103 pe Dragnea \u00eel vom aresta, o s\u0103-l b\u0103g\u0103m la pu\u015fc\u0103rie, va disp\u0103rea, trebuie s\u0103 v\u0103 preg\u0103ti\u0163i, tu e\u015fti bun\u201d<\/strong><\/em>\u201d, a sus\u0163inut liderul social-democrat.<\/p>\n<p data-index=\"4\">El a afirmat c\u0103 probabil acest lucru i s-a spus \u015fi fostului premier Sorin Grindeanu, dar c\u0103 nu are informa\u0163ii c\u0103 i s-ar fi transmis \u015fi lui Mihai Tudose.\u00a0Dragnea spune c\u0103, cel pu\u0163in doi membri ai Guvernului Tudose i-au spus \u201e<strong>explicit<\/strong>\u201d c\u0103 li s-a comunicat a\u015fa ceva.<\/p>\n<p data-index=\"5\">\u201e<strong>Cel pu\u0163in doi membri din guvern mi-au spus explicit \u015fi \u00eei consider pe ambii b\u0103rba\u0163i, s\u0103 \u00ee\u015fi asume, s\u0103 spun\u0103 public. (&#8230;) Eu \u00eei a\u015ftept dup\u0103 Anul Nou. Dac\u0103 ei nu o s\u0103 spun\u0103, o s\u0103 spun eu cu subiect \u015fi predicat<\/strong>\u201d, a avertizat Liviu Dragnea.<\/p>\n<\/div>\n<p> Source URL: https:\/\/www.digi24.ro\/stiri\/actualitate\/politica\/dragnea-cel-putin-doi-membri-ai-guvernului-tudose-mi-au-spus-ca-li-s-a-transmis-ca-ar-fi-buni-sa-devina-lideri-psd-852299<\/p>\n","protected":false},"excerpt":{"rendered":"<p>Liderul PSD Liviu Dragnea a declarat joi c\u0103 \u00eenc\u0103 din martie a \u00eenceput s\u0103 li se spun\u0103 unor colegi de partid c\u0103 el va fi arestat \u015fi c\u0103 unii dintre ei ar fi buni pentru a prelua conducerea \u015fi c\u0103 cel pu\u0163in doi membri ai actualului Cabinet i-au relatat c\u0103 li s-a transmis explicit c\u0103 [&hellip;]<\/p>\n","protected":false},"author":1,"featured_media":127637,"comment_status":"open","ping_status":"","sticky":false,"template":"","format":"standard","meta":{"footnotes":""},"categories":[2],"tags":[11],"class_list":["post-127636","post","type-post","status-publish","format-standard","has-post-thumbnail","hentry","category-politics","tag-digi24"],"_links":{"self":[{"href":"https:\/\/analyse.optim.biz\/index.php?rest_route=\/wp\/v2\/posts\/127636","targetHints":{"allow":["GET"]}}],"collection":[{"href":"https:\/\/analyse.optim.biz\/index.php?rest_route=\/wp\/v2\/posts"}],"about":[{"href":"https:\/\/analyse.optim.biz\/index.php?rest_route=\/wp\/v2\/types\/post"}],"author":[{"embeddable":true,"href":"https:\/\/analyse.optim.biz\/index.php?rest_route=\/wp\/v2\/users\/1"}],"replies":[{"embeddable":true,"href":"https:\/\/analyse.optim.biz\/index.php?rest_route=%2Fwp%2Fv2%2Fcomments&post=127636"}],"version-history":[{"count":0,"href":"https:\/\/analyse.optim.biz\/index.php?rest_route=\/wp\/v2\/posts\/127636\/revisions"}],"wp:featuredmedia":[{"embeddable":true,"href":"https:\/\/analyse.optim.biz\/index.php?rest_route=\/wp\/v2\/media\/127637"}],"wp:attachment":[{"href":"https:\/\/analyse.optim.biz\/index.php?rest_route=%2Fwp%2Fv2%2Fmedia&parent=127636"}],"wp:term":[{"taxonomy":"category","embeddable":true,"href":"https:\/\/analyse.optim.biz\/index.php?rest_route=%2Fwp%2Fv2%2Fcategories&post=127636"},{"taxonomy":"post_tag","embeddable":true,"href":"https:\/\/analyse.optim.biz\/index.php?rest_route=%2Fwp%2Fv2%2Ftags&post=127636"}],"curies":[{"name":"wp","href":"https:\/\/api.w.org\/{rel}","templated":true}]}}