{"id":127633,"date":"2017-12-29T10:03:20","date_gmt":"2017-12-29T07:03:20","guid":{"rendered":"https:\/\/analyse.optim.biz\/?p=127633"},"modified":"2017-12-29T10:03:20","modified_gmt":"2017-12-29T07:03:20","slug":"liviu-dragnea-reclama-ca-nu-are-acces-la-dosarul-tel-drum","status":"publish","type":"post","link":"https:\/\/analyse.optim.biz\/?p=127633","title":{"rendered":"Liviu Dragnea reclam\u0103 c\u0103 nu are acces la dosarul Tel Drum"},"content":{"rendered":"<div class=\"entry data-app-meta data-app-meta-article\" data-embed-base-url-canonical=\"https:\/\/www.digi24.ro\/embed\/stiri\/actualitate\/justitie\/liviu-dragnea-reclama-ca-nu-are-acces-la-dosarul-tel-drum-852331\">\n<p data-index=\"1\"><strong>Liderul PSD Liviu Dragnea a declarat joi, c\u0103, de\u015fi a solicitat, nu are \u00eenc\u0103 acces la dosarul Tel Drum, \u00een care este acuzat printre altele de constituirea unui grup infrac\u0163ional organizat \u015fi de abuz \u00een serviciu.<\/strong><\/p>\n<figure class=\"article-thumb\"><img decoding=\"async\" src=\"https:\/\/analyse.optim.biz\/wp-content\/uploads\/2024\/09\/ogewngjmody5yza1ogvhzmm0ytyznmzhnwy0ztdkntu-thumb_.jpg\" alt=\"171003_DRAGNEA_ICCJ_003_INQUAM_Photos_Octav_Ganea\" data-skip-htmlfix=\"1\" title=\"ogewngjmody5yza1ogvhzmm0ytyznmzhnwy0ztdkntu-thumb_\"><figcaption> Foto: Octav Ganea\/Inquam Photos <\/figcaption><\/figure>\n<p data-index=\"2\">\u201e<em><strong>Am primit ordonan\u0163a prin care am fost stabilit suspect. La dosar nu am acces. Nu pot s\u0103 \u00eemi v\u0103d dosarul. Am cerut dosarul imediat, chiar \u00een ziua \u00een care am fost chemat acolo \u015fi mi s-a spus c\u0103 da<\/strong><\/em>\u201d, a relatat Dragnea la Rom\u00e2nia TV.<\/p>\n<p data-index=\"3\">El a amintit c\u0103 <strong>au dat declara\u0163ii \u00een dosar Victor Ponta, Dan \u015eova, Eugen OrlandoTeodorovici, Teodor Ni\u0163ulescu<\/strong>, conchiz\u00e2nd: \u201e<em><strong>Resping categoric toate aceste acuza\u0163ii din acest dosar, absolut toate, dar probabil c\u0103 \u00een via\u0163a asta o s\u0103 avem \u015fi acces la dosar<\/strong><\/em>\u201d.<\/p>\n<p data-index=\"4\"><strong>\u00cen dosarul Tel Drum, Liviu Dragnea este acuzat de constituirea unui grup infrac\u0163ional organizat,\u00a0 de dou\u0103 infrac\u0163iuni de folosire sau prezentare cu rea-credin\u0163\u0103 de documente ori declara\u0163ii false, inexacte sau incomplete, dac\u0103 fapta are ca rezultat ob\u0163inerea pe nedrept de fonduri europene \u015fi de dou\u0103 infrac\u0163iuni de abuz \u00een serviciu cu ob\u0163inere de foloase pentru sine sau pentru altul<\/strong>, fapte comise \u00een perioada \u00een care era pre\u015fedintele Consiliului Jude\u0163ean Teleorman.<\/p>\n<p data-index=\"5\">Al\u0103turi de el, \u00een\u00a0 dosar sunt cercetate alte opt persoane din conducerea Tel Drum, asocia\u0163i ai unor societ\u0103\u0163i comerciale sau func\u0163ionari.<\/p>\n<p data-index=\"6\">\u201e<em>Suspectul Liviu Nicolae Dragnea, pre\u015fedinte al Consiliului Jude\u0163ean Teleorman, a ini\u0163iat un grup infrac\u0163ional organizat care ac\u0163ioneaz\u0103 \u015fi \u00een prezent \u015fi din care au f\u0103cut \u015fi fac parte func\u0163ionari ai institu\u0163iilor din administra\u0163ia public\u0103 \u015fi persoane din mediul de afaceri. Grupul ini\u0163iat \u00een anul 2001 are ca principal scop ob\u0163inerea, \u00een mod fraudulos, a unor sume importante din contractele finan\u0163ate din fonduri publice (na\u0163ionale \u015fi europene), prin comiterea unor infrac\u0163iuni de abuz \u00een serviciu, de fraudare a fondurilor europene, de evaziune fiscal\u0103, sp\u0103larea banilor \u015fi folosirea de informa\u0163ii ce nu sunt destinate publicit\u0103\u0163ii ori permiterea accesului unor persoane neautorizate la aceste informa\u0163ii<\/em>\u201d, afirm\u0103 DNA.<\/p>\n<p data-index=\"7\">\u00cen cazul liderului PSD procurorii DNA au dispus sechestru asigur\u0103tor \u015fi poprire asigur\u0103torie p\u00e2n\u0103 la concuren\u0163a sumei de 127.547.366,34 de lei asupra tuturor bunurilor mobile \u015fi imobile, ac\u0163iunilor \u015fi p\u0103r\u0163ilor sociale de\u0163inute de acesta \u00een cadrul persoanelor juridice de drept privat, asupra sumelor de bani din conturile bancare, precum \u015fi asupra sumelor de bani datorate acestuia cu orice titlu, de c\u0103tre ter\u0163e persoane, inclusiv sumele datorate cu titlu de chirie.<\/p>\n<div>\n<p data-index=\"8\">Conform procurorilor, prejudiciul creat \u00een dauna bugetului public este de peste 30 de milioane de lei, iar fondurile europene fraudate sunt de 21 de milioane de euro.<\/p>\n<\/div>\n<\/div>\n<p> Source URL: https:\/\/www.digi24.ro\/stiri\/actualitate\/justitie\/liviu-dragnea-reclama-ca-nu-are-acces-la-dosarul-tel-drum-852331<\/p>\n","protected":false},"excerpt":{"rendered":"<p>Liderul PSD Liviu Dragnea a declarat joi, c\u0103, de\u015fi a solicitat, nu are \u00eenc\u0103 acces la dosarul Tel Drum, \u00een care este acuzat printre altele de constituirea unui grup infrac\u0163ional organizat \u015fi de abuz \u00een serviciu. Foto: Octav Ganea\/Inquam Photos \u201eAm primit ordonan\u0163a prin care am fost stabilit suspect. La dosar nu am acces. Nu [&hellip;]<\/p>\n","protected":false},"author":1,"featured_media":127634,"comment_status":"open","ping_status":"","sticky":false,"template":"","format":"standard","meta":{"footnotes":""},"categories":[2],"tags":[11],"class_list":["post-127633","post","type-post","status-publish","format-standard","has-post-thumbnail","hentry","category-politics","tag-digi24"],"_links":{"self":[{"href":"https:\/\/analyse.optim.biz\/index.php?rest_route=\/wp\/v2\/posts\/127633","targetHints":{"allow":["GET"]}}],"collection":[{"href":"https:\/\/analyse.optim.biz\/index.php?rest_route=\/wp\/v2\/posts"}],"about":[{"href":"https:\/\/analyse.optim.biz\/index.php?rest_route=\/wp\/v2\/types\/post"}],"author":[{"embeddable":true,"href":"https:\/\/analyse.optim.biz\/index.php?rest_route=\/wp\/v2\/users\/1"}],"replies":[{"embeddable":true,"href":"https:\/\/analyse.optim.biz\/index.php?rest_route=%2Fwp%2Fv2%2Fcomments&post=127633"}],"version-history":[{"count":0,"href":"https:\/\/analyse.optim.biz\/index.php?rest_route=\/wp\/v2\/posts\/127633\/revisions"}],"wp:featuredmedia":[{"embeddable":true,"href":"https:\/\/analyse.optim.biz\/index.php?rest_route=\/wp\/v2\/media\/127634"}],"wp:attachment":[{"href":"https:\/\/analyse.optim.biz\/index.php?rest_route=%2Fwp%2Fv2%2Fmedia&parent=127633"}],"wp:term":[{"taxonomy":"category","embeddable":true,"href":"https:\/\/analyse.optim.biz\/index.php?rest_route=%2Fwp%2Fv2%2Fcategories&post=127633"},{"taxonomy":"post_tag","embeddable":true,"href":"https:\/\/analyse.optim.biz\/index.php?rest_route=%2Fwp%2Fv2%2Ftags&post=127633"}],"curies":[{"name":"wp","href":"https:\/\/api.w.org\/{rel}","templated":true}]}}