{"id":127599,"date":"2017-12-29T14:35:41","date_gmt":"2017-12-29T11:35:41","guid":{"rendered":"https:\/\/analyse.optim.biz\/?p=127599"},"modified":"2017-12-29T14:35:41","modified_gmt":"2017-12-29T11:35:41","slug":"fotogalerie-ministrul-apararii-in-vizita-la-soldatii-romani-din-kandahar","status":"publish","type":"post","link":"https:\/\/analyse.optim.biz\/?p=127599","title":{"rendered":"FOTOGALERIE. Ministrul ap\u0103r\u0103rii, \u00een vizit\u0103 la solda\u021bii rom\u00e2ni din Kandahar"},"content":{"rendered":"<div class=\"entry data-app-meta data-app-meta-article\" data-embed-base-url-canonical=\"https:\/\/www.digi24.ro\/embed\/stiri\/actualitate\/fotogalerie-ministrul-apararii-in-vizita-la-soldatii-romani-din-kandahar-852434\">\n<p data-index=\"1\"><strong>Ministrul ap\u0103r\u0103rii, Mihai Fifor, a fost \u00een Kandahar, la militarii rom\u00e2ni afla\u0163i \u00een misiune \u00een Afganistan.<\/strong><\/p>\n<p data-index=\"2\">\n<figure class=\"article-thumb article-thumb-gallery article-thumb-gallery-alt\"><a href=\"https:\/\/www.digi24.ro\/galerie-foto\/1\/stiri\/actualitate\/fotogalerie-ministrul-apararii-in-vizita-la-soldatii-romani-din-kandahar-852434\" data-skip-linkfix=\"1\"><img decoding=\"async\" src=\"https:\/\/analyse.optim.biz\/wp-content\/uploads\/2024\/09\/otiynthimde1mmqyyzrkzji1ntnmndq3yzm-thumb_.jpg\" alt=\"fifor kandahar 1\" data-skip-htmlfix=\"1\" title=\"otiynthimde1mmqyyzrkzji1ntnmndq3yzm-thumb_\"><figcaption>fifor kandahar 1<\/figcaption><\/a><\/p>\n<div class=\"read-more-cta\"><a href=\"https:\/\/www.digi24.ro\/galerie-foto\/1\/stiri\/actualitate\/fotogalerie-ministrul-apararii-in-vizita-la-soldatii-romani-din-kandahar-852434\" title=\"Deschide galeria foto\" class=\"read-more\" data-skip-linkfix=\"1\">Deschide galeria foto<\/a><\/div>\n<\/figure>\n<div class=\"swiper-gallery-nav article-thumb\">\n<div class=\"swiper-container\">\n<div class=\"swiper-wrapper\"><a href=\"https:\/\/www.digi24.ro\/galerie-foto\/1\/stiri\/actualitate\/fotogalerie-ministrul-apararii-in-vizita-la-soldatii-romani-din-kandahar-852434#1\" class=\"swiper-slide\" data-skip-linkfix=\"1\"><img decoding=\"async\" src=\"https:\/\/analyse.optim.biz\/wp-content\/uploads\/2024\/09\/ownmodczmdy4yzlkyjjlntlkn2e5ytbjzdg-thumb_.jpg\" alt=\"fifor kandahar 1 | Poza 1 din 25\" data-skip-htmlfix=\"1\" title=\"ownmodczmdy4yzlkyjjlntlkn2e5ytbjzdg-thumb_\"><figcaption class=\"hide\">fifor kandahar 1<\/figcaption><\/a><a href=\"https:\/\/www.digi24.ro\/galerie-foto\/1\/stiri\/actualitate\/fotogalerie-ministrul-apararii-in-vizita-la-soldatii-romani-din-kandahar-852434#2\" class=\"swiper-slide\" data-skip-linkfix=\"1\"><img decoding=\"async\" src=\"https:\/\/analyse.optim.biz\/wp-content\/uploads\/2024\/09\/yxnopwvlyzu4ndaxmgu3ndblmte0ytcyytvkownlndnmzgjk-thumb_.jpg\" alt=\"fifor soldati afga 10 | Poza 2 din 25\" data-skip-htmlfix=\"1\" title=\"yxnopwvlyzu4ndaxmgu3ndblmte0ytcyytvkownlndnmzgjk-thumb_\"><figcaption class=\"hide\">fifor soldati afga 10<\/figcaption><\/a><a href=\"https:\/\/www.digi24.ro\/galerie-foto\/1\/stiri\/actualitate\/fotogalerie-ministrul-apararii-in-vizita-la-soldatii-romani-din-kandahar-852434#3\" class=\"swiper-slide\" data-skip-linkfix=\"1\"><img decoding=\"async\" src=\"https:\/\/analyse.optim.biz\/wp-content\/uploads\/2024\/09\/ad0zzwvkmde5mtfkzjkznjkyyjrkmdbkotezywzlogqwyg-thumb_.jpg\" alt=\"fifor kandahar2 - fb | Poza 3 din 25\" data-skip-htmlfix=\"1\" title=\"ad0zzwvkmde5mtfkzjkznjkyyjrkmdbkotezywzlogqwyg-thumb_\"><figcaption class=\"hide\">fifor kandahar2 &#8211; fb<\/figcaption><\/a><a href=\"https:\/\/www.digi24.ro\/galerie-foto\/1\/stiri\/actualitate\/fotogalerie-ministrul-apararii-in-vizita-la-soldatii-romani-din-kandahar-852434#4\" class=\"swiper-slide\" data-skip-linkfix=\"1\"><img decoding=\"async\" src=\"https:\/\/analyse.optim.biz\/wp-content\/uploads\/2024\/09\/yju4mjllyja0ytgxmjvkzmm0ntaxmtm1zti-thumb_.jpg\" alt=\"fifor afganistan | Poza 4 din 25\" data-skip-htmlfix=\"1\" title=\"yju4mjllyja0ytgxmjvkzmm0ntaxmtm1zti-thumb_\"><figcaption class=\"hide\">fifor afganistan<\/figcaption><\/a><a href=\"https:\/\/www.digi24.ro\/galerie-foto\/1\/stiri\/actualitate\/fotogalerie-ministrul-apararii-in-vizita-la-soldatii-romani-din-kandahar-852434#5\" class=\"swiper-slide\" data-skip-linkfix=\"1\"><img decoding=\"async\" src=\"https:\/\/analyse.optim.biz\/wp-content\/uploads\/2024\/09\/cgcmdz04mdamagfzad0wzjyyy2y1ntixyjczmznlngexotqwytmxntu5ngq5yw-thumb_.jpg\" alt=\"fifor soldati romani afga | Poza 5 din 25\" data-skip-htmlfix=\"1\" title=\"cgcmdz04mdamagfzad0wzjyyy2y1ntixyjczmznlngexotqwytmxntu5ngq5yw-thumb_\"><figcaption class=\"hide\">fifor soldati romani afga<\/figcaption><\/a><a href=\"https:\/\/www.digi24.ro\/galerie-foto\/1\/stiri\/actualitate\/fotogalerie-ministrul-apararii-in-vizita-la-soldatii-romani-din-kandahar-852434#6\" class=\"swiper-slide\" data-skip-linkfix=\"1\"><img decoding=\"async\" src=\"https:\/\/analyse.optim.biz\/wp-content\/uploads\/2024\/09\/odawjmhhc2g9ntlmyty0mgi0ode2m2u1ngm1n2vkyja0zjc5mwzkmtg-thumb_.jpg\" alt=\"fifor soldati romani kandahar | Poza 6 din 25\" data-skip-htmlfix=\"1\" title=\"odawjmhhc2g9ntlmyty0mgi0ode2m2u1ngm1n2vkyja0zjc5mwzkmtg-thumb_\"><figcaption class=\"hide\">fifor soldati romani kandahar<\/figcaption><\/a><a href=\"https:\/\/www.digi24.ro\/galerie-foto\/1\/stiri\/actualitate\/fotogalerie-ministrul-apararii-in-vizita-la-soldatii-romani-din-kandahar-852434#7\" class=\"swiper-slide\" data-skip-linkfix=\"1\"><img decoding=\"async\" src=\"https:\/\/analyse.optim.biz\/wp-content\/uploads\/2024\/09\/ndk5njq0mdu3otayytg3nzy3ntdjnzmwmjkwnda-thumb_.jpg\" alt=\"fifor soldati romani afganistan | Poza 7 din 25\" data-skip-htmlfix=\"1\" title=\"ndk5njq0mdu3otayytg3nzy3ntdjnzmwmjkwnda-thumb_\"><figcaption class=\"hide\">fifor soldati romani afganistan<\/figcaption><\/a><a href=\"https:\/\/www.digi24.ro\/galerie-foto\/1\/stiri\/actualitate\/fotogalerie-ministrul-apararii-in-vizita-la-soldatii-romani-din-kandahar-852434#8\" class=\"swiper-slide\" data-skip-linkfix=\"1\"><img decoding=\"async\" src=\"https:\/\/analyse.optim.biz\/wp-content\/uploads\/2024\/09\/dz04mdamagfzad0yotdjzthhyzi1ymuyytm0mdzhzdlhmjrhzdu3zwjlna-thumb_.jpg\" alt=\"fifor kandahar soldati americani | Poza 8 din 25\" data-skip-htmlfix=\"1\" title=\"dz04mdamagfzad0yotdjzthhyzi1ymuyytm0mdzhzdlhmjrhzdu3zwjlna-thumb_\"><figcaption class=\"hide\">fifor kandahar soldati americani<\/figcaption><\/a><a href=\"https:\/\/www.digi24.ro\/galerie-foto\/1\/stiri\/actualitate\/fotogalerie-ministrul-apararii-in-vizita-la-soldatii-romani-din-kandahar-852434#9\" class=\"swiper-slide\" data-skip-linkfix=\"1\"><img decoding=\"async\" src=\"https:\/\/analyse.optim.biz\/wp-content\/uploads\/2024\/09\/odawjmhhc2g9ywjjndjlytu2odm2ywm4zgfhmmvjywnintk2njqzmji-thumb_.jpg\" alt=\"fifor romanca soldat kandahar | Poza 9 din 25\" data-skip-htmlfix=\"1\" title=\"odawjmhhc2g9ywjjndjlytu2odm2ywm4zgfhmmvjywnintk2njqzmji-thumb_\"><figcaption class=\"hide\">fifor romanca soldat kandahar<\/figcaption><\/a><a href=\"https:\/\/www.digi24.ro\/galerie-foto\/1\/stiri\/actualitate\/fotogalerie-ministrul-apararii-in-vizita-la-soldatii-romani-din-kandahar-852434#10\" class=\"swiper-slide\" data-skip-linkfix=\"1\"><img decoding=\"async\" src=\"https:\/\/analyse.optim.biz\/wp-content\/uploads\/2024\/09\/ytzizjdiytu0y2njmwm0ytgxmdvimwy0mjg-thumb_.jpg\" alt=\"fifor ciuca | Poza 10 din 25\" data-skip-htmlfix=\"1\" title=\"ytzizjdiytu0y2njmwm0ytgxmdvimwy0mjg-thumb_\"><figcaption class=\"hide\">fifor ciuca<\/figcaption><\/a><a href=\"https:\/\/www.digi24.ro\/galerie-foto\/1\/stiri\/actualitate\/fotogalerie-ministrul-apararii-in-vizita-la-soldatii-romani-din-kandahar-852434#11\" class=\"swiper-slide\" data-skip-linkfix=\"1\"><img decoding=\"async\" src=\"https:\/\/analyse.optim.biz\/wp-content\/uploads\/2024\/09\/ote4mjrkn2jkngnlmgrjyzuxytq3y2zlmmy-thumb_.jpg\" alt=\"fifor kandahar 9 | Poza 11 din 25\" data-skip-htmlfix=\"1\" title=\"ote4mjrkn2jkngnlmgrjyzuxytq3y2zlmmy-thumb_\"><figcaption class=\"hide\">fifor kandahar 9<\/figcaption><\/a><a href=\"https:\/\/www.digi24.ro\/galerie-foto\/1\/stiri\/actualitate\/fotogalerie-ministrul-apararii-in-vizita-la-soldatii-romani-din-kandahar-852434#12\" class=\"swiper-slide\" data-skip-linkfix=\"1\"><img decoding=\"async\" src=\"https:\/\/analyse.optim.biz\/wp-content\/uploads\/2024\/09\/odawjmhhc2g9nwq3mjg0mjg1nwy5zdkxngi4nzyznmjmzgflnti3nju-thumb_.jpg\" alt=\"fifor vehicul romani kandahar | Poza 12 din 25\" data-skip-htmlfix=\"1\" title=\"odawjmhhc2g9nwq3mjg0mjg1nwy5zdkxngi4nzyznmjmzgflnti3nju-thumb_\"><figcaption class=\"hide\">fifor vehicul romani kandahar<\/figcaption><\/a><a href=\"https:\/\/www.digi24.ro\/galerie-foto\/1\/stiri\/actualitate\/fotogalerie-ministrul-apararii-in-vizita-la-soldatii-romani-din-kandahar-852434#13\" class=\"swiper-slide\" data-skip-linkfix=\"1\"><img decoding=\"async\" src=\"https:\/\/analyse.optim.biz\/wp-content\/uploads\/2024\/09\/ndcwmzrhm2e4zwjlmgu3ytk4nzm0mwu1nge-thumb_.jpg\" alt=\"fifor kandahar 7 | Poza 13 din 25\" data-skip-htmlfix=\"1\" title=\"ndcwmzrhm2e4zwjlmgu3ytk4nzm0mwu1nge-thumb_\"><figcaption class=\"hide\">fifor kandahar 7<\/figcaption><\/a><a href=\"https:\/\/www.digi24.ro\/galerie-foto\/1\/stiri\/actualitate\/fotogalerie-ministrul-apararii-in-vizita-la-soldatii-romani-din-kandahar-852434#14\" class=\"swiper-slide\" data-skip-linkfix=\"1\"><img decoding=\"async\" src=\"https:\/\/analyse.optim.biz\/wp-content\/uploads\/2024\/09\/ndjhytyxzmi2mmi5ndfkmdy1odiwnzk5ode-thumb_.jpg\" alt=\"fifor kandahar 6 | Poza 14 din 25\" data-skip-htmlfix=\"1\" title=\"ndjhytyxzmi2mmi5ndfkmdy1odiwnzk5ode-thumb_\"><figcaption class=\"hide\">fifor kandahar 6<\/figcaption><\/a><a href=\"https:\/\/www.digi24.ro\/galerie-foto\/1\/stiri\/actualitate\/fotogalerie-ministrul-apararii-in-vizita-la-soldatii-romani-din-kandahar-852434#15\" class=\"swiper-slide\" data-skip-linkfix=\"1\"><img decoding=\"async\" src=\"https:\/\/analyse.optim.biz\/wp-content\/uploads\/2024\/09\/ptgwmczoyxnoptc5ntlmmtzinjhmytu1otgyy2m2nza5mde4mdfhogrl-thumb_.jpg\" alt=\"fifor ciuca kandahar | Poza 15 din 25\" data-skip-htmlfix=\"1\" title=\"ptgwmczoyxnoptc5ntlmmtzinjhmytu1otgyy2m2nza5mde4mdfhogrl-thumb_\"><figcaption class=\"hide\">fifor ciuca kandahar<\/figcaption><\/a><a href=\"https:\/\/www.digi24.ro\/galerie-foto\/1\/stiri\/actualitate\/fotogalerie-ministrul-apararii-in-vizita-la-soldatii-romani-din-kandahar-852434#16\" class=\"swiper-slide\" data-skip-linkfix=\"1\"><img decoding=\"async\" src=\"https:\/\/analyse.optim.biz\/wp-content\/uploads\/2024\/09\/njqxzdjhzwzlotlkmgvjnzrmnwm1zgy2mta1yg-thumb_.jpg\" alt=\"fifor kandahar | Poza 16 din 25\" data-skip-htmlfix=\"1\" title=\"njqxzdjhzwzlotlkmgvjnzrmnwm1zgy2mta1yg-thumb_\"><figcaption class=\"hide\">fifor kandahar<\/figcaption><\/a><a href=\"https:\/\/www.digi24.ro\/galerie-foto\/1\/stiri\/actualitate\/fotogalerie-ministrul-apararii-in-vizita-la-soldatii-romani-din-kandahar-852434#17\" class=\"swiper-slide\" data-skip-linkfix=\"1\"><img decoding=\"async\" src=\"https:\/\/analyse.optim.biz\/wp-content\/uploads\/2024\/09\/nde2ndjhmwi2nwzhogfhnwjkyme2yty4nzu-thumb_.jpg\" alt=\"fifor kandahar 5 | Poza 17 din 25\" data-skip-htmlfix=\"1\" title=\"nde2ndjhmwi2nwzhogfhnwjkyme2yty4nzu-thumb_\"><figcaption class=\"hide\">fifor kandahar 5<\/figcaption><\/a><a href=\"https:\/\/www.digi24.ro\/galerie-foto\/1\/stiri\/actualitate\/fotogalerie-ministrul-apararii-in-vizita-la-soldatii-romani-din-kandahar-852434#18\" class=\"swiper-slide\" data-skip-linkfix=\"1\"><img decoding=\"async\" src=\"https:\/\/analyse.optim.biz\/wp-content\/uploads\/2024\/09\/yxnopwi4zgy2ywmxngvkmzi2ndq4ywvkmzblntq3ota5otky-thumb_.jpg\" alt=\"fifor la soldati afga | Poza 18 din 25\" data-skip-htmlfix=\"1\" title=\"yxnopwi4zgy2ywmxngvkmzi2ndq4ywvkmzblntq3ota5otky-thumb_\"><figcaption class=\"hide\">fifor la soldati afga<\/figcaption><\/a><a href=\"https:\/\/www.digi24.ro\/galerie-foto\/1\/stiri\/actualitate\/fotogalerie-ministrul-apararii-in-vizita-la-soldatii-romani-din-kandahar-852434#19\" class=\"swiper-slide\" data-skip-linkfix=\"1\"><img decoding=\"async\" src=\"https:\/\/analyse.optim.biz\/wp-content\/uploads\/2024\/09\/nju0zduzn2ewyze0mdnmymy0ytcwndhknwy1nzm-thumb_.jpg\" alt=\"fifor soldati romani kandahar 2 | Poza 19 din 25\" data-skip-htmlfix=\"1\" title=\"nju0zduzn2ewyze0mdnmymy0ytcwndhknwy1nzm-thumb_\"><figcaption class=\"hide\">fifor soldati romani kandahar 2<\/figcaption><\/a><a href=\"https:\/\/www.digi24.ro\/galerie-foto\/1\/stiri\/actualitate\/fotogalerie-ministrul-apararii-in-vizita-la-soldatii-romani-din-kandahar-852434#20\" class=\"swiper-slide\" data-skip-linkfix=\"1\"><img decoding=\"async\" src=\"https:\/\/analyse.optim.biz\/wp-content\/uploads\/2024\/09\/odk2odflywi4ytmxy2ywnmm5mjy5owvmngm-thumb_.jpg\" alt=\"fifor kandahar 3 | Poza 20 din 25\" data-skip-htmlfix=\"1\" title=\"odk2odflywi4ytmxy2ywnmm5mjy5owvmngm-thumb_\"><figcaption class=\"hide\">fifor kandahar 3<\/figcaption><\/a><a href=\"https:\/\/www.digi24.ro\/galerie-foto\/1\/stiri\/actualitate\/fotogalerie-ministrul-apararii-in-vizita-la-soldatii-romani-din-kandahar-852434#21\" class=\"swiper-slide\" data-skip-linkfix=\"1\"><img decoding=\"async\" src=\"https:\/\/analyse.optim.biz\/wp-content\/uploads\/2024\/09\/ndiwnzq4ytuxotfhzti5ntuzmwiwmjvjzjy-thumb_.jpg\" alt=\"fifor kandahar 8 | Poza 21 din 25\" data-skip-htmlfix=\"1\" title=\"ndiwnzq4ytuxotfhzti5ntuzmwiwmjvjzjy-thumb_\"><figcaption class=\"hide\">fifor kandahar 8<\/figcaption><\/a><a href=\"https:\/\/www.digi24.ro\/galerie-foto\/1\/stiri\/actualitate\/fotogalerie-ministrul-apararii-in-vizita-la-soldatii-romani-din-kandahar-852434#22\" class=\"swiper-slide\" data-skip-linkfix=\"1\"><img decoding=\"async\" src=\"https:\/\/analyse.optim.biz\/wp-content\/uploads\/2024\/09\/njrjmmezmjflyjflotzkyjcxodu1nzdinmixnze2-thumb_.jpg\" alt=\"fifor sedinta kandahar | Poza 22 din 25\" data-skip-htmlfix=\"1\" title=\"njrjmmezmjflyjflotzkyjcxodu1nzdinmixnze2-thumb_\"><figcaption class=\"hide\">fifor sedinta kandahar<\/figcaption><\/a><a href=\"https:\/\/www.digi24.ro\/galerie-foto\/1\/stiri\/actualitate\/fotogalerie-ministrul-apararii-in-vizita-la-soldatii-romani-din-kandahar-852434#23\" class=\"swiper-slide\" data-skip-linkfix=\"1\"><img decoding=\"async\" src=\"https:\/\/analyse.optim.biz\/wp-content\/uploads\/2024\/09\/ad04ywu5ndqzmmi2nte0ytvkymzkote0zmiwy2eyywq4ng-thumb_.jpg\" alt=\"fifor soldati afga | Poza 23 din 25\" data-skip-htmlfix=\"1\" title=\"ad04ywu5ndqzmmi2nte0ytvkymzkote0zmiwy2eyywq4ng-thumb_\"><figcaption class=\"hide\">fifor soldati afga<\/figcaption><\/a><a href=\"https:\/\/www.digi24.ro\/galerie-foto\/1\/stiri\/actualitate\/fotogalerie-ministrul-apararii-in-vizita-la-soldatii-romani-din-kandahar-852434#24\" class=\"swiper-slide\" data-skip-linkfix=\"1\"><img decoding=\"async\" src=\"https:\/\/analyse.optim.biz\/wp-content\/uploads\/2024\/09\/yxnoptewmzrjnjyxmdmwmdi0zjq4mgm3mwnmngjlnwrmmdbi-thumb_.jpg\" alt=\"fifor sedinta soldati | Poza 24 din 25\" data-skip-htmlfix=\"1\" title=\"yxnoptewmzrjnjyxmdmwmdi0zjq4mgm3mwnmngjlnwrmmdbi-thumb_\"><figcaption class=\"hide\">fifor sedinta soldati<\/figcaption><\/a><a href=\"https:\/\/www.digi24.ro\/galerie-foto\/1\/stiri\/actualitate\/fotogalerie-ministrul-apararii-in-vizita-la-soldatii-romani-din-kandahar-852434#25\" class=\"swiper-slide\" data-skip-linkfix=\"1\"><img decoding=\"async\" src=\"https:\/\/analyse.optim.biz\/wp-content\/uploads\/2024\/09\/ywqyyjyxotvjoguxywiyn2i1mjrkmtc5ngzkmzi-thumb_.jpg\" alt=\"fifor baza romani kandahar | Poza 25 din 25\" data-skip-htmlfix=\"1\" title=\"ywqyyjyxotvjoguxywiyn2i1mjrkmtc5ngzkmzi-thumb_\"><figcaption class=\"hide\">fifor baza romani kandahar<\/figcaption><\/a>, <\/div>\n<\/div>\n<\/div>\n<p data-index=\"3\">\u00centr-o<a href=\"https:\/\/www.facebook.com\/mfifor\/posts\/1789203554452592?pnref=story\" target=\"_blank\" rel=\"noopener\" data-skip-linkfix=\"1\"> postare publicat\u0103 pe contul s\u0103u de Facebook<\/a>, Mihai Fifor spune c\u0103 a discutat cu solda\u0163ii despre planurile armatei pentru anul 2018, dar \u015fi despre nevoile militarilor cantona\u0163i \u00een teatrele de opera\u0163ii din str\u0103in\u0103tate. Ministrul mai scrie c\u0103 a fost informat despre misiunile desf\u0103\u015furate de militarii no\u015ftri \u00een Afganistan.<\/p>\n<p data-index=\"4\">\u00cen vizita f\u0103cut\u0103, Mihai Fifor a fost \u00eenso\u0163it de \u015feful statului major al Armatei, generalul Nicolae Ciuc\u0103.<\/p>\n<p data-index=\"5\">Rom\u00e2nia are \u00een total 626 de solda\u021bi \u00een Afganistan \u0219i va continua s\u0103 sprijine misiunea NATO \u0219i \u00een 2018.<\/p>\n<p data-index=\"6\">Ministrul a postat pe Facebook \u0219i o serie de fotografii din timpul vizitei. Urm\u0103ri\u021bi-le \u00een galeria foto de mai sus (clic pe prima imagine pentru a le vedea pe toate celelalte).<\/p>\n<\/div>\n<p> Source URL: https:\/\/www.digi24.ro\/stiri\/actualitate\/fotogalerie-ministrul-apararii-in-vizita-la-soldatii-romani-din-kandahar-852434<\/p>\n","protected":false},"excerpt":{"rendered":"<p>Ministrul ap\u0103r\u0103rii, Mihai Fifor, a fost \u00een Kandahar, la militarii rom\u00e2ni afla\u0163i \u00een misiune \u00een Afganistan. fifor kandahar 1 Deschide galeria foto fifor kandahar 1fifor soldati afga 10fifor kandahar2 &#8211; fbfifor afganistanfifor soldati romani afgafifor soldati romani kandaharfifor soldati romani afganistanfifor kandahar soldati americanififor romanca soldat kandaharfifor ciucafifor kandahar 9fifor vehicul romani kandaharfifor kandahar 7fifor [&hellip;]<\/p>\n","protected":false},"author":1,"featured_media":127600,"comment_status":"open","ping_status":"","sticky":false,"template":"","format":"standard","meta":{"footnotes":""},"categories":[2],"tags":[11],"class_list":["post-127599","post","type-post","status-publish","format-standard","has-post-thumbnail","hentry","category-politics","tag-digi24"],"_links":{"self":[{"href":"https:\/\/analyse.optim.biz\/index.php?rest_route=\/wp\/v2\/posts\/127599","targetHints":{"allow":["GET"]}}],"collection":[{"href":"https:\/\/analyse.optim.biz\/index.php?rest_route=\/wp\/v2\/posts"}],"about":[{"href":"https:\/\/analyse.optim.biz\/index.php?rest_route=\/wp\/v2\/types\/post"}],"author":[{"embeddable":true,"href":"https:\/\/analyse.optim.biz\/index.php?rest_route=\/wp\/v2\/users\/1"}],"replies":[{"embeddable":true,"href":"https:\/\/analyse.optim.biz\/index.php?rest_route=%2Fwp%2Fv2%2Fcomments&post=127599"}],"version-history":[{"count":0,"href":"https:\/\/analyse.optim.biz\/index.php?rest_route=\/wp\/v2\/posts\/127599\/revisions"}],"wp:featuredmedia":[{"embeddable":true,"href":"https:\/\/analyse.optim.biz\/index.php?rest_route=\/wp\/v2\/media\/127600"}],"wp:attachment":[{"href":"https:\/\/analyse.optim.biz\/index.php?rest_route=%2Fwp%2Fv2%2Fmedia&parent=127599"}],"wp:term":[{"taxonomy":"category","embeddable":true,"href":"https:\/\/analyse.optim.biz\/index.php?rest_route=%2Fwp%2Fv2%2Fcategories&post=127599"},{"taxonomy":"post_tag","embeddable":true,"href":"https:\/\/analyse.optim.biz\/index.php?rest_route=%2Fwp%2Fv2%2Ftags&post=127599"}],"curies":[{"name":"wp","href":"https:\/\/api.w.org\/{rel}","templated":true}]}}