{"id":127596,"date":"2017-12-29T14:51:46","date_gmt":"2017-12-29T11:51:46","guid":{"rendered":"https:\/\/analyse.optim.biz\/?p=127596"},"modified":"2017-12-29T14:51:46","modified_gmt":"2017-12-29T11:51:46","slug":"udmr-dezaproba-modificarile-psd-alde-aduse-codurilor-penale","status":"publish","type":"post","link":"https:\/\/analyse.optim.biz\/?p=127596","title":{"rendered":"UDMR dezaprob\u0103 modific\u0103rile PSD-ALDE aduse Codurilor penale"},"content":{"rendered":"<div class=\"entry data-app-meta data-app-meta-article\" data-embed-base-url-canonical=\"https:\/\/www.digi24.ro\/embed\/stiri\/actualitate\/politica\/udmr-dezaproba-modificarile-psd-alde-aduse-codurilor-penale-852478\">\n<p data-index=\"1\"><strong>Codul Penal \u015fi cel de Procedur\u0103 Penal\u0103 vor fi bulversate de modific\u0103rile propuse de parlamentarii PSD, <a href=\"http:\/\/www.rfi.ro\/politica-100248-attila-korodi-udmr-modificari-cod-penal\" target=\"_blank\" rel=\"noopener\" data-skip-linkfix=\"1\">a declarat la RFI<\/a> liderul deputa\u0163ilor UDMR, Attila Korodi, preciz\u00e2nd c\u0103 acestea nu pot fi sus\u0163inute de UDMR, relateaz\u0103 News.ro.<\/strong><\/p>\n<p data-index=\"2\"><img loading=\"lazy\" decoding=\"async\" class=\"alignnone size-full wp-image-744081\" src=\"https:\/\/analyse.optim.biz\/wp-content\/uploads\/2024\/09\/ztg2ytu0otc2yjjmntvkmmu2ognkzgrlmjljztbhzdm-thumb_.jpg\" width=\"470\" height=\"470\" data-skip-htmlfix=\"1\" title=\"ztg2ytu0otc2yjjmntvkmmu2ognkzgrlmjljztbhzdm-thumb_\"><\/p>\n<p data-index=\"3\">\u00a0<\/p>\n<p data-index=\"4\">\u00cen opinia lui Attila Korodi, propunerile PSD la Codul Penal \u015fi la cel de Procedur\u0103 Penal\u0103 nu pot fi sus\u0163inute de UDMR.<\/p>\n<p data-index=\"5\">\u201eSunt enumerate acolo modific\u0103ri care nu au cum s\u0103 fie acceptate de c\u0103tre noi, pentru c\u0103 bulverseaz\u0103 de tot Codul Penal \u015fi Codul de Procedur\u0103 Penal\u0103 \u015fi sper ca \u015fi PSD-ul s\u0103 se g\u00e2ndeasc\u0103 \u00een acela\u015fi sens, \u00een sensul c\u0103 indiferent c\u0103 au fost propuneri f\u0103cute de c\u00e2teva zeci de parlamentari, dar dac\u0103 acelea nu sunt acceptate, atunci nu trebuie sus\u0163inute. Noi nu vom sus\u0163ine\u201d, a precizat liderul deputa\u0163ilor UDMR.<\/p>\n<p data-index=\"6\">El a amintit c\u0103 dac\u0103 Uniunea Maghiarilor a sus\u0163inut tot ceea ce a \u00eensemnat rea\u015fezarea \u015fi redimensionarea sistemului judiciar, c\u00e2nd este vorba despre codurile penale, sunt necesare abord\u0103ri mult mai serioase \u015fi o perioad\u0103 mai mare de g\u00e2ndire.<\/p>\n<p data-index=\"7\">\u201eC\u00e2nd am v\u0103zut \u015fi informa\u0163iile cu privire la pragul de 200 de mii de euro, ne-am exprimat foarte ferm pozi\u0163ia: nu, n-avem cum s\u0103 sus\u0163inem astfel de modific\u0103ri, pentru c\u0103 tot ce s-a \u00eent\u00e2mplat p\u00e2n\u0103 acum a fost bine, tot ce \u00eenseamn\u0103 redimensionarea, rea\u015fezarea, reechilibrarea sistemului judiciar, dar c\u00e2nd vorbim de Codul de Procedur\u0103 Penal\u0103 \u015fi Codul Penal, lucrurile deja trebuie s\u0103 intre \u00eentr-un f\u0103ga\u015f mult mai lent \u015fi cu abord\u0103ri mult mai serioase \u015fi cu o perioad\u0103 de g\u00e2ndire asupra acestor propuneri mult mai larg\u0103\u201d, consider\u0103 deputatul UDMR.<\/p>\n<\/div>\n<p> Source URL: https:\/\/www.digi24.ro\/stiri\/actualitate\/politica\/udmr-dezaproba-modificarile-psd-alde-aduse-codurilor-penale-852478<\/p>\n","protected":false},"excerpt":{"rendered":"<p>Codul Penal \u015fi cel de Procedur\u0103 Penal\u0103 vor fi bulversate de modific\u0103rile propuse de parlamentarii PSD, a declarat la RFI liderul deputa\u0163ilor UDMR, Attila Korodi, preciz\u00e2nd c\u0103 acestea nu pot fi sus\u0163inute de UDMR, relateaz\u0103 News.ro. \u00a0 \u00cen opinia lui Attila Korodi, propunerile PSD la Codul Penal \u015fi la cel de Procedur\u0103 Penal\u0103 nu pot [&hellip;]<\/p>\n","protected":false},"author":1,"featured_media":127597,"comment_status":"open","ping_status":"","sticky":false,"template":"","format":"standard","meta":{"footnotes":""},"categories":[2],"tags":[11],"class_list":["post-127596","post","type-post","status-publish","format-standard","has-post-thumbnail","hentry","category-politics","tag-digi24"],"_links":{"self":[{"href":"https:\/\/analyse.optim.biz\/index.php?rest_route=\/wp\/v2\/posts\/127596","targetHints":{"allow":["GET"]}}],"collection":[{"href":"https:\/\/analyse.optim.biz\/index.php?rest_route=\/wp\/v2\/posts"}],"about":[{"href":"https:\/\/analyse.optim.biz\/index.php?rest_route=\/wp\/v2\/types\/post"}],"author":[{"embeddable":true,"href":"https:\/\/analyse.optim.biz\/index.php?rest_route=\/wp\/v2\/users\/1"}],"replies":[{"embeddable":true,"href":"https:\/\/analyse.optim.biz\/index.php?rest_route=%2Fwp%2Fv2%2Fcomments&post=127596"}],"version-history":[{"count":0,"href":"https:\/\/analyse.optim.biz\/index.php?rest_route=\/wp\/v2\/posts\/127596\/revisions"}],"wp:featuredmedia":[{"embeddable":true,"href":"https:\/\/analyse.optim.biz\/index.php?rest_route=\/wp\/v2\/media\/127597"}],"wp:attachment":[{"href":"https:\/\/analyse.optim.biz\/index.php?rest_route=%2Fwp%2Fv2%2Fmedia&parent=127596"}],"wp:term":[{"taxonomy":"category","embeddable":true,"href":"https:\/\/analyse.optim.biz\/index.php?rest_route=%2Fwp%2Fv2%2Fcategories&post=127596"},{"taxonomy":"post_tag","embeddable":true,"href":"https:\/\/analyse.optim.biz\/index.php?rest_route=%2Fwp%2Fv2%2Ftags&post=127596"}],"curies":[{"name":"wp","href":"https:\/\/api.w.org\/{rel}","templated":true}]}}