{"id":127585,"date":"2017-12-29T16:20:52","date_gmt":"2017-12-29T13:20:52","guid":{"rendered":"https:\/\/analyse.optim.biz\/?p=127585"},"modified":"2017-12-29T16:20:52","modified_gmt":"2017-12-29T13:20:52","slug":"deputatul-radulescu-isi-retrage-proiectele-controversate","status":"publish","type":"post","link":"https:\/\/analyse.optim.biz\/?p=127585","title":{"rendered":"Deputatul R\u0103dulescu \u00ee\u015fi retrage proiectele controversate"},"content":{"rendered":"<div class=\"entry data-app-meta data-app-meta-article\" data-embed-base-url-canonical=\"https:\/\/www.digi24.ro\/embed\/stiri\/actualitate\/politica\/deputatul-radulescu-isi-retrage-proiectele-controversate-852514\">\n<p data-index=\"1\"><strong><span lang=\"ro-RO\">Deputatul PSD C\u0103t\u0103lin R\u0103dulescu nu renun\u0163\u0103 la pragul de 200.000 de euro pentru abuzul \u00een serviciu \u015fi arest la domiciliu pentru pedepsele sub 3 ani, prevederi din controversatul s\u0103u proiect. Spune c\u0103 va retrage documentul, dar cele dou\u0103 prevederi vor fi sus\u0163inute ca amendamente \u00een comisia condus\u0103 de Florin Iordache. Totu\u015fi, a f\u0103cut un pas \u00eenapoi, dup\u0103 ce mai mul\u0163i colegi \u015fi-au retras semn\u0103turile de proiect. Social-democratul spune c\u0103 nici el nu este de acord cu unele modific\u0103ri, cum ar fi dezincriminarea folosirii func\u0163iei \u00een scop sexual.<\/span><\/strong><\/p>\n<p data-index=\"2\"><span lang=\"ro-RO\">Ridicarea pragului pentru abuzul \u00een serviciu la 200.000 de euro, dezincriminarea folosirii func\u0163iei pentru a ob\u0163ine favoruri sexuale sau arest la domiciliu pentru infrac\u0163iunile cu pedepse mai mici de 3 ani sunt c\u00e2teva dintre prevederile unui proiect ini\u0163iat de C\u0103t\u0103lin R\u0103dulescu care au provocat numeroase controverse \u00een ultimele zile. <\/span><\/p>\n<p data-index=\"3\"><span lang=\"ro-RO\">C\u0103t\u0103lin R\u0103dulescu, deputat PSD: Am hot\u0103r\u00e2t s\u0103 retrag aceast\u0103 ini\u0163iativ\u0103 legislativ\u0103. Sunt anumite chestiuni acolo cu care nici eu nu sunt de acord sau unele trebuie \u00eembun\u0103t\u0103\u0163ite, de exemplu folosul sexual nu sunt de acord s\u0103 fie abrogat. La faptele p\u00e2n\u0103 la trei ani de zile vreau s\u0103 ad\u0103ug\u0103m mai pu\u0163in faptele cu violen\u0163\u0103 \u015fi recidivi\u015ftii.<\/span><\/p>\n<p data-index=\"4\">Reac\u0163ia lui C\u0103t\u0103lin R\u0103dulescu vine dup\u0103 ce mai mul\u0163i colegi care semnaser\u0103 proiectul de modificare a Codului penal au f\u0103cut un pas \u00eenapoi.<\/p>\n<p data-index=\"5\"><span lang=\"ro-RO\">P\u0103le D\u0103nu\u0163, deputat PSD: Mi-am retras de acolo pentru c\u0103 una s-a discutat \u015fi alta&#8230; Deci am f\u0103cut h\u00e2rtie c\u0103tre Biroul Permanent, mi-am retras semn\u0103tura, a fost o ne\u00een\u0163elegere.<\/span><\/p>\n<p data-index=\"6\"><span lang=\"ro-RO\">R\u0103zvan Ursu, deputat PSD: O parte din amendamente nu o s\u0103 le sus\u0163in.<\/span><\/p>\n<p data-index=\"7\"><span lang=\"ro-RO\">Daniela Ote\u015fanu, deputat PSD: Eu \u00eentotdeauna citesc ceea ce semnez, nu m\u0103 duc s\u0103 dau autograf \u00een Parlament. Nu \u015ftiu de ce apare acolo, m\u0103 dep\u0103\u015fe\u015fte aceast\u0103 chestiune. Sunt prima interesat\u0103 s\u0103 aflu acest lucru. E clar c\u0103 ap\u0103r\u00e2nd aceast\u0103 semn\u0103tur\u0103 a mea, nu \u015ftiu cum, pe acest proiect, \u00een momentul \u00een care va \u00eencepe sesiunea parlamentar\u0103 \u00eemi voi retrage semn\u0103tura.<\/span><\/p>\n<p data-index=\"8\"><span lang=\"ro-RO\">Aida C\u0103ruceru, deputat PSD: Am fost gre\u015fit informat\u0103 de c\u0103tre colegul meu, am fost informat\u0103 c\u0103 semnez pentru sus\u0163inerea unor proiecte de lege care nu aveau nimic de-a face cu Justi\u0163ia \u015fi, din c\u00e2te \u015ftiu, mai sunt colegi \u00een situa\u0163ia asta. <\/span><\/p>\n<p data-index=\"9\"><span lang=\"ro-RO\">Reporter: V\u0103 men\u0163ine\u0163i semn\u0103tura pe aceast\u0103 ini\u0163iativ\u0103? Nu. Nu. <\/span><\/p>\n<p data-index=\"10\">Octavian Petric, deputat PSD: Probabil c\u0103 am fost p\u0103c\u0103lit c\u0103 altfel nu pot s\u0103 \u00eemi imaginez dac\u0103 a ap\u0103rut semn\u0103tur\u0103 pe acea ini\u0163iativ\u0103<\/p>\n<p data-index=\"11\">Foarte pu\u0163ini dintre cei aproape 40 de semnatari ai proiectelor lui C\u0103t\u0103lin R\u0103dulescu sus\u0163in \u00een continuare demersul.<\/p>\n<p data-index=\"12\"><span lang=\"ro-RO\">Reporter: V\u0103 men\u0163ine\u0163i semn\u0103turile pe cele dou\u0103 proiecte legislative pe care le-a\u0163i ini\u0163iat \u00eempreun\u0103 cu domnul C\u0103t\u0103lin R\u0103dulescu? <\/span><\/p>\n<p data-index=\"13\"><span lang=\"ro-RO\">Iuliu Nosa, deputat PSD: Da. Primul, cel legat de stabilirea pragului consider c\u0103 este necesar \u00een condi\u0163iile \u00een care CCR a solicitat Parlamentului s\u0103 stabileasc\u0103 un prag pentru abuzul \u00een serviciu. Sigur, s-ar putea ca el s\u0103 fie mai mic, dar vom vedea ce va rezulta \u00een urma dezbaterilor parlamentare.<\/span><\/p>\n<p data-index=\"14\"><span lang=\"ro-RO\">Reporter: Sunte\u0163i de acord s\u0103 nu mai fie considerat\u0103 dare de mit\u0103 dac\u0103 se ia \u00een numele altcuiva? <\/span><\/p>\n<p data-index=\"15\"><span lang=\"ro-RO\">Vasile Coco\u015f, deputat PSD: Nu, trebuie s\u0103 se considere, este totu\u015fi infrac\u0163iune. <\/span><\/p>\n<p data-index=\"16\"><span lang=\"ro-RO\">Reporter: \u015ei dezincriminarea folosirii func\u0163iei pentru favoruri sexuale? <\/span><\/p>\n<p data-index=\"17\"><span lang=\"ro-RO\">Vasile Coco\u015f, deputat PSD: Iar e discutabil, este, nu \u015ftiu, nu am mai v\u0103zut \u00een ultimul timp infrac\u0163iuni de natura asta..<\/span><\/p>\n<p data-index=\"18\"><span lang=\"ro-RO\">C\u0103t\u0103lin R\u0103dulescu spune c\u0103 proiectul controversat a fost elaborat de fo\u015fti magistra\u0163i \u015fi c\u0103 nici el nu este de acord cu anumite prevederi. <\/span><\/p>\n<\/div>\n<p> Source URL: https:\/\/www.digi24.ro\/stiri\/actualitate\/politica\/deputatul-radulescu-isi-retrage-proiectele-controversate-852514<\/p>\n","protected":false},"excerpt":{"rendered":"<p>Deputatul PSD C\u0103t\u0103lin R\u0103dulescu nu renun\u0163\u0103 la pragul de 200.000 de euro pentru abuzul \u00een serviciu \u015fi arest la domiciliu pentru pedepsele sub 3 ani, prevederi din controversatul s\u0103u proiect. Spune c\u0103 va retrage documentul, dar cele dou\u0103 prevederi vor fi sus\u0163inute ca amendamente \u00een comisia condus\u0103 de Florin Iordache. Totu\u015fi, a f\u0103cut un pas [&hellip;]<\/p>\n","protected":false},"author":1,"featured_media":127586,"comment_status":"open","ping_status":"","sticky":false,"template":"","format":"standard","meta":{"footnotes":""},"categories":[2],"tags":[11],"class_list":["post-127585","post","type-post","status-publish","format-standard","has-post-thumbnail","hentry","category-politics","tag-digi24"],"_links":{"self":[{"href":"https:\/\/analyse.optim.biz\/index.php?rest_route=\/wp\/v2\/posts\/127585","targetHints":{"allow":["GET"]}}],"collection":[{"href":"https:\/\/analyse.optim.biz\/index.php?rest_route=\/wp\/v2\/posts"}],"about":[{"href":"https:\/\/analyse.optim.biz\/index.php?rest_route=\/wp\/v2\/types\/post"}],"author":[{"embeddable":true,"href":"https:\/\/analyse.optim.biz\/index.php?rest_route=\/wp\/v2\/users\/1"}],"replies":[{"embeddable":true,"href":"https:\/\/analyse.optim.biz\/index.php?rest_route=%2Fwp%2Fv2%2Fcomments&post=127585"}],"version-history":[{"count":0,"href":"https:\/\/analyse.optim.biz\/index.php?rest_route=\/wp\/v2\/posts\/127585\/revisions"}],"wp:featuredmedia":[{"embeddable":true,"href":"https:\/\/analyse.optim.biz\/index.php?rest_route=\/wp\/v2\/media\/127586"}],"wp:attachment":[{"href":"https:\/\/analyse.optim.biz\/index.php?rest_route=%2Fwp%2Fv2%2Fmedia&parent=127585"}],"wp:term":[{"taxonomy":"category","embeddable":true,"href":"https:\/\/analyse.optim.biz\/index.php?rest_route=%2Fwp%2Fv2%2Fcategories&post=127585"},{"taxonomy":"post_tag","embeddable":true,"href":"https:\/\/analyse.optim.biz\/index.php?rest_route=%2Fwp%2Fv2%2Ftags&post=127585"}],"curies":[{"name":"wp","href":"https:\/\/api.w.org\/{rel}","templated":true}]}}