{"id":1273375,"date":"2025-11-09T19:13:00","date_gmt":"2025-11-09T16:13:00","guid":{"rendered":"https:\/\/analyse.optim.biz\/?p=1273375"},"modified":"2025-11-09T19:13:00","modified_gmt":"2025-11-09T16:13:00","slug":"vorbe-de-fumoar-9-11-2025-discutii-cu-magistratii-la-guvern-pe-tema-pensiilor-de-serviciu","status":"publish","type":"post","link":"https:\/\/analyse.optim.biz\/?p=1273375","title":{"rendered":"Vorbe de fumoar \u2013 9.11.2025 \u2013 Discutii cu magistratii la Guvern pe tema pensiilor de serviciu"},"content":{"rendered":"<article id=\"article-content\">\n<h1>Vorbe de fumoar \u2013 9.11.2025 \u2013 Discutii cu magistratii la Guvern pe tema pensiilor de serviciu<\/h1>\n<section id=\"article-info\">\n<p class=\"author\">Scris de: L.J. | <a href=\"https:\/\/www.luju.ro\/vorbe-de-fumoar-9-11-2025-discutii-cu-magistratii-la-guvern-pe-tema-pensiilor-de-serviciu?pdf\" title=\"PDF\"><img decoding=\"async\" src=\"https:\/\/analyse.optim.biz\/wp-content\/uploads\/2026\/01\/pdf-2.png\" alt=\"pdf\" title=\"pdf-2\"><\/a> | <a href=\"https:\/\/www.luju.ro\/vorbe-de-fumoar-9-11-2025-discutii-cu-magistratii-la-guvern-pe-tema-pensiilor-de-serviciu?print=1\" class=\"external\" title=\"Imprimare\"><img decoding=\"async\" src=\"https:\/\/analyse.optim.biz\/wp-content\/uploads\/2026\/01\/print-2.png\" alt=\"print\" title=\"print-2\"><\/a><\/p>\n<div class=\"info flex-container\">\n<div class=\"date\"> 9 November 2025 19:13<\/div>\n<div>Vizualizari: 17274<\/div>\n<\/div>\n<\/section>\n<section id=\"article-body\">\n<section id=\"page\" class=\"cf\">\n<div>\n<p align=\"JUSTIFY\"><span><span><img loading=\"lazy\" decoding=\"async\" src=\"https:\/\/analyse.optim.biz\/wp-content\/uploads\/2026\/01\/ilie_bolojan-1.jpg\" width=\"400\" height=\"225\" title=\"ilie_bolojan-1\">* <strong>Cica zilele urmatoare reprezentantii magistratilor vor fi chemati la Guvern de premierul Ilie Bolojan <span>(foto)<\/span> pentru consultari pe tema pensiilor de serviciu.<\/strong> Asta dupa ce Curtea Constitutionala a publicat motivarea Deciziei 479\/2025 prin care a fost admisa sesizarea ICCJ impotriva proiectului de lege privind pensiile de serviciu ale judecatorilor si procurorilor <span><strong><a href=\"https:\/\/www.luju.ro\/motivarea-ccr-pe-pensiile-magistratilor-curtea-constitutionala-explica-motivele-pentru-care-a-admis-sesizarea-de-neconstitutionalitate-a-iccj-guvernul-a-adoptat-proiectul-de-lege-la-29-august-2025-punand-csm-in-imposibilitatea-de-a-si-exercita-rolul-de-ga\" target=\"_blank\">(click aici pentru a citi)<\/a><\/strong><\/span>. <\/span><\/span><\/p>\n<hr>\n<p>\u00a0<\/p>\n<p align=\"JUSTIFY\"><span><span>Din cate se aude, la intalnirea de la Guvern, din partea magistratilor vor participa <strong>sefa CSM Elena Costache, presedinta ICCJ Lia Savonea si Proc<span>urorul General al Romaniei Alex Florenta<\/span><\/strong><span><span>. In ceea ce priveste data exacta la care vor avea loc discutiile, aceasta nu a fost deocamdata stabilita.<\/span><\/span><\/span><\/span><\/p>\n<p align=\"JUSTIFY\"><span><span><br \/><\/span><\/span><\/p>\n<p align=\"JUSTIFY\"><span><span>* I-auziti ce injuratura circula printre magistratii unei instante din Romania! <strong><i>\u201eNu esti bun nici macar de jurist la sticle reciclabile\u201d<\/i><\/strong>.<\/span><\/span><\/p>\n<p align=\"JUSTIFY\"><span><span>Am mai fi vrut sa mai scriem ceva, insa ce ramane de adaugat la o asemenea nestemata?<\/span><\/span><\/p>\n<p align=\"JUSTIFY\"><span><span><br \/><\/span><\/span><\/p>\n<p align=\"JUSTIFY\"><span><span><strong><span>Nota:<\/span><\/strong> Informatiile din aceasta rubrica trebuie luate sub beneficiu de inventar, ele facand parte din categoria zvonurilor sau a pamfletului. Luati-le ca atare!<\/span><\/span><\/p>\n<\/div>\n<\/section>\n<\/section>\n<section id=\"comments-boxes\">\n<div class=\"heading\">\n<h2>Comentarii<\/h2>\n<\/div>\n<div class=\"comment\" id=\"comentariu-383638\">\n<div class=\"commentBody\">\n<div class=\"commentDate\">\n<p class=\"comment-details cf\"><span class=\"comment-id\"><br \/>\n\t\t\t\t\t\t\t\t#<br \/>\n\t\t\t\t\t\t\t\t<strong>juristul la sticle reciclabile<\/strong><img decoding=\"async\" src=\"https:\/\/analyse.optim.biz\/wp-content\/uploads\/2026\/01\/calendar-2.png\" alt=\"date\" title=\"calendar-2\"><br \/>\n\t\t\t\t\t\t\t\t 9 November 2025 20:48<br \/>\n\t\t\t\t\t\t\t<\/span><span class=\"comment-quality cf\"><span class=\"gray\">0<\/span><\/span><\/p>\n<\/div>\n<div class=\"commentContent\">Cred c\u0103 floren\u021ba nu pup\u0103 al doilea mandat nici dac\u0103-i pune pe chelie coiful dacic. Cred c\u0103 nicu\u0219or \u0219i-a ales deja favoritul, vreun #rezist-userist, care-\u0219i face pe undeva \u00eenc\u0103lzirea. La fel \u0219i voineag. \u0218i cred c\u0103 dac\u0103 i-ar sta \u00een putere ar schimba-o si pe savonea si costache. P\u0103rerea mea de jurist la sticle reciclabile.  <\/div>\n<ul class=\"cf cactions\">\n<li><a class=\"comment-383638\" href rel=\"raspunde\" title=\"Raspunde\">Raspunde<\/a><\/li>\n<li>|<\/li>\n<li><a href class=\"comment-383638\" rel=\"raspunde-citeaza\" title=\"Raspunde cu citat\">Raspunde cu citat<\/a><\/li>\n<li>|<\/li>\n<li><a href class=\"comment-383638\" title=\"Citat\" rel=\"citeaza\">Citat<\/a><\/li>\n<\/ul>\n<\/div>\n<\/div>\n<div class=\"comment\" id=\"comentariu-383642\">\n<div class=\"commentBody\">\n<div class=\"commentDate\">\n<p class=\"comment-details cf\"><span class=\"comment-id\"><br \/>\n\t\t\t\t\t\t\t\t#<br \/>\n\t\t\t\t\t\t\t\t<strong>Nelu C. <\/strong><img decoding=\"async\" src=\"https:\/\/analyse.optim.biz\/wp-content\/uploads\/2026\/01\/calendar-2.png\" alt=\"date\" title=\"calendar-2\"><br \/>\n\t\t\t\t\t\t\t\t10 November 2025 05:32<br \/>\n\t\t\t\t\t\t\t<\/span><span class=\"comment-quality cf\"><span class=\"green\">+25<\/span><\/span><\/p>\n<\/div>\n<div class=\"commentContent\">Adic\u0103 reprezentan\u021bii magistra\u021bilor, nu \u00ee\u0219i pun cenu\u0219\u0103 \u00een cap pentru c\u0103 au sustras bani din bugetul de pensii, ci doresc s\u0103 \u00eel fac\u0103 pe Bolojan complicele lor? Mare descoperire. Doar c\u0103, \u00een lipsa reformei judiciare, adic\u0103 \u00een lipsa controlului civil la aceste institu\u021bii publice, acolo se v-or reg\u0103si \u00een continuare mon\u0219tri \u0219i ho\u021bi, cum zicea doamna Gheorghiu, care fur\u0103 de la gura copiilor \u0219i b\u0103tr\u00e2nilor, a\u0219 completa eu. Nu exist\u0103 pensii speciale necontrobutive, s\u0103 ne \u00een\u021belegem, doar mit\u0103 judiciar\u0103 \u0219i p\u0103r\u00e2nd ar\u0103turi mafiote. <\/div>\n<ul class=\"cf cactions\">\n<li><a class=\"comment-383642\" href rel=\"raspunde\" title=\"Raspunde\">Raspunde<\/a><\/li>\n<li>|<\/li>\n<li><a href class=\"comment-383642\" rel=\"raspunde-citeaza\" title=\"Raspunde cu citat\">Raspunde cu citat<\/a><\/li>\n<li>|<\/li>\n<li><a href class=\"comment-383642\" title=\"Citat\" rel=\"citeaza\">Citat<\/a><\/li>\n<\/ul>\n<\/div>\n<\/div>\n<div class=\"comment\" id=\"comentariu-383643\">\n<div class=\"commentBody\">\n<div class=\"commentDate\">\n<p class=\"comment-details cf\"><span class=\"comment-id\"><br \/>\n\t\t\t\t\t\t\t\t#<br \/>\n\t\t\t\t\t\t\t\t<strong>Nimic glorios <\/strong><img decoding=\"async\" src=\"https:\/\/analyse.optim.biz\/wp-content\/uploads\/2026\/01\/calendar-2.png\" alt=\"date\" title=\"calendar-2\"><br \/>\n\t\t\t\t\t\t\t\t10 November 2025 05:44<br \/>\n\t\t\t\t\t\t\t<\/span><span class=\"comment-quality cf\"><span class=\"green\">+31<\/span><\/span><\/p>\n<\/div>\n<div class=\"commentContent\">Judec\u0103torii trebuie sa \u00een\u021beleag\u0103 ca nu mai sunt bani pentru huzurul lor. Dupa at\u00e2tea chifle date \u0219i b\u0103taia de joc la adresa justitiabililor, trebuie sa \u00een\u021beleag\u0103 ca nu se mai poate asa. Vor avantaje f\u0103r\u0103 r\u0103spundere. Pensia trebuie sa aib\u0103 caracter contributiv. <\/div>\n<ul class=\"cf cactions\">\n<li><a class=\"comment-383643\" href rel=\"raspunde\" title=\"Raspunde\">Raspunde<\/a><\/li>\n<li>|<\/li>\n<li><a href class=\"comment-383643\" rel=\"raspunde-citeaza\" title=\"Raspunde cu citat\">Raspunde cu citat<\/a><\/li>\n<li>|<\/li>\n<li><a href class=\"comment-383643\" title=\"Citat\" rel=\"citeaza\">Citat<\/a><\/li>\n<\/ul>\n<\/div>\n<\/div>\n<div class=\"comment\" id=\"comentariu-383646\">\n<div class=\"commentBody\">\n<div class=\"commentDate\">\n<p class=\"comment-details cf\"><span class=\"comment-id\"><br \/>\n\t\t\t\t\t\t\t\t#<br \/>\n\t\t\t\t\t\t\t\t<strong>Mircea <\/strong><img decoding=\"async\" src=\"https:\/\/analyse.optim.biz\/wp-content\/uploads\/2026\/01\/calendar-2.png\" alt=\"date\" title=\"calendar-2\"><br \/>\n\t\t\t\t\t\t\t\t10 November 2025 08:00<br \/>\n\t\t\t\t\t\t\t<\/span><span class=\"comment-quality cf\"><span class=\"green\">+5<\/span><\/span><\/p>\n<\/div>\n<div class=\"commentContent\">DACA MAGISTRATII NU \u00ceN\u021aELEG  ACUM CA SA TERMINAT HUZURUL,DUPA EGERILE VIITOARE VOR PRIMI PENSIE SI SALAR IN LIMITA BUNUI SIMT SI SE VOR PENSIONA LA 65 DE ANI FARA PETIOADA DE ACOMODARE!<\/div>\n<ul class=\"cf cactions\">\n<li><a class=\"comment-383646\" href rel=\"raspunde\" title=\"Raspunde\">Raspunde<\/a><\/li>\n<li>|<\/li>\n<li><a href class=\"comment-383646\" rel=\"raspunde-citeaza\" title=\"Raspunde cu citat\">Raspunde cu citat<\/a><\/li>\n<li>|<\/li>\n<li><a href class=\"comment-383646\" title=\"Citat\" rel=\"citeaza\">Citat<\/a><\/li>\n<\/ul>\n<\/div>\n<\/div>\n<div class=\"comment\" id=\"comentariu-383651\">\n<div class=\"commentBody\">\n<div class=\"commentDate\">\n<p class=\"comment-details cf\"><span class=\"comment-id\"><br \/>\n\t\t\t\t\t\t\t\t#<br \/>\n\t\t\t\t\t\t\t\t<strong>Judecator<\/strong><img decoding=\"async\" src=\"https:\/\/analyse.optim.biz\/wp-content\/uploads\/2026\/01\/calendar-2.png\" alt=\"date\" title=\"calendar-2\"><br \/>\n\t\t\t\t\t\t\t\t10 November 2025 09:34<br \/>\n\t\t\t\t\t\t\t<\/span><span class=\"comment-quality cf\"><span class=\"red\">-13<\/span><\/span><\/p>\n<\/div>\n<div class=\"commentContent\">Citesc ce scrie lumea pe aici si ma minunez! Oameni buni, din cauza vooastra am ajuns in starea in care suntem? Nu ati vazut dragi romani cine imparte banii? Uite ca ei nu plang ca noi ceilalti ca nu duc lipsa! Si cum sa intelegeti ca acest om fara Dumnezeu e prins in operatiunea de impartirea banilor cu magistratii?! Mai, oamenilor,  e vorba de drepturile salariale ale celor din. Justitie!! Au pus mana pe salarii de ani sj Ile a amanat, desi  cei 5 ani  expirasera! Din 2017 adica. .. <\/div>\n<ul class=\"cf cactions\">\n<li><a class=\"comment-383651\" href rel=\"raspunde\" title=\"Raspunde\">Raspunde<\/a><\/li>\n<li>|<\/li>\n<li><a href class=\"comment-383651\" rel=\"raspunde-citeaza\" title=\"Raspunde cu citat\">Raspunde cu citat<\/a><\/li>\n<li>|<\/li>\n<li><a href class=\"comment-383651\" title=\"Citat\" rel=\"citeaza\">Citat<\/a><\/li>\n<\/ul>\n<\/div>\n<\/div>\n<div class=\"comment\" id=\"comentariu-383654\">\n<div class=\"commentBody\">\n<div class=\"commentDate\">\n<p class=\"comment-details cf\"><span class=\"comment-id\"><br \/>\n\t\t\t\t\t\t\t\t#<br \/>\n\t\t\t\t\t\t\t\t<strong>Diomede <\/strong><img decoding=\"async\" src=\"https:\/\/analyse.optim.biz\/wp-content\/uploads\/2026\/01\/calendar-2.png\" alt=\"date\" title=\"calendar-2\"><br \/>\n\t\t\t\t\t\t\t\t10 November 2025 10:53<br \/>\n\t\t\t\t\t\t\t<\/span><span class=\"comment-quality cf\"><span class=\"green\">+51<\/span><\/span><\/p>\n<\/div>\n<div class=\"commentContent\">\u00cen ultimii c\u00e2\u021biva ani,  au fost adoptate c\u00e2teva legi pentru pensiile de stat cu &#8220;aplicare imediat\u0103 &#8220;, niciun pensionar nu a avut dreptul sa-si &#8220;negocieze dreptul si cuantumul pensiei &#8220;. Legea pensiei magistra\u021bilor cu aplicare peste 10  &#8211; 15 ani, este o lege electoral\u0103 pentru mani******rea milioanelor de pensionari de &#8220;stat &#8220;. \u00cen 10 &#8211; 15 ani, legea pensiilor magistra\u021bilor, prin diverse masinatiuni politice murdare de care este capabil\u0103 clasa politic\u0103 rom\u00e2neasc\u0103,  o  va readuce &#8220;special\u0103 &#8220;. Cum pot fi \u00een\u0219ela\u021bi rom\u00e2nii ca o asemenea lege fu aplicare \u00eentr-un viitor incert, este greu de \u00een\u021beles,  dup\u0103 cum,  dup\u0103 at\u00e2tea madinatuuni murdar ale casei politice rom\u00e2ne\u0219ti &#8220;, rom\u00e2nii mai ies la vot,  este iar un lucru greu de \u00een\u021beles,  oric\u00e2t ai c\u0103uta in dic\u021bionare si con\u0219tiin\u021ba uman\u0103. <\/div>\n<ul class=\"cf cactions\">\n<li><a class=\"comment-383654\" href rel=\"raspunde\" title=\"Raspunde\">Raspunde<\/a><\/li>\n<li>|<\/li>\n<li><a href class=\"comment-383654\" rel=\"raspunde-citeaza\" title=\"Raspunde cu citat\">Raspunde cu citat<\/a><\/li>\n<li>|<\/li>\n<li><a href class=\"comment-383654\" title=\"Citat\" rel=\"citeaza\">Citat<\/a><\/li>\n<\/ul>\n<\/div>\n<\/div>\n<div class=\"comment\" id=\"comentariu-383660\">\n<div class=\"commentBody\">\n<div class=\"commentDate\">\n<p class=\"comment-details cf\"><span class=\"comment-id\"><br \/>\n\t\t\t\t\t\t\t\t#<br \/>\n\t\t\t\t\t\t\t\t<strong>Pt dl Judecator <\/strong><img decoding=\"async\" src=\"https:\/\/analyse.optim.biz\/wp-content\/uploads\/2026\/01\/calendar-2.png\" alt=\"date\" title=\"calendar-2\"><br \/>\n\t\t\t\t\t\t\t\t10 November 2025 13:00<br \/>\n\t\t\t\t\t\t\t<\/span><span class=\"comment-quality cf\"><span class=\"green\">+13<\/span><\/span><\/p>\n<\/div>\n<div class=\"commentContent\">Dl. Judecator, aroganta domniilor majoritare ale dvs. au dus la ura publica, privi\u021bi la preo\u021bi, ca \u00eenc\u0103 \u00eei ap\u0103ra poporul, dvs. v\u0103 uita\u021bi urat la hainele s\u0103race ale justi\u021biabililor, etc<\/div>\n<ul class=\"cf cactions\">\n<li><a class=\"comment-383660\" href rel=\"raspunde\" title=\"Raspunde\">Raspunde<\/a><\/li>\n<li>|<\/li>\n<li><a href class=\"comment-383660\" rel=\"raspunde-citeaza\" title=\"Raspunde cu citat\">Raspunde cu citat<\/a><\/li>\n<li>|<\/li>\n<li><a href class=\"comment-383660\" title=\"Citat\" rel=\"citeaza\">Citat<\/a><\/li>\n<\/ul>\n<\/div>\n<\/div>\n<div class=\"comment\" id=\"comentariu-383667\">\n<div class=\"commentBody\">\n<div class=\"commentDate\">\n<p class=\"comment-details cf\"><span class=\"comment-id\"><br \/>\n\t\t\t\t\t\t\t\t#<br \/>\n\t\t\t\t\t\t\t\t<strong>Black_Onix<\/strong><img decoding=\"async\" src=\"https:\/\/analyse.optim.biz\/wp-content\/uploads\/2026\/01\/calendar-2.png\" alt=\"date\" title=\"calendar-2\"><br \/>\n\t\t\t\t\t\t\t\t10 November 2025 13:58<br \/>\n\t\t\t\t\t\t\t<\/span><span class=\"comment-quality cf\"><span class=\"green\">+154<\/span><\/span><\/p>\n<\/div>\n<div class=\"commentContent\">Oameni buni,nimeni nu are nimic de imp\u0103r\u021bit cu magistra\u021bii din Romania. Din punctul meu de vedere ar trebui s\u0103 aib\u0103 salarii mari \u0219i pensii foarte foarte mari. Nu 5000 nu 10000  de euro&#8230;100000 de euro le-a\u0219 da. Dar atata timp c\u00e2t scap\u0103 infractorii grei din \u021bara asta, c\u00e2t timp albesc dosare,prescriu sentin\u021b\u00e8, \u0219i scot pu\u0219c\u0103ria\u0219ii din penitenciar( vezi cazul  Costea \u0219i Vl\u0103descu) ,reducerea pedepsei lui Oprescu, nimic despre Sebi Ghi\u021b\u0103, Mario Iorgulescu,Nordis, etcetera, to\u021bi merit\u0103 oprobriul si lehamitea societ\u0103\u021bii civile. Iar c\u00e2nd vezi c\u0103 PSD-ul este cel mai mare contributor de infractori,te intrebi de ce noi rom\u00e2nii trebuie s\u0103 contribuim la bun\u0103starea lor???<\/div>\n<ul class=\"cf cactions\">\n<li><a class=\"comment-383667\" href rel=\"raspunde\" title=\"Raspunde\">Raspunde<\/a><\/li>\n<li>|<\/li>\n<li><a href class=\"comment-383667\" rel=\"raspunde-citeaza\" title=\"Raspunde cu citat\">Raspunde cu citat<\/a><\/li>\n<li>|<\/li>\n<li><a href class=\"comment-383667\" title=\"Citat\" rel=\"citeaza\">Citat<\/a><\/li>\n<\/ul>\n<\/div>\n<\/div>\n<div class=\"comment\" id=\"comentariu-383722\">\n<div class=\"commentBody\">\n<div class=\"commentDate\">\n<p class=\"comment-details cf\"><span class=\"comment-id\"><br \/>\n\t\t\t\t\t\t\t\t#<br \/>\n\t\t\t\t\t\t\t\t<strong>Flori<\/strong><img decoding=\"async\" src=\"https:\/\/analyse.optim.biz\/wp-content\/uploads\/2026\/01\/calendar-2.png\" alt=\"date\" title=\"calendar-2\"><br \/>\n\t\t\t\t\t\t\t\t10 November 2025 22:01<br \/>\n\t\t\t\t\t\t\t<\/span><span class=\"comment-quality cf\"><span class=\"green\">+22<\/span><\/span><\/p>\n<\/div>\n<div class=\"commentContent\">Stima\u021bi magistra\u021bi care sus\u021bine\u021bi niste privilegii pe argumentul volumului mare de munca.Dar care din meserii sau servicii solicit\u0103 am\u00e2narea deciziei definitive la nesf\u00e2r\u0219it cum e practica curent\u0103 la domniile Dvs.Cum ar fi c\u0103 la livrarea unui autoturism lux unui magistrat sa i se spune c\u0103 nu e definitiv \u0219i motiveze c\u0103 mai sunt ceva \u0219uruburi de str\u00e2ns sa revine eventual peste 3 luni.Si asta p\u00e2n\u0103 se prescrie angajamentul de livrare conform contractului..cum ar reac\u021biona magistratul beneficiar de acest serviciu.<\/div>\n<ul class=\"cf cactions\">\n<li><a class=\"comment-383722\" href rel=\"raspunde\" title=\"Raspunde\">Raspunde<\/a><\/li>\n<li>|<\/li>\n<li><a href class=\"comment-383722\" rel=\"raspunde-citeaza\" title=\"Raspunde cu citat\">Raspunde cu citat<\/a><\/li>\n<li>|<\/li>\n<li><a href class=\"comment-383722\" title=\"Citat\" rel=\"citeaza\">Citat<\/a><\/li>\n<\/ul>\n<\/div>\n<\/div>\n<div class=\"comment\" id=\"comentariu-383750\">\n<div class=\"commentBody\">\n<div class=\"commentDate\">\n<p class=\"comment-details cf\"><span class=\"comment-id\"><br \/>\n\t\t\t\t\t\t\t\t#<br \/>\n\t\t\t\t\t\t\t\t<strong>Judecator<\/strong><img decoding=\"async\" src=\"https:\/\/analyse.optim.biz\/wp-content\/uploads\/2026\/01\/calendar-2.png\" alt=\"date\" title=\"calendar-2\"><br \/>\n\t\t\t\t\t\t\t\t11 November 2025 09:45<br \/>\n\t\t\t\t\t\t\t<\/span><span class=\"comment-quality cf\"><span class=\"red\">-36<\/span><\/span><\/p>\n<\/div>\n<div class=\"commentContent\">Cred ca incep sa fiu de acord cu aceia care spun ca tomanii sunt indolenti, lenesi si ofticosi!Bree, voooi va luati dupa alde tataicu<br \/>\nasa de Bolojan care comunist fiind, dar din ala radical, debiteaza<br \/>\nniste prostii cat el de mari si in autoritarismul, siluieste statuum<br \/>\ndtept si pt imagine aduce  rara avis\/ pasarici 0ana style, care se umplura  de ras&#8217;plans!  Ce sa ceri uneia care face asocieri atat de nemintoase?! Aoleu , ce gura aveti&#8230;cum adica, bre, noi am starnit ura?! Asa  prindeti voi, ca  vb nesuferit ?? Nuuu asaaa. Tb sa vedeti  adevarul, bre! Suntem cu  legea in minnte si dreptatea in suflet, dar e greu sa intelegi, cand pro domo pt voi sunt balivernele lor si&#8230; nu stiu inca de dreptul UE care a creat notiunile alea despre care ei se amuza! Haine , ia vedeti cand vin la Guvern arata a provincie, apoi apar  cu alde Armani, Boss&#8230; magistratii sunt modesti in tot ce fac si respecta si obligatia de rezerva. Aici, am raspins doar relelor ganduri scrise aici. <\/p><\/div>\n<ul class=\"cf cactions\">\n<li><a class=\"comment-383750\" href rel=\"raspunde\" title=\"Raspunde\">Raspunde<\/a><\/li>\n<li>|<\/li>\n<li><a href class=\"comment-383750\" rel=\"raspunde-citeaza\" title=\"Raspunde cu citat\">Raspunde cu citat<\/a><\/li>\n<li>|<\/li>\n<li><a href class=\"comment-383750\" title=\"Citat\" rel=\"citeaza\">Citat<\/a><\/li>\n<\/ul>\n<\/div>\n<\/div>\n<div class=\"comment\" id=\"comentariu-383751\">\n<div class=\"commentBody\">\n<div class=\"commentDate\">\n<p class=\"comment-details cf\"><span class=\"comment-id\"><br \/>\n\t\t\t\t\t\t\t\t#<br \/>\n\t\t\t\t\t\t\t\t<strong>Judecator<\/strong><img decoding=\"async\" src=\"https:\/\/analyse.optim.biz\/wp-content\/uploads\/2026\/01\/calendar-2.png\" alt=\"date\" title=\"calendar-2\"><br \/>\n\t\t\t\t\t\t\t\t11 November 2025 09:56<br \/>\n\t\t\t\t\t\t\t<\/span><span class=\"comment-quality cf\"><span class=\"red\">-5<\/span><\/span><\/p>\n<\/div>\n<div class=\"commentContent\">Deci, notiunile toate vin de la UE si dreptul UE e obligatoriu pt noi. Radeti csnd vb de ele, dar ele tb aplicate. Nea ilie vb pt voturi! Hai la munca &#8230;!  Ca unii treb sa o faca, nu?!<\/div>\n<ul class=\"cf cactions\">\n<li><a class=\"comment-383751\" href rel=\"raspunde\" title=\"Raspunde\">Raspunde<\/a><\/li>\n<li>|<\/li>\n<li><a href class=\"comment-383751\" rel=\"raspunde-citeaza\" title=\"Raspunde cu citat\">Raspunde cu citat<\/a><\/li>\n<li>|<\/li>\n<li><a href class=\"comment-383751\" title=\"Citat\" rel=\"citeaza\">Citat<\/a><\/li>\n<\/ul>\n<\/div>\n<\/div>\n<div class=\"comment\" id=\"comentariu-384059\">\n<div class=\"commentBody\">\n<div class=\"commentDate\">\n<p class=\"comment-details cf\"><span class=\"comment-id\"><br \/>\n\t\t\t\t\t\t\t\t#<br \/>\n\t\t\t\t\t\t\t\t<strong>CORNELIU<\/strong><img decoding=\"async\" src=\"https:\/\/analyse.optim.biz\/wp-content\/uploads\/2026\/01\/calendar-2.png\" alt=\"date\" title=\"calendar-2\"><br \/>\n\t\t\t\t\t\t\t\t16 November 2025 13:13<br \/>\n\t\t\t\t\t\t\t<\/span><span class=\"comment-quality cf\"><span class=\"gray\">0<\/span><\/span><\/p>\n<\/div>\n<div class=\"commentContent\">De ce nu avem o lege a r\u0103spunderii magiStra\u021bilor pe model european  ?&#8217;?!<br \/>\nCum este reglementat\u0103 existen\u021ba \u0219i rolul CCR \u00een U.E.\u0219i statele dezvoltate ??!<br \/>\nDe ce deciziile justi\u021biei rom\u00e2ne sunt ignorate de instan\u021bele europene ??!<br \/>\nCe actualiz\u0103ri se impun f\u0103cute legisla\u021biei interne pentru alinierea la  normele juridice europene ??!<\/div>\n<ul class=\"cf cactions\">\n<li><a class=\"comment-384059\" href rel=\"raspunde\" title=\"Raspunde\">Raspunde<\/a><\/li>\n<li>|<\/li>\n<li><a href class=\"comment-384059\" rel=\"raspunde-citeaza\" title=\"Raspunde cu citat\">Raspunde cu citat<\/a><\/li>\n<li>|<\/li>\n<li><a href class=\"comment-384059\" title=\"Citat\" rel=\"citeaza\">Citat<\/a><\/li>\n<\/ul>\n<\/div>\n<\/div>\n<\/section>\n<section id=\"comments\">\n<div class=\"heading\">\n<h2>Adauga comentariu<\/h2>\n<\/div>\n<div>\n<div id=\"emoticons-container\">\n<div id=\"comments-form-smilespanel\"><img decoding=\"async\" src=\"https:\/\/analyse.optim.biz\/wp-content\/uploads\/2026\/01\/laugh-2.gif\" alt=\":D\" class=\"smile\" title=\"laugh-2\"><img decoding=\"async\" src=\"https:\/\/analyse.optim.biz\/wp-content\/uploads\/2026\/01\/lol-2.gif\" alt=\":lol:\" class=\"smile\" title=\"lol-2\"><img decoding=\"async\" src=\"https:\/\/analyse.optim.biz\/wp-content\/uploads\/2026\/01\/smile-2.gif\" alt=\":-)\" class=\"smile\" title=\"smile-2\"><img decoding=\"async\" src=\"https:\/\/analyse.optim.biz\/wp-content\/uploads\/2026\/01\/wink-2.gif\" alt=\";-)\" class=\"smile\" title=\"wink-2\"><img decoding=\"async\" src=\"https:\/\/analyse.optim.biz\/wp-content\/uploads\/2026\/01\/cool-2.gif\" alt=\"8)\" class=\"smile\" title=\"cool-2\"><img decoding=\"async\" src=\"https:\/\/analyse.optim.biz\/wp-content\/uploads\/2026\/01\/normal-2.gif\" alt=\":-|\" class=\"smile\" title=\"normal-2\"><img decoding=\"async\" src=\"https:\/\/analyse.optim.biz\/wp-content\/uploads\/2026\/01\/whistling-2.gif\" alt=\":-*\" class=\"smile\" title=\"whistling-2\"><img decoding=\"async\" src=\"https:\/\/analyse.optim.biz\/wp-content\/uploads\/2026\/01\/redface-2.gif\" alt=\":oops:\" class=\"smile\" title=\"redface-2\"><img decoding=\"async\" src=\"https:\/\/analyse.optim.biz\/wp-content\/uploads\/2026\/01\/sad-2.gif\" alt=\":sad:\" class=\"smile\" title=\"sad-2\"><img decoding=\"async\" src=\"https:\/\/analyse.optim.biz\/wp-content\/uploads\/2026\/01\/cry-2.gif\" alt=\":cry:\" class=\"smile\" title=\"cry-2\"><img decoding=\"async\" src=\"https:\/\/analyse.optim.biz\/wp-content\/uploads\/2026\/01\/surprised-2.gif\" alt=\":o\" class=\"smile\" title=\"surprised-2\"><img decoding=\"async\" src=\"https:\/\/analyse.optim.biz\/wp-content\/uploads\/2026\/01\/confused-2.gif\" alt=\":-?\" class=\"smile\" title=\"confused-2\"><img decoding=\"async\" src=\"https:\/\/analyse.optim.biz\/wp-content\/uploads\/2026\/01\/sick-2.gif\" alt=\":-x\" class=\"smile\" title=\"sick-2\"><img decoding=\"async\" src=\"https:\/\/analyse.optim.biz\/wp-content\/uploads\/2026\/01\/shocked-2.gif\" alt=\":eek:\" class=\"smile\" title=\"shocked-2\"><img decoding=\"async\" src=\"https:\/\/analyse.optim.biz\/wp-content\/uploads\/2026\/01\/sleeping-2.gif\" alt=\":zzz\" class=\"smile\" title=\"sleeping-2\"><img decoding=\"async\" src=\"https:\/\/analyse.optim.biz\/wp-content\/uploads\/2026\/01\/tongue-2.gif\" alt=\":P\" class=\"smile\" title=\"tongue-2\"><img decoding=\"async\" src=\"https:\/\/analyse.optim.biz\/wp-content\/uploads\/2026\/01\/rolleyes-2.gif\" alt=\":roll:\" class=\"smile\" title=\"rolleyes-2\"><img decoding=\"async\" src=\"https:\/\/analyse.optim.biz\/wp-content\/uploads\/2026\/01\/unsure-2.gif\" alt=\":sigh:\" class=\"smile\" title=\"unsure-2\"><\/div>\n<\/div>\n<\/div>\n<div class=\"text-center\">\n<p>DISCLAIMER<\/p>\n<p>Atentie! Postati pe propria raspundere!<br \/> Inainte de a posta, cititi aici regulamentul: <a href=\"https:\/\/www.luju.ro\/termeni-legali-si-conditii\" title=\"Termeni legali si conditii\">Termeni legali si Conditii<\/a><\/p>\n<\/div>\n<\/section>\n<\/article>\n<p> Source URL: https:\/\/www.luju.ro\/vorbe-de-fumoar-9-11-2025-discutii-cu-magistratii-la-guvern-pe-tema-pensiilor-de-serviciu<\/p>\n","protected":false},"excerpt":{"rendered":"<p>Vorbe de fumoar \u2013 9.11.2025 \u2013 Discutii cu magistratii la Guvern pe tema pensiilor de serviciu Scris de: L.J. | | 9 November 2025 19:13 Vizualizari: 17274 * Cica zilele urmatoare reprezentantii magistratilor vor fi chemati la Guvern de premierul Ilie Bolojan (foto) pentru consultari pe tema pensiilor de serviciu. Asta dupa ce Curtea Constitutionala [&hellip;]<\/p>\n","protected":false},"author":1,"featured_media":1273381,"comment_status":"open","ping_status":"","sticky":false,"template":"","format":"standard","meta":{"footnotes":""},"categories":[89],"tags":[114],"class_list":["post-1273375","post","type-post","status-publish","format-standard","has-post-thumbnail","hentry","category-romania","tag-luju-ro"],"_links":{"self":[{"href":"https:\/\/analyse.optim.biz\/index.php?rest_route=\/wp\/v2\/posts\/1273375","targetHints":{"allow":["GET"]}}],"collection":[{"href":"https:\/\/analyse.optim.biz\/index.php?rest_route=\/wp\/v2\/posts"}],"about":[{"href":"https:\/\/analyse.optim.biz\/index.php?rest_route=\/wp\/v2\/types\/post"}],"author":[{"embeddable":true,"href":"https:\/\/analyse.optim.biz\/index.php?rest_route=\/wp\/v2\/users\/1"}],"replies":[{"embeddable":true,"href":"https:\/\/analyse.optim.biz\/index.php?rest_route=%2Fwp%2Fv2%2Fcomments&post=1273375"}],"version-history":[{"count":0,"href":"https:\/\/analyse.optim.biz\/index.php?rest_route=\/wp\/v2\/posts\/1273375\/revisions"}],"wp:featuredmedia":[{"embeddable":true,"href":"https:\/\/analyse.optim.biz\/index.php?rest_route=\/wp\/v2\/media\/1273381"}],"wp:attachment":[{"href":"https:\/\/analyse.optim.biz\/index.php?rest_route=%2Fwp%2Fv2%2Fmedia&parent=1273375"}],"wp:term":[{"taxonomy":"category","embeddable":true,"href":"https:\/\/analyse.optim.biz\/index.php?rest_route=%2Fwp%2Fv2%2Fcategories&post=1273375"},{"taxonomy":"post_tag","embeddable":true,"href":"https:\/\/analyse.optim.biz\/index.php?rest_route=%2Fwp%2Fv2%2Ftags&post=1273375"}],"curies":[{"name":"wp","href":"https:\/\/api.w.org\/{rel}","templated":true}]}}