{"id":1272349,"date":"2026-01-18T16:36:04","date_gmt":"2026-01-18T13:36:04","guid":{"rendered":"https:\/\/analyse.optim.biz\/?p=1272349"},"modified":"2026-01-18T16:36:04","modified_gmt":"2026-01-18T13:36:04","slug":"se-va-construi-un-nou-terminal-la-aeroportul-stefan-cel-mare-din-suceava-anuntul-facut-de-seful-cj","status":"publish","type":"post","link":"https:\/\/analyse.optim.biz\/?p=1272349","title":{"rendered":"Se va construi un nou terminal la Aeroportul \u015etefan cel Mare din Suceava. Anun\u0163ul f\u0103cut de \u015feful CJ"},"content":{"rendered":"<div class=\"entry-content\">\n<p><img decoding=\"async\" loading=\"lazy\" class=\"alignright size-medium wp-image-314420\" src=\"https:\/\/analyse.optim.biz\/wp-content\/uploads\/2026\/01\/aeroport-salcea-suceava-stiri-300x193-1.jpeg\" width=\"300\" height=\"193\" title=\"aeroport-salcea-suceava-stiri-300x193-1\">Aeroportul \u201c\u015etefan cel Mare\u201d Suceava va construi un nou terminal de pasageri, \u00een baza unei investi\u0163ii f\u0103cute de Consiliul Jude\u0163ean Suceava. Pre\u015fedintele CJ, Gheorghe \u015eoldan, sus\u0163ine c\u0103 noul terminal va fi cel mai mare de p\u00e2n\u0103 acum, el urm\u00e2nd s\u0103 aib\u0103 o suprafa\u0163\u0103 de 11.000 metri p\u0103tra\u0163i.<\/p>\n<p>\u201c<em><strong>Luna aceasta d\u0103m drumul licita\u0163iei pentru proiectarea \u015fi execu\u0163ia celui de-al treilea terminal al Aeroportului \u015etefan cel Mare Suceava, cel mai mare de p\u00e2n\u0103 acum, cu o suprafa\u0163\u0103 de aproximativ 11.000 de metri p\u0103tra\u0163i, de trei ori mai mare dec\u00e2t terminalele existente. Ast\u0103zi avem un aeroport aglomerat \u015fi limitat ca spa\u0163iu, dar important este c\u0103 am \u00eenceput, \u00eenc\u0103 din primul an de mandat, cea mai mare modernizare din istoria aeroportului nostru. Odat\u0103 cu investi\u0163iile demarate, sper\u0103m s\u0103 convingem companiile aeriene s\u0103 deschid\u0103 noi zboruri de la Suceava c\u0103tre destina\u0163ii europene dorite de suceveni\u201d<\/strong><\/em>, sus\u0163ine Gheorghe \u015eoldan.<\/p>\n<p>Aeroportul din Suceava a avut anul trecut un trafic total de 769.608 pasageri, \u00een cre\u015ftere cu 3,06% fa\u0163\u0103 de anul 2024.<\/p>\n<p>\u00a0<\/p>\n<p>\u00a0<\/p>\n<\/div>\n","protected":false},"excerpt":{"rendered":"<p>Aeroportul \u201c\u015etefan cel Mare\u201d Suceava va construi un nou terminal de pasageri, \u00een baza unei investi\u0163ii f\u0103cute de Consiliul Jude\u0163ean Suceava. Pre\u015fedintele CJ, Gheorghe \u015eoldan, sus\u0163ine c\u0103 noul terminal va fi cel mai mare de p\u00e2n\u0103 acum, el urm\u00e2nd s\u0103 aib\u0103 o suprafa\u0163\u0103 de 11.000 metri p\u0103tra\u0163i. \u201cLuna aceasta d\u0103m drumul licita\u0163iei pentru proiectarea \u015fi [&hellip;]<\/p>\n","protected":false},"author":1,"featured_media":1272351,"comment_status":"open","ping_status":"","sticky":false,"template":"","format":"standard","meta":{"footnotes":""},"categories":[89],"tags":[174],"class_list":["post-1272349","post","type-post","status-publish","format-standard","has-post-thumbnail","hentry","category-romania","tag-suceavanews-ro"],"_links":{"self":[{"href":"https:\/\/analyse.optim.biz\/index.php?rest_route=\/wp\/v2\/posts\/1272349","targetHints":{"allow":["GET"]}}],"collection":[{"href":"https:\/\/analyse.optim.biz\/index.php?rest_route=\/wp\/v2\/posts"}],"about":[{"href":"https:\/\/analyse.optim.biz\/index.php?rest_route=\/wp\/v2\/types\/post"}],"author":[{"embeddable":true,"href":"https:\/\/analyse.optim.biz\/index.php?rest_route=\/wp\/v2\/users\/1"}],"replies":[{"embeddable":true,"href":"https:\/\/analyse.optim.biz\/index.php?rest_route=%2Fwp%2Fv2%2Fcomments&post=1272349"}],"version-history":[{"count":0,"href":"https:\/\/analyse.optim.biz\/index.php?rest_route=\/wp\/v2\/posts\/1272349\/revisions"}],"wp:featuredmedia":[{"embeddable":true,"href":"https:\/\/analyse.optim.biz\/index.php?rest_route=\/wp\/v2\/media\/1272351"}],"wp:attachment":[{"href":"https:\/\/analyse.optim.biz\/index.php?rest_route=%2Fwp%2Fv2%2Fmedia&parent=1272349"}],"wp:term":[{"taxonomy":"category","embeddable":true,"href":"https:\/\/analyse.optim.biz\/index.php?rest_route=%2Fwp%2Fv2%2Fcategories&post=1272349"},{"taxonomy":"post_tag","embeddable":true,"href":"https:\/\/analyse.optim.biz\/index.php?rest_route=%2Fwp%2Fv2%2Ftags&post=1272349"}],"curies":[{"name":"wp","href":"https:\/\/api.w.org\/{rel}","templated":true}]}}