{"id":1272291,"date":"2017-05-22T07:28:36","date_gmt":"2017-05-22T04:28:36","guid":{"rendered":"https:\/\/analyse.optim.biz\/?p=1272291"},"modified":"2017-05-22T07:28:36","modified_gmt":"2017-05-22T04:28:36","slug":"noua-persoane-au-ajuns-la-spital-in-urma-unui-accident-rutier-pe-raza-localitatii-zvoristea-suceavalive","status":"publish","type":"post","link":"https:\/\/analyse.optim.biz\/?p=1272291","title":{"rendered":"Nou\u0103 persoane au ajuns la spital, \u00een urma unui accident rutier pe raza localit\u0103\u021bii Zvori\u015ftea &#8211; SuceavaLIVE"},"content":{"rendered":"<article id=\"post-93543\" class=\"clearfix post-93543 post type-post status-publish format-standard has-post-thumbnail hentry category-comunicate tag-accident-suceava tag-accident-zvoristea tag-isu-bucovina-suceava tag-isu-suceava tag-stiri-suceavalive tag-suceavalive\">\n<header id=\"cb-standard-featured\">\n<div id=\"cb-fis-wrap\" class=\"cb-entry-header cb-fis cb-style-standard\"><span class=\"cb-title-fi\"><\/p>\n<h1 class=\"entry-title cb-entry-title cb-single-title\">Nou\u0103 persoane au ajuns la spital, \u00een urma unui accident rutier pe raza localit\u0103\u021bii Zvori\u015ftea<\/h1>\n<div class=\"cb-byline cb-font-header\">\n<div class=\"cb-date cb-byline-element\"><time datetime=\"2017-05-22\">22 mai 2017<\/time><\/div>\n<\/div>\n<p><\/span><\/div>\n<div class=\"cb-mask\"><img decoding=\"async\" width=\"960\" height=\"720\" src=\"https:\/\/analyse.optim.biz\/wp-content\/uploads\/2026\/01\/18664327_1861281580786273_3295052229427151332_n-1.jpg\" class=\"attachment-cb-full-full size-cb-full-full wp-post-image\" loading=\"lazy\" title=\"18664327_1861281580786273_3295052229427151332_n-1\"><\/div>\n<\/header>\n<p>Modulul SMURD al Deta\u015famentului de Pompieri Suceava, cu dou\u0103 ambulan\u021be SMURD \u015fi o autospecial\u0103 cu accesorii pentru descarcerare, a intervenit duminic\u0103, 21 mai, \u00een jurul orei 15:00, la un accident rutier produs pe raza localit\u0103\u021bii Zvori\u015ftea.<\/p>\n<section class=\"cb-entry-content entry-content clearfix\">\n<p>Conform unui comunicat al ISU Bucovina Suceava, pompierii au fost sprijini\u021bi de trei echipaje ale Serviciului de Ambulan\u021b\u0103 Jude\u021bean Suceava.<\/p>\n<p>\u00cen accident au fost implicate trei autoturisme.<br \/>\nSalvatorii au luat m\u0103surile specifice de siguran\u021b\u0103 \u015fi au acordat primul ajutor medical persoanelor implicate \u00een eveniment.<br \/>\nUlterior, nou\u0103 persoane, toate con\u015ftiente, au fost transportate la Unitatea de Primire Urgen\u021be a spitalului jude\u021bean Suceava, pentru investiga\u021bii suplimentare \u015fi tratament de specialitate.<\/p>\n<p><img decoding=\"async\" loading=\"lazy\" class=\"alignnone wp-image-93544\" src=\"https:\/\/analyse.optim.biz\/wp-content\/uploads\/2026\/01\/18582051_1861281627452935_3890473021426556550_n-300x225-1.jpg\" width=\"500\" height=\"375\" title=\"18582051_1861281627452935_3890473021426556550_n-300x225-1\"><img decoding=\"async\" loading=\"lazy\" class=\"alignnone wp-image-93545\" src=\"https:\/\/analyse.optim.biz\/wp-content\/uploads\/2026\/01\/18664327_1861281580786273_3295052229427151332_n-300x225-1.jpg\" width=\"500\" height=\"375\" title=\"18664327_1861281580786273_3295052229427151332_n-300x225-1\"><\/p>\n<\/section>\n<footer class=\"article-footer\">\n<p class=\"cb-tags\"><a href=\"https:\/\/suceavalive.ro\/tag\/accident-suceava\/\" rel=\"tag\">accident suceava<\/a><a href=\"https:\/\/suceavalive.ro\/tag\/accident-zvoristea\/\" rel=\"tag\">accident zvoristea<\/a><a href=\"https:\/\/suceavalive.ro\/tag\/isu-bucovina-suceava\/\" rel=\"tag\">isu bucovina suceava<\/a><a href=\"https:\/\/suceavalive.ro\/tag\/isu-suceava\/\" rel=\"tag\">isu suceava<\/a><a href=\"https:\/\/suceavalive.ro\/tag\/stiri-suceavalive\/\" rel=\"tag\">stiri suceavalive<\/a><a href=\"https:\/\/suceavalive.ro\/tag\/suceavalive\/\" rel=\"tag\">suceavalive<\/a><\/p>\n<div class=\"cb-social-sharing cb-post-footer-block cb-beside clearfix\">\n<div class=\"cb-title-subtle\">Share On:<\/div>\n<div class=\"cb-twitter\"><a href=\"https:\/\/twitter.com\/share\" class=\"twitter-share-button\" data-dnt=\"true\" data-count=\"horizontal\">Tweet<\/a><\/div>\n<\/div>\n<div id=\"cb-previous-next-links\" class=\"cb-post-footer-block clearfix\">\n<div id=\"cb-previous-link\"><a href=\"https:\/\/suceavalive.ro\/atletul-dornean-andrei-dorin-rusu-calificat-la-campionatul-european\/\" rel=\"prev\">Atletul dornean Andrei Dorin Rusu, calificat la Campionatul European<\/a><\/div>\n<div id=\"cb-next-link\"><a href=\"https:\/\/suceavalive.ro\/programul-saptamanii-3-zilelor-si-noptilor-studentesti-usv-2017\/\" rel=\"next\">Programul s\u0103pt\u0103m\u00e2nii a 3-a a Zilelor \u0219i Nop\u021bilor Studen\u021be\u0219ti USV 2017<\/a><\/div>\n<\/div>\n<div id=\"cb-author-box\" class=\"clearfix\">\n<h3 class=\"cb-block-title\">Despre autor<\/h3>\n<div class=\"cb-mask\"><a href=\"https:\/\/suceavalive.ro\/author\/suceavalive\/\"><img decoding=\"async\" src=\"https:\/\/analyse.optim.biz\/wp-content\/uploads\/2026\/01\/d542cd85af72d7d3afad0d26982263c9a64170e87d978956298bfb0122b00b8c-1.jpg\" class=\"avatar avatar-120 photo\" height=\"120\" width=\"120\" loading=\"lazy\" title=\"d542cd85af72d7d3afad0d26982263c9a64170e87d978956298bfb0122b00b8c-1\"><\/a><\/div>\n<div class=\"cb-meta\">\n<div class=\"cb-info\">\n<div class=\"cb-author-title vcard\"><a href=\"https:\/\/suceavalive.ro\/author\/suceavalive\/\"><span class=\"fn\">SuceavaLive<\/span><\/a><\/div>\n<\/div>\n<\/div>\n<\/div>\n<div id=\"cb-related-posts\" class=\"cb-related-posts-block cb-post-end-block clearfix\">\n<h3 class=\"cb-block-title\">Postari asemanatoare<\/h3>\n<ul>\n<li class=\"cb-style-overlay cb-grid-entry cb-related-post no-1\">\n<div class=\"cb-mask\"><a href=\"https:\/\/suceavalive.ro\/calendarul-zilei-de-18-ianuarie\/\"><img decoding=\"async\" width=\"360\" height=\"240\" src=\"https:\/\/analyse.optim.biz\/wp-content\/uploads\/2026\/01\/grigore-vieru-360x240-2.jpg\" class=\"attachment-cb-360-240 size-cb-360-240 wp-post-image\" loading=\"lazy\" title=\"grigore-vieru-360x240-2\"><\/a><\/div>\n<div class=\"cb-meta cb-article-meta\">\n<h4 class=\"h3 cb-post-title\"><a href=\"https:\/\/suceavalive.ro\/calendarul-zilei-de-18-ianuarie\/\">Calendarul zilei de 18 ianuarie<\/a><\/h4>\n<div class=\"cb-byline cb-font-header\">\n<div class=\"cb-date cb-byline-element\"><time datetime=\"2026-01-18\">18 ianuarie 2026<\/time><\/div>\n<\/div>\n<\/div>\n<\/li>\n<li class=\"cb-style-overlay cb-grid-entry cb-related-post no-2\">\n<div class=\"cb-mask\"><a href=\"https:\/\/suceavalive.ro\/calendarul-zilei-de-16-ianuarie\/\"><img decoding=\"async\" width=\"360\" height=\"240\" src=\"https:\/\/analyse.optim.biz\/wp-content\/uploads\/2026\/01\/calinescu-360x240-2.jpg\" class=\"attachment-cb-360-240 size-cb-360-240 wp-post-image\" loading=\"lazy\" title=\"calinescu-360x240-2\"><\/a><\/div>\n<div class=\"cb-meta cb-article-meta\">\n<h4 class=\"h3 cb-post-title\"><a href=\"https:\/\/suceavalive.ro\/calendarul-zilei-de-16-ianuarie\/\">Calendarul zilei de 16 ianuarie<\/a><\/h4>\n<div class=\"cb-byline cb-font-header\">\n<div class=\"cb-date cb-byline-element\"><time datetime=\"2026-01-16\">16 ianuarie 2026<\/time><\/div>\n<\/div>\n<\/div>\n<\/li>\n<\/ul>\n<\/div>\n<\/footer>\n<\/article>\n<p> Source URL: https:\/\/suceavalive.ro\/noua-persoane-au-ajuns-la-spital-urma-unui-accident-rutier-pe-raza-localitatii-zvoristea\/<\/p>\n","protected":false},"excerpt":{"rendered":"<p>Nou\u0103 persoane au ajuns la spital, \u00een urma unui accident rutier pe raza localit\u0103\u021bii Zvori\u015ftea 22 mai 2017 Modulul SMURD al Deta\u015famentului de Pompieri Suceava, cu dou\u0103 ambulan\u021be SMURD \u015fi o autospecial\u0103 cu accesorii pentru descarcerare, a intervenit duminic\u0103, 21 mai, \u00een jurul orei 15:00, la un accident rutier produs pe raza localit\u0103\u021bii Zvori\u015ftea. Conform [&hellip;]<\/p>\n","protected":false},"author":1,"featured_media":1272292,"comment_status":"open","ping_status":"","sticky":false,"template":"","format":"standard","meta":{"footnotes":""},"categories":[89],"tags":[173],"class_list":["post-1272291","post","type-post","status-publish","format-standard","has-post-thumbnail","hentry","category-romania","tag-suceavalive-ro"],"_links":{"self":[{"href":"https:\/\/analyse.optim.biz\/index.php?rest_route=\/wp\/v2\/posts\/1272291","targetHints":{"allow":["GET"]}}],"collection":[{"href":"https:\/\/analyse.optim.biz\/index.php?rest_route=\/wp\/v2\/posts"}],"about":[{"href":"https:\/\/analyse.optim.biz\/index.php?rest_route=\/wp\/v2\/types\/post"}],"author":[{"embeddable":true,"href":"https:\/\/analyse.optim.biz\/index.php?rest_route=\/wp\/v2\/users\/1"}],"replies":[{"embeddable":true,"href":"https:\/\/analyse.optim.biz\/index.php?rest_route=%2Fwp%2Fv2%2Fcomments&post=1272291"}],"version-history":[{"count":0,"href":"https:\/\/analyse.optim.biz\/index.php?rest_route=\/wp\/v2\/posts\/1272291\/revisions"}],"wp:featuredmedia":[{"embeddable":true,"href":"https:\/\/analyse.optim.biz\/index.php?rest_route=\/wp\/v2\/media\/1272292"}],"wp:attachment":[{"href":"https:\/\/analyse.optim.biz\/index.php?rest_route=%2Fwp%2Fv2%2Fmedia&parent=1272291"}],"wp:term":[{"taxonomy":"category","embeddable":true,"href":"https:\/\/analyse.optim.biz\/index.php?rest_route=%2Fwp%2Fv2%2Fcategories&post=1272291"},{"taxonomy":"post_tag","embeddable":true,"href":"https:\/\/analyse.optim.biz\/index.php?rest_route=%2Fwp%2Fv2%2Ftags&post=1272291"}],"curies":[{"name":"wp","href":"https:\/\/api.w.org\/{rel}","templated":true}]}}