{"id":1270235,"date":"2014-12-26T07:26:16","date_gmt":"2014-12-26T04:26:16","guid":{"rendered":"https:\/\/analyse.optim.biz\/?p=1270235"},"modified":"2014-12-26T07:26:16","modified_gmt":"2014-12-26T04:26:16","slug":"filmele-saptamanii-din-26-decembrie-in-cinematografe","status":"publish","type":"post","link":"https:\/\/analyse.optim.biz\/?p=1270235","title":{"rendered":"Filmele s\u0103pt\u0103m\u00e2nii \u2013 din 26 decembrie \u00een cinematografe"},"content":{"rendered":"<article id=\"template-id-172790\" class=\"post-172790 tdb_templates type-tdb_templates status-publish post\">\n<div id=\"tdi_52\" class=\"tdc-zone\">\n<div class=\"tdc_zone tdi_53  wpb_row td-pb-row\">\n<div id=\"tdi_54\" class=\"tdc-row stretch_row_1400 td-stretch-content\">\n<div class=\"vc_row tdi_55  wpb_row td-pb-row tdc-element-style\">\n<div class=\"vc_column tdi_57  wpb_column vc_column_container tdc-column td-pb-span8\">\n<div class=\"wpb_wrapper\">\n<div class=\"td_block_wrap tdb_single_categories tdi_58 td-pb-border-top td_block_template_1 \" data-td-block-uid=\"tdi_58\">\n<div class=\"tdb-category td-fix-index\"><a class=\"tdb-entry-category\" href=\"https:\/\/voceatimisului.ro\/stiri-din-timisoara-si-timis\/\">\u0218tiri<\/a><a class=\"tdb-entry-category\" href=\"https:\/\/voceatimisului.ro\/timp-liber\/\">Timp Liber<\/a><a class=\"tdb-entry-category\" href=\"https:\/\/voceatimisului.ro\/timp-liber\/filmele-saptamanii\/\">Filmele S\u0103pt\u0103m\u00e2nii<\/a><\/div>\n<\/div>\n<div class=\"td_block_wrap tdb_title tdi_59 tdb-single-title td-pb-border-top td_block_template_1\" data-td-block-uid=\"tdi_59\">\n<div class=\"tdb-block-inner td-fix-index\">\n<h1 class=\"tdb-title-text\">Filmele s\u0103pt\u0103m\u00e2nii \u2013 din 26 decembrie \u00een cinematografe<\/h1>\n<\/div>\n<\/div>\n<div class=\"vc_row_inner tdi_62  vc_row vc_inner wpb_row td-pb-row\">\n<div class=\"vc_column_inner tdi_64  wpb_column vc_column_container tdc-inner-column td-pb-span6\">\n<div class=\"vc_column-inner\">\n<div class=\"wpb_wrapper\">\n<div class=\"td_block_wrap tdb_single_author tdi_65 td-pb-border-top td_block_template_1 tdb-post-meta\" data-td-block-uid=\"tdi_65\">\n<div class=\"tdb-block-inner td-fix-index\">\n<div class=\"tdb-author-name-wrap\"><span class=\"tdb-author-by\">Autor-<\/span><a class=\"tdb-author-name\" href=\"https:\/\/voceatimisului.ro\/author\/redactia\/\">Redac\u021bia<\/a><\/div>\n<\/div>\n<\/div>\n<div class=\"td_block_wrap tdb_single_date tdi_66 td-pb-border-top td_block_template_1 tdb-post-meta\" data-td-block-uid=\"tdi_66\">\n<div class=\"tdb-block-inner td-fix-index\"><time class=\"entry-date updated td-module-date\" datetime=\"2014-12-26T09:26:16+02:00\">26 decembrie 2014<\/time><\/div>\n<\/div>\n<div class=\"td_block_wrap tdb_single_comments_count tdi_67 td-pb-border-top td_block_template_1 tdb-post-meta\" data-td-block-uid=\"tdi_67\">\n<div class=\"tdb-block-inner td-fix-index\"><a href=\"https:\/\/voceatimisului.ro\/filmele-saptamanii-din-26-decembrie-cinematografe\/#respond\"><span>0<\/span><\/a><\/div>\n<\/div>\n<div class=\"td_block_wrap tdb_single_post_views tdi_68 td-pb-border-top td_block_template_1 tdb-post-meta\" data-td-block-uid=\"tdi_68\">\n<div class=\"tdb-block-inner td-fix-index\"><span class=\"tdb-add-text\">1<\/span><span class=\"td-nr-views-64975\">9474<\/span><\/div>\n<\/div>\n<\/div>\n<\/div>\n<\/div>\n<div class=\"vc_column_inner tdi_70  wpb_column vc_column_container tdc-inner-column td-pb-span6\">\n<div class=\"vc_column-inner\">\n<div class=\"wpb_wrapper\">\n<div class=\"td_block_wrap tdb_single_post_share tdi_71  td-pb-border-top td_block_template_1\" data-td-block-uid=\"tdi_71\">\n<div id=\"tdi_71\" class=\"td-post-sharing tdb-block td-ps-bg td-ps-notext td-post-sharing-style1 \">\n<div class=\"td-post-sharing-visible\"><a class=\"td-social-sharing-button td-social-sharing-button-js td-social-network td-social-facebook\" href=\"https:\/\/www.facebook.com\/sharer.php?u=https%3A%2F%2Fvoceatimisului.ro%2Ffilmele-saptamanii-din-26-decembrie-cinematografe%2F\" title=\"Facebook\" rel=\"noopener\"><\/p>\n<div class=\"td-social-but-text\">Facebook<\/div>\n<p><\/a><a class=\"td-social-sharing-button td-social-sharing-button-js td-social-network td-social-twitter\" href=\"https:\/\/twitter.com\/intent\/tweet?text=Filmele+s%C4%83pt%C4%83m%C3%A2nii+%E2%80%93+din+26+decembrie+%C3%AEn+cinematografe&amp;url=https%3A%2F%2Fvoceatimisului.ro%2Ffilmele-saptamanii-din-26-decembrie-cinematografe%2F&amp;via=Vocea+Timisului\" title=\"Twitter\" rel=\"noopener\"><\/p>\n<div class=\"td-social-but-text\">Twitter<\/div>\n<p><\/a><a class=\"td-social-sharing-button td-social-sharing-button-js td-social-network td-social-pinterest\" href=\"https:\/\/pinterest.com\/pin\/create\/button\/?url=https:\/\/voceatimisului.ro\/filmele-saptamanii-din-26-decembrie-cinematografe\/&amp;media=https:\/\/voceatimisului.ro\/wp-content\/uploads\/2014\/12\/Filmele-s%C4%83pt%C4%83m%C3%A2nii-%E2%80%93-din-26-decembrie-jpg.webp&amp;description=Filmele+s%C4%83pt%C4%83m%C3%A2nii+%E2%80%93+din+26+decembrie+%C3%AEn+cinematografe\" title=\"Pinterest\" rel=\"noopener\"><\/p>\n<div class=\"td-social-but-text\">Pinterest<\/div>\n<p><\/a><a class=\"td-social-sharing-button td-social-sharing-button-js td-social-network td-social-whatsapp\" href=\"https:\/\/api.whatsapp.com\/send?text=Filmele+s%C4%83pt%C4%83m%C3%A2nii+%E2%80%93+din+26+decembrie+%C3%AEn+cinematografe%20%0A%0A%20https:\/\/voceatimisului.ro\/filmele-saptamanii-din-26-decembrie-cinematografe\/\" title=\"WhatsApp\" rel=\"noopener\"><\/p>\n<div class=\"td-social-but-text\">WhatsApp<\/div>\n<p><\/a><a class=\"td-social-sharing-button td-social-sharing-button-js td-social-network td-social-linkedin\" href=\"https:\/\/www.linkedin.com\/shareArticle?mini=true&amp;url=https:\/\/voceatimisului.ro\/filmele-saptamanii-din-26-decembrie-cinematografe\/&amp;title=Filmele+s%C4%83pt%C4%83m%C3%A2nii+%E2%80%93+din+26+decembrie+%C3%AEn+cinematografe\" title=\"Linkedin\" rel=\"noopener\"><\/p>\n<div class=\"td-social-but-text\">Linkedin<\/div>\n<p><\/a><a class=\"td-social-sharing-button td-social-sharing-button-js td-social-network td-social-copy_url\" href=\"https:\/\/voceatimisului.ro\/filmele-saptamanii-din-26-decembrie-cinematografe\/\" title=\"Copy URL\" rel=\"noopener\"><\/p>\n<div class=\"td-social-but-text\">Copy URL<\/div>\n<p><\/a><\/div>\n<\/div>\n<\/div>\n<\/div>\n<\/div>\n<\/div>\n<\/div>\n<div class=\"td_block_wrap tdb_single_featured_image tdi_72 tdb-content-horiz-left td-pb-border-top td_block_template_1\" data-td-block-uid=\"tdi_72\">\n<div class=\"tdb-block-inner td-fix-index\">\n<figure><img loading=\"lazy\" decoding=\"async\" width=\"696\" height=\"696\" class=\"entry-thumb\" src=\"https:\/\/analyse.optim.biz\/wp-content\/uploads\/2026\/01\/filmele-sc483ptc483mc3a2nii-e28093-din-26-decembrie-jpg-696x696-1.webp\" alt=\"Filmele s\u0103pt\u0103m\u00e2nii \u2013 din 26 decembrie jpg\" title=\"Filmele s\u0103pt\u0103m\u00e2nii \u2013 din 26 decembrie jpg\"><figcaption class=\"tdb-caption-text\">Filmele s\u0103pt\u0103m\u00e2nii \u2013 din 26 decembrie jpg<\/figcaption><\/figure>\n<\/div>\n<\/div>\n<div class=\"vc_row_inner tdi_74  vc_row vc_inner wpb_row td-pb-row\">\n<div class=\"vc_column_inner tdi_76  wpb_column vc_column_container tdc-inner-column td-pb-span4 td-is-sticky\">\n<div class=\"vc_column-inner\">\n<div class=\"wpb_wrapper\" data-sticky-enabled-on=\"W3RydWUsdHJ1ZSx0cnVlLHRydWVd\" data-sticky-offset=\"20\" data-sticky-is-width-auto=\"W2ZhbHNlLGZhbHNlLGZhbHNlLGZhbHNlXQ==\">\n<div class=\"td_block_wrap td_flex_block_1 tdi_77 td-pb-border-top td_block_template_1 td_ajax_preloading_preload td_flex_block\" data-td-block-uid=\"tdi_77\">\n<div id=\"tdi_77\" class=\"td_block_inner td-mc1-wrap\">\n<div class=\"td_module_flex td_module_flex_1 td_module_wrap td-animation-stack td-meta-info-hide td-cpt-post\">\n<div class=\"td-module-container td-category-pos-image\">\n<div class=\"td-module-meta-info\">\n<h3 class=\"entry-title td-module-title\"><a href=\"https:\/\/voceatimisului.ro\/un-obsedat-sexual-la-medic\/\" rel=\"bookmark\" title=\"Un obsedat sexual la medic\">Un obsedat sexual la medic<\/a><\/h3>\n<\/div>\n<\/div>\n<\/div>\n<div class=\"td_module_flex td_module_flex_1 td_module_wrap td-animation-stack td-meta-info-hide td-cpt-post\">\n<div class=\"td-module-container td-category-pos-image\">\n<div class=\"td-module-meta-info\">\n<h3 class=\"entry-title td-module-title\"><a href=\"https:\/\/voceatimisului.ro\/bancul-zilei-de-ce-teoristii-nu-vizeaza-romania\/\" rel=\"bookmark\" title=\"Bancul zilei \u2013 De ce terori\u0219tii nu vizeaz\u0103 Rom\u00e2nia\">Bancul zilei \u2013 De ce terori\u0219tii nu vizeaz\u0103 Rom\u00e2nia<\/a><\/h3>\n<\/div>\n<\/div>\n<\/div>\n<div class=\"td_module_flex td_module_flex_1 td_module_wrap td-animation-stack td-meta-info-hide td-cpt-post\">\n<div class=\"td-module-container td-category-pos-image\">\n<div class=\"td-module-meta-info\">\n<h3 class=\"entry-title td-module-title\"><a href=\"https:\/\/voceatimisului.ro\/filmele-saptamanii-din-30-ianuarie-cinematografe\/\" rel=\"bookmark\" title=\"Filmele s\u0103pt\u0103m\u00e2nii \u2013 din 30 ianuarie \u00een cinematografe\">Filmele s\u0103pt\u0103m\u00e2nii \u2013 din 30 ianuarie \u00een cinematografe<\/a><\/h3>\n<\/div>\n<\/div>\n<\/div>\n<div class=\"td_module_flex td_module_flex_1 td_module_wrap td-animation-stack td-meta-info-hide td-cpt-post\">\n<div class=\"td-module-container td-category-pos-image\">\n<div class=\"td-module-meta-info\">\n<h3 class=\"entry-title td-module-title\"><a href=\"https:\/\/voceatimisului.ro\/filmele-saptamanii-din-2-ianuarie-cinematografe\/\" rel=\"bookmark\" title=\"Filmele s\u0103pt\u0103m\u00e2nii \u2013 din 2 ianuarie \u00een cinematografe\">Filmele s\u0103pt\u0103m\u00e2nii \u2013 din 2 ianuarie \u00een cinematografe<\/a><\/h3>\n<\/div>\n<\/div>\n<\/div>\n<\/div>\n<\/div>\n<div class=\"tdb-author-box td_block_wrap tdb_single_author_box tdi_82 tdb-content-vert-top td-pb-border-top td_block_template_1\" data-td-block-uid=\"tdi_82\">\n<div class=\"tdb-block-inner td-fix-index\">\n<div class=\"tdb-author-info\"><a href=\"https:\/\/voceatimisului.ro\/author\/redactia\/\" class=\"tdb-author-name\">Redac\u021bia<\/a><\/p>\n<div class=\"tdb-author-descr\">\u00centreaga responsabilitate a comentariilor l\u0103sate de dumneavoastr\u0103 v\u0103 apar\u021bine!<br \/>\nClick <a href=\"https:\/\/voceatimisului.ro\/termeni-si-conditii\/\">aici<\/a>-citeste condi\u0163iile de utilizare ale site-ului www.voceatimisului.ro<\/div>\n<\/div>\n<\/div>\n<\/div>\n<\/div>\n<\/div>\n<\/div>\n<div class=\"vc_column_inner tdi_84  wpb_column vc_column_container tdc-inner-column td-pb-span8\">\n<div class=\"vc_column-inner\">\n<div class=\"wpb_wrapper\">\n<div class=\"td_block_wrap tdb_single_content tdi_85 td-pb-border-top td_block_template_1 td-post-content tagdiv-type\" data-td-block-uid=\"tdi_85\">\n<div class=\"tdb-block-inner td-fix-index\">\n<p><em><strong>Alt Love Building<\/strong><\/em><\/p>\n<p>Ac\u0163iunea filmului este amplasat\u0103 la munte, \u00een plin\u0103 iarn\u0103, cu c\u00e2teva zile \u00eenainte de Revelion, la \u015fase luni de la prima edi\u0163ie a taberei de reparat rela\u021bii, Love Building. Acum \u00eent\u00e2lnim nou\u0103 cupluri cu probleme \u015fi trei terapeu\u0163i cu probleme \u015fi mai mari, care atunci c\u00e2nd nu se \u015ficaneaz\u0103 se lupt\u0103 cu demonii interiori \u015fi problemele trecutului. Acum nu mai e at\u00e2t de simplu s\u0103 alerge c\u0103tre mult r\u00e2vnitul \u201c\u015fi au tr\u0103it ferici\u0163i p\u00e2n\u0103 la ad\u00e2nci b\u0103tr\u00e2ne\u0163i\u201d. Chiar dac\u0103 au ajuns din nou \u00eentr-un Love Building, de data acesta va fi altfel.<\/p>\n<p>[responsive_youtube <\/p>\n<p><em><strong> Annie<\/strong><\/em><\/p>\n<p>Tenace, \u00eencrez\u0103toare \u015fi optimist\u0103, Annie \u2013 personajul legendar, aflat \u00een c\u0103utarea familiei sale, care a inspirat genera\u0163ii \u00eentregi \u2013 revine pe ecrane \u00eentr-o viziune contemporan\u0103, \u00een comedia produs\u0103 de Columbia Pictures, Annie.<\/p>\n<p>Quvenzhan\u00e9 Wallis (Beasts of the Southern Wild), nominalizat\u0103 la premiul Oscar, joac\u0103 rolul lui Annie, un copil p\u0103r\u0103sit de p\u0103rin\u0163i, care se lupt\u0103 s\u0103-\u015fi croiasc\u0103 un drum \u00een via\u0163a dur\u0103 de pe str\u0103zile New York-ului, \u00een anul 2014. C\u00e2nd era mic\u0103, ea a fost l\u0103sat\u0103 de c\u0103tre p\u0103rin\u0163i \u00een grija lui Miss Hannigan (Cameron Diaz), o asistent\u0103 maternal\u0103 rea \u015fi lacom\u0103, sub promisiunea c\u0103 vor reveni s-o ia \u00eenapoi \u00eentr-o bun\u0103 zi. Dar soarta copilei se va schimba c\u00e2nd bogatul candidat la prim\u0103ria New York-ului,\u00a0 Will Stacks (Jamie Foxx) \u2013 sfatuit de adjuncta sa, Grace (Rose Byrne) \u015fi de \u015fmecherul s\u0103u \u015fef de campanie, Guy (Bobby Cannavale) \u2013 recurge la o stratagem\u0103 electoral\u0103, lu\u00e2nd-o \u00een grij\u0103 pe mica \u201eorfan\u0103\u201d. Stacks consider\u0103 c\u0103 este \u00eengerul ei p\u0103zitor, dar firea pozitiv\u0103 a lui Annie \u015fi \u00eencrederea sa \u00een ziua de m\u00e2ine ar putea s\u0103 schimbe rolurile lor exact pe dos.<\/p>\n<p>[responsive_youtube <\/p>\n<p><em><strong>Night at the Museum: Secret of the Tomb<\/strong><\/em><\/p>\n<p>Preg\u0103ti\u0163i-v\u0103 pentru cea mai s\u0103lbatic\u0103 \u015fi plin\u0103 de aventuri Noapte la Muzeu din c\u00e2te au fost, cu Larry Daley (Ben Stiller) c\u0103l\u0103torind \u00een jurul p\u0103m\u00e2ntului, unind personajele favorite cu altele noi \u015fi \u00eembarc\u00e2ndu-se \u00eentr-o c\u0103utare epic\u0103 pentru a salva magia \u00eenainte de a disp\u0103rea pentru totdeauna.<\/p>\n<p>C\u00e2nd exponatele Muzeului de Istorie Naturala din New York, care prind via\u021b\u0103 \u00een timpul nop\u0163ii, \u00eencep s\u0103 se comporte ciudat, Larry, nou-promovat ca director de opera\u021biuni pe timp de noapte la Muzeu, trebuie s\u0103 afle care este cauza. Tableta, care aduce la via\u0163\u0103 creaturile \u00een mod magic, a \u00eenceput s\u0103 putrezeasc\u0103 \u0219i singura modalitate de a remedia acest lucru poate fi la Muzeul Britanic . Larry, care va face orice pentru a-\u015fi salva \u201efamilia\u201d din muzeu, \u00eempreun\u0103 cu fiul s\u0103u Nick \u0219i exponatele muzeului, c\u0103l\u0103toresc de la New York la Londra, unde trebuie s\u0103 descopere secretul tabletei.<\/p>\n<p>[responsive_youtube <\/p>\n<p><em><strong>Son of a Gun<\/strong><\/em><\/p>\n<p>\u00cenchis pentru o infrac\u0163iune minor\u0103 la doar 19 ani, JR afl\u0103 repede c\u00e2t de grea e via\u0163a \u00een \u00eenchisoare. S\u0103 ob\u0163in\u0103 protec\u0163ie este de o importan\u0163\u0103 extraordinar\u0103, iar JR se va trezi cur\u00e2nd \u00een grija celui mai faimos criminal al Australiei, Brendan Lynch. Dar protec\u0163ia vine cu un pre\u0163, iar Lynch are planuri pentru t\u00e2n\u0103rul s\u0103u protejat: la eliberare, acesta \u00eei va organiza evadarea. Doar c\u0103 JR \u00ee\u015fi va da seama cur\u00e2nd c\u0103 nu ar trebui s\u0103-\u015fi lege via\u0163a de cea a mentorului s\u0103u.<\/p>\n<p>[responsive_youtube <\/p>\n<p>\u00a0<\/p>\n<\/div>\n<\/div>\n<div class=\"td_block_wrap tdb_single_tags tdi_88 td-pb-border-top td_block_template_1\" data-td-block-uid=\"tdi_88\">\n<div class=\"tdb-block-inner td-fix-index\">\n<ul class=\"tdb-tags\">\n<li><span>Tags<\/span><\/li>\n<li><a href=\"https:\/\/voceatimisului.ro\/tag\/cinema-city-timisoara\/\">cinema city timisoara<\/a><\/li>\n<li><a href=\"https:\/\/voceatimisului.ro\/tag\/filmele-saptamanii-2\/\">filmele saptamanii<\/a><\/li>\n<li><a href=\"https:\/\/voceatimisului.ro\/tag\/timp-liber-2\/\">timp liber<\/a><\/li>\n<\/ul>\n<\/div>\n<\/div>\n<div class=\"td_block_wrap tdb_single_post_share tdi_89  td-pb-border-top td_block_template_1\" data-td-block-uid=\"tdi_89\">\n<div id=\"tdi_89\" class=\"td-post-sharing tdb-block td-ps-bg td-ps-notext td-post-sharing-style1 \">\n<div class=\"td-post-sharing-visible\"><a class=\"td-social-sharing-button td-social-sharing-button-js td-social-network td-social-facebook\" href=\"https:\/\/www.facebook.com\/sharer.php?u=https%3A%2F%2Fvoceatimisului.ro%2Ffilmele-saptamanii-din-26-decembrie-cinematografe%2F\" title=\"Facebook\" rel=\"noopener\"><\/p>\n<div class=\"td-social-but-text\">Facebook<\/div>\n<p><\/a><a class=\"td-social-sharing-button td-social-sharing-button-js td-social-network td-social-twitter\" href=\"https:\/\/twitter.com\/intent\/tweet?text=Filmele+s%C4%83pt%C4%83m%C3%A2nii+%E2%80%93+din+26+decembrie+%C3%AEn+cinematografe&amp;url=https%3A%2F%2Fvoceatimisului.ro%2Ffilmele-saptamanii-din-26-decembrie-cinematografe%2F&amp;via=Vocea+Timisului\" title=\"Twitter\" rel=\"noopener\"><\/p>\n<div class=\"td-social-but-text\">Twitter<\/div>\n<p><\/a><a class=\"td-social-sharing-button td-social-sharing-button-js td-social-network td-social-pinterest\" href=\"https:\/\/pinterest.com\/pin\/create\/button\/?url=https:\/\/voceatimisului.ro\/filmele-saptamanii-din-26-decembrie-cinematografe\/&amp;media=https:\/\/voceatimisului.ro\/wp-content\/uploads\/2014\/12\/Filmele-s%C4%83pt%C4%83m%C3%A2nii-%E2%80%93-din-26-decembrie-jpg.webp&amp;description=Filmele+s%C4%83pt%C4%83m%C3%A2nii+%E2%80%93+din+26+decembrie+%C3%AEn+cinematografe\" title=\"Pinterest\" rel=\"noopener\"><\/p>\n<div class=\"td-social-but-text\">Pinterest<\/div>\n<p><\/a><a class=\"td-social-sharing-button td-social-sharing-button-js td-social-network td-social-whatsapp\" href=\"https:\/\/api.whatsapp.com\/send?text=Filmele+s%C4%83pt%C4%83m%C3%A2nii+%E2%80%93+din+26+decembrie+%C3%AEn+cinematografe%20%0A%0A%20https:\/\/voceatimisului.ro\/filmele-saptamanii-din-26-decembrie-cinematografe\/\" title=\"WhatsApp\" rel=\"noopener\"><\/p>\n<div class=\"td-social-but-text\">WhatsApp<\/div>\n<p><\/a><a class=\"td-social-sharing-button td-social-sharing-button-js td-social-network td-social-linkedin\" href=\"https:\/\/www.linkedin.com\/shareArticle?mini=true&amp;url=https:\/\/voceatimisului.ro\/filmele-saptamanii-din-26-decembrie-cinematografe\/&amp;title=Filmele+s%C4%83pt%C4%83m%C3%A2nii+%E2%80%93+din+26+decembrie+%C3%AEn+cinematografe\" title=\"Linkedin\" rel=\"noopener\"><\/p>\n<div class=\"td-social-but-text\">Linkedin<\/div>\n<p><\/a><a class=\"td-social-sharing-button td-social-sharing-button-js td-social-network td-social-copy_url\" href=\"https:\/\/voceatimisului.ro\/filmele-saptamanii-din-26-decembrie-cinematografe\/\" title=\"Copy URL\" rel=\"noopener\"><\/p>\n<div class=\"td-social-but-text\">Copy URL<\/div>\n<p><\/a><\/div>\n<\/div>\n<\/div>\n<div class=\"td_block_wrap tdb_single_next_prev tdi_90 td-animation-stack td-next-prev-img-on td-pb-border-top td_block_template_1\" data-td-block-uid=\"tdi_90\">\n<div class=\"tdb-block-inner td-fix-index\">\n<div class=\"tdb-next-post tdb-next-post-bg tdb-post-prev\"><span>Articolul precedent<\/span><\/p>\n<div class=\"td-module-container\">\n<div class=\"td-image-container\"><a class=\"td-image-wrap\" href=\"https:\/\/voceatimisului.ro\/smurd-reluat-zborurile-cu-elicopterele-ec-135\/\"><img loading=\"lazy\" decoding=\"async\" class=\"td-next-prev-image td-fix-index td-lazy-img\" title=\"SMURD a reluat zborurile cu elicopterele EC 135\" width=\"696\" height=\"422\" src=\"https:\/\/analyse.optim.biz\/wp-content\/uploads\/2026\/01\/elicopter-smurd-jpg-696x422-1.webp\"><\/a><\/div>\n<div class=\"next-prev-title\"><a href=\"https:\/\/voceatimisului.ro\/smurd-reluat-zborurile-cu-elicopterele-ec-135\/\">SMURD a reluat zborurile cu elicopterele EC 135<\/a><\/div>\n<\/div>\n<\/div>\n<div class=\"tdb-next-post tdb-next-post-bg tdb-post-next\"><span>Articolul urm\u0103tor<\/span><\/p>\n<div class=\"td-module-container\">\n<div class=\"td-image-container\"><a class=\"td-image-wrap\" href=\"https:\/\/voceatimisului.ro\/cod-galben-de-vant-polei-si-chiar-viscol-si-zapada-afla-cand-ajunge-timis\/\"><img loading=\"lazy\" decoding=\"async\" class=\"td-next-prev-image td-fix-index td-lazy-img\" title=\"Cod GALBEN de v\u00e2nt, polei \u0219i chiar VISCOL \u0219i Z\u0102PAD\u0102! Afl\u0103 c\u00e2nd ajunge \u00een Timi\u0219\" width=\"696\" height=\"484\" src=\"https:\/\/analyse.optim.biz\/wp-content\/uploads\/2026\/01\/cod-galben-reprez-696x484-1.png\"><\/a><\/div>\n<div class=\"next-prev-title\"><a href=\"https:\/\/voceatimisului.ro\/cod-galben-de-vant-polei-si-chiar-viscol-si-zapada-afla-cand-ajunge-timis\/\">Cod GALBEN de v\u00e2nt, polei \u0219i chiar VISCOL \u0219i Z\u0102PAD\u0102! Afl\u0103 c\u00e2nd ajunge \u00een Timi\u0219<\/a><\/div>\n<\/div>\n<\/div>\n<\/div>\n<\/div>\n<\/div>\n<\/div>\n<\/div>\n<\/div>\n<div class=\"vc_row_inner tdi_100  vc_row vc_inner wpb_row td-pb-row\">\n<div class=\"vc_column_inner tdi_102  wpb_column vc_column_container tdc-inner-column td-pb-span4 td-is-sticky\">\n<div class=\"vc_column-inner\">\n<div class=\"wpb_wrapper\" data-sticky-enabled-on=\"W3RydWUsdHJ1ZSx0cnVlLHRydWVd\" data-sticky-offset=\"20\" data-sticky-is-width-auto=\"W2ZhbHNlLGZhbHNlLGZhbHNlLGZhbHNlXQ==\">\n<div class=\"td_block_wrap tdb_single_related tdi_103 td_with_ajax_pagination td-pb-border-top td_block_template_1 tdb-single-related-posts\" data-td-block-uid=\"tdi_103\">\n<div id=\"tdi_103\" class=\"td_block_inner tdb-block-inner td-fix-index\">\n<div class=\"tdb_module_related td_module_wrap td-animation-stack td-meta-info-hide\">\n<div class=\"td-module-container td-category-pos-image\">\n<div class=\"td-module-meta-info\">\n<h3 class=\"entry-title td-module-title\"><a href=\"https:\/\/voceatimisului.ro\/filmele-saptamanii-din-28-noiembrie-cinematografe\/\" rel=\"bookmark\" title=\"Filmele s\u0103pt\u0103m\u00e2nii \u2013 din 28 noiembrie \u00een cinematografe\">Filmele s\u0103pt\u0103m\u00e2nii \u2013 din 28 noiembrie \u00een cinematografe<\/a><\/h3>\n<\/div>\n<\/div>\n<\/div>\n<div class=\"tdb_module_related td_module_wrap td-animation-stack td-meta-info-hide\">\n<div class=\"td-module-container td-category-pos-image\">\n<div class=\"td-module-meta-info\">\n<h3 class=\"entry-title td-module-title\"><a href=\"https:\/\/voceatimisului.ro\/bancul-zilei-ponta-merge-pe-o-strada-laturalnica-si-cade-intr-o-groapa-adanca\/\" rel=\"bookmark\" title=\"Bancul zilei \u2013 Ponta merge pe o strad\u0103 l\u0103turalnic\u0103 \u015fi cade \u00eentr-o groap\u0103 ad\u00e2nc\u0103.\">Bancul zilei \u2013 Ponta merge pe o strad\u0103 l\u0103turalnic\u0103 \u015fi cade \u00eentr-o groap\u0103 ad\u00e2nc\u0103.<\/a><\/h3>\n<\/div>\n<\/div>\n<\/div>\n<div class=\"tdb_module_related td_module_wrap td-animation-stack td-meta-info-hide\">\n<div class=\"td-module-container td-category-pos-image\">\n<div class=\"td-module-meta-info\">\n<h3 class=\"entry-title td-module-title\"><a href=\"https:\/\/voceatimisului.ro\/filmele-saptamanii-din-31-octombrie-cinematografe\/\" rel=\"bookmark\" title=\"Filmele s\u0103pt\u0103m\u00e2nii \u2013 din 31 octombrie \u00een cinematografe\">Filmele s\u0103pt\u0103m\u00e2nii \u2013 din 31 octombrie \u00een cinematografe<\/a><\/h3>\n<\/div>\n<\/div>\n<\/div>\n<\/div>\n<\/div>\n<\/div>\n<\/div>\n<\/div>\n<div class=\"vc_column_inner tdi_105  wpb_column vc_column_container tdc-inner-column td-pb-span8\">\n<div class=\"vc_column-inner\">\n<div class=\"wpb_wrapper\">\n<div class=\"td_block_wrap tdb_single_comments tdi_106 tdb-comm-layout2 td-pb-border-top td_block_template_2\" data-td-block-uid=\"tdi_106\">\n<div class=\"tdb-block-inner td-fix-index\">\n<div class=\"comments\" id=\"comments\">\n<div id=\"respond\" class=\"comment-respond\">\n<h3 id=\"reply-title\" class=\"comment-reply-title\">L\u0102SA\u021aI UN MESAJ <small><a rel=\"nofollow\" id=\"cancel-comment-reply-link\" href=\"https:\/\/voceatimisului.ro\/filmele-saptamanii-din-26-decembrie-cinematografe\/#respond\">Renun\u021ba\u021bi la r\u0103spuns<\/a><\/small><\/h3>\n<div class=\"comment-form-input-wrap td-form-comment\">\n<div class=\"td-warning-comment\">V\u0103 rug\u0103m s\u0103 introduce\u021bi comentariul dvs.!<\/div>\n<\/div>\n<div class=\"comment-form-input-wrap td-form-author\">\n<div class=\"td-warning-author\">Introduce\u021bi aici numele dvs.<\/div>\n<\/div>\n<div class=\"comment-form-input-wrap td-form-email\">\n<div class=\"td-warning-email-error\">A\u021bi introdus o adres\u0103 de e-mail incorect\u0103!<\/div>\n<div class=\"td-warning-email\">V\u0103 rug\u0103m s\u0103 introduce\u021bi adresa dvs. de e-mail aici<\/div>\n<\/div>\n<\/div>\n<\/div>\n<\/div>\n<\/div>\n<\/div>\n<\/div>\n<\/div>\n<\/div>\n<\/div>\n<\/div>\n<div class=\"vc_column tdi_108  wpb_column vc_column_container tdc-column td-pb-span4 td-is-sticky\">\n<div class=\"wpb_wrapper\" data-sticky-enabled-on=\"W3RydWUsdHJ1ZSx0cnVlLHRydWVd\" data-sticky-offset=\"20\" data-sticky-is-width-auto=\"W2ZhbHNlLGZhbHNlLGZhbHNlLGZhbHNlXQ==\">\n<div class=\"vc_row_inner tdi_110  vc_row vc_inner wpb_row td-pb-row\">\n<div class=\"vc_column_inner tdi_112  wpb_column vc_column_container tdc-inner-column td-pb-span12\">\n<div class=\"vc_column-inner\">\n<div class=\"wpb_wrapper\">\n<div class=\"td_block_wrap td_block_title tdi_113 td-pb-border-top td_block_template_11 td-fix-index\" data-td-block-uid=\"tdi_113\">\n<div class=\"td-block-title-wrap\">\n<h4 class=\"td-block-title\"><span class=\"td-pulldown-size\">ANUN\u021aURI \u0218I PUBLICITATE<\/span><\/h4>\n<\/div>\n<\/div>\n<\/div>\n<\/div>\n<\/div>\n<\/div>\n<div class=\"wpb_wrapper td_block_wrap vc_widget_sidebar tdi_115 \">\n<aside id=\"block-10\" class=\"td_block_template_1 widget block-10 widget_block widget_media_image\">\n<figure class=\"wp-block-image size-full\"><a href=\"https:\/\/adpghiroda.ro\/index.html\" target=\"_blank\" rel=\" noreferrer noopener\"><img decoding=\"async\" loading=\"lazy\" width=\"960\" height=\"960\" src=\"https:\/\/analyse.optim.biz\/wp-content\/uploads\/2026\/01\/adp-ghiroda2-12.jpg\" class=\"wp-image-171492\" title=\"adp-ghiroda2-12\"><\/a><\/figure>\n<\/aside>\n<aside id=\"block-11\" class=\"td_block_template_1 widget block-11 widget_block widget_media_image\">\n<figure class=\"wp-block-image size-full\"><a href=\"https:\/\/adpghiroda.ro\/index.html\" target=\"_blank\" rel=\" noreferrer noopener\"><img decoding=\"async\" loading=\"lazy\" width=\"960\" height=\"960\" src=\"https:\/\/analyse.optim.biz\/wp-content\/uploads\/2026\/01\/adp-ghiroda1-12.jpg\" class=\"wp-image-171491\" title=\"adp-ghiroda1-12\"><\/a><\/figure>\n<\/aside>\n<aside id=\"block-17\" class=\"td_block_template_1 widget block-17 widget_block widget_media_image\">\n<figure class=\"wp-block-image size-large is-resized\"><a href=\"https:\/\/verde.events\/\" target=\"_blank\" rel=\" noreferrer noopener\"><img decoding=\"async\" loading=\"lazy\" width=\"1024\" height=\"683\" src=\"https:\/\/analyse.optim.biz\/wp-content\/uploads\/2026\/01\/verde-events-24-1024x683-1-12.jpg\" alt=\"Verde Events\" class=\"wp-image-174395\" title=\"verde-events-24-1024x683-1-12\"><\/a><figcaption class=\"wp-element-caption\"><strong><em>O experien\u021b\u0103 unic\u0103 pentru orice tip de eveniment<\/em><\/strong><\/figcaption><\/figure>\n<\/aside>\n<\/div>\n<div class=\"td_block_wrap td_flex_block_1 tdi_121 td-pb-border-top td_block_template_1 td_ajax_preloading_preload td_flex_block\" data-td-block-uid=\"tdi_121\">\n<div id=\"tdi_121\" class=\"td_block_inner td-mc1-wrap\">\n<div class=\"td_module_flex td_module_flex_1 td_module_wrap td-animation-stack td-meta-info-hide td-cpt-post\">\n<div class=\"td-module-container td-category-pos-image\">\n<div class=\"td-module-meta-info\">\n<h3 class=\"entry-title td-module-title\"><a href=\"https:\/\/voceatimisului.ro\/premierele-saptamanii-din-24-octombrie-cinematografe\/\" rel=\"bookmark\" title=\"Premierele s\u0103pt\u0103m\u00e2nii \u2013 din 24 octombrie \u00een cinematografe\">Premierele s\u0103pt\u0103m\u00e2nii \u2013 din 24 octombrie \u00een cinematografe<\/a><\/h3>\n<\/div>\n<\/div>\n<\/div>\n<div class=\"td_module_flex td_module_flex_1 td_module_wrap td-animation-stack td-meta-info-hide td-cpt-post\">\n<div class=\"td-module-container td-category-pos-image\">\n<div class=\"td-module-meta-info\">\n<h3 class=\"entry-title td-module-title\"><a href=\"https:\/\/voceatimisului.ro\/premierele-saptamanii-din-17-octombrie-cinematografe\/\" rel=\"bookmark\" title=\"Premierele s\u0103pt\u0103m\u00e2nii \u2013 din 17 octombrie \u00een cinematografe\">Premierele s\u0103pt\u0103m\u00e2nii \u2013 din 17 octombrie \u00een cinematografe<\/a><\/h3>\n<\/div>\n<\/div>\n<\/div>\n<div class=\"td_module_flex td_module_flex_1 td_module_wrap td-animation-stack td-meta-info-hide td-cpt-post\">\n<div class=\"td-module-container td-category-pos-image\">\n<div class=\"td-module-meta-info\">\n<h3 class=\"entry-title td-module-title\"><a href=\"https:\/\/voceatimisului.ro\/premierele-saptamanii-din-3-octombrie-cinematografe\/\" rel=\"bookmark\" title=\"Premierele s\u0103pt\u0103m\u00e2nii \u2013 din 3 octombrie \u00een cinematografe\">Premierele s\u0103pt\u0103m\u00e2nii \u2013 din 3 octombrie \u00een cinematografe<\/a><\/h3>\n<\/div>\n<\/div>\n<\/div>\n<div class=\"td_module_flex td_module_flex_1 td_module_wrap td-animation-stack td-meta-info-hide td-cpt-post\">\n<div class=\"td-module-container td-category-pos-image\">\n<div class=\"td-module-meta-info\">\n<h3 class=\"entry-title td-module-title\"><a href=\"https:\/\/voceatimisului.ro\/fata-saptamanii-gabriela-carceanu\/\" rel=\"bookmark\" title=\"Fata S\u0103pt\u0103m\u00e2nii \u2013 Gabriela Carceanu\">Fata S\u0103pt\u0103m\u00e2nii \u2013 Gabriela Carceanu<\/a><\/h3>\n<\/div>\n<\/div>\n<\/div>\n<div class=\"td_module_flex td_module_flex_1 td_module_wrap td-animation-stack td-meta-info-hide td-cpt-post\">\n<div class=\"td-module-container td-category-pos-image\">\n<div class=\"td-module-meta-info\">\n<h3 class=\"entry-title td-module-title\"><a href=\"https:\/\/voceatimisului.ro\/premierele-saptamanii-din-15-august-cinematografe\/\" rel=\"bookmark\" title=\"Premierele s\u0103pt\u0103m\u00e2nii \u2013 din 15 august \u00een cinematografe\">Premierele s\u0103pt\u0103m\u00e2nii \u2013 din 15 august \u00een cinematografe<\/a><\/h3>\n<\/div>\n<\/div>\n<\/div>\n<\/div>\n<\/div>\n<\/div>\n<\/div>\n<\/div>\n<\/div>\n<\/div>\n<\/div>\n<p><span class=\"td-page-meta\"><\/span><span class=\"td-page-meta\"><span class=\"td-page-meta\"><\/span><\/span><span class=\"td-page-meta\"><\/span><\/article>\n<p> Source URL: https:\/\/voceatimisului.ro\/filmele-saptamanii-din-26-decembrie-cinematografe\/<\/p>\n","protected":false},"excerpt":{"rendered":"<p>\u0218tiriTimp LiberFilmele S\u0103pt\u0103m\u00e2nii Filmele s\u0103pt\u0103m\u00e2nii \u2013 din 26 decembrie \u00een cinematografe Autor-Redac\u021bia 26 decembrie 2014 0 19474 Facebook Twitter Pinterest WhatsApp Linkedin Copy URL Filmele s\u0103pt\u0103m\u00e2nii \u2013 din 26 decembrie jpg Un obsedat sexual la medic Bancul zilei \u2013 De ce terori\u0219tii nu vizeaz\u0103 Rom\u00e2nia Filmele s\u0103pt\u0103m\u00e2nii \u2013 din 30 ianuarie \u00een cinematografe Filmele s\u0103pt\u0103m\u00e2nii [&hellip;]<\/p>\n","protected":false},"author":1,"featured_media":1270236,"comment_status":"open","ping_status":"","sticky":false,"template":"","format":"standard","meta":{"footnotes":""},"categories":[89],"tags":[199],"class_list":["post-1270235","post","type-post","status-publish","format-standard","has-post-thumbnail","hentry","category-romania","tag-voceatimisului-ro"],"_links":{"self":[{"href":"https:\/\/analyse.optim.biz\/index.php?rest_route=\/wp\/v2\/posts\/1270235","targetHints":{"allow":["GET"]}}],"collection":[{"href":"https:\/\/analyse.optim.biz\/index.php?rest_route=\/wp\/v2\/posts"}],"about":[{"href":"https:\/\/analyse.optim.biz\/index.php?rest_route=\/wp\/v2\/types\/post"}],"author":[{"embeddable":true,"href":"https:\/\/analyse.optim.biz\/index.php?rest_route=\/wp\/v2\/users\/1"}],"replies":[{"embeddable":true,"href":"https:\/\/analyse.optim.biz\/index.php?rest_route=%2Fwp%2Fv2%2Fcomments&post=1270235"}],"version-history":[{"count":0,"href":"https:\/\/analyse.optim.biz\/index.php?rest_route=\/wp\/v2\/posts\/1270235\/revisions"}],"wp:featuredmedia":[{"embeddable":true,"href":"https:\/\/analyse.optim.biz\/index.php?rest_route=\/wp\/v2\/media\/1270236"}],"wp:attachment":[{"href":"https:\/\/analyse.optim.biz\/index.php?rest_route=%2Fwp%2Fv2%2Fmedia&parent=1270235"}],"wp:term":[{"taxonomy":"category","embeddable":true,"href":"https:\/\/analyse.optim.biz\/index.php?rest_route=%2Fwp%2Fv2%2Fcategories&post=1270235"},{"taxonomy":"post_tag","embeddable":true,"href":"https:\/\/analyse.optim.biz\/index.php?rest_route=%2Fwp%2Fv2%2Ftags&post=1270235"}],"curies":[{"name":"wp","href":"https:\/\/api.w.org\/{rel}","templated":true}]}}