{"id":1270096,"date":"2025-07-04T06:14:09","date_gmt":"2025-07-04T03:14:09","guid":{"rendered":"https:\/\/analyse.optim.biz\/?p=1270096"},"modified":"2025-07-04T06:14:09","modified_gmt":"2025-07-04T03:14:09","slug":"post-de-medic-de-familie-disponibil-in-sag-judetul-timis-centru-medical-nou-construit-cu-fonduri-europene","status":"publish","type":"post","link":"https:\/\/analyse.optim.biz\/?p=1270096","title":{"rendered":"Post de medic de familie disponibil \u00een \u0218ag, jude\u021bul Timi\u0219 \u2013 centru medical nou, construit cu fonduri europene"},"content":{"rendered":"<article id=\"template-id-172790\" class=\"post-172790 tdb_templates type-tdb_templates status-publish post\">\n<div id=\"tdi_52\" class=\"tdc-zone\">\n<div class=\"tdc_zone tdi_53  wpb_row td-pb-row\">\n<div id=\"tdi_54\" class=\"tdc-row stretch_row_1400 td-stretch-content\">\n<div class=\"vc_row tdi_55  wpb_row td-pb-row tdc-element-style\">\n<div class=\"vc_column tdi_57  wpb_column vc_column_container tdc-column td-pb-span8\">\n<div class=\"wpb_wrapper\">\n<div class=\"td_block_wrap tdb_single_categories tdi_58 td-pb-border-top td_block_template_1 \" data-td-block-uid=\"tdi_58\">\n<div class=\"tdb-category td-fix-index\"><a class=\"tdb-entry-category\" href=\"https:\/\/voceatimisului.ro\/stiri-din-timisoara-si-timis\/\">\u0218tiri<\/a><a class=\"tdb-entry-category\" href=\"https:\/\/voceatimisului.ro\/utile\/\">Utile<\/a><\/div>\n<\/div>\n<div class=\"td_block_wrap tdb_title tdi_59 tdb-single-title td-pb-border-top td_block_template_1\" data-td-block-uid=\"tdi_59\">\n<div class=\"tdb-block-inner td-fix-index\">\n<h1 class=\"tdb-title-text\">Post de medic de familie disponibil \u00een \u0218ag, jude\u021bul Timi\u0219 \u2013 centru medical nou, construit cu fonduri europene<\/h1>\n<\/div>\n<\/div>\n<div class=\"td_block_wrap tdb_single_subtitle tdi_60 td-pb-border-top td_block_template_1\" data-td-block-uid=\"tdi_60\">\n<div class=\"tdb-block-inner td-fix-index\">\n<h2>Centrul Medical Orthopedics \u0218ag angajeaz\u0103 medic de familie \u2013 cabinet modern, echipamente de ultim\u0103 genera\u021bie \u0219i condi\u021bii excelente de lucru, \u00eentr-o comun\u0103 aflat\u0103 \u00een plin\u0103 dezvoltare<\/h2>\n<\/div>\n<\/div>\n<div class=\"vc_row_inner tdi_62  vc_row vc_inner wpb_row td-pb-row\">\n<div class=\"vc_column_inner tdi_64  wpb_column vc_column_container tdc-inner-column td-pb-span6\">\n<div class=\"vc_column-inner\">\n<div class=\"wpb_wrapper\">\n<div class=\"td_block_wrap tdb_single_author tdi_65 td-pb-border-top td_block_template_1 tdb-post-meta\" data-td-block-uid=\"tdi_65\">\n<div class=\"tdb-block-inner td-fix-index\">\n<div class=\"tdb-author-name-wrap\"><span class=\"tdb-author-by\">Autor-<\/span><a class=\"tdb-author-name\" href=\"https:\/\/voceatimisului.ro\/author\/cataadmin\/\">Radu Constantin<\/a><\/div>\n<\/div>\n<\/div>\n<div class=\"td_block_wrap tdb_single_date tdi_66 td-pb-border-top td_block_template_1 tdb-post-meta\" data-td-block-uid=\"tdi_66\">\n<div class=\"tdb-block-inner td-fix-index\"><time class=\"entry-date updated td-module-date\" datetime=\"2025-07-04T09:14:09+03:00\">4 iulie 2025<\/time><\/div>\n<\/div>\n<div class=\"td_block_wrap tdb_single_comments_count tdi_67 td-pb-border-top td_block_template_1 tdb-post-meta\" data-td-block-uid=\"tdi_67\">\n<div class=\"tdb-block-inner td-fix-index\"><a href=\"https:\/\/voceatimisului.ro\/post-de-medic-de-familie-disponibil-in-sag-judetul-timis-centru-medical-nou-construit-cu-fonduri-europene\/#respond\"><span>0<\/span><\/a><\/div>\n<\/div>\n<div class=\"td_block_wrap tdb_single_post_views tdi_68 td-pb-border-top td_block_template_1 tdb-post-meta\" data-td-block-uid=\"tdi_68\">\n<div class=\"tdb-block-inner td-fix-index\"><span class=\"tdb-add-text\">1<\/span><span class=\"td-nr-views-173382\">299<\/span><\/div>\n<\/div>\n<\/div>\n<\/div>\n<\/div>\n<div class=\"vc_column_inner tdi_70  wpb_column vc_column_container tdc-inner-column td-pb-span6\">\n<div class=\"vc_column-inner\">\n<div class=\"wpb_wrapper\">\n<div class=\"td_block_wrap tdb_single_post_share tdi_71  td-pb-border-top td_block_template_1\" data-td-block-uid=\"tdi_71\">\n<div id=\"tdi_71\" class=\"td-post-sharing tdb-block td-ps-bg td-ps-notext td-post-sharing-style1 \">\n<div class=\"td-post-sharing-visible\"><a class=\"td-social-sharing-button td-social-sharing-button-js td-social-network td-social-facebook\" href=\"https:\/\/www.facebook.com\/sharer.php?u=https%3A%2F%2Fvoceatimisului.ro%2Fpost-de-medic-de-familie-disponibil-in-sag-judetul-timis-centru-medical-nou-construit-cu-fonduri-europene%2F\" title=\"Facebook\" rel=\"noopener\"><\/p>\n<div class=\"td-social-but-text\">Facebook<\/div>\n<p><\/a><a class=\"td-social-sharing-button td-social-sharing-button-js td-social-network td-social-twitter\" href=\"https:\/\/twitter.com\/intent\/tweet?text=Post+de+medic+de+familie+disponibil+%C3%AEn+%C8%98ag%2C+jude%C8%9Bul+Timi%C8%99+%E2%80%93+centru+medical+nou%2C+construit+cu+fonduri+europene&amp;url=https%3A%2F%2Fvoceatimisului.ro%2Fpost-de-medic-de-familie-disponibil-in-sag-judetul-timis-centru-medical-nou-construit-cu-fonduri-europene%2F&amp;via=Vocea+Timisului\" title=\"Twitter\" rel=\"noopener\"><\/p>\n<div class=\"td-social-but-text\">Twitter<\/div>\n<p><\/a><a class=\"td-social-sharing-button td-social-sharing-button-js td-social-network td-social-pinterest\" href=\"https:\/\/pinterest.com\/pin\/create\/button\/?url=https:\/\/voceatimisului.ro\/post-de-medic-de-familie-disponibil-in-sag-judetul-timis-centru-medical-nou-construit-cu-fonduri-europene\/&amp;media=https:\/\/analyse.optim.biz\/wp-content\/uploads\/2026\/01\/post-de-medic-de-familie-disponibil-in-sag.jpg&amp;description=Post+de+medic+de+familie+disponibil+%C3%AEn+%C8%98ag%2C+jude%C8%9Bul+Timi%C8%99+%E2%80%93+centru+medical+nou%2C+construit+cu+fonduri+europene\" title=\"Pinterest\" rel=\"noopener\"><\/p>\n<div class=\"td-social-but-text\">Pinterest<\/div>\n<p><\/a><a class=\"td-social-sharing-button td-social-sharing-button-js td-social-network td-social-whatsapp\" href=\"https:\/\/api.whatsapp.com\/send?text=Post+de+medic+de+familie+disponibil+%C3%AEn+%C8%98ag%2C+jude%C8%9Bul+Timi%C8%99+%E2%80%93+centru+medical+nou%2C+construit+cu+fonduri+europene%20%0A%0A%20https:\/\/voceatimisului.ro\/post-de-medic-de-familie-disponibil-in-sag-judetul-timis-centru-medical-nou-construit-cu-fonduri-europene\/\" title=\"WhatsApp\" rel=\"noopener\"><\/p>\n<div class=\"td-social-but-text\">WhatsApp<\/div>\n<p><\/a><a class=\"td-social-sharing-button td-social-sharing-button-js td-social-network td-social-linkedin\" href=\"https:\/\/www.linkedin.com\/shareArticle?mini=true&amp;url=https:\/\/voceatimisului.ro\/post-de-medic-de-familie-disponibil-in-sag-judetul-timis-centru-medical-nou-construit-cu-fonduri-europene\/&amp;title=Post+de+medic+de+familie+disponibil+%C3%AEn+%C8%98ag%2C+jude%C8%9Bul+Timi%C8%99+%E2%80%93+centru+medical+nou%2C+construit+cu+fonduri+europene\" title=\"Linkedin\" rel=\"noopener\"><\/p>\n<div class=\"td-social-but-text\">Linkedin<\/div>\n<p><\/a><a class=\"td-social-sharing-button td-social-sharing-button-js td-social-network td-social-copy_url\" href=\"https:\/\/voceatimisului.ro\/post-de-medic-de-familie-disponibil-in-sag-judetul-timis-centru-medical-nou-construit-cu-fonduri-europene\/\" title=\"Copy URL\" rel=\"noopener\"><\/p>\n<div class=\"td-social-but-text\">Copy URL<\/div>\n<p><\/a><\/div>\n<\/div>\n<\/div>\n<\/div>\n<\/div>\n<\/div>\n<\/div>\n<div class=\"td_block_wrap tdb_single_featured_image tdi_72 tdb-content-horiz-left td-pb-border-top td_block_template_1\" data-td-block-uid=\"tdi_72\">\n<div class=\"tdb-block-inner td-fix-index\">\n<figure><img loading=\"lazy\" decoding=\"async\" width=\"696\" height=\"429\" class=\"entry-thumb\" src=\"https:\/\/analyse.optim.biz\/wp-content\/uploads\/2026\/01\/post-de-medic-de-familie-disponibil-in-sag-696x429-1.jpg\" alt=\"Post de medic de familie disponibil \u00een \u0218ag\" title=\"Post de medic de familie disponibil \u00een \u0218ag\"><figcaption class=\"tdb-caption-text\">Post de medic de familie disponibil \u00een \u0218ag<\/figcaption><\/figure>\n<\/div>\n<\/div>\n<div class=\"vc_row_inner tdi_74  vc_row vc_inner wpb_row td-pb-row\">\n<div class=\"vc_column_inner tdi_76  wpb_column vc_column_container tdc-inner-column td-pb-span4 td-is-sticky\">\n<div class=\"vc_column-inner\">\n<div class=\"wpb_wrapper\" data-sticky-enabled-on=\"W3RydWUsdHJ1ZSx0cnVlLHRydWVd\" data-sticky-offset=\"20\" data-sticky-is-width-auto=\"W2ZhbHNlLGZhbHNlLGZhbHNlLGZhbHNlXQ==\">\n<div class=\"td_block_wrap td_flex_block_1 tdi_77 td-pb-border-top td_block_template_1 td_ajax_preloading_preload td_flex_block\" data-td-block-uid=\"tdi_77\">\n<div id=\"tdi_77\" class=\"td_block_inner td-mc1-wrap\">\n<div class=\"td_module_flex td_module_flex_1 td_module_wrap td-animation-stack td-meta-info-hide td-cpt-post\">\n<div class=\"td-module-container td-category-pos-image\">\n<div class=\"td-module-meta-info\">\n<h3 class=\"entry-title td-module-title\"><a href=\"https:\/\/voceatimisului.ro\/proiectia-pariu-pe-timis-ajunge-la-sag\/\" rel=\"bookmark\" title=\"Proiec\u021bia \u201ePariu pe Timi\u0219\u201d ajunge la \u0218ag\">Proiec\u021bia \u201ePariu pe Timi\u0219\u201d ajunge la \u0218ag<\/a><\/h3>\n<\/div>\n<\/div>\n<\/div>\n<div class=\"td_module_flex td_module_flex_1 td_module_wrap td-animation-stack td-meta-info-hide td-cpt-post\">\n<div class=\"td-module-container td-category-pos-image\">\n<div class=\"td-module-meta-info\">\n<h3 class=\"entry-title td-module-title\"><a href=\"https:\/\/voceatimisului.ro\/alfred-simonis-i-a-ridicat-pe-politicieni-de-pe-scaune-la-manastirea-sag-si-a-lasat-batranii-sa-se-aseze\/\" rel=\"bookmark\" title=\"Alfred Simonis i-a ridicat pe politicieni de pe scaune la M\u0103n\u0103stirea \u0218ag \u0219i a l\u0103sat b\u0103tr\u00e2nii s\u0103 se a\u0219eze\">Alfred Simonis i-a ridicat pe politicieni de pe scaune la M\u0103n\u0103stirea \u0218ag \u0219i a l\u0103sat b\u0103tr\u00e2nii s\u0103 se a\u0219eze<\/a><\/h3>\n<\/div>\n<\/div>\n<\/div>\n<div class=\"td_module_flex td_module_flex_1 td_module_wrap td-animation-stack td-meta-info-hide td-cpt-post\">\n<div class=\"td-module-container td-category-pos-image\">\n<div class=\"td-module-meta-info\">\n<h3 class=\"entry-title td-module-title\"><a href=\"https:\/\/voceatimisului.ro\/tichete-electronice-de-energie-pentru-consumatorii-casnici-vulnerabili\/\" rel=\"bookmark\" title=\"Tichete electronice de energie pentru consumatorii casnici vulnerabili\">Tichete electronice de energie pentru consumatorii casnici vulnerabili<\/a><\/h3>\n<\/div>\n<\/div>\n<\/div>\n<div class=\"td_module_flex td_module_flex_1 td_module_wrap td-animation-stack td-meta-info-hide td-cpt-post\">\n<div class=\"td-module-container td-category-pos-image\">\n<div class=\"td-module-meta-info\">\n<h3 class=\"entry-title td-module-title\"><a href=\"https:\/\/voceatimisului.ro\/doua-investitii-europene-majore-pentru-comuna-sag-scoala-verde-si-asfaltari-pe-strazi-importante\/\" rel=\"bookmark\" title=\"Dou\u0103 investi\u021bii europene majore pentru comuna \u0218ag: \u0219coal\u0103 verde \u0219i asfalt\u0103ri pe str\u0103zi importante\">Dou\u0103 investi\u021bii europene majore pentru comuna \u0218ag: \u0219coal\u0103 verde \u0219i asfalt\u0103ri pe str\u0103zi importante<\/a><\/h3>\n<\/div>\n<\/div>\n<\/div>\n<\/div>\n<\/div>\n<div class=\"tdb-author-box td_block_wrap tdb_single_author_box tdi_82 tdb-content-vert-top td-pb-border-top td_block_template_1\" data-td-block-uid=\"tdi_82\">\n<div class=\"tdb-block-inner td-fix-index\">\n<div class=\"tdb-author-info\"><a href=\"https:\/\/voceatimisului.ro\/author\/cataadmin\/\" class=\"tdb-author-name\">Radu Constantin<\/a><a href=\"http:\/\/www.voceatimisului.ro\" rel=\"nofollow\" class=\"tdb-author-url\">http:\/\/www.voceatimisului.ro<\/a><\/p>\n<div class=\"tdb-author-descr\">\u00centreaga responsabilitate a comentariilor l\u0103sate de dumneavoastr\u0103 v\u0103 apar\u021bine!<br \/>\nClick <a href=\"https:\/\/voceatimisului.ro\/termeni-si-conditii\/\">aici<\/a>-citeste condi\u0163iile de utilizare ale site-ului www.voceatimisului.ro<\/div>\n<\/div>\n<\/div>\n<\/div>\n<\/div>\n<\/div>\n<\/div>\n<div class=\"vc_column_inner tdi_84  wpb_column vc_column_container tdc-inner-column td-pb-span8\">\n<div class=\"vc_column-inner\">\n<div class=\"wpb_wrapper\">\n<div class=\"td_block_wrap tdb_single_content tdi_85 td-pb-border-top td_block_template_1 td-post-content tagdiv-type\" data-td-block-uid=\"tdi_85\">\n<div class=\"tdb-block-inner td-fix-index\">\n<h2 class=\"wp-block-heading\">Comuna \u0218ag se preg\u0103te\u0219te s\u0103 beneficieze de serviciile celui de-al treilea medic de familie, o veste excelent\u0103 pentru locuitorii din zon\u0103. Activitatea se va desf\u0103\u0219ura \u00een cadrul <strong>Centrului Medical Orthopedics \u0218ag<\/strong>, o unitate modern\u0103 construit\u0103 de <strong>Prim\u0103ria \u0218ag<\/strong> cu finan\u021bare european\u0103.<\/h2>\n<p>Noul centru medical scoate la concurs <strong>un post de medic de familie<\/strong>, fiind parte dintr-o re\u021bea privat\u0103 aflat\u0103 \u00een plin\u0103 dezvoltare.<\/p>\n<p><strong><em>\u201eNe dorim un Medic de Familie care s\u0103 se al\u0103ture noii noastre loca\u021bii din \u0218ag \u2013 un centru medical recent deschis, echipat complet \u0219i g\u00e2ndit pentru a r\u0103spunde nevoilor comunit\u0103\u021bii locale\u201d,<\/em><\/strong> transmit reprezentan\u021bii re\u021belei.<\/p>\n<h4 class=\"wp-block-heading\">Ce se ofer\u0103:<\/h4>\n<ul class=\"wp-block-list\">\n<li>infrastructur\u0103 nou\u0103, cu dot\u0103ri moderne<\/li>\n<li>suport administrativ eficient<\/li>\n<li>program flexibil \u0219i autonomie profesional\u0103<\/li>\n<li>pachet financiar motivant<\/li>\n<li>echip\u0103 unit\u0103 \u0219i deschis\u0103 colabor\u0103rii<\/li>\n<li>oportunitatea de a lucra \u00eentr-o re\u021bea medical\u0103 \u00een expansiune<\/li>\n<\/ul>\n<h4 class=\"wp-block-heading\">Cerin\u021be:<\/h4>\n<ul class=\"wp-block-list\">\n<li>specializare \u00een medicin\u0103 de familie<\/li>\n<li>aviz de liber\u0103 practic\u0103 valabil<\/li>\n<li>empatie, seriozitate \u0219i dorin\u021b\u0103 de a construi rela\u021bii pe termen lung cu pacien\u021bii<\/li>\n<\/ul>\n<p>Cei interesa\u021bi pot trimite CV-ul la adresele:<br \/>\ud83d\udce7 <strong><a>amarinei.pa@gmail.com<\/a><\/strong> sau <strong><a>mm.orthopedics@gmail.com<\/a><\/strong><\/p>\n<p>\u201eF\u0103 parte dintr-o re\u021bea medical\u0103 care cre\u0219te s\u0103n\u0103tos, cu grij\u0103 pentru oameni \u0219i respect pentru profesia medical\u0103.\u201d<\/p>\n<\/div>\n<\/div>\n<div class=\"td_block_wrap tdb_single_tags tdi_88 td-pb-border-top td_block_template_1\" data-td-block-uid=\"tdi_88\">\n<div class=\"tdb-block-inner td-fix-index\">\n<ul class=\"tdb-tags\">\n<li><span>Tags<\/span><\/li>\n<li><a href=\"https:\/\/voceatimisului.ro\/tag\/comuna-sag\/\">comuna sag<\/a><\/li>\n<li><a href=\"https:\/\/voceatimisului.ro\/tag\/flavius-rosu\/\">flavius rosu<\/a><\/li>\n<li><a href=\"https:\/\/voceatimisului.ro\/tag\/medic-de-familie\/\">medic de familie<\/a><\/li>\n<li><a href=\"https:\/\/voceatimisului.ro\/tag\/post-de-medic-de-familie\/\">post de medic de familie<\/a><\/li>\n<\/ul>\n<\/div>\n<\/div>\n<div class=\"td_block_wrap tdb_single_post_share tdi_89  td-pb-border-top td_block_template_1\" data-td-block-uid=\"tdi_89\">\n<div id=\"tdi_89\" class=\"td-post-sharing tdb-block td-ps-bg td-ps-notext td-post-sharing-style1 \">\n<div class=\"td-post-sharing-visible\"><a class=\"td-social-sharing-button td-social-sharing-button-js td-social-network td-social-facebook\" href=\"https:\/\/www.facebook.com\/sharer.php?u=https%3A%2F%2Fvoceatimisului.ro%2Fpost-de-medic-de-familie-disponibil-in-sag-judetul-timis-centru-medical-nou-construit-cu-fonduri-europene%2F\" title=\"Facebook\" rel=\"noopener\"><\/p>\n<div class=\"td-social-but-text\">Facebook<\/div>\n<p><\/a><a class=\"td-social-sharing-button td-social-sharing-button-js td-social-network td-social-twitter\" href=\"https:\/\/twitter.com\/intent\/tweet?text=Post+de+medic+de+familie+disponibil+%C3%AEn+%C8%98ag%2C+jude%C8%9Bul+Timi%C8%99+%E2%80%93+centru+medical+nou%2C+construit+cu+fonduri+europene&amp;url=https%3A%2F%2Fvoceatimisului.ro%2Fpost-de-medic-de-familie-disponibil-in-sag-judetul-timis-centru-medical-nou-construit-cu-fonduri-europene%2F&amp;via=Vocea+Timisului\" title=\"Twitter\" rel=\"noopener\"><\/p>\n<div class=\"td-social-but-text\">Twitter<\/div>\n<p><\/a><a class=\"td-social-sharing-button td-social-sharing-button-js td-social-network td-social-pinterest\" href=\"https:\/\/pinterest.com\/pin\/create\/button\/?url=https:\/\/voceatimisului.ro\/post-de-medic-de-familie-disponibil-in-sag-judetul-timis-centru-medical-nou-construit-cu-fonduri-europene\/&amp;media=https:\/\/analyse.optim.biz\/wp-content\/uploads\/2026\/01\/post-de-medic-de-familie-disponibil-in-sag.jpg&amp;description=Post+de+medic+de+familie+disponibil+%C3%AEn+%C8%98ag%2C+jude%C8%9Bul+Timi%C8%99+%E2%80%93+centru+medical+nou%2C+construit+cu+fonduri+europene\" title=\"Pinterest\" rel=\"noopener\"><\/p>\n<div class=\"td-social-but-text\">Pinterest<\/div>\n<p><\/a><a class=\"td-social-sharing-button td-social-sharing-button-js td-social-network td-social-whatsapp\" href=\"https:\/\/api.whatsapp.com\/send?text=Post+de+medic+de+familie+disponibil+%C3%AEn+%C8%98ag%2C+jude%C8%9Bul+Timi%C8%99+%E2%80%93+centru+medical+nou%2C+construit+cu+fonduri+europene%20%0A%0A%20https:\/\/voceatimisului.ro\/post-de-medic-de-familie-disponibil-in-sag-judetul-timis-centru-medical-nou-construit-cu-fonduri-europene\/\" title=\"WhatsApp\" rel=\"noopener\"><\/p>\n<div class=\"td-social-but-text\">WhatsApp<\/div>\n<p><\/a><a class=\"td-social-sharing-button td-social-sharing-button-js td-social-network td-social-linkedin\" href=\"https:\/\/www.linkedin.com\/shareArticle?mini=true&amp;url=https:\/\/voceatimisului.ro\/post-de-medic-de-familie-disponibil-in-sag-judetul-timis-centru-medical-nou-construit-cu-fonduri-europene\/&amp;title=Post+de+medic+de+familie+disponibil+%C3%AEn+%C8%98ag%2C+jude%C8%9Bul+Timi%C8%99+%E2%80%93+centru+medical+nou%2C+construit+cu+fonduri+europene\" title=\"Linkedin\" rel=\"noopener\"><\/p>\n<div class=\"td-social-but-text\">Linkedin<\/div>\n<p><\/a><a class=\"td-social-sharing-button td-social-sharing-button-js td-social-network td-social-copy_url\" href=\"https:\/\/voceatimisului.ro\/post-de-medic-de-familie-disponibil-in-sag-judetul-timis-centru-medical-nou-construit-cu-fonduri-europene\/\" title=\"Copy URL\" rel=\"noopener\"><\/p>\n<div class=\"td-social-but-text\">Copy URL<\/div>\n<p><\/a><\/div>\n<\/div>\n<\/div>\n<div class=\"td_block_wrap tdb_single_next_prev tdi_90 td-animation-stack td-next-prev-img-on td-pb-border-top td_block_template_1\" data-td-block-uid=\"tdi_90\">\n<div class=\"tdb-block-inner td-fix-index\">\n<div class=\"tdb-next-post tdb-next-post-bg tdb-post-prev\"><span>Articolul precedent<\/span><\/p>\n<div class=\"td-module-container\">\n<div class=\"td-image-container\"><a class=\"td-image-wrap\" href=\"https:\/\/voceatimisului.ro\/concerte-gratuite-in-timisoara-3-sud-est-si-abra-canta-live-la-bastionul-theresia\/\"><img loading=\"lazy\" decoding=\"async\" class=\"td-next-prev-image td-fix-index td-lazy-img\" title=\"Concerte gratuite \u00een Timi\u0219oara: 3 Sud Est \u0219i Abra c\u00e2nt\u0103 live la Bastionul Theresia\" width=\"696\" height=\"870\" src=\"https:\/\/analyse.optim.biz\/wp-content\/uploads\/2026\/01\/3-sud-est-si-abra-canta-live-la-bastionul-theresia2-696x870-1.jpg\"><\/a><\/div>\n<div class=\"next-prev-title\"><a href=\"https:\/\/voceatimisului.ro\/concerte-gratuite-in-timisoara-3-sud-est-si-abra-canta-live-la-bastionul-theresia\/\">Concerte gratuite \u00een Timi\u0219oara: 3 Sud Est \u0219i Abra c\u00e2nt\u0103 live la Bastionul Theresia<\/a><\/div>\n<\/div>\n<\/div>\n<div class=\"tdb-next-post tdb-next-post-bg tdb-post-next\"><span>Articolul urm\u0103tor<\/span><\/p>\n<div class=\"td-module-container\">\n<div class=\"td-image-container\"><a class=\"td-image-wrap\" href=\"https:\/\/voceatimisului.ro\/cu-bicicleta-la-festival-timisoara-zitiste-pe-cea-mai-lunga-pista-din-romania\/\"><img loading=\"lazy\" decoding=\"async\" class=\"td-next-prev-image td-fix-index td-lazy-img\" title=\"Cu bicicleta la festival: Timi\u0219oara \u2013 \u017diti\u0161te, pe cea mai lung\u0103 pist\u0103 din Rom\u00e2nia\" width=\"696\" height=\"583\" src=\"https:\/\/analyse.optim.biz\/wp-content\/uploads\/2026\/01\/cu-bicicleta-la-festival-696x583-1.jpg\"><\/a><\/div>\n<div class=\"next-prev-title\"><a href=\"https:\/\/voceatimisului.ro\/cu-bicicleta-la-festival-timisoara-zitiste-pe-cea-mai-lunga-pista-din-romania\/\">Cu bicicleta la festival: Timi\u0219oara \u2013 \u017diti\u0161te, pe cea mai lung\u0103 pist\u0103 din Rom\u00e2nia<\/a><\/div>\n<\/div>\n<\/div>\n<\/div>\n<\/div>\n<\/div>\n<\/div>\n<\/div>\n<\/div>\n<div class=\"vc_row_inner tdi_100  vc_row vc_inner wpb_row td-pb-row\">\n<div class=\"vc_column_inner tdi_102  wpb_column vc_column_container tdc-inner-column td-pb-span4 td-is-sticky\">\n<div class=\"vc_column-inner\">\n<div class=\"wpb_wrapper\" data-sticky-enabled-on=\"W3RydWUsdHJ1ZSx0cnVlLHRydWVd\" data-sticky-offset=\"20\" data-sticky-is-width-auto=\"W2ZhbHNlLGZhbHNlLGZhbHNlLGZhbHNlXQ==\">\n<div class=\"td_block_wrap tdb_single_related tdi_103 td_with_ajax_pagination td-pb-border-top td_block_template_1 tdb-single-related-posts\" data-td-block-uid=\"tdi_103\">\n<div id=\"tdi_103\" class=\"td_block_inner tdb-block-inner td-fix-index\">\n<div class=\"tdb_module_related td_module_wrap td-animation-stack td-meta-info-hide\">\n<div class=\"td-module-container td-category-pos-image\">\n<div class=\"td-module-meta-info\">\n<h3 class=\"entry-title td-module-title\"><a href=\"https:\/\/voceatimisului.ro\/trei-zile-de-sarbatoare-in-sag-dedicate-copiilor-si-tinerilor-din-comuna\/\" rel=\"bookmark\" title=\"Trei zile de s\u0103rb\u0103toare \u00een \u0218ag, dedicate copiilor \u0219i tinerilor din comun\u0103\">Trei zile de s\u0103rb\u0103toare \u00een \u0218ag, dedicate copiilor \u0219i tinerilor din comun\u0103<\/a><\/h3>\n<\/div>\n<\/div>\n<\/div>\n<div class=\"tdb_module_related td_module_wrap td-animation-stack td-meta-info-hide\">\n<div class=\"td-module-container td-category-pos-image\">\n<div class=\"td-module-meta-info\">\n<h3 class=\"entry-title td-module-title\"><a href=\"https:\/\/voceatimisului.ro\/campanie-gratuita-de-colectare-a-deseurilor-electrice-si-electronice-la-sag\/\" rel=\"bookmark\" title=\"Campanie gratuit\u0103 de colectare a de\u0219eurilor electrice \u0219i electronice, la \u0218ag\">Campanie gratuit\u0103 de colectare a de\u0219eurilor electrice \u0219i electronice, la \u0218ag<\/a><\/h3>\n<\/div>\n<\/div>\n<\/div>\n<div class=\"tdb_module_related td_module_wrap td-animation-stack td-meta-info-hide\">\n<div class=\"td-module-container td-category-pos-image\">\n<div class=\"td-module-meta-info\">\n<h3 class=\"entry-title td-module-title\"><a href=\"https:\/\/voceatimisului.ro\/a-inceput-sfarsitul-fraudelor-din-sanatate-cine-este-timisoreanul-care-spune-asta-si-ce-cere-ministerului-sanatatii\/\" rel=\"bookmark\" title=\"A \u00eenceput \u201dsf\u00e2r\u015fitul fraudelor din s\u0103n\u0103tate\u201d. Cine este timi\u0219oreanul care spune asta \u0219i ce cere Ministerului S\u0103n\u0103t\u0103\u021bii\">A \u00eenceput \u201dsf\u00e2r\u015fitul fraudelor din s\u0103n\u0103tate\u201d. Cine este timi\u0219oreanul care spune asta \u0219i ce cere Ministerului S\u0103n\u0103t\u0103\u021bii<\/a><\/h3>\n<\/div>\n<\/div>\n<\/div>\n<\/div>\n<\/div>\n<\/div>\n<\/div>\n<\/div>\n<div class=\"vc_column_inner tdi_105  wpb_column vc_column_container tdc-inner-column td-pb-span8\">\n<div class=\"vc_column-inner\">\n<div class=\"wpb_wrapper\">\n<div class=\"td_block_wrap tdb_single_comments tdi_106 tdb-comm-layout2 td-pb-border-top td_block_template_2\" data-td-block-uid=\"tdi_106\">\n<div class=\"tdb-block-inner td-fix-index\">\n<div class=\"comments\" id=\"comments\">\n<div id=\"respond\" class=\"comment-respond\">\n<h3 id=\"reply-title\" class=\"comment-reply-title\">L\u0102SA\u021aI UN MESAJ <small><a rel=\"nofollow\" id=\"cancel-comment-reply-link\" href=\"https:\/\/voceatimisului.ro\/post-de-medic-de-familie-disponibil-in-sag-judetul-timis-centru-medical-nou-construit-cu-fonduri-europene\/#respond\">Renun\u021ba\u021bi la r\u0103spuns<\/a><\/small><\/h3>\n<div class=\"comment-form-input-wrap td-form-comment\">\n<div class=\"td-warning-comment\">V\u0103 rug\u0103m s\u0103 introduce\u021bi comentariul dvs.!<\/div>\n<\/div>\n<div class=\"comment-form-input-wrap td-form-author\">\n<div class=\"td-warning-author\">Introduce\u021bi aici numele dvs.<\/div>\n<\/div>\n<div class=\"comment-form-input-wrap td-form-email\">\n<div class=\"td-warning-email-error\">A\u021bi introdus o adres\u0103 de e-mail incorect\u0103!<\/div>\n<div class=\"td-warning-email\">V\u0103 rug\u0103m s\u0103 introduce\u021bi adresa dvs. de e-mail aici<\/div>\n<\/div>\n<\/div>\n<\/div>\n<\/div>\n<\/div>\n<\/div>\n<\/div>\n<\/div>\n<\/div>\n<\/div>\n<\/div>\n<div class=\"vc_column tdi_108  wpb_column vc_column_container tdc-column td-pb-span4 td-is-sticky\">\n<div class=\"wpb_wrapper\" data-sticky-enabled-on=\"W3RydWUsdHJ1ZSx0cnVlLHRydWVd\" data-sticky-offset=\"20\" data-sticky-is-width-auto=\"W2ZhbHNlLGZhbHNlLGZhbHNlLGZhbHNlXQ==\">\n<div class=\"vc_row_inner tdi_110  vc_row vc_inner wpb_row td-pb-row\">\n<div class=\"vc_column_inner tdi_112  wpb_column vc_column_container tdc-inner-column td-pb-span12\">\n<div class=\"vc_column-inner\">\n<div class=\"wpb_wrapper\">\n<div class=\"td_block_wrap td_block_title tdi_113 td-pb-border-top td_block_template_11 td-fix-index\" data-td-block-uid=\"tdi_113\">\n<div class=\"td-block-title-wrap\">\n<h4 class=\"td-block-title\"><span class=\"td-pulldown-size\">ANUN\u021aURI \u0218I PUBLICITATE<\/span><\/h4>\n<\/div>\n<\/div>\n<\/div>\n<\/div>\n<\/div>\n<\/div>\n<div class=\"wpb_wrapper td_block_wrap vc_widget_sidebar tdi_115 \">\n<aside id=\"block-10\" class=\"td_block_template_1 widget block-10 widget_block widget_media_image\">\n<figure class=\"wp-block-image size-full\"><a href=\"https:\/\/adpghiroda.ro\/index.html\" target=\"_blank\" rel=\" noreferrer noopener\"><img decoding=\"async\" loading=\"lazy\" width=\"960\" height=\"960\" src=\"https:\/\/analyse.optim.biz\/wp-content\/uploads\/2026\/01\/adp-ghiroda2-1.jpg\" class=\"wp-image-171492\" title=\"adp-ghiroda2-1\"><\/a><\/figure>\n<\/aside>\n<aside id=\"block-11\" class=\"td_block_template_1 widget block-11 widget_block widget_media_image\">\n<figure class=\"wp-block-image size-full\"><a href=\"https:\/\/adpghiroda.ro\/index.html\" target=\"_blank\" rel=\" noreferrer noopener\"><img decoding=\"async\" loading=\"lazy\" width=\"960\" height=\"960\" src=\"https:\/\/analyse.optim.biz\/wp-content\/uploads\/2026\/01\/adp-ghiroda1-1.jpg\" class=\"wp-image-171491\" title=\"adp-ghiroda1-1\"><\/a><\/figure>\n<\/aside>\n<aside id=\"block-17\" class=\"td_block_template_1 widget block-17 widget_block widget_media_image\">\n<figure class=\"wp-block-image size-large is-resized\"><a href=\"https:\/\/verde.events\/\" target=\"_blank\" rel=\" noreferrer noopener\"><img decoding=\"async\" loading=\"lazy\" width=\"1024\" height=\"683\" src=\"https:\/\/analyse.optim.biz\/wp-content\/uploads\/2026\/01\/verde-events-24-1024x683-1-1.jpg\" alt=\"Verde Events\" class=\"wp-image-174395\" title=\"verde-events-24-1024x683-1-1\"><\/a><figcaption class=\"wp-element-caption\"><strong><em>O experien\u021b\u0103 unic\u0103 pentru orice tip de eveniment<\/em><\/strong><\/figcaption><\/figure>\n<\/aside>\n<\/div>\n<div class=\"td_block_wrap td_flex_block_1 tdi_121 td-pb-border-top td_block_template_1 td_ajax_preloading_preload td_flex_block\" data-td-block-uid=\"tdi_121\">\n<div id=\"tdi_121\" class=\"td_block_inner td-mc1-wrap\">\n<div class=\"td_module_flex td_module_flex_1 td_module_wrap td-animation-stack td-meta-info-hide td-cpt-post\">\n<div class=\"td-module-container td-category-pos-image\">\n<div class=\"td-module-meta-info\">\n<h3 class=\"entry-title td-module-title\"><a href=\"https:\/\/voceatimisului.ro\/pnl-trage-un-semnal-de-alarma-privinta-cardurilor-de-sanatate-ce-spune-liberalul-timisorean-cristi-busoi\/\" rel=\"bookmark\" title=\"PNL trage un semnal de alarm\u0103 \u00een privin\u021ba cardurilor de s\u0103n\u0103tate. Ce spune liberalul timi\u0219orean Cristi Bu\u0219oi\">PNL trage un semnal de alarm\u0103 \u00een privin\u021ba cardurilor de s\u0103n\u0103tate. Ce spune liberalul timi\u0219orean Cristi Bu\u0219oi<\/a><\/h3>\n<\/div>\n<\/div>\n<\/div>\n<div class=\"td_module_flex td_module_flex_1 td_module_wrap td-animation-stack td-meta-info-hide td-cpt-post\">\n<div class=\"td-module-container td-category-pos-image\">\n<div class=\"td-module-meta-info\">\n<h3 class=\"entry-title td-module-title\"><a href=\"https:\/\/voceatimisului.ro\/campania-de-vaccinare-antigripala-gratuita-ministerului-sanatatii-este-plina-desfasurare\/\" rel=\"bookmark\" title=\"Campania de vaccinare antigripal\u0103 gratuit\u0103 a Ministerului S\u0103n\u0103t\u0103\u021bii este \u00een plin\u0103 desf\u0103\u0219urare\">Campania de vaccinare antigripal\u0103 gratuit\u0103 a Ministerului S\u0103n\u0103t\u0103\u021bii este \u00een plin\u0103 desf\u0103\u0219urare<\/a><\/h3>\n<\/div>\n<\/div>\n<\/div>\n<div class=\"td_module_flex td_module_flex_1 td_module_wrap td-animation-stack td-meta-info-hide td-cpt-post\">\n<div class=\"td-module-container td-category-pos-image\">\n<div class=\"td-module-meta-info\">\n<h3 class=\"entry-title td-module-title\"><a href=\"https:\/\/voceatimisului.ro\/politistii-de-la-crima-organizata-si-judiciar-din-timisoara-ancheta-la-un-spital-si-mai-multe-cabinele-medicale-din-oradea-vezi-ce-au-descoperit\/\" rel=\"bookmark\" title=\"Poli\u021bi\u0219tii de la \u201dCrim\u0103 Organizat\u0103\u201d \u0219i \u201dJudiciar\u201d din Timi\u0219oara, anchet\u0103 la un spital \u0219i mai multe cabinele medicale din Oradea. Vezi ce au descoperit\">Poli\u021bi\u0219tii de la \u201dCrim\u0103 Organizat\u0103\u201d \u0219i \u201dJudiciar\u201d din Timi\u0219oara, anchet\u0103 la un spital \u0219i mai multe cabinele medicale din Oradea. Vezi ce au descoperit<\/a><\/h3>\n<\/div>\n<\/div>\n<\/div>\n<\/div>\n<\/div>\n<\/div>\n<\/div>\n<\/div>\n<\/div>\n<\/div>\n<\/div>\n<p><span class=\"td-page-meta\"><\/span><span class=\"td-page-meta\"><span class=\"td-page-meta\"><\/span><\/span><span class=\"td-page-meta\"><\/span><\/article>\n<p> Source URL: https:\/\/voceatimisului.ro\/post-de-medic-de-familie-disponibil-in-sag-judetul-timis-centru-medical-nou-construit-cu-fonduri-europene\/<\/p>\n","protected":false},"excerpt":{"rendered":"<p>\u0218tiriUtile Post de medic de familie disponibil \u00een \u0218ag, jude\u021bul Timi\u0219 \u2013 centru medical nou, construit cu fonduri europene Centrul Medical Orthopedics \u0218ag angajeaz\u0103 medic de familie \u2013 cabinet modern, echipamente de ultim\u0103 genera\u021bie \u0219i condi\u021bii excelente de lucru, \u00eentr-o comun\u0103 aflat\u0103 \u00een plin\u0103 dezvoltare Autor-Radu Constantin 4 iulie 2025 0 1299 Facebook Twitter Pinterest [&hellip;]<\/p>\n","protected":false},"author":1,"featured_media":1270097,"comment_status":"open","ping_status":"","sticky":false,"template":"","format":"standard","meta":{"footnotes":""},"categories":[89],"tags":[199],"class_list":["post-1270096","post","type-post","status-publish","format-standard","has-post-thumbnail","hentry","category-romania","tag-voceatimisului-ro"],"_links":{"self":[{"href":"https:\/\/analyse.optim.biz\/index.php?rest_route=\/wp\/v2\/posts\/1270096","targetHints":{"allow":["GET"]}}],"collection":[{"href":"https:\/\/analyse.optim.biz\/index.php?rest_route=\/wp\/v2\/posts"}],"about":[{"href":"https:\/\/analyse.optim.biz\/index.php?rest_route=\/wp\/v2\/types\/post"}],"author":[{"embeddable":true,"href":"https:\/\/analyse.optim.biz\/index.php?rest_route=\/wp\/v2\/users\/1"}],"replies":[{"embeddable":true,"href":"https:\/\/analyse.optim.biz\/index.php?rest_route=%2Fwp%2Fv2%2Fcomments&post=1270096"}],"version-history":[{"count":0,"href":"https:\/\/analyse.optim.biz\/index.php?rest_route=\/wp\/v2\/posts\/1270096\/revisions"}],"wp:featuredmedia":[{"embeddable":true,"href":"https:\/\/analyse.optim.biz\/index.php?rest_route=\/wp\/v2\/media\/1270097"}],"wp:attachment":[{"href":"https:\/\/analyse.optim.biz\/index.php?rest_route=%2Fwp%2Fv2%2Fmedia&parent=1270096"}],"wp:term":[{"taxonomy":"category","embeddable":true,"href":"https:\/\/analyse.optim.biz\/index.php?rest_route=%2Fwp%2Fv2%2Fcategories&post=1270096"},{"taxonomy":"post_tag","embeddable":true,"href":"https:\/\/analyse.optim.biz\/index.php?rest_route=%2Fwp%2Fv2%2Ftags&post=1270096"}],"curies":[{"name":"wp","href":"https:\/\/api.w.org\/{rel}","templated":true}]}}