{"id":126936,"date":"2018-01-12T13:34:00","date_gmt":"2018-01-12T10:34:00","guid":{"rendered":"https:\/\/analyse.optim.biz\/?p=126936"},"modified":"2018-01-12T13:34:00","modified_gmt":"2018-01-12T10:34:00","slug":"seful-politiei-romane-bogdan-despescu-din-nou-la-guvern","status":"publish","type":"post","link":"https:\/\/analyse.optim.biz\/?p=126936","title":{"rendered":"\u015eeful Poli\u0163iei Rom\u00e2ne, Bogdan Despescu, din nou la Guvern"},"content":{"rendered":"<div class=\"entry data-app-meta data-app-meta-article\" data-embed-base-url-canonical=\"https:\/\/www.digi24.ro\/embed\/stiri\/actualitate\/politica\/seful-politiei-romane-bogdan-despescu-din-nou-la-guvern-859048\">\n<p data-index=\"1\"><strong>\u015eeful Poli\u0163iei Rom\u00e2ne, Bogdan Despescu, a mers din nou la Guvern, vineri, pentru a doua oar\u0103 \u00een aceast\u0103 s\u0103pt\u0103m\u00e2n\u0103, dup\u0103 ce ministrul Carmen Dan a propus demiterea sa, iar premierul a refuzat, cer\u00e2ndu-i acestuia ca \u00een cel mult o s\u0103pt\u0103m\u00e2n\u0103 s\u0103 prezinte un raport.<\/strong><\/p>\n<p data-index=\"2\">Despescu a stat la Guvern mai pu\u0163in de zece minute. El avea termen p\u00e2n\u0103 luni s\u0103 \u00eei prezinte premierului un raport dup\u0103 scandalul poli\u0163istului arestat pentru agresarea sexual\u0103 a doi copii \u00eentr-un lift, noteaz\u0103 News.ro.<\/p>\n<p data-index=\"3\">Ministrul Carmen Dan a anun\u0163at, mar\u0163i, c\u0103 a transmis premierului propunerea de schimbare din func\u0163ie a \u015fefului Poli\u0163iei Rom\u00e2ne Bogdan Despescu, care va fi \u00eenlocuit de C\u0103t\u0103lin Ioni\u0163\u0103 ca interimar, ea spun\u00e2nd c\u0103 este total nemul\u0163umit\u0103 de explica\u0163iile pe care le-a primit din partea Poli\u0163iei Rom\u00e2ne \u00een cazul poli\u0163istului acuzat de agresiuni sexuale \u015fi consider\u0103 insuficiente m\u0103surile anun\u0163ate.<\/p>\n<p data-index=\"4\">A doua zi, miercuri, premierul s-a \u00eent\u00e2lnit la Guvern cu\u00a0\u015feful Poli\u0163iei Rom\u00e2ne, Bogdan Despescu, dup\u0103 care a anun\u0163at c\u0103\u00a0a \u00een\u0163eles c\u0103 nominalizarea pentru \u00eenlocuirea acestui a fost retras\u0103, astfel c\u0103 i-a cerut ca \u00eentr-o s\u0103pt\u0103m\u00e2n\u0103 s\u0103 \u00eei prezinte un raport cu m\u0103surile luate urmare a cazului agentului de Poli\u0163ie care a agresat sexual doi minori \u00eentr-un lift. &#8220;Am \u00een\u0163eles din surse c\u0103 noua propunere (C\u0103t\u0103lin Ioni\u0163\u0103, propus de Carmen Dan interimar la conducerea Poli\u0163iei Rom\u00e2ne &#8211; n.r.) \u015fi-a declinat inten\u0163ia de a ocupa aceast\u0103 func\u0163ie. L-am rugat pe domnul Despescu s\u0103 \u00eemi prezinte \u00eentr-o s\u0103pt\u0103m\u00e2n\u0103 m\u0103surile luate de domnia sa. Este de remarcat, totu\u015fi, c\u0103 f\u0103pta\u015ful a fost prins \u00een dou\u0103 zile. De ce nu s-au luat \u015fi alte m\u0103suri, domnul Despescu are la dispozi\u0163ie o s\u0103pt\u0103m\u00e2n\u0103 s\u0103 \u00eemi prezinte&#8221;, a spus premierul.<\/p>\n<p data-index=\"5\">Miercuri sear\u0103,\u00a0Mihai Tudose a declarat, la Antena 3, c\u0103 nu mai dore\u015fte s\u0103 mai lucreze cu ministrul de Interne Carmen Dan pentru c\u0103 l-a \u201dmin\u0163it\u201d \u015fi c\u0103, dac\u0103 \u00ee\u015fi va prezenta demisia o va accepta. \u201dDac\u0103 va fi l\u0103sat\u0103, va demisiona\u201d, a precizat Tudose.<\/p>\n<p data-index=\"6\">Reac\u0163ia ministrului Carmen Dan a venit joi sear\u0103, c\u00e2nd aceasta c\u0103 a trimis Corpul de control al ministrului la IGPR pentru verific\u0103ri \u00een leg\u0103tur\u0103 cu respectarea procedurilor \u00een cazul incidentului \u00een care poli\u0163istul Eugen Stan a fost implicat \u00een 2016, ea sus\u0163in\u00e2nd c\u0103 \u015feful IGPR a \u015ftiut despre implicarea acestuia \u00een incident. Ea a prezentat \u015fi o cronologie a faptelor de la momentul anun\u0163ului s\u0103u \u00een leg\u0103tur\u0103 cu propunerea de \u00eenlocuire a lui Bogdan Despescu cu C\u0103t\u0103lin Ioni\u0163\u0103 la conducerea IGPR, prezent\u00e2nd un document \u00een care Ioni\u0163\u0103 \u00eei d\u0103dea acceptul pentru ocuparea func\u0163iei. \u00cen ceea ce prive\u015fte demisia sa, ea a afirmat c\u0103 mini\u015ftrii sunt valida\u0163i \u00een coali\u0163ie, unde li se \u015fi aprob\u0103 retragerea.<\/p>\n<p data-index=\"7\">FOTO: Inquam Photos\/ Octav Ganea<\/p>\n<\/div>\n<p> Source URL: https:\/\/www.digi24.ro\/stiri\/actualitate\/politica\/seful-politiei-romane-bogdan-despescu-din-nou-la-guvern-859048<\/p>\n","protected":false},"excerpt":{"rendered":"<p>\u015eeful Poli\u0163iei Rom\u00e2ne, Bogdan Despescu, a mers din nou la Guvern, vineri, pentru a doua oar\u0103 \u00een aceast\u0103 s\u0103pt\u0103m\u00e2n\u0103, dup\u0103 ce ministrul Carmen Dan a propus demiterea sa, iar premierul a refuzat, cer\u00e2ndu-i acestuia ca \u00een cel mult o s\u0103pt\u0103m\u00e2n\u0103 s\u0103 prezinte un raport. Despescu a stat la Guvern mai pu\u0163in de zece minute. El [&hellip;]<\/p>\n","protected":false},"author":1,"featured_media":126937,"comment_status":"open","ping_status":"","sticky":false,"template":"","format":"standard","meta":{"footnotes":""},"categories":[2],"tags":[11],"class_list":["post-126936","post","type-post","status-publish","format-standard","has-post-thumbnail","hentry","category-politics","tag-digi24"],"_links":{"self":[{"href":"https:\/\/analyse.optim.biz\/index.php?rest_route=\/wp\/v2\/posts\/126936","targetHints":{"allow":["GET"]}}],"collection":[{"href":"https:\/\/analyse.optim.biz\/index.php?rest_route=\/wp\/v2\/posts"}],"about":[{"href":"https:\/\/analyse.optim.biz\/index.php?rest_route=\/wp\/v2\/types\/post"}],"author":[{"embeddable":true,"href":"https:\/\/analyse.optim.biz\/index.php?rest_route=\/wp\/v2\/users\/1"}],"replies":[{"embeddable":true,"href":"https:\/\/analyse.optim.biz\/index.php?rest_route=%2Fwp%2Fv2%2Fcomments&post=126936"}],"version-history":[{"count":0,"href":"https:\/\/analyse.optim.biz\/index.php?rest_route=\/wp\/v2\/posts\/126936\/revisions"}],"wp:featuredmedia":[{"embeddable":true,"href":"https:\/\/analyse.optim.biz\/index.php?rest_route=\/wp\/v2\/media\/126937"}],"wp:attachment":[{"href":"https:\/\/analyse.optim.biz\/index.php?rest_route=%2Fwp%2Fv2%2Fmedia&parent=126936"}],"wp:term":[{"taxonomy":"category","embeddable":true,"href":"https:\/\/analyse.optim.biz\/index.php?rest_route=%2Fwp%2Fv2%2Fcategories&post=126936"},{"taxonomy":"post_tag","embeddable":true,"href":"https:\/\/analyse.optim.biz\/index.php?rest_route=%2Fwp%2Fv2%2Ftags&post=126936"}],"curies":[{"name":"wp","href":"https:\/\/api.w.org\/{rel}","templated":true}]}}