{"id":126922,"date":"2018-01-12T15:54:02","date_gmt":"2018-01-12T12:54:02","guid":{"rendered":"https:\/\/analyse.optim.biz\/?p=126922"},"modified":"2018-01-12T15:54:02","modified_gmt":"2018-01-12T12:54:02","slug":"reactia-mae-la-criticile-ungariei-declaratiile-premierului-tudose-nu-au-valente-etnice-anti-maghiare","status":"publish","type":"post","link":"https:\/\/analyse.optim.biz\/?p=126922","title":{"rendered":"Reac\u021bia MAE la criticile Ungariei. Declara\u0163iile premierului Tudose nu au &#8220;valen\u0163e etnice, anti-maghiare&#8221;"},"content":{"rendered":"<div class=\"entry data-app-meta data-app-meta-article\" data-embed-base-url-canonical=\"https:\/\/www.digi24.ro\/embed\/stiri\/actualitate\/politica\/reactia-mae-la-criticile-ungariei-859143\">\n<p data-index=\"1\"><strong>Ministerul de Externe r\u0103spunde criticilor aduse de Ungaria premierului Mihai Tudose dup\u0103 <a href=\"https:\/\/www.digi24.ro\/stiri\/actualitate\/tudose-refuz-orice-dialog-legat-de-autonomia-unei-parti-a-romaniei-858688?__grsc=cookieIsUndef0&amp;__grts=50525498&amp;__grua=c89882595a0b6fb065599d15013dcdb5&amp;__grrn=1\" target=\"_blank\" rel=\"noopener\" data-skip-linkfix=\"1\">declara\u021biile privind \u021ainutul Secuiesc<\/a>. \u201eDeclara\u021biile atrag aten\u021bia asupra responsabilit\u0103\u021bii autorit\u0103\u021bilor rom\u00e2ne \u0219i nu sunt nici anti maghiare, nu au nici valen\u021be etnice,\u201d scrie \u00een comunicatul eliberat de MAE.<\/strong><\/p>\n<p data-index=\"2\"><strong>Comunicatul integral:<\/strong><\/p>\n<p data-index=\"3\">&#8220;Declara\u0163iile\u00a0f\u0103cute\u00a0de prim-ministrul\u00a0Rom\u00e2niei\u00a0atrag\u00a0aten\u0163ia\u00a0asupra<br \/> responsabilit\u0103\u0163ii\u00a0pe\u00a0care\u00a0o\u00a0au\u00a0autorit\u0103\u0163ile\u00a0centrale\u00a0\u015fi\u00a0locale\u00a0din<br \/> \u0163ara\u00a0noastr\u0103\u00a0pentru\u00a0asigurarea\u00a0respect\u0103rii\u00a0legii,\u00a0f\u0103r\u0103\u00a0a\u00a0avea<br \/> valen\u0163e\u00a0etnice,\u00a0anti-maghiare\u00a0\u015fi\u00a0puncteaz\u0103,\u00a0\u00een\u00a0primul\u00a0r\u00e2nd,<br \/> necesitatea\u00a0respect\u0103rii\u00a0ordinii\u00a0constitu\u0163ionale\u00a0\u015fi\u00a0de\u00a0drept\u00a0din<br \/> Rom\u00e2nia,\u00a0stat\u00a0unitar,\u00a0suveran\u00a0\u015fi\u00a0indivizibil.<\/p>\n<p> Semnal\u0103m,\u00a0totodat\u0103,\u00a0faptul\u00a0c\u0103\u00a0dezbaterea\u00a0\u00een\u00a0spa\u0163iul\u00a0public\u00a0pe\u00a0acest<br \/> subiect\u00a0survine\u00a0\u00een\u00a0contextul\u00a0\u00een\u00a0care\u00a0ini\u0163iativele\u00a0privind\u00a0diverse<br \/> forme\u00a0de\u00a0autonomie\u00a0teritorial\u0103\u00a0pe\u00a0criteriul\u00a0etnic,\u00a0s-au\u00a0multiplicat\u00a0\u00een<br \/> ultima\u00a0perioad\u0103,\u00a0culmin\u00e2nd\u00a0cu\u00a0semnarea,\u00a0la\u00a08\u00a0ianuarie,\u00a0a Rezolu\u0163iei<br \/> comune\u00a0a\u00a0organiza\u0163iilor\u00a0politice\u00a0maghiare\u00a0din\u00a0Transilvania\u00a0privind<br \/> alinierea\u00a0conceptelor\u00a0de\u00a0autonomie.<\/p>\n<p> _\u00a0_<\/p>\n<p> Aceste\u00a0demersuri,\u00a0pe\u00a0o\u00a0tem\u0103\u00a0care\u00a0\u0163ine\u00a0strict\u00a0de\u00a0ordinea<br \/> constitu\u0163ional\u0103\u00a0a\u00a0Rom\u00e2niei\u00a0\u015fi\u00a0asupra\u00a0c\u0103reia\u00a0s-au\u00a0pronun\u0163at<br \/> anterior\u00a0at\u00e2t\u00a0factorii\u00a0politici\u00a0c\u00e2t\u00a0\u015fi\u00a0instan\u0163a\u00a0constitu\u0163ional\u0103<br \/> din\u00a0Rom\u00e2nia,\u00a0nu\u00a0contribuie\u00a0la\u00a0men\u0163inerea\u00a0unui\u00a0spirit\u00a0de\u00a0convie\u0163uire<br \/> interetnic\u0103\u00a0armonioas\u0103\u00a0\u015fi\u00a0nici\u00a0la\u00a0progresul\u00a0\u00een\u00a0rela\u0163ia\u00a0bilateral\u0103.<\/p>\n<p> Astfel\u00a0de\u00a0gesturi\u00a0sunt\u00a0cu\u00a0at\u00e2t\u00a0mai\u00a0regretabile\u00a0cu\u00a0c\u00e2t\u00a0ignor\u0103,\u00a0\u00een\u00a0mod<br \/> deliberat,\u00a0m\u0103surile\u00a0substan\u0163iale\u00a0adoptate\u00a0de-a\u00a0lungul\u00a0timpului\u00a0de<br \/> autorit\u0103\u0163ile\u00a0rom\u00e2ne\u00a0\u00een\u00a0beneficiul\u00a0persoanelor\u00a0apar\u0163in\u00e2nd<br \/> minorit\u0103\u0163ii\u00a0maghiare\u00a0din\u00a0Rom\u00e2nia,\u00a0corespunz\u00e2nd\u00a0celor\u00a0mai\u00a0\u00eenalte<br \/> standarde\u00a0de\u00a0protec\u0163ie\u00a0\u00een\u00a0materie,\u00a0angajament\u00a0pe\u00a0care\u00a0Rom\u00e2nia\u00a0\u015fi-l<br \/> men\u0163ine\u00a0\u015fi\u00a0pe\u00a0care\u00a0\u00eel\u00a0va\u00a0urm\u0103ri\u00a0\u00een\u00a0mod\u00a0constant\u00a0\u00een\u00a0toate<br \/> politicile\u00a0sale.<\/p>\n<p> MAE\u00a0dezavueaz\u0103\u00a0orice\u00a0provoc\u0103ri\u00a0de\u00a0aceast\u0103\u00a0natur\u0103,\u00a0mai\u00a0ales\u00a0\u00een\u00a0anul<br \/> \u00een\u00a0care\u00a0Rom\u00e2nia\u00a0\u00ee\u015fi\u00a0propune\u00a0s\u0103\u00a0s\u0103rb\u0103toreasc\u0103\u00a0Centenarul\u00a0Marii<br \/> Uniri\u00a0\u00eentr-un\u00a0spirit\u00a0de\u00a0unitate,\u00a0toleran\u0163\u0103\u00a0\u015fi\u00a0respect\u00a0reciproc<br \/> \u00eentre\u00a0to\u0163i\u00a0cet\u0103\u0163enii\u00a0s\u0103i,\u00a0indiferent\u00a0de\u00a0etnia\u00a0acestora.<\/p>\n<p> MAE\u00a0\u00ee\u015fi\u00a0exprim\u0103\u00a0\u00eencrederea\u00a0c\u0103\u00a0rela\u0163iile\u00a0rom\u00e2no-ungare\u00a0vor\u00a0avea<br \/> \u00een\u00a0continuare\u00a0ca\u00a0reper\u00a0pilonii\u00a0politico-juridici\u00a0reprezenta\u0163i\u00a0de<br \/> Tratatul\u00a0politic\u00a0de\u00a0baz\u0103\u00a0\u015fi\u00a0Declara\u0163ia\u00a0privind\u00a0cooperarea\u00a0\u015fi<br \/> parteneriatul\u00a0strategic\u00a0pentru\u00a0Europa\u00a0\u00een\u00a0secolul\u00a0XXI\u00a0\u015fi\u00a0se\u00a0vor<br \/> dezvolta\u00a0\u00een\u00a0spiritul\u00a0valorilor\u00a0europene.&#8221;<\/p>\n<p data-index=\"4\">Ministrul ungar de Externe, P\u00e9ter Szijj\u00e1rt\u00f3, consider\u0103 c\u0103 declara\u0163ia premierului Mihai Tudose privind autonomia \u0162inutului Secuiesc este absolut inacceptabil\u0103, nedemn\u0103 de valorile europene \u015fi de secolul XXI. El a anun\u0163at, vineri, \u00eentr-o conferin\u0163\u0103 de pres\u0103, c\u0103 \u00een urma afirma\u0163iilor premierului rom\u00e2n ambasadorul Rom\u00e2niei la Budapesta a fost convocat \u00een aceast\u0103 diminea\u0163\u0103 la Ministerul Afacerilor Externe din Ungaria, subliniind c\u0103 a\u015fteapt\u0103 de la Guvernul Rom\u00e2niei l\u0103muriri urgente \u00een acest\u0103 chestiune. Reac\u0163ia lui P\u00e9ter Szijj\u00e1rt\u00f3 vine dup\u0103 ce miercuri sear\u0103 premierul rom\u00e2n a vorbit la Realitatea TV despre rezolu\u0163ia privind autonomia \u0162inutului Secuiesc, semnat\u0103 recent la Cluj-Napoca de cele trei forma\u0163iuni politice maghiare (UDMR, PPMT \u015fi PCM), apreciind c\u0103 \u201ddac\u0103 steagul secuiesc va flutura pe institu\u0163iile de acolo, to\u0163i vor flutura l\u00e2ng\u0103 steag\u201d.<\/p>\n<\/div>\n<p> Source URL: https:\/\/www.digi24.ro\/stiri\/actualitate\/politica\/reactia-mae-la-criticile-ungariei-859143<\/p>\n","protected":false},"excerpt":{"rendered":"<p>Ministerul de Externe r\u0103spunde criticilor aduse de Ungaria premierului Mihai Tudose dup\u0103 declara\u021biile privind \u021ainutul Secuiesc. \u201eDeclara\u021biile atrag aten\u021bia asupra responsabilit\u0103\u021bii autorit\u0103\u021bilor rom\u00e2ne \u0219i nu sunt nici anti maghiare, nu au nici valen\u021be etnice,\u201d scrie \u00een comunicatul eliberat de MAE. Comunicatul integral: &#8220;Declara\u0163iile\u00a0f\u0103cute\u00a0de prim-ministrul\u00a0Rom\u00e2niei\u00a0atrag\u00a0aten\u0163ia\u00a0asupra responsabilit\u0103\u0163ii\u00a0pe\u00a0care\u00a0o\u00a0au\u00a0autorit\u0103\u0163ile\u00a0centrale\u00a0\u015fi\u00a0locale\u00a0din \u0163ara\u00a0noastr\u0103\u00a0pentru\u00a0asigurarea\u00a0respect\u0103rii\u00a0legii,\u00a0f\u0103r\u0103\u00a0a\u00a0avea valen\u0163e\u00a0etnice,\u00a0anti-maghiare\u00a0\u015fi\u00a0puncteaz\u0103,\u00a0\u00een\u00a0primul\u00a0r\u00e2nd, necesitatea\u00a0respect\u0103rii\u00a0ordinii\u00a0constitu\u0163ionale\u00a0\u015fi\u00a0de\u00a0drept\u00a0din Rom\u00e2nia,\u00a0stat\u00a0unitar,\u00a0suveran\u00a0\u015fi\u00a0indivizibil. Semnal\u0103m,\u00a0totodat\u0103,\u00a0faptul\u00a0c\u0103\u00a0dezbaterea\u00a0\u00een\u00a0spa\u0163iul\u00a0public\u00a0pe\u00a0acest subiect\u00a0survine\u00a0\u00een\u00a0contextul\u00a0\u00een\u00a0care\u00a0ini\u0163iativele\u00a0privind\u00a0diverse forme\u00a0de\u00a0autonomie\u00a0teritorial\u0103\u00a0pe\u00a0criteriul\u00a0etnic,\u00a0s-au\u00a0multiplicat\u00a0\u00een ultima\u00a0perioad\u0103,\u00a0culmin\u00e2nd\u00a0cu\u00a0semnarea,\u00a0la\u00a08\u00a0ianuarie,\u00a0a Rezolu\u0163iei comune\u00a0a\u00a0organiza\u0163iilor\u00a0politice\u00a0maghiare\u00a0din\u00a0Transilvania\u00a0privind [&hellip;]<\/p>\n","protected":false},"author":1,"featured_media":126923,"comment_status":"open","ping_status":"","sticky":false,"template":"","format":"standard","meta":{"footnotes":""},"categories":[2],"tags":[11],"class_list":["post-126922","post","type-post","status-publish","format-standard","has-post-thumbnail","hentry","category-politics","tag-digi24"],"_links":{"self":[{"href":"https:\/\/analyse.optim.biz\/index.php?rest_route=\/wp\/v2\/posts\/126922","targetHints":{"allow":["GET"]}}],"collection":[{"href":"https:\/\/analyse.optim.biz\/index.php?rest_route=\/wp\/v2\/posts"}],"about":[{"href":"https:\/\/analyse.optim.biz\/index.php?rest_route=\/wp\/v2\/types\/post"}],"author":[{"embeddable":true,"href":"https:\/\/analyse.optim.biz\/index.php?rest_route=\/wp\/v2\/users\/1"}],"replies":[{"embeddable":true,"href":"https:\/\/analyse.optim.biz\/index.php?rest_route=%2Fwp%2Fv2%2Fcomments&post=126922"}],"version-history":[{"count":0,"href":"https:\/\/analyse.optim.biz\/index.php?rest_route=\/wp\/v2\/posts\/126922\/revisions"}],"wp:featuredmedia":[{"embeddable":true,"href":"https:\/\/analyse.optim.biz\/index.php?rest_route=\/wp\/v2\/media\/126923"}],"wp:attachment":[{"href":"https:\/\/analyse.optim.biz\/index.php?rest_route=%2Fwp%2Fv2%2Fmedia&parent=126922"}],"wp:term":[{"taxonomy":"category","embeddable":true,"href":"https:\/\/analyse.optim.biz\/index.php?rest_route=%2Fwp%2Fv2%2Fcategories&post=126922"},{"taxonomy":"post_tag","embeddable":true,"href":"https:\/\/analyse.optim.biz\/index.php?rest_route=%2Fwp%2Fv2%2Ftags&post=126922"}],"curies":[{"name":"wp","href":"https:\/\/api.w.org\/{rel}","templated":true}]}}