{"id":126919,"date":"2018-01-12T17:41:34","date_gmt":"2018-01-12T14:41:34","guid":{"rendered":"https:\/\/analyse.optim.biz\/?p=126919"},"modified":"2018-01-12T17:41:34","modified_gmt":"2018-01-12T14:41:34","slug":"paul-stanescu-neaga-varianta-nominalizarii-ca-premier","status":"publish","type":"post","link":"https:\/\/analyse.optim.biz\/?p=126919","title":{"rendered":"Paul St\u0103nescu neag\u0103 varianta nominaliz\u0103rii ca premier"},"content":{"rendered":"<div class=\"entry data-app-meta data-app-meta-article\" data-embed-base-url-canonical=\"https:\/\/www.digi24.ro\/embed\/stiri\/actualitate\/politica\/paul-stanescu-neaga-varianta-nominalizarii-ca-premier-859235\">\n<p data-index=\"1\"><strong>Vicepremierul Paul St\u0103nescu spune c\u0103 nu ar fi discutat \u201eniciodat\u0103\u201d cu pre\u0219edintele PSD, Liviu Dragnea, despre posibilitatea ca el s\u0103 fie nominalizat \u00een fruntea Guvernului, \u00een locul actualului premier, Mihai Tudose. Precizarea a fost f\u0103cut\u0103 la Bac\u0103u, potrivit Agerpres.<\/strong><\/p>\n<figure class=\"article-thumb\"><img decoding=\"async\" src=\"https:\/\/analyse.optim.biz\/wp-content\/uploads\/2024\/09\/c2g9ywnlztuxztuwy2m3mji5njvjy2nmzjdhzgq3nti5mty-thumb_-3.jpg\" alt=\"171016_BP_STANESCU_PAUL_05_INQUAM_Photos_Octav_Ganea\" data-skip-htmlfix=\"1\" title=\"c2g9ywnlztuxztuwy2m3mji5njvjy2nmzjdhzgq3nti5mty-thumb_-3\"><figcaption> Surs\u0103 foto: INQUAM PHOTOS \/ Octav Ganea <\/figcaption><\/figure>\n<p data-index=\"2\">\u00centr-o conferin\u021b\u0103 de pres\u0103, Paul St\u0103nescu, vicepremier \u0219i ministru al Dezvolt\u0103rii Regionale, a sus\u021binut \u0219i c\u0103 nu-\u0219i dore\u0219te func\u021bia de prim-ministru.<\/p>\n<p data-index=\"3\">\u201eE o diversiune, o manipulare. <strong>Niciodat\u0103 pre\u015fedintele Dragnea nu a discutat ca eu s\u0103 fiu propunerea de prim-ministru<\/strong>. \u00cen al doilea r\u00e2nd, s\u0103 \u015fti\u0163i, am o v\u00e2rst\u0103 \u015fi colegii m\u0103 \u015ftiu c\u0103 sunt un om serios \u015fi <strong>nu \u00eemi doresc acest lucru<\/strong>. Deocamdat\u0103, Guvernul Rom\u00e2niei func\u0163ioneaz\u0103, avem un prim-ministru, Mihai Tudose. Cine manipuleaz\u0103 \u015fi duce diversiunea \u00een aceast\u0103 zon\u0103 nu cred c\u0103 face bine \u015fi nu ne face bine nici ca partid, nici ca \u0163ar\u0103\u201d, a afirmat St\u0103nescu.<\/p>\n<p data-index=\"4\">Preciz\u0103rile vicepremierului, care este \u0219i liderul PSD Olt, vin \u00een contextul \u00een care mai multe surse media au publicat informa\u021bii potrivit c\u0103rora, joi sear\u0103, la Sucevi\u021ba, Liviu Dragnea l-ar fi prezentat pe Paul St\u0103nescu drept \u201eun foarte bun prim-ministru\u201d \u0219i \u201eun pesedist pe care ne putem baza cu to\u021bii\u201d.<\/p>\n<p data-index=\"5\"><a href=\"https:\/\/www.digi24.ro\/stiri\/actualitate\/politica\/dragnea-eu-inca-sper-ca-tudose-sa-ramana-prim-ministru-859000\" data-skip-linkfix=\"1\">Pre\u0219edintele PSD Liviu Dragnea a declarat vineri, la Bac\u0103u, c\u0103 \u201esper\u0103\u201d ca premierul Mihai Tudose s\u0103 r\u0103m\u00e2n\u0103 \u00een func\u021bie.<\/a><\/p>\n<\/div>\n<p> Source URL: https:\/\/www.digi24.ro\/stiri\/actualitate\/politica\/paul-stanescu-neaga-varianta-nominalizarii-ca-premier-859235<\/p>\n","protected":false},"excerpt":{"rendered":"<p>Vicepremierul Paul St\u0103nescu spune c\u0103 nu ar fi discutat \u201eniciodat\u0103\u201d cu pre\u0219edintele PSD, Liviu Dragnea, despre posibilitatea ca el s\u0103 fie nominalizat \u00een fruntea Guvernului, \u00een locul actualului premier, Mihai Tudose. Precizarea a fost f\u0103cut\u0103 la Bac\u0103u, potrivit Agerpres. Surs\u0103 foto: INQUAM PHOTOS \/ Octav Ganea \u00centr-o conferin\u021b\u0103 de pres\u0103, Paul St\u0103nescu, vicepremier \u0219i ministru [&hellip;]<\/p>\n","protected":false},"author":1,"featured_media":126920,"comment_status":"open","ping_status":"","sticky":false,"template":"","format":"standard","meta":{"footnotes":""},"categories":[2],"tags":[11],"class_list":["post-126919","post","type-post","status-publish","format-standard","has-post-thumbnail","hentry","category-politics","tag-digi24"],"_links":{"self":[{"href":"https:\/\/analyse.optim.biz\/index.php?rest_route=\/wp\/v2\/posts\/126919","targetHints":{"allow":["GET"]}}],"collection":[{"href":"https:\/\/analyse.optim.biz\/index.php?rest_route=\/wp\/v2\/posts"}],"about":[{"href":"https:\/\/analyse.optim.biz\/index.php?rest_route=\/wp\/v2\/types\/post"}],"author":[{"embeddable":true,"href":"https:\/\/analyse.optim.biz\/index.php?rest_route=\/wp\/v2\/users\/1"}],"replies":[{"embeddable":true,"href":"https:\/\/analyse.optim.biz\/index.php?rest_route=%2Fwp%2Fv2%2Fcomments&post=126919"}],"version-history":[{"count":0,"href":"https:\/\/analyse.optim.biz\/index.php?rest_route=\/wp\/v2\/posts\/126919\/revisions"}],"wp:featuredmedia":[{"embeddable":true,"href":"https:\/\/analyse.optim.biz\/index.php?rest_route=\/wp\/v2\/media\/126920"}],"wp:attachment":[{"href":"https:\/\/analyse.optim.biz\/index.php?rest_route=%2Fwp%2Fv2%2Fmedia&parent=126919"}],"wp:term":[{"taxonomy":"category","embeddable":true,"href":"https:\/\/analyse.optim.biz\/index.php?rest_route=%2Fwp%2Fv2%2Fcategories&post=126919"},{"taxonomy":"post_tag","embeddable":true,"href":"https:\/\/analyse.optim.biz\/index.php?rest_route=%2Fwp%2Fv2%2Ftags&post=126919"}],"curies":[{"name":"wp","href":"https:\/\/api.w.org\/{rel}","templated":true}]}}