{"id":126908,"date":"2018-01-12T18:00:15","date_gmt":"2018-01-12T15:00:15","guid":{"rendered":"https:\/\/analyse.optim.biz\/?p=126908"},"modified":"2018-01-12T18:00:15","modified_gmt":"2018-01-12T15:00:15","slug":"video-iesire-nervoasa-a-unui-primar-psd","status":"publish","type":"post","link":"https:\/\/analyse.optim.biz\/?p=126908","title":{"rendered":"VIDEO. Ie\u0219ire nervoas\u0103 a unui primar PSD"},"content":{"rendered":"<div class=\"entry data-app-meta data-app-meta-article\" data-embed-base-url-canonical=\"https:\/\/www.digi24.ro\/embed\/stiri\/actualitate\/politica\/video-iesire-nervoasa-a-unui-primar-psd-859238\">\n<p data-index=\"1\"><strong><span lang=\"ro-RO\">Primarul din localitatea Sascut, jude\u0163ul Bac\u0103u, a avut o ie\u015fire nervoas\u0103 \u00een timp ce st\u0103tea de vorb\u0103 cu jurnali\u015ftii dup\u0103 \u00eentrevederea cu liderul PSD Liviu Dragnea.<\/span><\/strong><\/p>\n<p data-index=\"2\"><span lang=\"ro-RO\">Sup\u0103rat c\u0103 mai mul\u0163i protestatari \u00ee\u015fi strigau nemul\u0163umirile legate de partidul din care face parte, membrul PSD le-a rupt oamenilor h\u00e2rtiile pe care erau scrise mesaje \u00eempotriva Guvernului. <\/span><\/p>\n<p data-index=\"3\"><span lang=\"ro-RO\">\u00centrebat de reac\u0163ia lui agresiv\u0103, primarul PSD s-a scuzat \u015fi a spus c\u0103 a fost deranjat de faptul c\u0103 oamenii s-au a\u015fezat \u00een spatele lui \u015fi nu a vrut ca imaginea lui s\u0103 fie asociat\u0103 cu ac\u0163iunea lor.<\/span><\/p>\n<\/div>\n<p> Source URL: https:\/\/www.digi24.ro\/stiri\/actualitate\/politica\/video-iesire-nervoasa-a-unui-primar-psd-859238<\/p>\n","protected":false},"excerpt":{"rendered":"<p>Primarul din localitatea Sascut, jude\u0163ul Bac\u0103u, a avut o ie\u015fire nervoas\u0103 \u00een timp ce st\u0103tea de vorb\u0103 cu jurnali\u015ftii dup\u0103 \u00eentrevederea cu liderul PSD Liviu Dragnea. Sup\u0103rat c\u0103 mai mul\u0163i protestatari \u00ee\u015fi strigau nemul\u0163umirile legate de partidul din care face parte, membrul PSD le-a rupt oamenilor h\u00e2rtiile pe care erau scrise mesaje \u00eempotriva Guvernului. \u00centrebat [&hellip;]<\/p>\n","protected":false},"author":1,"featured_media":126909,"comment_status":"open","ping_status":"","sticky":false,"template":"","format":"standard","meta":{"footnotes":""},"categories":[2],"tags":[11],"class_list":["post-126908","post","type-post","status-publish","format-standard","has-post-thumbnail","hentry","category-politics","tag-digi24"],"_links":{"self":[{"href":"https:\/\/analyse.optim.biz\/index.php?rest_route=\/wp\/v2\/posts\/126908","targetHints":{"allow":["GET"]}}],"collection":[{"href":"https:\/\/analyse.optim.biz\/index.php?rest_route=\/wp\/v2\/posts"}],"about":[{"href":"https:\/\/analyse.optim.biz\/index.php?rest_route=\/wp\/v2\/types\/post"}],"author":[{"embeddable":true,"href":"https:\/\/analyse.optim.biz\/index.php?rest_route=\/wp\/v2\/users\/1"}],"replies":[{"embeddable":true,"href":"https:\/\/analyse.optim.biz\/index.php?rest_route=%2Fwp%2Fv2%2Fcomments&post=126908"}],"version-history":[{"count":0,"href":"https:\/\/analyse.optim.biz\/index.php?rest_route=\/wp\/v2\/posts\/126908\/revisions"}],"wp:featuredmedia":[{"embeddable":true,"href":"https:\/\/analyse.optim.biz\/index.php?rest_route=\/wp\/v2\/media\/126909"}],"wp:attachment":[{"href":"https:\/\/analyse.optim.biz\/index.php?rest_route=%2Fwp%2Fv2%2Fmedia&parent=126908"}],"wp:term":[{"taxonomy":"category","embeddable":true,"href":"https:\/\/analyse.optim.biz\/index.php?rest_route=%2Fwp%2Fv2%2Fcategories&post=126908"},{"taxonomy":"post_tag","embeddable":true,"href":"https:\/\/analyse.optim.biz\/index.php?rest_route=%2Fwp%2Fv2%2Ftags&post=126908"}],"curies":[{"name":"wp","href":"https:\/\/api.w.org\/{rel}","templated":true}]}}