{"id":126905,"date":"2018-01-12T18:02:45","date_gmt":"2018-01-12T15:02:45","guid":{"rendered":"https:\/\/analyse.optim.biz\/?p=126905"},"modified":"2018-01-12T18:02:45","modified_gmt":"2018-01-12T15:02:45","slug":"dragnea-nu-se-impune-un-congres-extraordinar-in-psd","status":"publish","type":"post","link":"https:\/\/analyse.optim.biz\/?p=126905","title":{"rendered":"Dragnea: Nu se impune un congres extraordinar \u00een PSD"},"content":{"rendered":"<div class=\"entry data-app-meta data-app-meta-article\" data-embed-base-url-canonical=\"https:\/\/www.digi24.ro\/embed\/stiri\/actualitate\/politica\/dragnea-nu-se-impune-un-congres-extraordinar-in-psd-859242\">\n<p data-index=\"1\"><strong>Pre\u0219edintele social-democrat sus\u021bine c\u0103 nu exist\u0103 tabere \u00een PSD \u0219i c\u0103 nu se impune organizarea unui congres extraordinar \u00een partid. Declara\u021biile au fost f\u0103cute la Vaslui, cu prilejul \u00eent\u00e2lnirii cu liderii social-democra\u021bi din Vaslui.<\/strong><\/p>\n<figure class=\"article-thumb\"><img decoding=\"async\" src=\"https:\/\/analyse.optim.biz\/wp-content\/uploads\/2024\/09\/agfzad04mdjlotyzotc1owvlnjcxyzqzntfjnjrhzweyy2e4nw-thumb_.jpg\" alt=\"180108_CEX_PSD_023 dragnea_INQUAM_Photos_Octav_Ganea\" data-skip-htmlfix=\"1\" title=\"agfzad04mdjlotyzotc1owvlnjcxyzqzntfjnjrhzweyy2e4nw-thumb_\"><figcaption> Surs\u0103 foto: INQUAM PHOTOS \/ Octav Ganea <\/figcaption><\/figure>\n<p data-index=\"2\">Liviu Dragnea a declarat c\u0103 nu exist\u0103 tabere \u00een PSD \u015fi c\u0103 scandalul despre care vorbe\u015fte presa este \u201emult mai mic dec\u00e2t se vede\u201d.<\/p>\n<p data-index=\"3\">Totodat\u0103, Liviu Dragnea a spus, r\u0103spunz\u00e2nd unei \u00eentreb\u0103ri a jurnali\u015ftilor, c\u0103 nu se impune organizarea unui congres extraordinar al partidului.<\/p>\n<p data-index=\"4\">De asemenea, \u00eentrebat de ziari\u015fti dac\u0103 se afl\u0103 \u00een spatele deciziei ministrului de Interne, Carmen Dan, de a nu demisiona din func\u0163ie, liderul social-democrat a afirmat c\u0103 nu dore\u015fte s\u0103 comenteze acest aspect.<\/p>\n<p data-index=\"5\">\u201eDin ce am \u00een\u0163eles, c\u0103 nu am v\u0103zut asear\u0103, doamna ministru a ie\u015fit cu ni\u015fte informa\u0163ii destul de bine fundamentate \u015fi argumentate\u201d, a spus Liviu Dragnea.<\/p>\n<p data-index=\"6\">Tot vineri, <a href=\"https:\/\/www.digi24.ro\/stiri\/actualitate\/politica\/paul-stanescu-neaga-varianta-nominalizarii-ca-premier-859235\" data-skip-linkfix=\"1\">vicepremierul Paul St\u0103nescu a declarat c\u0103 nu ar fi discutat \u201eniciodat\u0103\u201d cu pre\u0219edintele PSD, Liviu Dragnea, despre posibilitatea ca el s\u0103 fie nominalizat \u00een fruntea Guvernului, \u00een locul actualului premier, Mihai Tudose<\/a>.<\/p>\n<p data-index=\"7\"><a href=\"https:\/\/www.digi24.ro\/stiri\/actualitate\/politica\/dragnea-isi-cauta-aliati-printre-colegii-din-teritoriu-857697\" data-skip-linkfix=\"1\">Pre\u015fedintele PSD Liviu Dragnea face un turneu prin jude\u0163ele din Moldova pentru a se \u00eent\u00e2lni cu \u015fefii de organiza\u0163ii teritoriale<\/a>. Discu\u0163iile au loc \u00eenaintea \u015fedin\u0163ei Comitetului Executiv al partidului de la Ia\u0219i, unde premierul Mihai Tudose este a\u015fteptat s\u0103 vin\u0103 cu propuneri concrete de restructurare a Guvernului.<\/p>\n<p data-index=\"8\">Pre\u0219edintele executiv al PSD, Niculae B\u0103d\u0103l\u0103u, s-a pronun\u021bat, zilele trecute, \u00een favoarea organiz\u0103rii unui congres \u00een PSD: <a href=\"https:\/\/www.digi24.ro\/stiri\/actualitate\/politica\/guvernul-tudose-ar-putea-fi-restructurat-854509\" data-skip-linkfix=\"1\">\u201eCred c\u0103 un Congres ar face bine s\u0103n\u0103t\u0103\u0163ii partidului\u201d<\/a>.<\/p>\n<\/div>\n<p> Source URL: https:\/\/www.digi24.ro\/stiri\/actualitate\/politica\/dragnea-nu-se-impune-un-congres-extraordinar-in-psd-859242<\/p>\n","protected":false},"excerpt":{"rendered":"<p>Pre\u0219edintele social-democrat sus\u021bine c\u0103 nu exist\u0103 tabere \u00een PSD \u0219i c\u0103 nu se impune organizarea unui congres extraordinar \u00een partid. Declara\u021biile au fost f\u0103cute la Vaslui, cu prilejul \u00eent\u00e2lnirii cu liderii social-democra\u021bi din Vaslui. Surs\u0103 foto: INQUAM PHOTOS \/ Octav Ganea Liviu Dragnea a declarat c\u0103 nu exist\u0103 tabere \u00een PSD \u015fi c\u0103 scandalul despre [&hellip;]<\/p>\n","protected":false},"author":1,"featured_media":126906,"comment_status":"open","ping_status":"","sticky":false,"template":"","format":"standard","meta":{"footnotes":""},"categories":[2],"tags":[11],"class_list":["post-126905","post","type-post","status-publish","format-standard","has-post-thumbnail","hentry","category-politics","tag-digi24"],"_links":{"self":[{"href":"https:\/\/analyse.optim.biz\/index.php?rest_route=\/wp\/v2\/posts\/126905","targetHints":{"allow":["GET"]}}],"collection":[{"href":"https:\/\/analyse.optim.biz\/index.php?rest_route=\/wp\/v2\/posts"}],"about":[{"href":"https:\/\/analyse.optim.biz\/index.php?rest_route=\/wp\/v2\/types\/post"}],"author":[{"embeddable":true,"href":"https:\/\/analyse.optim.biz\/index.php?rest_route=\/wp\/v2\/users\/1"}],"replies":[{"embeddable":true,"href":"https:\/\/analyse.optim.biz\/index.php?rest_route=%2Fwp%2Fv2%2Fcomments&post=126905"}],"version-history":[{"count":0,"href":"https:\/\/analyse.optim.biz\/index.php?rest_route=\/wp\/v2\/posts\/126905\/revisions"}],"wp:featuredmedia":[{"embeddable":true,"href":"https:\/\/analyse.optim.biz\/index.php?rest_route=\/wp\/v2\/media\/126906"}],"wp:attachment":[{"href":"https:\/\/analyse.optim.biz\/index.php?rest_route=%2Fwp%2Fv2%2Fmedia&parent=126905"}],"wp:term":[{"taxonomy":"category","embeddable":true,"href":"https:\/\/analyse.optim.biz\/index.php?rest_route=%2Fwp%2Fv2%2Fcategories&post=126905"},{"taxonomy":"post_tag","embeddable":true,"href":"https:\/\/analyse.optim.biz\/index.php?rest_route=%2Fwp%2Fv2%2Ftags&post=126905"}],"curies":[{"name":"wp","href":"https:\/\/api.w.org\/{rel}","templated":true}]}}