{"id":126894,"date":"2018-01-12T23:22:38","date_gmt":"2018-01-12T20:22:38","guid":{"rendered":"https:\/\/analyse.optim.biz\/?p=126894"},"modified":"2018-01-12T23:22:38","modified_gmt":"2018-01-12T20:22:38","slug":"lider-psd-ori-ne-vedem-de-treaba-ori-actualul-executiv-va-trebui-sa-plece","status":"publish","type":"post","link":"https:\/\/analyse.optim.biz\/?p=126894","title":{"rendered":"Lider PSD: Ori ne vedem de treab\u0103, ori actualul Executiv va trebui s\u0103 plece"},"content":{"rendered":"<div class=\"entry data-app-meta data-app-meta-article\" data-embed-base-url-canonical=\"https:\/\/www.digi24.ro\/embed\/stiri\/actualitate\/politica\/lider-psd-ori-ne-vedem-de-treaba-ori-actualul-executiv-va-trebui-sa-plece-859378\">\n<p data-index=\"1\"><strong><span lang=\"ro-RO\">Grab\u0103 \u00een PSD, provocat\u0103 de conflictul dintre \u015feful partidului \u015fi premier. De\u015fi social-democra\u0163ii au programat un Comitet Executiv la finalul lunii, mai mul\u0163i lideri locali cer ca \u015fedin\u0163a s\u0103 aib\u0103 loc c\u00e2t mai cur\u00e2nd, chiar s\u0103pt\u0103m\u00e2na viitoare, pentru g\u0103sirea unei solu\u0163ii. Unul dintre \u015fefii de filiale care sus\u0163in devansarea CEx-ului, Dumitru Buzatu, care e pre\u015fedintele PSD Vaslui, spune c\u0103 una dintre variante e plecarea actualului Executiv.<\/span><\/strong><\/p>\n<p data-index=\"2\"><span lang=\"ro-RO\">Dumitru Buzatu<\/span><span lang=\"en-US\">: <\/span><span lang=\"ro-RO\">\u201eSolu\u021bia depinde de cei care se vor prezen\u021ba \u00een fa\u021ba CEX-ului, de felul \u00een care CEX-ul va purta aceste discu\u021bii. Este clar c\u0103 solu\u021bia trebuie s\u0103 fie tran\u0219ant\u0103. Ori ne vedem de treab\u0103 \u0219i mergem \u00eenainte, ori va trebui ca actualul executiv s\u0103 plece\u201d. <\/span><\/p>\n<\/div>\n<p> Source URL: https:\/\/www.digi24.ro\/stiri\/actualitate\/politica\/lider-psd-ori-ne-vedem-de-treaba-ori-actualul-executiv-va-trebui-sa-plece-859378<\/p>\n","protected":false},"excerpt":{"rendered":"<p>Grab\u0103 \u00een PSD, provocat\u0103 de conflictul dintre \u015feful partidului \u015fi premier. De\u015fi social-democra\u0163ii au programat un Comitet Executiv la finalul lunii, mai mul\u0163i lideri locali cer ca \u015fedin\u0163a s\u0103 aib\u0103 loc c\u00e2t mai cur\u00e2nd, chiar s\u0103pt\u0103m\u00e2na viitoare, pentru g\u0103sirea unei solu\u0163ii. Unul dintre \u015fefii de filiale care sus\u0163in devansarea CEx-ului, Dumitru Buzatu, care e pre\u015fedintele [&hellip;]<\/p>\n","protected":false},"author":1,"featured_media":126895,"comment_status":"open","ping_status":"","sticky":false,"template":"","format":"standard","meta":{"footnotes":""},"categories":[2],"tags":[11],"class_list":["post-126894","post","type-post","status-publish","format-standard","has-post-thumbnail","hentry","category-politics","tag-digi24"],"_links":{"self":[{"href":"https:\/\/analyse.optim.biz\/index.php?rest_route=\/wp\/v2\/posts\/126894","targetHints":{"allow":["GET"]}}],"collection":[{"href":"https:\/\/analyse.optim.biz\/index.php?rest_route=\/wp\/v2\/posts"}],"about":[{"href":"https:\/\/analyse.optim.biz\/index.php?rest_route=\/wp\/v2\/types\/post"}],"author":[{"embeddable":true,"href":"https:\/\/analyse.optim.biz\/index.php?rest_route=\/wp\/v2\/users\/1"}],"replies":[{"embeddable":true,"href":"https:\/\/analyse.optim.biz\/index.php?rest_route=%2Fwp%2Fv2%2Fcomments&post=126894"}],"version-history":[{"count":0,"href":"https:\/\/analyse.optim.biz\/index.php?rest_route=\/wp\/v2\/posts\/126894\/revisions"}],"wp:featuredmedia":[{"embeddable":true,"href":"https:\/\/analyse.optim.biz\/index.php?rest_route=\/wp\/v2\/media\/126895"}],"wp:attachment":[{"href":"https:\/\/analyse.optim.biz\/index.php?rest_route=%2Fwp%2Fv2%2Fmedia&parent=126894"}],"wp:term":[{"taxonomy":"category","embeddable":true,"href":"https:\/\/analyse.optim.biz\/index.php?rest_route=%2Fwp%2Fv2%2Fcategories&post=126894"},{"taxonomy":"post_tag","embeddable":true,"href":"https:\/\/analyse.optim.biz\/index.php?rest_route=%2Fwp%2Fv2%2Ftags&post=126894"}],"curies":[{"name":"wp","href":"https:\/\/api.w.org\/{rel}","templated":true}]}}