{"id":1266649,"date":"2025-12-04T16:00:00","date_gmt":"2025-12-04T13:00:00","guid":{"rendered":"https:\/\/analyse.optim.biz\/?p=1266649"},"modified":"2025-12-04T16:00:00","modified_gmt":"2025-12-04T13:00:00","slug":"editor-online","status":"publish","type":"post","link":"https:\/\/analyse.optim.biz\/?p=1266649","title":{"rendered":"Editor Online"},"content":{"rendered":"<article id=\"template-id-121345\" class=\"post-121345 tdb_templates type-tdb_templates status-publish post\">\n<div id=\"tdi_73\" class=\"tdc-zone\">\n<div class=\"tdc_zone tdi_74  wpb_row td-pb-row\">\n<div id=\"tdi_75\" class=\"tdc-row\">\n<div class=\"vc_row tdi_76  wpb_row td-pb-row\">\n<div class=\"vc_column tdi_78  wpb_column vc_column_container tdc-column td-pb-span12\">\n<div class=\"wpb_wrapper\">\n<div class=\"td_block_wrap td-a-rec td-a-rec-id-custom-spot td-a-rec-img tdi_79 td_block_template_1\">\n<div><a href target=\"blank\" class=\"td_spot_img_all\"><img loading=\"lazy\" decoding=\"async\" src=\"https:\/\/analyse.optim.biz\/wp-content\/uploads\/2026\/01\/banner-aurora-multimarket-1200x200px-1.jpg\" alt=\"spot_img\" width=\"1200\" height=\"200\" title=\"banner-aurora-multimarket-1200x200px-1\"><\/a><a href target=\"blank\" class=\"td_spot_img_mob\"><img loading=\"lazy\" decoding=\"async\" src=\"https:\/\/analyse.optim.biz\/wp-content\/uploads\/2026\/01\/banner-aurora-multimarket-350x350px-1.jpg\" alt=\"spot_img\" width=\"300\" height=\"350\" title=\"banner-aurora-multimarket-350x350px-1\"><\/a><\/div>\n<\/div>\n<\/div>\n<\/div>\n<\/div>\n<\/div>\n<div id=\"tdi_80\" class=\"tdc-row\">\n<div class=\"vc_row tdi_81  wpb_row td-pb-row\">\n<div class=\"vc_column tdi_83  wpb_column vc_column_container tdc-column td-pb-span12\">\n<div class=\"wpb_wrapper\">\n<div class=\"td_block_wrap tdb_breadcrumbs tdi_84 td-pb-border-top td_block_template_1 tdb-breadcrumbs \" data-td-block-uid=\"tdi_84\">\n<div class=\"tdb-block-inner td-fix-index\"><span><a title class=\"tdb-entry-crumb\" href=\"https:\/\/www.jurnaldevrancea.ro\/\">Acas\u0103<\/a><\/span><span><a title=\"Vede\u021bi toate articolele \u00een Actualitate\" class=\"tdb-entry-crumb\" href=\"https:\/\/www.jurnaldevrancea.ro\/actualitate\/\">Actualitate<\/a><\/span><span class=\"tdb-bred-no-url-last\">Pre\u0219edintele Consiliului Jude\u021bean Vrancea, apel public c\u0103tre Guvernul Rom\u00e2niei: \u201eDestinele celor vulnerabili nu pot fi puse&#8230;<\/span><\/div>\n<\/div>\n<div class=\"td_block_wrap tdb_single_categories tdi_85 td-pb-border-top td_block_template_1 \" data-td-block-uid=\"tdi_85\">\n<div class=\"tdb-category td-fix-index\"><a class=\"tdb-entry-category\" href=\"https:\/\/www.jurnaldevrancea.ro\/actualitate\/\">Actualitate<\/a><a class=\"tdb-entry-category\" href=\"https:\/\/www.jurnaldevrancea.ro\/administratie\/\">Administra\u021bie<\/a><\/div>\n<\/div>\n<div class=\"td_block_wrap tdb_title tdi_86 tdb-single-title td-pb-border-top td_block_template_1\" data-td-block-uid=\"tdi_86\">\n<div class=\"tdb-block-inner td-fix-index\">\n<h2 class=\"tdb-title-text\">Pre\u0219edintele Consiliului Jude\u021bean Vrancea, apel public c\u0103tre Guvernul Rom\u00e2niei: \u201eDestinele celor vulnerabili nu pot fi puse \u00een pericol!\u201d<\/h2>\n<\/div>\n<\/div>\n<div class=\"vc_row_inner tdi_88  vc_row vc_inner wpb_row td-pb-row\">\n<div class=\"vc_column_inner tdi_90  wpb_column vc_column_container tdc-inner-column td-pb-span3\">\n<div class=\"vc_column-inner\">\n<div class=\"wpb_wrapper\">\n<div class=\"td_block_wrap tdb_single_author tdi_91 td-pb-border-top td_block_template_1 tdb-post-meta\" data-td-block-uid=\"tdi_91\">\n<div class=\"tdb-block-inner td-fix-index\">\n<div class=\"tdb-author-name-wrap\"><span class=\"tdb-author-by\">DE:<\/span><a class=\"tdb-author-name\" href=\"https:\/\/www.jurnaldevrancea.ro\/author\/editor-online\/\">Editor Online<\/a><\/div>\n<\/div>\n<\/div>\n<\/div>\n<\/div>\n<\/div>\n<div class=\"vc_column_inner tdi_93  wpb_column vc_column_container tdc-inner-column td-pb-span3\">\n<div class=\"vc_column-inner\">\n<div class=\"wpb_wrapper\">\n<div class=\"td_block_wrap tdb_single_date tdi_94 td-pb-border-top td_block_template_1 tdb-post-meta\" data-td-block-uid=\"tdi_94\">\n<div class=\"tdb-block-inner td-fix-index\"><time class=\"entry-date updated td-module-date\" datetime=\"2025-12-04T18:00:00+02:00\">04\/12\/2025<\/time><\/div>\n<\/div>\n<\/div>\n<\/div>\n<\/div>\n<div class=\"vc_column_inner tdi_96  wpb_column vc_column_container tdc-inner-column td-pb-span3\">\n<div class=\"vc_column-inner\">\n<div class=\"wpb_wrapper\">\n<div class=\"td_block_wrap tdb_single_post_views tdi_97 td-pb-border-top td_block_template_1 tdb-post-meta\" data-td-block-uid=\"tdi_97\">\n<div class=\"tdb-block-inner td-fix-index\"><span class=\"td-nr-views-156200\">149<\/span><\/div>\n<\/div>\n<\/div>\n<\/div>\n<\/div>\n<div class=\"vc_column_inner tdi_99  wpb_column vc_column_container tdc-inner-column td-pb-span3\">\n<div class=\"vc_column-inner\">\n<div class=\"wpb_wrapper\">\n<div class=\"td_block_wrap tdb_single_post_share tdi_100  td-pb-border-top td_block_template_1\" data-td-block-uid=\"tdi_100\">\n<div id=\"tdi_100\" class=\"td-post-sharing tdb-block td-ps-bg td-ps-notext td-ps-bar td-post-sharing-style5 \">\n<div class=\"td-post-sharing-visible\"><a class=\"td-social-sharing-button td-social-sharing-button-js td-social-network td-social-facebook\" href=\"https:\/\/www.facebook.com\/sharer.php?u=https%3A%2F%2Fwww.jurnaldevrancea.ro%2Fpresedintele-consiliului-judetean-vrancea-apel-public-catre-guvernul-romaniei-destinele-celor-vulnerabili-nu-pot-fi-puse-in-pericol%2F\" title=\"Facebook\"><\/p>\n<div class=\"td-social-but-text\">Facebook<\/div>\n<p><\/a><a class=\"td-social-sharing-button td-social-sharing-button-js td-social-network td-social-twitter\" href=\"https:\/\/twitter.com\/intent\/tweet?text=Pre%C8%99edintele+Consiliului+Jude%C8%9Bean+Vrancea%2C+apel+public+c%C4%83tre+Guvernul+Rom%C3%A2niei%3A+%E2%80%9EDestinele+celor+vulnerabili+nu+pot+fi+puse+%C3%AEn+pericol%21%E2%80%9D&amp;url=https%3A%2F%2Fwww.jurnaldevrancea.ro%2Fpresedintele-consiliului-judetean-vrancea-apel-public-catre-guvernul-romaniei-destinele-celor-vulnerabili-nu-pot-fi-puse-in-pericol%2F&amp;via=Jurnal+de+Vrancea+-+Stiri+din+Vrancea+si+Focsani\" title=\"Twitter\"><\/p>\n<div class=\"td-social-but-text\">Twitter<\/div>\n<p><\/a><a class=\"td-social-sharing-button td-social-sharing-button-js td-social-network td-social-whatsapp\" href=\"https:\/\/api.whatsapp.com\/send?text=Pre%C8%99edintele+Consiliului+Jude%C8%9Bean+Vrancea%2C+apel+public+c%C4%83tre+Guvernul+Rom%C3%A2niei%3A+%E2%80%9EDestinele+celor+vulnerabili+nu+pot+fi+puse+%C3%AEn+pericol%21%E2%80%9D%20%0A%0A%20https:\/\/www.jurnaldevrancea.ro\/presedintele-consiliului-judetean-vrancea-apel-public-catre-guvernul-romaniei-destinele-celor-vulnerabili-nu-pot-fi-puse-in-pericol\/\" title=\"WhatsApp\"><\/p>\n<div class=\"td-social-but-text\">WhatsApp<\/div>\n<p><\/a><a class=\"td-social-sharing-button td-social-sharing-button-js td-social-network td-social-print\" href=\"https:\/\/www.jurnaldevrancea.ro\/presedintele-consiliului-judetean-vrancea-apel-public-catre-guvernul-romaniei-destinele-celor-vulnerabili-nu-pot-fi-puse-in-pericol\/\" title=\"Imprimare\"><\/p>\n<div class=\"td-social-but-text\">Imprimare<\/div>\n<p><\/a><\/div>\n<\/div>\n<\/div>\n<\/div>\n<\/div>\n<\/div>\n<\/div>\n<\/div>\n<\/div>\n<\/div>\n<\/div>\n<div id=\"tdi_101\" class=\"tdc-row\">\n<div class=\"vc_row tdi_102  wpb_row td-pb-row\">\n<div class=\"vc_column tdi_104  wpb_column vc_column_container tdc-column td-pb-span8\">\n<div class=\"wpb_wrapper\">\n<div class=\"td_block_wrap tdb_single_featured_image tdi_105 tdb-content-horiz-left td-pb-border-top td_block_template_1\" data-td-block-uid=\"tdi_105\">\n<div class=\"tdb-block-inner td-fix-index\"><img loading=\"lazy\" decoding=\"async\" width=\"696\" height=\"537\" class=\"entry-thumb\" src=\"https:\/\/analyse.optim.biz\/wp-content\/uploads\/2026\/01\/nicusor-halici-696x537-1.jpg\" title=\"Nicusor Halici\"><\/div>\n<\/div>\n<div class=\"td_block_wrap tdb_single_content tdi_106 td-pb-border-top td_block_template_1 td-post-content tagdiv-type\" data-td-block-uid=\"tdi_106\">\n<div class=\"tdb-block-inner td-fix-index\">\n<p>Vrancea cere Guvernului s\u0103 \u00ee\u0219i respecte obliga\u021biile!<\/p>\n<p>Nevoia acestui apel public deriv\u0103 din faptul c\u0103 am \u00eencercat prin toate metodele administrative de a primi sumele necesare finan\u021b\u0103rii unui sistem tot mai slab finan\u021bat de la un an la altul!<\/p>\n<p>Subfinan\u021barea sistemului de asisten\u021b\u0103 social\u0103 condamn\u0103 la suferin\u021b\u0103 tocmai oamenii pe care statul are datoria legal\u0103 \u0219i moral\u0103 s\u0103 \u00eei protejeze: copii, adul\u021bi \u0219i v\u00e2rstnici afla\u021bi \u00een grija Direc\u021biei Generale de Asisten\u021b\u0103 Social\u0103 \u0219i Protec\u021bia Copilului (DGASPC). \u00cen plus, c\u00e2teva sute de angaja\u021bi dedica\u021bi risc\u0103 s\u0103 nu \u00ee\u0219i primeasc\u0103 salariile la timp \u0219i s\u0103 fie for\u021ba\u021bi, \u00een final, s\u0103 p\u0103r\u0103seasc\u0103 sistemul.<\/p>\n<p>Aceasta este realitatea dur\u0103, pe care o afirm f\u0103r\u0103 nicio rezerv\u0103!<\/p>\n<p>Pentru a reu\u0219i s\u0103 acoperim lipsurile majore de finan\u021bare, am fost obliga\u021bi s\u0103 retragem fonduri din bugetul de dezvoltare al jude\u021bului \u2014 resurse care ar fi trebuit s\u0103 mearg\u0103 \u00een proiecte esen\u021biale pentru modernizarea Vrancei, pentru ca s\u0103 nu\u00a0 punem \u00eentr-un risc \u0219i mai mare pe cei mai b\u0103tu\u021bi o dat\u0103 de soart\u0103, dintre semenii no\u0219tri!<\/p>\n<p>Datele sunt c\u00e2t se poate de clare:<\/p>\n<p>Finan\u021b\u0103rile primite de la bugetul de stat pentru DGASPC Vrancea:<\/p>\n<ul>\n<li>2024: 85.899.000 lei<\/li>\n<li>2025: 75.976.000 lei<\/li>\n<\/ul>\n<p>Diferen\u021ba este de aproximativ 10 milioane lei mai pu\u021bin, \u00eentr-un domeniu \u00een care fiecare leu \u00eenseamn\u0103 hran\u0103, medicamente, utilit\u0103\u021bi \u0219i salariile oamenilor care \u00eengrijesc al\u021bi oameni.<\/p>\n<p>\u00centre iunie \u0219i august am transmis numeroase adrese oficiale c\u0103tre Guvernul Rom\u00e2niei, Ministerul Finan\u021belor, Ministerul Muncii, UNCJR \u0219i c\u0103tre autorit\u0103\u021bile jude\u021bene, solicit\u00e2nd fondurile necesare pentru trimestrele III \u0219i IV \u0219i avertiz\u00e2nd \u00een mod expres asupra situa\u021biei critice.<\/p>\n<p>Solicit\u0103ri oficiale transmise c\u0103tre:<\/p>\n<ul>\n<li>Administra\u021bia Jude\u021bean\u0103 a Finan\u021belor Publice Vrancea \u2013 24.06.2025<\/li>\n<li>Institu\u021bia Prefectului Jude\u021bul Vrancea \u2013 24.06.2025<\/li>\n<li>UNCJR \u2013 25.08.2025<\/li>\n<li>Ministerul Muncii, Familiei, Tineretului \u0219i Solidarit\u0103\u021bii Sociale \u2013 25.08.2025<\/li>\n<li>Ministerul Finan\u021belor \u2013 25.08.2025<\/li>\n<li>Guvernul Rom\u00e2niei \u2013 25.08.2025<\/li>\n<\/ul>\n<p>Cu toate aceste demersuri, am primit doar o p\u0103trime din suma solicitat\u0103:<\/p>\n<ul>\n<li>Solicitat: 31 milioane lei<\/li>\n<li>Primit: 8,4 milioane lei (prin HG 937\/06.11.2025)<\/li>\n<\/ul>\n<p>Pentru plata salariilor aferente lunii noiembrie ale angaja\u021bilor DGASPC, am fost nevoi\u021bi s\u0103 intervenim din bugetul jude\u021bului \u2014 o decizie grea, dar singura posibil\u0103 pentru a nu abandona oameni care depind de noi.<\/p>\n<p>Mul\u021bumesc consilierilor jude\u021beni care, \u00een \u0219edin\u021ba de mar\u021bi, au \u00een\u021beles gravitatea situa\u021biei \u0219i au aprobat rectificarea bugetului. Am direc\u021bionat 5,8 milioane lei pentru a asigura plata salariilor \u0219i pentru ca angaja\u021bii DGASPC s\u0103 poat\u0103 avea s\u0103rb\u0103tori cu demnitate.<\/p>\n<p>Ast\u0103zi ca ultim\u0103 m\u0103sur\u0103, adresez si un apel public\u00a0 c\u0103tre Guvernul Rom\u00e2niei \u0219i ministerele de resort:<\/p>\n<ul>\n<li>Sprijini\u021bi autorit\u0103\u021bile locale \u0219i jude\u021bene!<\/li>\n<li>Asigura\u021bi resursele necesare pentru ca statul s\u0103 \u00ee\u0219i respecte obliga\u021biile legale!<\/li>\n<li>Nu abandona\u021bi oamenii vulnerabili \u0219i pe cei care au grij\u0103 de ei!<\/li>\n<\/ul>\n<p>Dac\u0103 nu se intervine urgent, nu vom mai dispune de fonduri nici m\u0103car pentru lucr\u0103ri minimale de \u00eentre\u021binere, cu at\u00e2t mai pu\u021bin pentru proiecte de dezvoltare, toate sumele fiind utilizate pentru func\u021bionare!!!<\/p>\n<p>Vrancea are dreptul la stabilitate, responsabilitate \u0219i respect din partea celor care gestioneaz\u0103 bugetul na\u021bional. Solicit, \u00een numele beneficiarilor, al angaja\u021bilor din sistem \u0219i al tuturor vr\u00e2ncenilor, ceea ce este corect, legal \u0219i moral:<\/p>\n<p>finan\u021barea adecvat\u0103 a serviciilor sociale, pentru ca \u00eentreaga comunitate s\u0103 nu aib\u0103 de suferit \u0219i pentru ca Vrancea s\u0103 poat\u0103 continua s\u0103 se dezvolte.<\/p>\n<p>Nicu\u0219or HALICI, pre\u0219edintele Consiliului Jude\u021bean Vrancea<\/p>\n<\/div>\n<\/div>\n<div class=\"td_block_wrap td-a-rec td-a-rec-id-custom-spot td-a-rec-img tdi_107 td_block_template_1\">\n<div><a href=\"https:\/\/www.tomitatravel.ro\/\" target=\"blank\" class=\"td_spot_img_all\"><img loading=\"lazy\" decoding=\"async\" src=\"https:\/\/analyse.optim.biz\/wp-content\/uploads\/2026\/01\/banner-tomita_travel-focsani-1200x200-1-1.jpg\" alt=\"Tomi\u021b\u0103 Travel - Agen\u021bie de turism Foc\u0219ani\" width=\"1200\" height=\"200\" title=\"banner-tomita_travel-focsani-1200x200-1-1\"><\/a><a href=\"https:\/\/www.tomitatravel.ro\/\" target=\"blank\" class=\"td_spot_img_mob\"><img loading=\"lazy\" decoding=\"async\" src=\"https:\/\/analyse.optim.biz\/wp-content\/uploads\/2026\/01\/banner-tomita_travel-focsani-350x350-1-1.jpg\" alt=\"Tomi\u021b\u0103 Travel - Agen\u021bie de turism Foc\u0219ani\" width=\"300\" height=\"350\" title=\"banner-tomita_travel-focsani-350x350-1-1\"><\/a><\/div>\n<\/div>\n<div class=\"td_block_wrap td-a-rec td-a-rec-id-custom-spot td-a-rec-img tdi_108 td_block_template_1\">\n<div><a href=\"https:\/\/www.dezromania.ro\/categorii\/category\/14-produse.html\" target=\"blank\" class=\"td_spot_img_all\"><img loading=\"lazy\" decoding=\"async\" src=\"https:\/\/analyse.optim.biz\/wp-content\/uploads\/2026\/01\/banner-1200x200-sipotehnokar-auto-avariate-2025-1.jpg\" alt=\"spot_img\" width=\"1200\" height=\"200\" title=\"banner-1200x200-sipotehnokar-auto-avariate-2025-1\"><\/a><a href=\"https:\/\/www.dezromania.ro\/categorii\/category\/14-produse.html\" target=\"blank\" class=\"td_spot_img_mob\"><img loading=\"lazy\" decoding=\"async\" src=\"https:\/\/analyse.optim.biz\/wp-content\/uploads\/2026\/01\/banner-sipotehnokar-300xx220px-2025-1.jpg\" alt=\"spot_img\" width=\"300\" height=\"220\" title=\"banner-sipotehnokar-300xx220px-2025-1\"><\/a><\/div>\n<\/div>\n<div class=\"td_block_wrap td-a-rec td-a-rec-id-custom-spot td-a-rec-img tdi_109 td_block_template_1\">\n<div><a href=\"https:\/\/haipromo.ro\/\" target=\"blank\" class=\"td_spot_img_all\"><img loading=\"lazy\" decoding=\"async\" src=\"https:\/\/analyse.optim.biz\/wp-content\/uploads\/2026\/01\/banner-hai-promo-1200x200px-1.jpg\" alt=\"HAI PROMO\" width=\"1200\" height=\"200\" title=\"banner-hai-promo-1200x200px-1\"><\/a><a href=\"https:\/\/haipromo.ro\/\" target=\"blank\" class=\"td_spot_img_mob\"><img loading=\"lazy\" decoding=\"async\" src=\"https:\/\/analyse.optim.biz\/wp-content\/uploads\/2026\/01\/banner-hai-promo-350x350px-1.jpg\" alt=\"HAI PROMO\" width=\"350\" height=\"350\" title=\"banner-hai-promo-350x350px-1\"><\/a><\/div>\n<\/div>\n<\/div>\n<\/div>\n<div class=\"vc_column tdi_112  wpb_column vc_column_container tdc-column td-pb-span4\">\n<div class=\"wpb_wrapper\">\n<div class=\"wpb_wrapper td_block_wrap vc_widget_sidebar tdi_114 \">\n<aside id=\"custom_html-12\" class=\"widget_text td_block_template_1 widget custom_html-12 widget_custom_html\">\n<h4 class=\"block-title\"><span>\u2013 PUBLICITATE \u2013<\/span><\/h4>\n<div class=\"textwidget custom-html-widget\"><a href=\"https:\/\/www.facebook.com\/TractariAutoVranceaSOS24\"><source srcset=\"https:\/\/www.jurnaldevrancea.ro\/wp\/wp-content\/webp-express\/webp-images\/uploads\/2024\/11\/BANNER-sos-24-2024-300x300-px.jpg.webp\" type=\"image\/webp\" \/><\/a><a href=\"https:\/\/haipromo.ro\/\"><source srcset=\"https:\/\/www.jurnaldevrancea.ro\/wp\/wp-content\/webp-express\/webp-images\/uploads\/2024\/06\/banner-HAI-PROMO-350x350px.jpg.webp\" type=\"image\/webp\" \/><\/a><a href=\"https:\/\/www.facebook.com\/acnasygcons\"><source srcset=\"https:\/\/www.jurnaldevrancea.ro\/wp\/wp-content\/webp-express\/webp-images\/uploads\/2025\/08\/Banner-350x350px-Asyg-Consulting.jpg.webp\" type=\"image\/webp\" \/><\/a><\/div>\n<\/aside>\n<\/div>\n<div class=\"td_block_wrap tdb_single_tags tdi_115 td-pb-border-top td_block_template_1\" data-td-block-uid=\"tdi_115\">\n<div class=\"tdb-block-inner td-fix-index\">\n<ul class=\"tdb-tags\">\n<li><span>Tags<\/span><\/li>\n<li><a href=\"https:\/\/www.jurnaldevrancea.ro\/tag\/apel-catre-guvern\/\">apel catre guvern<\/a><\/li>\n<li><a href=\"https:\/\/www.jurnaldevrancea.ro\/tag\/nicusor-halici\/\">nicusor halici<\/a><\/li>\n<li><a href=\"https:\/\/www.jurnaldevrancea.ro\/tag\/presedinte-cj\/\">presedinte cj<\/a><\/li>\n<\/ul>\n<\/div>\n<\/div>\n<div class=\"tdm_block td_block_wrap tdm_block_column_title tdi_116 tdm-content-horiz-center td-pb-border-top td_block_template_1\" data-td-block-uid=\"tdi_116\">\n<div class=\"td-block-row\">\n<div class=\"td-block-span12 tdm-col\">\n<div class=\"tds-title tds-title1 td-fix-index tdi_117 \">\n<h3 class=\"tdm-title tdm-title-md\">ARTICOLE SIMILARE<\/h3>\n<\/div>\n<\/div>\n<\/div>\n<\/div>\n<div class=\"td_block_wrap td_flex_block_1 tdi_118 td-pb-border-top td_block_template_1 td_flex_block\" data-td-block-uid=\"tdi_118\">\n<div id=\"tdi_118\" class=\"td_block_inner td-mc1-wrap\">\n<div class=\"td_module_flex td_module_flex_1 td_module_wrap td-animation-stack td-cpt-post\">\n<div class=\"td-module-container td-category-pos-above\">\n<div class=\"td-module-meta-info\"><a href=\"https:\/\/www.jurnaldevrancea.ro\/actualitate\/\" class=\"td-post-category\">Actualitate<\/a><\/p>\n<h3 class=\"entry-title td-module-title\"><a href=\"https:\/\/www.jurnaldevrancea.ro\/exclusiv-drona-militara-prabusita-in-curtea-unui-satean-din-vrancea-deocamdata-autoritatile-sunt-pe-silent\/\" rel=\"bookmark\" title=\"EXCLUSIV Dron\u0103 militar\u0103 pr\u0103bu\u0219it\u0103 \u00een curtea unui s\u0103tean din Vrancea! Deocamdat\u0103, autorit\u0103\u021bile sunt pe \u201esilent\u201d\">EXCLUSIV Dron\u0103 militar\u0103 pr\u0103bu\u0219it\u0103 \u00een curtea unui s\u0103tean din Vrancea! Deocamdat\u0103, autorit\u0103\u021bile sunt pe \u201esilent\u201d<\/a><\/h3>\n<div class=\"td-excerpt\">Din informa\u021biile pe care le de\u021binem la aceast\u0103 or\u0103, o dron\u0103 militar\u0103 &#8211; de&#8230;<\/div>\n<\/div>\n<\/div>\n<\/div>\n<div class=\"td_module_flex td_module_flex_1 td_module_wrap td-animation-stack td-cpt-post\">\n<div class=\"td-module-container td-category-pos-above\">\n<div class=\"td-module-meta-info\"><a href=\"https:\/\/www.jurnaldevrancea.ro\/actualitate\/\" class=\"td-post-category\">Actualitate<\/a><\/p>\n<h3 class=\"entry-title td-module-title\"><a href=\"https:\/\/www.jurnaldevrancea.ro\/ce-productii-cinematografice-pot-fi-vizionate-la-happy-cinema-focsani-in-saptamana-16-22-ianuarie-2026\/\" rel=\"bookmark\" title=\"Ce produc\u021bii cinematografice pot fi vizionate la Happy Cinema Foc\u0219ani \u00een s\u0103pt\u0103m\u00e2na 16-22 ianuarie 2026\">Ce produc\u021bii cinematografice pot fi vizionate la Happy Cinema Foc\u0219ani \u00een s\u0103pt\u0103m\u00e2na 16-22 ianuarie 2026<\/a><\/h3>\n<div class=\"td-excerpt\">Happy Cinema Foc\u0219ani v\u0103 a\u0219teapt\u0103 cu cele mai noi filme \u0219i cele mai bune&#8230;<\/div>\n<\/div>\n<\/div>\n<\/div>\n<\/div>\n<\/div>\n<\/div>\n<\/div>\n<\/div>\n<\/div>\n<div id=\"tdi_119\" class=\"tdc-row\">\n<div class=\"vc_row tdi_120  wpb_row td-pb-row\">\n<div class=\"vc_column tdi_122  wpb_column vc_column_container tdc-column td-pb-span12\">\n<div class=\"wpb_wrapper\">\n<div class=\"tdm_block td_block_wrap tdm_block_column_title tdi_123 tdm-content-horiz-center td-pb-border-top td_block_template_1\" data-td-block-uid=\"tdi_123\">\n<div class=\"td-block-row\">\n<div class=\"td-block-span12 tdm-col\">\n<div class=\"tds-title tds-title1 td-fix-index tdi_124 \">\n<h3 class=\"tdm-title tdm-title-md\">ARTICOLE POPULARE<\/h3>\n<\/div>\n<\/div>\n<\/div>\n<\/div>\n<\/div>\n<\/div>\n<\/div>\n<\/div>\n<div id=\"tdi_125\" class=\"tdc-row\">\n<div class=\"vc_row tdi_126  wpb_row td-pb-row\">\n<div class=\"vc_column tdi_128  wpb_column vc_column_container tdc-column td-pb-span12\">\n<div class=\"wpb_wrapper\">\n<div class=\"td_block_wrap td_flex_block_1 tdi_129 td-pb-border-top td_block_template_1 td_flex_block\" data-td-block-uid=\"tdi_129\">\n<div id=\"tdi_129\" class=\"td_block_inner td-mc1-wrap\">\n<div class=\"td_module_flex td_module_flex_1 td_module_wrap td-animation-stack td-cpt-post\">\n<div class=\"td-module-container td-category-pos-above\">\n<div class=\"td-module-meta-info\"><a href=\"https:\/\/www.jurnaldevrancea.ro\/actualitate\/\" class=\"td-post-category\">Actualitate<\/a><\/p>\n<h3 class=\"entry-title td-module-title\"><a href=\"https:\/\/www.jurnaldevrancea.ro\/exclusiv-drona-militara-prabusita-in-curtea-unui-satean-din-vrancea-deocamdata-autoritatile-sunt-pe-silent\/\" rel=\"bookmark\" title=\"EXCLUSIV Dron\u0103 militar\u0103 pr\u0103bu\u0219it\u0103 \u00een curtea unui s\u0103tean din Vrancea! Deocamdat\u0103, autorit\u0103\u021bile sunt pe \u201esilent\u201d\">EXCLUSIV Dron\u0103 militar\u0103 pr\u0103bu\u0219it\u0103 \u00een curtea unui s\u0103tean din Vrancea! Deocamdat\u0103, autorit\u0103\u021bile sunt pe \u201esilent\u201d<\/a><\/h3>\n<div class=\"td-excerpt\">Din informa\u021biile pe care le de\u021binem la aceast\u0103 or\u0103, o dron\u0103 militar\u0103 &#8211; de&#8230;<\/div>\n<div class=\"td-editor-date\"><span class=\"td-author-date\"><span class=\"td-post-date\"><time class=\"entry-date updated td-module-date\" datetime=\"2026-01-18T07:57:35+02:00\">18\/01\/2026<\/time><\/span><\/span><\/div>\n<\/div>\n<\/div>\n<\/div>\n<div class=\"td_module_flex td_module_flex_1 td_module_wrap td-animation-stack td-cpt-post\">\n<div class=\"td-module-container td-category-pos-above\">\n<div class=\"td-module-meta-info\"><a href=\"https:\/\/www.jurnaldevrancea.ro\/actualitate\/\" class=\"td-post-category\">Actualitate<\/a><\/p>\n<h3 class=\"entry-title td-module-title\"><a href=\"https:\/\/www.jurnaldevrancea.ro\/scene-de-groaza-copil-de-10-ani-injunghiat-de-24-de-ori-de-un-alt-copil-din-cauza-unei-jucarii\/\" rel=\"bookmark\" title=\"Scene de groaz\u0103: copil de 10 ani, \u00eenjunghiat de 24 de ori de un alt copil din cauza unei juc\u0103rii\">Scene de groaz\u0103: copil de 10 ani, \u00eenjunghiat de 24 de ori de un alt copil din cauza unei juc\u0103rii<\/a><\/h3>\n<div class=\"td-excerpt\">Un caz cutremur\u0103tor a zguduit joi dup\u0103-amiaz\u0103 comuna Viziru, din jude\u021bul Br\u0103ila. Doi copii,&#8230;<\/div>\n<div class=\"td-editor-date\"><span class=\"td-author-date\"><span class=\"td-post-date\"><time class=\"entry-date updated td-module-date\" datetime=\"2026-01-17T11:32:31+02:00\">17\/01\/2026<\/time><\/span><\/span><\/div>\n<\/div>\n<\/div>\n<\/div>\n<div class=\"td_module_flex td_module_flex_1 td_module_wrap td-animation-stack td-cpt-post\">\n<div class=\"td-module-container td-category-pos-above\">\n<div class=\"td-module-meta-info\"><a href=\"https:\/\/www.jurnaldevrancea.ro\/actualitate\/\" class=\"td-post-category\">Actualitate<\/a><\/p>\n<h3 class=\"entry-title td-module-title\"><a href=\"https:\/\/www.jurnaldevrancea.ro\/critica-in-sanul-psd-vrancea-deputatul-angel-tilvar-despre-esecurile-administratiei-misaila-circulatie-proasta-oras-mai-betonat-orgolii-mai-mari\/\" rel=\"bookmark\" title=\"Critic\u0103 \u00een s\u00e2nul PSD Vrancea! Deputatul Angel T\u00eelv\u0103r despre e\u0219ecurile administra\u021biei Mis\u0103il\u0103: circula\u021bie mai proast\u0103, ora\u0219 mai betonat, orgolii mai mari\">Critic\u0103 \u00een s\u00e2nul PSD Vrancea! Deputatul Angel T\u00eelv\u0103r despre e\u0219ecurile administra\u021biei Mis\u0103il\u0103: circula\u021bie mai proast\u0103, ora\u0219 mai betonat, orgolii mai mari<\/a><\/h3>\n<div class=\"td-excerpt\">Fostul editorialist Corneliu Condurache, \u00eenc\u0103 posesor al brandului \u201eZiarul de Vrancea\u201d, ne-a uimit de&#8230;<\/div>\n<div class=\"td-editor-date\"><span class=\"td-author-date\"><span class=\"td-post-date\"><time class=\"entry-date updated td-module-date\" datetime=\"2026-01-14T14:16:33+02:00\">14\/01\/2026<\/time><\/span><\/span><\/div>\n<\/div>\n<\/div>\n<\/div>\n<\/div>\n<\/div>\n<\/div>\n<\/div>\n<\/div>\n<\/div>\n<\/div>\n<\/div>\n<p><span class=\"td-page-meta\"><\/span><span class=\"td-page-meta\"><span class=\"td-page-meta\"><\/span><\/span><span class=\"td-page-meta\"><\/span><\/article>\n<p> Source URL: https:\/\/www.jurnaldevrancea.ro\/presedintele-consiliului-judetean-vrancea-apel-public-catre-guvernul-romaniei-destinele-celor-vulnerabili-nu-pot-fi-puse-in-pericol\/<\/p>\n","protected":false},"excerpt":{"rendered":"<p>Acas\u0103ActualitatePre\u0219edintele Consiliului Jude\u021bean Vrancea, apel public c\u0103tre Guvernul Rom\u00e2niei: \u201eDestinele celor vulnerabili nu pot fi puse&#8230; ActualitateAdministra\u021bie Pre\u0219edintele Consiliului Jude\u021bean Vrancea, apel public c\u0103tre Guvernul Rom\u00e2niei: \u201eDestinele celor vulnerabili nu pot fi puse \u00een pericol!\u201d DE:Editor Online 04\/12\/2025 149 Facebook Twitter WhatsApp Imprimare Vrancea cere Guvernului s\u0103 \u00ee\u0219i respecte obliga\u021biile! Nevoia acestui apel public deriv\u0103 [&hellip;]<\/p>\n","protected":false},"author":1,"featured_media":1266651,"comment_status":"open","ping_status":"","sticky":false,"template":"","format":"standard","meta":{"footnotes":""},"categories":[89],"tags":[207],"class_list":["post-1266649","post","type-post","status-publish","format-standard","has-post-thumbnail","hentry","category-romania","tag-jurnaldevrancea-ro"],"_links":{"self":[{"href":"https:\/\/analyse.optim.biz\/index.php?rest_route=\/wp\/v2\/posts\/1266649","targetHints":{"allow":["GET"]}}],"collection":[{"href":"https:\/\/analyse.optim.biz\/index.php?rest_route=\/wp\/v2\/posts"}],"about":[{"href":"https:\/\/analyse.optim.biz\/index.php?rest_route=\/wp\/v2\/types\/post"}],"author":[{"embeddable":true,"href":"https:\/\/analyse.optim.biz\/index.php?rest_route=\/wp\/v2\/users\/1"}],"replies":[{"embeddable":true,"href":"https:\/\/analyse.optim.biz\/index.php?rest_route=%2Fwp%2Fv2%2Fcomments&post=1266649"}],"version-history":[{"count":0,"href":"https:\/\/analyse.optim.biz\/index.php?rest_route=\/wp\/v2\/posts\/1266649\/revisions"}],"wp:featuredmedia":[{"embeddable":true,"href":"https:\/\/analyse.optim.biz\/index.php?rest_route=\/wp\/v2\/media\/1266651"}],"wp:attachment":[{"href":"https:\/\/analyse.optim.biz\/index.php?rest_route=%2Fwp%2Fv2%2Fmedia&parent=1266649"}],"wp:term":[{"taxonomy":"category","embeddable":true,"href":"https:\/\/analyse.optim.biz\/index.php?rest_route=%2Fwp%2Fv2%2Fcategories&post=1266649"},{"taxonomy":"post_tag","embeddable":true,"href":"https:\/\/analyse.optim.biz\/index.php?rest_route=%2Fwp%2Fv2%2Ftags&post=1266649"}],"curies":[{"name":"wp","href":"https:\/\/api.w.org\/{rel}","templated":true}]}}