{"id":1266350,"date":"2025-12-07T04:34:28","date_gmt":"2025-12-07T01:34:28","guid":{"rendered":"https:\/\/analyse.optim.biz\/?p=1266350"},"modified":"2025-12-07T04:34:28","modified_gmt":"2025-12-07T01:34:28","slug":"alex-moldovan","status":"publish","type":"post","link":"https:\/\/analyse.optim.biz\/?p=1266350","title":{"rendered":"Alex Moldovan"},"content":{"rendered":"<article id=\"template-id-121345\" class=\"post-121345 tdb_templates type-tdb_templates status-publish post\">\n<div id=\"tdi_73\" class=\"tdc-zone\">\n<div class=\"tdc_zone tdi_74  wpb_row td-pb-row\">\n<div id=\"tdi_75\" class=\"tdc-row\">\n<div class=\"vc_row tdi_76  wpb_row td-pb-row\">\n<div class=\"vc_column tdi_78  wpb_column vc_column_container tdc-column td-pb-span12\">\n<div class=\"wpb_wrapper\">\n<div class=\"td_block_wrap td-a-rec td-a-rec-id-custom-spot td-a-rec-img tdi_79 td_block_template_1\">\n<div><a href target=\"blank\" class=\"td_spot_img_all\"><img loading=\"lazy\" decoding=\"async\" src=\"https:\/\/analyse.optim.biz\/wp-content\/uploads\/2026\/01\/banner-aurora-multimarket-1200x200px.jpg\" alt=\"spot_img\" width=\"1200\" height=\"200\" title=\"banner-aurora-multimarket-1200x200px\"><\/a><a href target=\"blank\" class=\"td_spot_img_mob\"><img loading=\"lazy\" decoding=\"async\" src=\"https:\/\/analyse.optim.biz\/wp-content\/uploads\/2026\/01\/banner-aurora-multimarket-350x350px.jpg\" alt=\"spot_img\" width=\"300\" height=\"350\" title=\"banner-aurora-multimarket-350x350px\"><\/a><\/div>\n<\/div>\n<\/div>\n<\/div>\n<\/div>\n<\/div>\n<div id=\"tdi_80\" class=\"tdc-row\">\n<div class=\"vc_row tdi_81  wpb_row td-pb-row\">\n<div class=\"vc_column tdi_83  wpb_column vc_column_container tdc-column td-pb-span12\">\n<div class=\"wpb_wrapper\">\n<div class=\"td_block_wrap tdb_breadcrumbs tdi_84 td-pb-border-top td_block_template_1 tdb-breadcrumbs \" data-td-block-uid=\"tdi_84\">\n<div class=\"tdb-block-inner td-fix-index\"><span><a title class=\"tdb-entry-crumb\" href=\"https:\/\/www.jurnaldevrancea.ro\/\">Acas\u0103<\/a><\/span><span><a title=\"Vede\u021bi toate articolele \u00een Actualitate\" class=\"tdb-entry-crumb\" href=\"https:\/\/www.jurnaldevrancea.ro\/actualitate\/\">Actualitate<\/a><\/span><span class=\"tdb-bred-no-url-last\">Spitalul Municipal Adjud \u00ee\u0219i \u00eent\u0103re\u0219te echipa prin integrarea Dr. Oancea Iustina ca medic specialist ORL<\/span><\/div>\n<\/div>\n<div class=\"td_block_wrap tdb_single_categories tdi_85 td-pb-border-top td_block_template_1 \" data-td-block-uid=\"tdi_85\">\n<div class=\"tdb-category td-fix-index\"><a class=\"tdb-entry-category\" href=\"https:\/\/www.jurnaldevrancea.ro\/actualitate\/\">Actualitate<\/a><a class=\"tdb-entry-category\" href=\"https:\/\/www.jurnaldevrancea.ro\/social\/\">Social<\/a><\/div>\n<\/div>\n<div class=\"td_block_wrap tdb_title tdi_86 tdb-single-title td-pb-border-top td_block_template_1\" data-td-block-uid=\"tdi_86\">\n<div class=\"tdb-block-inner td-fix-index\">\n<h2 class=\"tdb-title-text\">Spitalul Municipal Adjud \u00ee\u0219i \u00eent\u0103re\u0219te echipa prin integrarea Dr. Oancea Iustina ca medic specialist ORL<\/h2>\n<\/div>\n<\/div>\n<div class=\"vc_row_inner tdi_88  vc_row vc_inner wpb_row td-pb-row\">\n<div class=\"vc_column_inner tdi_90  wpb_column vc_column_container tdc-inner-column td-pb-span3\">\n<div class=\"vc_column-inner\">\n<div class=\"wpb_wrapper\">\n<div class=\"td_block_wrap tdb_single_author tdi_91 td-pb-border-top td_block_template_1 tdb-post-meta\" data-td-block-uid=\"tdi_91\">\n<div class=\"tdb-block-inner td-fix-index\">\n<div class=\"tdb-author-name-wrap\"><span class=\"tdb-author-by\">DE:<\/span><a class=\"tdb-author-name\" href=\"https:\/\/www.jurnaldevrancea.ro\/author\/alex-moldovan\/\">Alex Moldovan<\/a><\/div>\n<\/div>\n<\/div>\n<\/div>\n<\/div>\n<\/div>\n<div class=\"vc_column_inner tdi_93  wpb_column vc_column_container tdc-inner-column td-pb-span3\">\n<div class=\"vc_column-inner\">\n<div class=\"wpb_wrapper\">\n<div class=\"td_block_wrap tdb_single_date tdi_94 td-pb-border-top td_block_template_1 tdb-post-meta\" data-td-block-uid=\"tdi_94\">\n<div class=\"tdb-block-inner td-fix-index\"><time class=\"entry-date updated td-module-date\" datetime=\"2025-12-07T06:34:28+02:00\">07\/12\/2025<\/time><\/div>\n<\/div>\n<\/div>\n<\/div>\n<\/div>\n<div class=\"vc_column_inner tdi_96  wpb_column vc_column_container tdc-inner-column td-pb-span3\">\n<div class=\"vc_column-inner\">\n<div class=\"wpb_wrapper\">\n<div class=\"td_block_wrap tdb_single_post_views tdi_97 td-pb-border-top td_block_template_1 tdb-post-meta\" data-td-block-uid=\"tdi_97\">\n<div class=\"tdb-block-inner td-fix-index\"><span class=\"td-nr-views-156248\">120<\/span><\/div>\n<\/div>\n<\/div>\n<\/div>\n<\/div>\n<div class=\"vc_column_inner tdi_99  wpb_column vc_column_container tdc-inner-column td-pb-span3\">\n<div class=\"vc_column-inner\">\n<div class=\"wpb_wrapper\">\n<div class=\"td_block_wrap tdb_single_post_share tdi_100  td-pb-border-top td_block_template_1\" data-td-block-uid=\"tdi_100\">\n<div id=\"tdi_100\" class=\"td-post-sharing tdb-block td-ps-bg td-ps-notext td-ps-bar td-post-sharing-style5 \">\n<div class=\"td-post-sharing-visible\"><a class=\"td-social-sharing-button td-social-sharing-button-js td-social-network td-social-facebook\" href=\"https:\/\/www.facebook.com\/sharer.php?u=https%3A%2F%2Fwww.jurnaldevrancea.ro%2Fspitalul-municipal-adjud-isi-intareste-echipa-prin-integrarea-dr-oancea-iustina-ca-medic-specialist-orl%2F\" title=\"Facebook\"><\/p>\n<div class=\"td-social-but-text\">Facebook<\/div>\n<p><\/a><a class=\"td-social-sharing-button td-social-sharing-button-js td-social-network td-social-twitter\" href=\"https:\/\/twitter.com\/intent\/tweet?text=Spitalul+Municipal+Adjud+%C3%AE%C8%99i+%C3%AEnt%C4%83re%C8%99te+echipa+prin+integrarea+Dr.+Oancea+Iustina+ca+medic+specialist+ORL&amp;url=https%3A%2F%2Fwww.jurnaldevrancea.ro%2Fspitalul-municipal-adjud-isi-intareste-echipa-prin-integrarea-dr-oancea-iustina-ca-medic-specialist-orl%2F&amp;via=Jurnal+de+Vrancea+-+Stiri+din+Vrancea+si+Focsani\" title=\"Twitter\"><\/p>\n<div class=\"td-social-but-text\">Twitter<\/div>\n<p><\/a><a class=\"td-social-sharing-button td-social-sharing-button-js td-social-network td-social-whatsapp\" href=\"https:\/\/api.whatsapp.com\/send?text=Spitalul+Municipal+Adjud+%C3%AE%C8%99i+%C3%AEnt%C4%83re%C8%99te+echipa+prin+integrarea+Dr.+Oancea+Iustina+ca+medic+specialist+ORL%20%0A%0A%20https:\/\/www.jurnaldevrancea.ro\/spitalul-municipal-adjud-isi-intareste-echipa-prin-integrarea-dr-oancea-iustina-ca-medic-specialist-orl\/\" title=\"WhatsApp\"><\/p>\n<div class=\"td-social-but-text\">WhatsApp<\/div>\n<p><\/a><a class=\"td-social-sharing-button td-social-sharing-button-js td-social-network td-social-print\" href=\"https:\/\/www.jurnaldevrancea.ro\/spitalul-municipal-adjud-isi-intareste-echipa-prin-integrarea-dr-oancea-iustina-ca-medic-specialist-orl\/\" title=\"Imprimare\"><\/p>\n<div class=\"td-social-but-text\">Imprimare<\/div>\n<p><\/a><\/div>\n<\/div>\n<\/div>\n<\/div>\n<\/div>\n<\/div>\n<\/div>\n<\/div>\n<\/div>\n<\/div>\n<\/div>\n<div id=\"tdi_101\" class=\"tdc-row\">\n<div class=\"vc_row tdi_102  wpb_row td-pb-row\">\n<div class=\"vc_column tdi_104  wpb_column vc_column_container tdc-column td-pb-span8\">\n<div class=\"wpb_wrapper\">\n<div class=\"td_block_wrap tdb_single_featured_image tdi_105 tdb-content-horiz-left td-pb-border-top td_block_template_1\" data-td-block-uid=\"tdi_105\">\n<div class=\"tdb-block-inner td-fix-index\"><img loading=\"lazy\" decoding=\"async\" width=\"696\" height=\"584\" class=\"entry-thumb\" src=\"https:\/\/analyse.optim.biz\/wp-content\/uploads\/2026\/01\/dr-oancea-iustina-orl-adjud-696x584-1.jpg\" title=\"dr oancea iustina orl adjud\"><\/div>\n<\/div>\n<div class=\"td_block_wrap tdb_single_content tdi_106 td-pb-border-top td_block_template_1 td-post-content tagdiv-type\" data-td-block-uid=\"tdi_106\">\n<div class=\"tdb-block-inner td-fix-index\">\n<p data-start=\"219\" data-end=\"449\">Spitalul Municipal Adjud anun\u021b\u0103 integrarea \u00een cadrul sec\u021biei de Otorinolaringologie a Dr. Oancea Iustina, medic specialist, a c\u0103rei activitate se distinge prin rigoare profesional\u0103 \u0219i orientare constant\u0103 c\u0103tre nevoile pacientului.<\/p>\n<p data-start=\"451\" data-end=\"878\">Dr. Oancea a absolvit Universitatea de Medicin\u0103 \u0219i Farmacie \u201eGrigore T. Popa\u201d din Ia\u0219i, institu\u021bie \u00een cadrul c\u0103reia \u0219i-a fundamentat preg\u0103tirea teoretic\u0103 \u0219i clinic\u0103. Formarea sa a continuat prin programul de reziden\u021biat \u00een specialitatea Otorinolaringologie, desf\u0103\u0219urat la Spitalul Sf. Spiridon din Ia\u0219i, un centru medical de referin\u021b\u0103, unde a beneficiat de instruire \u00eentr-un mediu complex \u0219i de expunere la o patologie divers\u0103.<\/p>\n<p data-start=\"880\" data-end=\"1235\">\u00cencep\u00e2nd cu luna decembrie 2025, dup\u0103 finalizarea reziden\u021biatului, Dr. Oancea \u0219i-a \u00eenceput activitatea profesional\u0103 \u00een cadrul Spitalului Municipal Adjud. \u00cen prezent, aceasta gestioneaz\u0103 cu competen\u021b\u0103 afec\u021biuni ORL acute \u0219i cronice, precum \u0219i urgen\u021be specifice domeniului, contribuind la extinderea \u0219i consolidarea serviciilor medicale oferite comunit\u0103\u021bii.<\/p>\n<p data-start=\"1237\" data-end=\"1612\">Pe l\u00e2ng\u0103 expertiza clinic\u0103, Dr. Oancea acord\u0103 o aten\u021bie deosebit\u0103 comunic\u0103rii eficiente \u0219i rela\u021biei cu pacien\u021bii, promov\u00e2nd un act medical bazat pe \u00eencredere, respect \u0219i responsabilitate. De asemenea, \u00ee\u0219i exprim\u0103 disponibilitatea continu\u0103 pentru dezvoltare profesional\u0103 \u0219i pentru participarea activ\u0103 la \u00eembun\u0103t\u0103\u021birea calit\u0103\u021bii serviciilor medicale din unitatea spitaliceasc\u0103.<\/p>\n<\/div>\n<\/div>\n<div class=\"td_block_wrap td-a-rec td-a-rec-id-custom-spot td-a-rec-img tdi_107 td_block_template_1\">\n<div><a href=\"https:\/\/www.tomitatravel.ro\/\" target=\"blank\" class=\"td_spot_img_all\"><img loading=\"lazy\" decoding=\"async\" src=\"https:\/\/analyse.optim.biz\/wp-content\/uploads\/2026\/01\/banner-tomita_travel-focsani-1200x200-1.jpg\" alt=\"Tomi\u021b\u0103 Travel - Agen\u021bie de turism Foc\u0219ani\" width=\"1200\" height=\"200\" title=\"banner-tomita_travel-focsani-1200x200-1\"><\/a><a href=\"https:\/\/www.tomitatravel.ro\/\" target=\"blank\" class=\"td_spot_img_mob\"><img loading=\"lazy\" decoding=\"async\" src=\"https:\/\/analyse.optim.biz\/wp-content\/uploads\/2026\/01\/banner-tomita_travel-focsani-350x350-1.jpg\" alt=\"Tomi\u021b\u0103 Travel - Agen\u021bie de turism Foc\u0219ani\" width=\"300\" height=\"350\" title=\"banner-tomita_travel-focsani-350x350-1\"><\/a><\/div>\n<\/div>\n<div class=\"td_block_wrap td-a-rec td-a-rec-id-custom-spot td-a-rec-img tdi_108 td_block_template_1\">\n<div><a href=\"https:\/\/www.dezromania.ro\/categorii\/category\/14-produse.html\" target=\"blank\" class=\"td_spot_img_all\"><img loading=\"lazy\" decoding=\"async\" src=\"https:\/\/analyse.optim.biz\/wp-content\/uploads\/2026\/01\/banner-1200x200-sipotehnokar-auto-avariate-2025.jpg\" alt=\"spot_img\" width=\"1200\" height=\"200\" title=\"banner-1200x200-sipotehnokar-auto-avariate-2025\"><\/a><a href=\"https:\/\/www.dezromania.ro\/categorii\/category\/14-produse.html\" target=\"blank\" class=\"td_spot_img_mob\"><img loading=\"lazy\" decoding=\"async\" src=\"https:\/\/analyse.optim.biz\/wp-content\/uploads\/2026\/01\/banner-sipotehnokar-300xx220px-2025.jpg\" alt=\"spot_img\" width=\"300\" height=\"220\" title=\"banner-sipotehnokar-300xx220px-2025\"><\/a><\/div>\n<\/div>\n<div class=\"td_block_wrap td-a-rec td-a-rec-id-custom-spot td-a-rec-img tdi_109 td_block_template_1\">\n<div><a href=\"https:\/\/haipromo.ro\/\" target=\"blank\" class=\"td_spot_img_all\"><img loading=\"lazy\" decoding=\"async\" src=\"https:\/\/analyse.optim.biz\/wp-content\/uploads\/2026\/01\/banner-hai-promo-1200x200px.jpg\" alt=\"HAI PROMO\" width=\"1200\" height=\"200\" title=\"banner-hai-promo-1200x200px\"><\/a><a href=\"https:\/\/haipromo.ro\/\" target=\"blank\" class=\"td_spot_img_mob\"><img loading=\"lazy\" decoding=\"async\" src=\"https:\/\/analyse.optim.biz\/wp-content\/uploads\/2026\/01\/banner-hai-promo-350x350px.jpg\" alt=\"HAI PROMO\" width=\"350\" height=\"350\" title=\"banner-hai-promo-350x350px\"><\/a><\/div>\n<\/div>\n<\/div>\n<\/div>\n<div class=\"vc_column tdi_112  wpb_column vc_column_container tdc-column td-pb-span4\">\n<div class=\"wpb_wrapper\">\n<div class=\"wpb_wrapper td_block_wrap vc_widget_sidebar tdi_114 \">\n<aside id=\"custom_html-12\" class=\"widget_text td_block_template_1 widget custom_html-12 widget_custom_html\">\n<h4 class=\"block-title\"><span>\u2013 PUBLICITATE \u2013<\/span><\/h4>\n<div class=\"textwidget custom-html-widget\"><a href=\"https:\/\/www.facebook.com\/TractariAutoVranceaSOS24\"><source srcset=\"https:\/\/www.jurnaldevrancea.ro\/wp\/wp-content\/webp-express\/webp-images\/uploads\/2024\/11\/BANNER-sos-24-2024-300x300-px.jpg.webp\" type=\"image\/webp\" \/><\/a><a href=\"https:\/\/haipromo.ro\/\"><source srcset=\"https:\/\/www.jurnaldevrancea.ro\/wp\/wp-content\/webp-express\/webp-images\/uploads\/2024\/06\/banner-HAI-PROMO-350x350px.jpg.webp\" type=\"image\/webp\" \/><\/a><a href=\"https:\/\/www.facebook.com\/acnasygcons\"><source srcset=\"https:\/\/www.jurnaldevrancea.ro\/wp\/wp-content\/webp-express\/webp-images\/uploads\/2025\/08\/Banner-350x350px-Asyg-Consulting.jpg.webp\" type=\"image\/webp\" \/><\/a><\/div>\n<\/aside>\n<\/div>\n<div class=\"tdm_block td_block_wrap tdm_block_column_title tdi_116 tdm-content-horiz-center td-pb-border-top td_block_template_1\" data-td-block-uid=\"tdi_116\">\n<div class=\"td-block-row\">\n<div class=\"td-block-span12 tdm-col\">\n<div class=\"tds-title tds-title1 td-fix-index tdi_117 \">\n<h3 class=\"tdm-title tdm-title-md\">ARTICOLE SIMILARE<\/h3>\n<\/div>\n<\/div>\n<\/div>\n<\/div>\n<div class=\"td_block_wrap td_flex_block_1 tdi_118 td-pb-border-top td_block_template_1 td_flex_block\" data-td-block-uid=\"tdi_118\">\n<div id=\"tdi_118\" class=\"td_block_inner td-mc1-wrap\">\n<div class=\"td_module_flex td_module_flex_1 td_module_wrap td-animation-stack td-cpt-post\">\n<div class=\"td-module-container td-category-pos-above\">\n<div class=\"td-module-meta-info\"><a href=\"https:\/\/www.jurnaldevrancea.ro\/actualitate\/\" class=\"td-post-category\">Actualitate<\/a><\/p>\n<h3 class=\"entry-title td-module-title\"><a href=\"https:\/\/www.jurnaldevrancea.ro\/exclusiv-drona-militara-prabusita-in-curtea-unui-satean-din-vrancea-deocamdata-autoritatile-sunt-pe-silent\/\" rel=\"bookmark\" title=\"EXCLUSIV Dron\u0103 militar\u0103 pr\u0103bu\u0219it\u0103 \u00een curtea unui s\u0103tean din Vrancea! Deocamdat\u0103, autorit\u0103\u021bile sunt pe \u201esilent\u201d\">EXCLUSIV Dron\u0103 militar\u0103 pr\u0103bu\u0219it\u0103 \u00een curtea unui s\u0103tean din Vrancea! Deocamdat\u0103, autorit\u0103\u021bile sunt pe \u201esilent\u201d<\/a><\/h3>\n<div class=\"td-excerpt\">Din informa\u021biile pe care le de\u021binem la aceast\u0103 or\u0103, o dron\u0103 militar\u0103 &#8211; de&#8230;<\/div>\n<\/div>\n<\/div>\n<\/div>\n<div class=\"td_module_flex td_module_flex_1 td_module_wrap td-animation-stack td-cpt-post\">\n<div class=\"td-module-container td-category-pos-above\">\n<div class=\"td-module-meta-info\"><a href=\"https:\/\/www.jurnaldevrancea.ro\/actualitate\/\" class=\"td-post-category\">Actualitate<\/a><\/p>\n<h3 class=\"entry-title td-module-title\"><a href=\"https:\/\/www.jurnaldevrancea.ro\/ce-productii-cinematografice-pot-fi-vizionate-la-happy-cinema-focsani-in-saptamana-16-22-ianuarie-2026\/\" rel=\"bookmark\" title=\"Ce produc\u021bii cinematografice pot fi vizionate la Happy Cinema Foc\u0219ani \u00een s\u0103pt\u0103m\u00e2na 16-22 ianuarie 2026\">Ce produc\u021bii cinematografice pot fi vizionate la Happy Cinema Foc\u0219ani \u00een s\u0103pt\u0103m\u00e2na 16-22 ianuarie 2026<\/a><\/h3>\n<div class=\"td-excerpt\">Happy Cinema Foc\u0219ani v\u0103 a\u0219teapt\u0103 cu cele mai noi filme \u0219i cele mai bune&#8230;<\/div>\n<\/div>\n<\/div>\n<\/div>\n<\/div>\n<\/div>\n<\/div>\n<\/div>\n<\/div>\n<\/div>\n<div id=\"tdi_119\" class=\"tdc-row\">\n<div class=\"vc_row tdi_120  wpb_row td-pb-row\">\n<div class=\"vc_column tdi_122  wpb_column vc_column_container tdc-column td-pb-span12\">\n<div class=\"wpb_wrapper\">\n<div class=\"tdm_block td_block_wrap tdm_block_column_title tdi_123 tdm-content-horiz-center td-pb-border-top td_block_template_1\" data-td-block-uid=\"tdi_123\">\n<div class=\"td-block-row\">\n<div class=\"td-block-span12 tdm-col\">\n<div class=\"tds-title tds-title1 td-fix-index tdi_124 \">\n<h3 class=\"tdm-title tdm-title-md\">ARTICOLE POPULARE<\/h3>\n<\/div>\n<\/div>\n<\/div>\n<\/div>\n<\/div>\n<\/div>\n<\/div>\n<\/div>\n<div id=\"tdi_125\" class=\"tdc-row\">\n<div class=\"vc_row tdi_126  wpb_row td-pb-row\">\n<div class=\"vc_column tdi_128  wpb_column vc_column_container tdc-column td-pb-span12\">\n<div class=\"wpb_wrapper\">\n<div class=\"td_block_wrap td_flex_block_1 tdi_129 td-pb-border-top td_block_template_1 td_flex_block\" data-td-block-uid=\"tdi_129\">\n<div id=\"tdi_129\" class=\"td_block_inner td-mc1-wrap\">\n<div class=\"td_module_flex td_module_flex_1 td_module_wrap td-animation-stack td-cpt-post\">\n<div class=\"td-module-container td-category-pos-above\">\n<div class=\"td-module-meta-info\"><a href=\"https:\/\/www.jurnaldevrancea.ro\/actualitate\/\" class=\"td-post-category\">Actualitate<\/a><\/p>\n<h3 class=\"entry-title td-module-title\"><a href=\"https:\/\/www.jurnaldevrancea.ro\/exclusiv-drona-militara-prabusita-in-curtea-unui-satean-din-vrancea-deocamdata-autoritatile-sunt-pe-silent\/\" rel=\"bookmark\" title=\"EXCLUSIV Dron\u0103 militar\u0103 pr\u0103bu\u0219it\u0103 \u00een curtea unui s\u0103tean din Vrancea! Deocamdat\u0103, autorit\u0103\u021bile sunt pe \u201esilent\u201d\">EXCLUSIV Dron\u0103 militar\u0103 pr\u0103bu\u0219it\u0103 \u00een curtea unui s\u0103tean din Vrancea! Deocamdat\u0103, autorit\u0103\u021bile sunt pe \u201esilent\u201d<\/a><\/h3>\n<div class=\"td-excerpt\">Din informa\u021biile pe care le de\u021binem la aceast\u0103 or\u0103, o dron\u0103 militar\u0103 &#8211; de&#8230;<\/div>\n<div class=\"td-editor-date\"><span class=\"td-author-date\"><span class=\"td-post-date\"><time class=\"entry-date updated td-module-date\" datetime=\"2026-01-18T07:57:35+02:00\">18\/01\/2026<\/time><\/span><\/span><\/div>\n<\/div>\n<\/div>\n<\/div>\n<div class=\"td_module_flex td_module_flex_1 td_module_wrap td-animation-stack td-cpt-post\">\n<div class=\"td-module-container td-category-pos-above\">\n<div class=\"td-module-meta-info\"><a href=\"https:\/\/www.jurnaldevrancea.ro\/actualitate\/\" class=\"td-post-category\">Actualitate<\/a><\/p>\n<h3 class=\"entry-title td-module-title\"><a href=\"https:\/\/www.jurnaldevrancea.ro\/scene-de-groaza-copil-de-10-ani-injunghiat-de-24-de-ori-de-un-alt-copil-din-cauza-unei-jucarii\/\" rel=\"bookmark\" title=\"Scene de groaz\u0103: copil de 10 ani, \u00eenjunghiat de 24 de ori de un alt copil din cauza unei juc\u0103rii\">Scene de groaz\u0103: copil de 10 ani, \u00eenjunghiat de 24 de ori de un alt copil din cauza unei juc\u0103rii<\/a><\/h3>\n<div class=\"td-excerpt\">Un caz cutremur\u0103tor a zguduit joi dup\u0103-amiaz\u0103 comuna Viziru, din jude\u021bul Br\u0103ila. Doi copii,&#8230;<\/div>\n<div class=\"td-editor-date\"><span class=\"td-author-date\"><span class=\"td-post-date\"><time class=\"entry-date updated td-module-date\" datetime=\"2026-01-17T11:32:31+02:00\">17\/01\/2026<\/time><\/span><\/span><\/div>\n<\/div>\n<\/div>\n<\/div>\n<div class=\"td_module_flex td_module_flex_1 td_module_wrap td-animation-stack td-cpt-post\">\n<div class=\"td-module-container td-category-pos-above\">\n<div class=\"td-module-meta-info\"><a href=\"https:\/\/www.jurnaldevrancea.ro\/actualitate\/\" class=\"td-post-category\">Actualitate<\/a><\/p>\n<h3 class=\"entry-title td-module-title\"><a href=\"https:\/\/www.jurnaldevrancea.ro\/critica-in-sanul-psd-vrancea-deputatul-angel-tilvar-despre-esecurile-administratiei-misaila-circulatie-proasta-oras-mai-betonat-orgolii-mai-mari\/\" rel=\"bookmark\" title=\"Critic\u0103 \u00een s\u00e2nul PSD Vrancea! Deputatul Angel T\u00eelv\u0103r despre e\u0219ecurile administra\u021biei Mis\u0103il\u0103: circula\u021bie mai proast\u0103, ora\u0219 mai betonat, orgolii mai mari\">Critic\u0103 \u00een s\u00e2nul PSD Vrancea! Deputatul Angel T\u00eelv\u0103r despre e\u0219ecurile administra\u021biei Mis\u0103il\u0103: circula\u021bie mai proast\u0103, ora\u0219 mai betonat, orgolii mai mari<\/a><\/h3>\n<div class=\"td-excerpt\">Fostul editorialist Corneliu Condurache, \u00eenc\u0103 posesor al brandului \u201eZiarul de Vrancea\u201d, ne-a uimit de&#8230;<\/div>\n<div class=\"td-editor-date\"><span class=\"td-author-date\"><span class=\"td-post-date\"><time class=\"entry-date updated td-module-date\" datetime=\"2026-01-14T14:16:33+02:00\">14\/01\/2026<\/time><\/span><\/span><\/div>\n<\/div>\n<\/div>\n<\/div>\n<\/div>\n<\/div>\n<\/div>\n<\/div>\n<\/div>\n<\/div>\n<\/div>\n<\/div>\n<p><span class=\"td-page-meta\"><\/span><span class=\"td-page-meta\"><span class=\"td-page-meta\"><\/span><\/span><span class=\"td-page-meta\"><\/span><\/article>\n<p> Source URL: https:\/\/www.jurnaldevrancea.ro\/spitalul-municipal-adjud-isi-intareste-echipa-prin-integrarea-dr-oancea-iustina-ca-medic-specialist-orl\/<\/p>\n","protected":false},"excerpt":{"rendered":"<p>Acas\u0103ActualitateSpitalul Municipal Adjud \u00ee\u0219i \u00eent\u0103re\u0219te echipa prin integrarea Dr. Oancea Iustina ca medic specialist ORL ActualitateSocial Spitalul Municipal Adjud \u00ee\u0219i \u00eent\u0103re\u0219te echipa prin integrarea Dr. Oancea Iustina ca medic specialist ORL DE:Alex Moldovan 07\/12\/2025 120 Facebook Twitter WhatsApp Imprimare Spitalul Municipal Adjud anun\u021b\u0103 integrarea \u00een cadrul sec\u021biei de Otorinolaringologie a Dr. Oancea Iustina, medic specialist, [&hellip;]<\/p>\n","protected":false},"author":1,"featured_media":1266352,"comment_status":"open","ping_status":"","sticky":false,"template":"","format":"standard","meta":{"footnotes":""},"categories":[89],"tags":[207],"class_list":["post-1266350","post","type-post","status-publish","format-standard","has-post-thumbnail","hentry","category-romania","tag-jurnaldevrancea-ro"],"_links":{"self":[{"href":"https:\/\/analyse.optim.biz\/index.php?rest_route=\/wp\/v2\/posts\/1266350","targetHints":{"allow":["GET"]}}],"collection":[{"href":"https:\/\/analyse.optim.biz\/index.php?rest_route=\/wp\/v2\/posts"}],"about":[{"href":"https:\/\/analyse.optim.biz\/index.php?rest_route=\/wp\/v2\/types\/post"}],"author":[{"embeddable":true,"href":"https:\/\/analyse.optim.biz\/index.php?rest_route=\/wp\/v2\/users\/1"}],"replies":[{"embeddable":true,"href":"https:\/\/analyse.optim.biz\/index.php?rest_route=%2Fwp%2Fv2%2Fcomments&post=1266350"}],"version-history":[{"count":0,"href":"https:\/\/analyse.optim.biz\/index.php?rest_route=\/wp\/v2\/posts\/1266350\/revisions"}],"wp:featuredmedia":[{"embeddable":true,"href":"https:\/\/analyse.optim.biz\/index.php?rest_route=\/wp\/v2\/media\/1266352"}],"wp:attachment":[{"href":"https:\/\/analyse.optim.biz\/index.php?rest_route=%2Fwp%2Fv2%2Fmedia&parent=1266350"}],"wp:term":[{"taxonomy":"category","embeddable":true,"href":"https:\/\/analyse.optim.biz\/index.php?rest_route=%2Fwp%2Fv2%2Fcategories&post=1266350"},{"taxonomy":"post_tag","embeddable":true,"href":"https:\/\/analyse.optim.biz\/index.php?rest_route=%2Fwp%2Fv2%2Ftags&post=1266350"}],"curies":[{"name":"wp","href":"https:\/\/api.w.org\/{rel}","templated":true}]}}