{"id":1261223,"date":"2011-12-10T00:00:00","date_gmt":"2011-12-09T21:00:00","guid":{"rendered":"https:\/\/analyse.optim.biz\/?p=1261223"},"modified":"2011-12-10T00:00:00","modified_gmt":"2011-12-09T21:00:00","slug":"marile-personalitati-vrincene-au-placute-comemorative-in-locul-caselor-demolate","status":"publish","type":"post","link":"https:\/\/analyse.optim.biz\/?p=1261223","title":{"rendered":"Marile personalit\u0103\u0163i vr\u00eencene au pl\u0103cu\u0163e comemorative \u00een locul caselor demolate"},"content":{"rendered":"<div class=\"main-content detaliu-articol\"><a class=\"titlu-cat-list\" href=\"https:\/\/ziaruldevrancea.ro\/proiecte\/monumente-mutilate\">Monumente Mutilate<\/a><\/p>\n<h1>Marile personalit\u0103\u0163i vr\u00eencene au pl\u0103cu\u0163e comemorative \u00een locul caselor demolate<\/h1>\n<div class=\"date-articol clearfix\">\n<div class=\"distribuie-articol dropdown\">\n    Distribuie: \u00a0<br \/>\n    <em>|<\/em><\/div>\n<div class=\"autor-articol\"><a href=\"https:\/\/ziaruldevrancea.ro\/autor\/aurelian-ivan\/\"><img decoding=\"async\" class=\"img-circle\" src=\"https:\/\/zdvi.cname.ro\/50_50\/articleAuthor\/aurelian-ivan\/articleAuthor\/uPhAr52.jpg\" alt><\/a><\/p>\n<h5><a href=\"https:\/\/ziaruldevrancea.ro\/autor\/aurelian-ivan\/\">Aurelian Ivan<\/a><\/h5>\n<div class=\"grup-spatiere\"><span class=\"cu-spatiere\">10 dec 2011<\/span><span class=\"cu-spatiere\">9320 vizualiz\u0103ri<\/span><\/div>\n<\/div>\n<\/div>\n<div class=\"poza-mare\"><a href class=\"openGallery\"><img decoding=\"async\" class=\"img-responsive\" src=\"https:\/\/zdvi.cname.ro\/850_530\/72575-marile-personalitati-vrincene-au-placute-comemorative-in-locul-caselor-demolate.html\/article\/mediaPool\/Marile_personalitati10_736258738.jpg\" alt><\/a><\/div>\n<p>\tScriitorii Hortensia Papadat Bengescu  \u015fi Duiliu Zamfirescu sau arhitectul Ion Mincu, personalit\u0103\u0163i care s-au n\u0103scut sau au tr\u0103it \u00een Foc\u015fani, au de cur\u00eend  pl\u0103cu\u0163e memoriale \u00een locul caselor \u00een care au locuit u Direc\u0163ia pentru Cultur\u0103 a cheltuit  doar 200 de lei pentru aceast\u0103 activitate<\/p>\n<p><span>Dup\u0103 ce Ziarul de Vrancea a semnalat public lipsa de interes a autorit\u0103\u0163ilor culturale fa\u0163\u0103 de marile personalit\u0103\u0163i ale jude\u0163ului, s-au luat unele m\u0103suri reparatorii. Acum, \u00een locul unele au fost casele d\u0103r\u00eemate ale scriitorilor Duiliu Zamfirescu \u015fi Hortensia Papadat Bengescu sau a arhitectului Ion Mincu s-au montat pl\u0103cu\u0163e care s\u0103 aminteasc\u0103 de locul unde au copil\u0103rit, tr\u0103it \u015fi scris marile noastre talente. Cu c\u00eeteva luni \u00een urm\u0103, cotidianul nostru prezenta situa\u0163ia nedreapt\u0103 fa\u0163\u0103 de aceste personalit\u0103\u0163i, ale c\u0103ror case au fost demolate de comuni\u015fti, iar \u00een locul lor s-au \u00eenal\u0163at blocuri, f\u0103r\u0103 ca nici m\u0103car o pl\u0103cu\u0163\u0103 memorial\u0103 s\u0103 nu fie l\u0103sat\u0103 \u00een loc, ca amintire. Nedreptatea a fost corectat\u0103 de Direc\u0163ia pentru Cultur\u0103, Culte \u015fi Patrimoniu Cultural Vrancea, care a reac\u0163ionat dup\u0103 apelul public f\u0103cut de ziarul nostru. \u201dAm v\u0103zut articolul din Ziarul de Vrancea \u015fi am luat decizia de a restabili respectul fa\u0163\u0103 de aceste personalit\u0103\u0163i ale jude\u0163ului prin aceste pl\u0103cu\u0163e. Am f\u0103cut acest lucru pentru memoria colectiv\u0103, cultural\u0103 \u015fi identitar\u0103 a acestui jude\u0163. Ne-a costat doar 200 de lei. Nu a fost \u00een atribu\u0163iile noastre, dar am sim\u0163it c\u0103 trebuie s\u0103 facem asta. Bine ar fi dac\u0103 acest prim pas ar fi continuat \u015fi de Prim\u0103ria Foc\u015fani sau de ONG-urile culturale din jude\u0163ul nostru. Am amplasat o pl\u0103cu\u0163\u0103 memorial\u0103 pe locul unde a avut casa arhitectul roman Ion Mincu, unde a locuit scriitorul Duiliu Zamfirescu \u015fi unde a tr\u0103it scriitoarea Hortensia Papadat Bengescu. Plec\u00eend de la acest lucru, am extins ideea c\u0103tre \u00eentreg jude\u0163ul. Vrem s\u0103 restabilim respectul fa\u0163\u0103 de amintirea marilor personalit\u0103\u0163i pe care le-a dat Romaniei zona Vrancea. Ne-am bucura dac\u0103 am primi sprijin \u015fi din partea oamenilor de afaceri \u00een acest proiect. Am f\u0103cut deja o baz\u0103 de date cu personalit\u0103\u0163ile din jude\u0163ul Vrancea\u201d, ne-a declarat Florin Micu Iliescu, directorul Direc\u0163iei pentru Cultur\u0103. \u00cen Foc\u015fani, vreme de c\u00ee\u0163iva an, a locuit \u015fi scris Hortensia Papadat Bengescu (1876- 1955), care a locuit \u00een apropiere de Colegiul Na\u0163ional \u201cUnirea\u201d. Scriitorul Duiliu Zamfirescu (1858-1922) a avut locuin\u0163a chiar l\u00eeng\u0103 \u015ecoala General\u0103 care ast\u0103zi \u00eei poart\u0103 numele. Arhitectul Ion Mincu (1852-1912) s-a n\u0103scut la Foc\u015fani \u015fi a locuit \u00een zona Capelei Militare. Casa sa a fost demolat\u0103 \u00een epoca socialist\u0103 pentru a face loc cartierelor muncitore\u015fti cu blocuri. Pe locul unde a copil\u0103rit marele Mincu, \u00eentemeietorul \u015fcolii romane\u015fti de arhitectur\u0103, a fost ridicat un bloc cu zece etaje. (Aurelian IVAN)<\/span><\/p>\n<hr>\n<div class=\"bloc-widget widget-rosu\">\n<p>\u00cen lipsa unui acord scris din partea Ziarului de Vrancea, pute\u0163i prelua maxim 500 de caractere din acest articol dac\u0103 preciza\u0163i sursa \u015fi insera\u0163i vizibil link-ul articolului:\u00a0<span>#insertcurrentlinkhere<\/span><\/p>\n<\/div>\n<div class=\"extra-articol listing-anunturi\">\n<h6>Anun\u021buri <span class=\"text-primary\">ZdV<\/span> Premium<\/h6>\n<div class=\"row\">\n<div class=\"col-lg-4 col-md-6 bloc-egal\"><a class=\"card-anunt\" href=\"https:\/\/ziaruldevrancea.ro\/anunturi\/httpswww.ziaruldevrancea.roanunturialtelediversevand-struguri-de-vin-toate-soiurile\/vand-icre-de-crap-proaspete--cu-sare--gust-excelent-\"><strong class=\"titlu\">VANZARI DIVERSE<\/strong><span class=\"text-anunt\">1 kg icre de crap capturi Dunare ,proaspete in&#8230;<\/span><span class=\"data-anunt\">23.12.2025 , Gala\u021bi , Gala\u021bi<\/span><\/a><\/div>\n<div class=\"col-lg-4 col-md-6 bloc-egal\"><a class=\"card-anunt\" href=\"https:\/\/ziaruldevrancea.ro\/anunturi\/imobiliare\/vanzari-garsoniere\/oferta-imobiliara\"><strong class=\"titlu\">V\u00e2nz\u0103ri garsoniere<\/strong><span class=\"text-anunt\">V\u00e2nd garsonier\u0103 Foc\u0219ani, pre\u021b 17.000&#8230;<\/span><span class=\"data-anunt\">19.12.2025  <\/span><\/a><\/div>\n<div class=\"col-lg-4 col-md-6 bloc-egal\"><a class=\"card-anunt\" href=\"https:\/\/ziaruldevrancea.ro\/anunturi\/necrolog\/condoleante\/sincere-condoleante-anunt-72703\"><strong class=\"titlu\">Condolean\u021be<\/strong><span class=\"text-anunt\">Membrii cenaclului Dumitru D\u0103sc\u0103lescu\u00a0 sunt&#8230;<\/span><span class=\"data-anunt\">18.12.2025  <\/span><\/a><\/div>\n<\/div>\n<\/div>\n<div class=\"extra-articol alte-articole\">\n<div class=\"row\">\n<div class=\"col-lg-6 bloc-egal\">\n<div class=\"card articol-listing\">\n<h6>\u00cen categoria <a href=\"https:\/\/ziaruldevrancea.ro\/proiecte\/monumente-mutilate\">Monumente Mutilate<\/a><\/h6>\n<div class=\"grup-articol-listing\">\n<div class=\"cont-pils\"><a href=\"https:\/\/ziaruldevrancea.ro\/proiecte\/monumente-mutilate\/74116-piata-munteni-unirii-la-o-manifestare-in-anii-1930-focsaniulvechi-ro.html\"><img decoding=\"async\" src=\"https:\/\/zdvi.cname.ro\/180_135\/proiecte\/monumente-mutilate\/74116-piata-munteni-unirii-la-o-manifestare-in-anii-1930-focsaniulvechi-ro.html\/mediaPool\/click_25_869236009.jpg\" class=\"img-responsive img-180\" alt><\/a><\/div>\n<h2><a class=\"link-titlu\" href=\"https:\/\/ziaruldevrancea.ro\/proiecte\/monumente-mutilate\/74116-piata-munteni-unirii-la-o-manifestare-in-anii-1930-focsaniulvechi-ro.html\">Pia\u0163a Munteni (Unirii) la o manifestare \u00een anii 1930 (focsaniulvechi.ro)<\/a><\/h2>\n<div class=\"date-post\"><a href=\"https:\/\/ziaruldevrancea.ro\/#comentarii\" class=\"pull-right\"> 1<\/a><a href=\"https:\/\/ziaruldevrancea.ro\/autor\/dana-\">Dana <\/a>, 24 ian 2012  <\/div>\n<\/div>\n<div class=\"grup-articol-listing\">\n<div class=\"cont-pils\"><a href=\"https:\/\/ziaruldevrancea.ro\/proiecte\/monumente-mutilate\/67433-cladirile-justitiei-vrincene-case-particulare-hoteluri-si-magazine.html\"><img decoding=\"async\" src=\"https:\/\/zdvi.cname.ro\/180_135\/proiecte\/monumente-mutilate\/67433-cladirile-justitiei-vrincene-case-particulare-hoteluri-si-magazine.html\/mediaPool\/cladirile_justitiei_foto_1_186020439.jpg\" class=\"img-responsive img-180\" alt><\/a><\/div>\n<h2><a class=\"link-titlu\" href=\"https:\/\/ziaruldevrancea.ro\/proiecte\/monumente-mutilate\/67433-cladirile-justitiei-vrincene-case-particulare-hoteluri-si-magazine.html\">Cladirile justitiei vrincene- case particulare, hoteluri si magazine<\/a><\/h2>\n<div class=\"date-post\"><a href=\"https:\/\/ziaruldevrancea.ro\/#comentarii\" class=\"pull-right\"> 1<\/a><a href=\"https:\/\/ziaruldevrancea.ro\/autor\/sorin-tudose\">Sorin Tudose<\/a>, 15 aug 2011  <\/div>\n<\/div>\n<div class=\"grup-articol-listing\">\n<div class=\"cont-pils\"><a href=\"https:\/\/ziaruldevrancea.ro\/proiecte\/monumente-mutilate\/38288-incepe-vaccinarea-impotriva-gripei-porcine.html\"><img decoding=\"async\" src=\"https:\/\/zdvs.cname.ro\/images\/noimg.jpg\" class=\"img-responsive img-180\" alt><\/a><\/div>\n<h2><a class=\"link-titlu\" href=\"https:\/\/ziaruldevrancea.ro\/proiecte\/monumente-mutilate\/38288-incepe-vaccinarea-impotriva-gripei-porcine.html\">Incepe vaccinarea impotriva gripei porcine<\/a><\/h2>\n<div class=\"date-post\"><a href=\"https:\/\/ziaruldevrancea.ro\/#comentarii\" class=\"pull-right\"> 1<\/a><a href=\"https:\/\/ziaruldevrancea.ro\/autor\/ziarul-de-vrancea\">Ziarul de Vrancea<\/a>, 27 nov 2009  <\/div>\n<\/div>\n<\/div>\n<\/div>\n<div class=\"col-lg-6 bloc-egal\">\n<div class=\"card articol-listing\">\n<h6>De acela\u0219i <a href=\"https:\/\/ziaruldevrancea.ro\/autor\/aurelian-ivan\/\">autor<\/a><\/h6>\n<div class=\"grup-articol-listing\">\n<div class=\"cont-pils\"><a href=\"https:\/\/ziaruldevrancea.ro\/special\/educatie\/video-ce-nu-se-face-dupa-boboteaza\"><img decoding=\"async\" src=\"https:\/\/zdvi.cname.ro\/180_135\/special\/educatie\/video-ce-nu-se-face-dupa-boboteaza\/mediaPool\/boboteaza7_761554047.jpg\" class=\"img-responsive img-180\" alt><\/a><\/div>\n<h2><a class=\"link-titlu\" href=\"https:\/\/ziaruldevrancea.ro\/special\/educatie\/video-ce-nu-se-face-dupa-boboteaza\">VIDEO | Ce nu se face dup\u0103 Boboteaz\u0103<\/a><\/h2>\n<div class=\"date-post\"><a href=\"https:\/\/ziaruldevrancea.ro\/#comentarii\" class=\"pull-right\"> 1<\/a><a href=\"https:\/\/ziaruldevrancea.ro\/autor\/aurelian-ivan\">Aurelian Ivan<\/a>,  7 ian 2025  <\/div>\n<\/div>\n<div class=\"grup-articol-listing\">\n<div class=\"cont-pils\"><a href=\"https:\/\/ziaruldevrancea.ro\/actualitatea\/stiri-locale\/video-povestea-adolescentei-din-vrancea-judecata-pentru-ca-fura-cai-pentru-a-i-calari\"><img decoding=\"async\" src=\"https:\/\/zdvi.cname.ro\/180_135\/actualitatea\/stiri-locale\/video-povestea-adolescentei-din-vrancea-judecata-pentru-ca-fura-cai-pentru-a-i-calari\/mediaPool\/_colaj_imblanzitoare_de_cai_891193687.jpg\" class=\"img-responsive img-180\" alt><\/a><\/div>\n<h2><a class=\"link-titlu\" href=\"https:\/\/ziaruldevrancea.ro\/actualitatea\/stiri-locale\/video-povestea-adolescentei-din-vrancea-judecata-pentru-ca-fura-cai-pentru-a-i-calari\">VIDEO | Povestea adolescentei din Vrancea judecat\u0103 pentru c\u0103 fura cai pentru a-i c\u0103l\u0103ri<\/a><\/h2>\n<div class=\"date-post\"><a href=\"https:\/\/ziaruldevrancea.ro\/#comentarii\" class=\"pull-right\"> 4<\/a><a href=\"https:\/\/ziaruldevrancea.ro\/autor\/aurelian-ivan\">Aurelian Ivan<\/a>, 31 mai 2024  <\/div>\n<\/div>\n<div class=\"grup-articol-listing\">\n<div class=\"cont-pils\"><a href=\"https:\/\/ziaruldevrancea.ro\/promo\/advertorial\/video-feliciu-paraschiv-fondatorul-retailerului-vrancean-paco-supermarket-intervievat-de-aurelian-ivan-pe-haitv.ro\"><img decoding=\"async\" src=\"https:\/\/zdvi.cname.ro\/180_135\/promo\/advertorial\/video-feliciu-paraschiv-fondatorul-retailerului-vrancean-paco-supermarket-intervievat-de-aurelian-ivan-pe-haitv.ro\/mediaPool\/uP2MXaY.png\" class=\"img-responsive img-180\" alt><\/a><\/div>\n<h2><a class=\"link-titlu\" href=\"https:\/\/ziaruldevrancea.ro\/promo\/advertorial\/video-feliciu-paraschiv-fondatorul-retailerului-vrancean-paco-supermarket-intervievat-de-aurelian-ivan-pe-haitv.ro\">VIDEO | Feliciu Paraschiv, fondatorul retailerului vr\u00e2ncean Paco Supermarket, intervievat de Aurelian Ivan pe haitv.ro<\/a><\/h2>\n<div class=\"date-post\"><a href=\"https:\/\/ziaruldevrancea.ro\/autor\/aurelian-ivan\">Aurelian Ivan<\/a>, 15 feb 2022  <\/div>\n<\/div>\n<\/div>\n<\/div>\n<\/div>\n<\/div>\n<div class=\"extra-articol listing-anunturi\">\n<h6>Anun\u021buri <span class=\"text-primary\">ZdV<\/span> Premium<\/h6>\n<div class=\"row\">\n<div class=\"col-lg-4 col-md-6 bloc-egal\"><a class=\"card-anunt\" href=\"https:\/\/ziaruldevrancea.ro\/anunturi\/necrolog\/condoleante\/condoleante-familiei-anunt-72704\"><strong class=\"titlu\">Condolean\u021be<\/strong><span class=\"text-anunt\">FAMILIA\u00a0NINA-ELENA\u00a0 \u00a0\u0219i PETRACHE&#8230;<\/span><span class=\"data-anunt\">18.12.2025  <\/span><\/a><\/div>\n<div class=\"col-lg-4 col-md-6 bloc-egal\"><a class=\"card-anunt\" href=\"https:\/\/ziaruldevrancea.ro\/anunturi\/angajari\/oferte-angajari\/firma-de-constructii-pe-renovari-din-luxembourg-angajeaza\"><strong class=\"titlu\">Oferte<\/strong><span class=\"text-anunt\">Companie serioas\u0103 din domeniul construc\u021biilor,&#8230;<\/span><span class=\"data-anunt\">15.07.2025  <\/span><\/a><\/div>\n<div class=\"col-lg-4 col-md-6 bloc-egal\"><a class=\"card-anunt\" href=\"https:\/\/ziaruldevrancea.ro\/anunturi\/altele\/MEDICALE\/oftalmologie\"><strong class=\"titlu\">MEDICALE<\/strong><span class=\"text-anunt\">CLINIC\u0102 \u00a0CHIRURGIE&#8230;<\/span><span class=\"data-anunt\">01.01.2025  <\/span><\/a><\/div>\n<\/div>\n<\/div>\n<div class=\"bloc-widget widget-albastru\">\n    Ziarul de Vrancea \u00a0nu este responsabil juridic pentru con\u0163inutul textelor din comentariile de mai jos. Responsabilitatea pentru mesajele dumneavoastra v\u0103 revine \u00een exclusivitate.\n<\/div>\n<div class=\"comentarii-articol\" id=\"comentarii\">\n<h3>Comentarii: <span class=\"text-primary\">0<\/span><\/h3>\n<p><a href=\"https:\/\/ziaruldevrancea.ro\/proiecte\/monumente-mutilate\/72575-marile-personalitati-vrincene-au-placute-comemorative-in-locul-caselor-demolate.html\" class=\"btn btn-success btn-adauga-com\" data-toggle=\"modal\" data-parent=\"0\" data-target=\"#commentModal\">Adaug\u0103 comentariu<\/a><\/p>\n<div class=\"loadMask comments-mask\"><img decoding=\"async\" src=\"https:\/\/zdvs.cname.ro\/images\/loader_40.gif\"><\/div>\n<div class=\"comenteaza-jos\">Trebuie s\u0103 fii <a href=\"https:\/\/ziaruldevrancea.ro\/account\">autentificat<\/a> pentru a putea <a href=\"https:\/\/ziaruldevrancea.ro\/proiecte\/monumente-mutilate\/72575-marile-personalitati-vrincene-au-placute-comemorative-in-locul-caselor-demolate.html\" class data-toggle=\"modal\" data-parent=\"0\" data-target=\"#commentModal\">posta un comentariu<\/a>.<\/div>\n<\/div>\n<div class=\"modal fade\" id=\"commentModal\" role=\"dialog\" aria-labelledby=\"commentModalLabel\">\n<div class=\"modal-dialog modal-lg\" role=\"document\">\n<div class=\"modal-content\">\n<div class=\"modal-header\">\n<h3 class=\"modal-title\" id=\"commentModalLabel\">Comenteaz\u0103<\/h3>\n<\/div>\n<div class=\"modal-body\">\n<div class=\"tabel tabel-full\">\n<div class=\"celula\">\n              Trebuie s\u0103 fii <a href=\"https:\/\/ziaruldevrancea.ro\/account\">autentificat<\/a> pentru a putea posta un comentariu.\n            <\/div>\n<\/div>\n<\/div>\n<div class=\"modal-footer\">\n<div id=\"commentPending\" class=\"formPending pull-left\"><img decoding=\"async\" src=\"https:\/\/zdvs.cname.ro\/images\/loader_40.gif\"> In curs de procesare&#8230;<\/div>\n<p><a href=\"https:\/\/ziaruldevrancea.ro\/proiecte\/monumente-mutilate\/72575-marile-personalitati-vrincene-au-placute-comemorative-in-locul-caselor-demolate.html\" class=\"btn btn-default\" data-dismiss=\"modal\">Anuleaz\u0103<\/a><\/div>\n<\/div>\n<\/div>\n<\/div>\n<div class=\"modal fade\" id=\"commentReportModal\" role=\"dialog\" aria-labelledby=\"commentReportModalLabel\">\n<div class=\"modal-dialog modal-lg\" role=\"document\">\n<div class=\"modal-content\">\n<div class=\"modal-header\">\n<h3 class=\"modal-title\" id=\"commentReportModalLabel\">Raporteaza comentariu<\/h3>\n<\/div>\n<div class=\"modal-body\">\n<div class=\"tabel tabel-full\">\n<div class=\"celula\">\n              Trebuie s\u0103 fii <a href=\"https:\/\/ziaruldevrancea.ro\/account\">autentificat<\/a> pentru a putea raporta un comentariu.\n            <\/div>\n<\/div>\n<\/div>\n<div class=\"modal-footer\">\n<div id=\"commentReportPending\" class=\"formPending pull-left\"><img decoding=\"async\" src=\"https:\/\/zdvs.cname.ro\/images\/loader_40.gif\"> In curs de procesare&#8230;<\/div>\n<p><a href=\"https:\/\/ziaruldevrancea.ro\/proiecte\/monumente-mutilate\/72575-marile-personalitati-vrincene-au-placute-comemorative-in-locul-caselor-demolate.html\" class=\"btn btn-default\" data-dismiss=\"modal\">Anuleaz\u0103<\/a><\/div>\n<\/div>\n<\/div>\n<\/div>\n<div class=\"modal fade\" id=\"commentLikeModal\" role=\"dialog\" aria-labelledby=\"commentLikeModalLabel\">\n<div class=\"modal-dialog modal-lg\" role=\"document\">\n<div class=\"modal-content\">\n<div class=\"modal-header\">\n<h3 class=\"modal-title\" id=\"commentReportModalLabel\">Apreciaza comentariu<\/h3>\n<\/div>\n<div class=\"modal-body\">\n<div class=\"tabel tabel-full\">\n<div class=\"celula\">\n            Trebuie s\u0103 fii <a href=\"https:\/\/ziaruldevrancea.ro\/account\">autentificat<\/a> pentru a putea aprecia un comentariu.\n          <\/div>\n<\/div>\n<\/div>\n<div class=\"modal-footer\"><a href=\"https:\/\/ziaruldevrancea.ro\/proiecte\/monumente-mutilate\/72575-marile-personalitati-vrincene-au-placute-comemorative-in-locul-caselor-demolate.html\" class=\"btn btn-default\" data-dismiss=\"modal\">Anuleaz\u0103<\/a><\/div>\n<\/div>\n<\/div>\n<\/div>\n<div class=\"bloc-widget widget-rosu\"><span><small>Ziarul de Vrancea doreste ca acest site sa fie un spatiu al discutiilor civilizate, al comentariilor de bun simt. Din acest motiv, cei care posteaza comentarii la articole trebuie sa respecte urmatoarele reguli:<br \/>\n1. Sa se refere doar la articolul la care posteaza comentarii.<br \/>\n2. Sa foloseasca un limbaj civilizat, fara injurii, calomnii, comentarii antisemite, xenofobe sau rasiste.<br \/>\n3. Sunt interzise atacurile la adresa autorilor, daca acestea nu au legatura cu textul.<br \/>\n4. Username-ul sa nu fie nume de personalitati ale vietii publice sau parodieri ale acestora.<br \/>\nAutorul unui articol poate fi criticat pentru eventuale greseli, incoerenta, lipsa de documentare etc.<br \/>\nNerespectarea regulilor mentionate mai sus va duce la stergerea comentariilor, fara avertisment si fara explicatii.<br \/>\nAbaterile repetate vor avea drept consecinta interdictia accesului la aceasta facilitate a site-ului.<\/small><\/span><\/div>\n<\/div>\n<p> Source URL: https:\/\/ziaruldevrancea.ro\/proiecte\/monumente-mutilate\/72575-marile-personalitati-vrincene-au-placute-comemorative-in-locul-caselor-demolate.html<\/p>\n","protected":false},"excerpt":{"rendered":"<p>Monumente Mutilate Marile personalit\u0103\u0163i vr\u00eencene au pl\u0103cu\u0163e comemorative \u00een locul caselor demolate Distribuie: \u00a0 | Aurelian Ivan 10 dec 20119320 vizualiz\u0103ri Scriitorii Hortensia Papadat Bengescu \u015fi Duiliu Zamfirescu sau arhitectul Ion Mincu, personalit\u0103\u0163i care s-au n\u0103scut sau au tr\u0103it \u00een Foc\u015fani, au de cur\u00eend pl\u0103cu\u0163e memoriale \u00een locul caselor \u00een care au locuit u Direc\u0163ia [&hellip;]<\/p>\n","protected":false},"author":1,"featured_media":0,"comment_status":"open","ping_status":"","sticky":false,"template":"","format":"standard","meta":{"footnotes":""},"categories":[89],"tags":[208],"class_list":["post-1261223","post","type-post","status-publish","format-standard","hentry","category-romania","tag-ziaruldevrancea-ro"],"_links":{"self":[{"href":"https:\/\/analyse.optim.biz\/index.php?rest_route=\/wp\/v2\/posts\/1261223","targetHints":{"allow":["GET"]}}],"collection":[{"href":"https:\/\/analyse.optim.biz\/index.php?rest_route=\/wp\/v2\/posts"}],"about":[{"href":"https:\/\/analyse.optim.biz\/index.php?rest_route=\/wp\/v2\/types\/post"}],"author":[{"embeddable":true,"href":"https:\/\/analyse.optim.biz\/index.php?rest_route=\/wp\/v2\/users\/1"}],"replies":[{"embeddable":true,"href":"https:\/\/analyse.optim.biz\/index.php?rest_route=%2Fwp%2Fv2%2Fcomments&post=1261223"}],"version-history":[{"count":0,"href":"https:\/\/analyse.optim.biz\/index.php?rest_route=\/wp\/v2\/posts\/1261223\/revisions"}],"wp:attachment":[{"href":"https:\/\/analyse.optim.biz\/index.php?rest_route=%2Fwp%2Fv2%2Fmedia&parent=1261223"}],"wp:term":[{"taxonomy":"category","embeddable":true,"href":"https:\/\/analyse.optim.biz\/index.php?rest_route=%2Fwp%2Fv2%2Fcategories&post=1261223"},{"taxonomy":"post_tag","embeddable":true,"href":"https:\/\/analyse.optim.biz\/index.php?rest_route=%2Fwp%2Fv2%2Ftags&post=1261223"}],"curies":[{"name":"wp","href":"https:\/\/api.w.org\/{rel}","templated":true}]}}