{"id":1261064,"date":"2017-04-09T00:00:00","date_gmt":"2017-04-08T21:00:00","guid":{"rendered":"https:\/\/analyse.optim.biz\/?p=1261064"},"modified":"2017-04-09T00:00:00","modified_gmt":"2017-04-08T21:00:00","slug":"galerie-foto-atunci-cand-este-noaptea-verde-a-teatrului-havana-este-goala","status":"publish","type":"post","link":"https:\/\/analyse.optim.biz\/?p=1261064","title":{"rendered":"GALERIE FOTO &#8211; &#8220;Atunci c\u00e2nd este Noaptea Verde a Teatrului, Havana este goal\u0103&#8221;"},"content":{"rendered":"<div class=\"main-content detaliu-articol\"><a class=\"titlu-cat-list\" href=\"https:\/\/ziaruldevrancea.ro\/proiecte\/tineret-in-re-actiune\">Tineret \u00een (Re)Ac\u021biune<\/a><\/p>\n<h1>GALERIE FOTO &#8211; &#8220;Atunci c\u00e2nd este Noaptea Verde a Teatrului, Havana este goal\u0103&#8221;<\/h1>\n<div class=\"date-articol clearfix\">\n<div class=\"distribuie-articol dropdown\">\n    Distribuie: \u00a0<br \/>\n    <em>|<\/em><\/div>\n<div class=\"autor-articol\"><a href=\"https:\/\/ziaruldevrancea.ro\/autor\/ana-mihaela-acatrinei\/\"><img decoding=\"async\" class=\"img-circle\" src=\"https:\/\/zdvs.cname.ro\/images\/icons\/avatar.svg\" alt><\/a><\/p>\n<h5><a href=\"https:\/\/ziaruldevrancea.ro\/autor\/ana-mihaela-acatrinei\/\">Ana Mihaela Acatrinei<\/a><\/h5>\n<div class=\"grup-spatiere\"><span class=\"cu-spatiere\"> 9 apr 2017<\/span><span class=\"cu-spatiere\">8575 vizualiz\u0103ri<\/span><\/div>\n<\/div>\n<\/div>\n<div class=\"poza-mare\"><a href class=\"openGallery\"><img decoding=\"async\" class=\"img-responsive\" src=\"https:\/\/zdvi.cname.ro\/850_530\/1588842354-atunci-cand-este-noaptea-verde-a-teatrului-havana-estegoala.html\/article\/mediaPool\/pizap.com14917479647511_907927380.jpg\" alt><\/a><\/div>\n<p>\tDup\u0103 \u201cNoaptea Verde a Teatrului\u201d, eveniment care a adus la un loc un num\u0103r record de liceeni, echipa de voluntari s-a apucat de lucru pentru &#8220;Festivalul Verde la Teatru&#8221; din luna august \t<\/p>\n<p><span><span>Sf\u00e2r\u0219itul lunii martie le-a adus liceenilor vr\u00e2nceni care iubesc arta teatral\u0103 o mare bucurie: cea de-a <\/span><span>doua edi\u0163ie a evenimentului &#8220;Noaptea Verde a Teatrului&#8221;, un mic maraton cultural organizat de o echip\u0103 inimoas\u0103 de liceeni \u0219i studen\u021bi, \u00een parteneriat cu Ateneul Popular \u201cMr. Gh. Pastia\u201dFoc\u0219ani. A fost, poate, singura noapte de weekend \u00een care tinerii au renun\u021bat \u00een num\u0103r mare la distrac\u021bia din cluburi \u0219i discoteci \u00een favoarea stalurilor dintr-o sal\u0103 de spectacole. Practic, sala Ateneului Pastia s-a dovedi tprea mic\u0103 fa\u021b\u0103 de num\u0103rul mare de doritori, sutele de tineri vr\u00e2nceni prezen\u021bi fiind nevoi\u021bi s\u0103 a\u0219tepte pentru a prinde locuri libere la una dintre piese. Noaptea petrecut\u0103 la teatru \u00eei \u00eencurajeaz\u0103 pe tineri s\u0103 ofere o mai mare aten\u0163ie artelor spectacolului \u015fi s\u0103 mearg\u0103 mai des la teatru. Iar cele \u0219ase ore de spectacol au dovedit din plin c\u0103 tinerii sunt mare amatori de culturalizare.<\/span><\/span><\/p>\n<p class=\"MsoNormal\"><span><strong><span>Teatru, muzic\u0103 \u0219i film<\/span><\/strong><\/span><\/p>\n<p class=\"MsoNormal\"><span>Deschiderea evenimentului a avut loc la ora 20:00 cu spectacolul de teatru \u201cILUZII\u201d de Ivan <span>V\u00eer\u00eepaev, \u00een regia Andreei Vulpe, pus \u00een scen\u0103 de Godot Cafe Teatru, urmat de o pauz\u0103 pentru networking \u0219i, desigur, fotografii instant pentru ca fiecare s\u0103-\u015fi dovedeasc\u0103 prezen\u0163a la evenimentul cultural nocturn. Pe scena Ateneului a urmat \u00eendr\u0103gita vr\u00e2nceanc\u0103 Simona Delegeanu, artist\u0103 care a debutat \u00een timpul liceului \u0219i care spune mereu &#8220;DA&#8221; invita\u0163iilor la evenimente de calitate organizate de tineri pentru tineri. Ca de obicei, Simona a fost pe gustul liceenilor care au c\u00e2ntat \u0219i au dansat \u00eempreun\u0103. Iar recitalul a fos tde excep\u0163ie, dup\u0103 cum au concluzionat \u00een cor participan\u021bii.Tocmai din Bucure\u015fti a venit la Foc\u0219ani trupa de teatru BRAINSTORMING cu spectacolul\u201cTRILOGIA BELGRADEAN\u0102\u201d. De\u0219 itrecuse de miezul nop\u0163ii, sala Ateneului \u00eenc\u0103 era plin\u0103. \u00cenainte de final, a fost difuzat filmul \u201cTIBI\u201d realizat de un grup de liceeni din Bucure\u0219ti<span> \u015fi regizat de c\u0103tre Dan Iliu\u0163\u0103. La doar 17 ani<\/span>, t\u00e2n\u0103rul regizor a participat \u00een 2015<span>\u00a0 <\/span>\u00een programul Short Film Corner al Festivalului de la Cannes<span>.<\/span> Scurtmetrajul rom\u00e2nesc independent, realizat de o echip\u0103 ai c\u0103rei membri au \u00eentre 15 \u0219i 24 de ani, spune povestea lui Tiberiu Dinescu (interpretat de Vlad Galer), un t\u00e2n\u0103r de 21 de ani care a crescut f\u0103r\u0103 tat\u0103, la fel ca regizorul filmului. Dup\u0103 ce cap\u0103t\u0103 un bilet anonim con\u021bin\u00e2nd informa\u021bii despre moartea tat\u0103lui s\u0103u, Tiberiu \u00eencearc\u0103 s\u0103 afle adev\u0103rul despre p\u0103rintele lui \u0219i circumstan\u021bele misterioase ale decesului s\u0103u.<span>\u00a0<\/span>Grupul de tineri a realizat acest scurtmetraj de la zero.Practic, ei s-au ocupat de fiecare aspect al proiectului, de la calcularea bugetului, p\u00e2n\u0103 la compunerea muzicii \u0219i ad\u0103ugarea efectelor digitale \u00een postproduc\u021bie.<span>\u00a0<\/span><\/span><\/span><\/p>\n<p class=\"MsoNormal\"><span><strong><span>Foame de \u2026 cultur\u0103<\/span><\/strong><\/span><\/p>\n<p class=\"MsoNormal\"><span><span class=\"textexposedshow\"><span>Prin acest concept, nou \u00een ora\u0219ul nostru, organizatorii \u015fi-au propus s\u0103 promoveze arta cinematografic\u0103 \u0219i s\u0103 deschid\u0103 apetitul tinerilor pentru teatru, film \u0219i pentru orice poate aduce acesta \u00een vie\u021bile lor. Totodat\u0103 \u00eei \u00eencurajeaz\u0103 pe ace\u0219tia ca pentru o singur\u0103 noapte s\u0103 renun\u021be la cluburi sau PUB-uri \u00een schimbul culturii, dorind ca \u0219i de data aceasta, sala Ateneului Popular s\u0103 fie acaparat\u0103 de tineri curio\u0219i, dornici de a descoperi \u0219i de a se dezvolta prin aceast\u0103 art\u0103. <\/span><\/span><span>Iar g\u00e2ndurile participan\u021bilor scrise pe panoul de la intrare au fost concludente.\u201cPrietenia dintre licee este mai frumoas\u0103 la Noaptea Verde la Teatru\u201d, a scris un t\u00e2n\u0103r, \u00een vreme ce un altul a pus punctulpe \u201cI\u201d spun\u00e2nd c\u0103 \u201cLa Noaptea Verde Havana estegoal\u0103\u2026\u201d.A fost o<span class=\"textexposedshow\"><span> sear\u0103 plin\u0103 de surprize de care oamenii din Vrancea \u00ee\u0219i vor aminti cu mare drag.<\/span><\/span><\/span><\/span><\/p>\n<p class=\"MsoNormal\"><span class=\"textexposedshow\"><strong><span>Ce spun organizatorii, voluntarii, spectatorii?<\/span><\/strong><\/span><\/p>\n<p class=\"MsoNormal\"><span>\u201cConsider c\u0103\u201c Noaptea Verde a Teatrului\u201d a crescut considerabil fa\u0163\u0103 de anul trecut. Spre deosebire de prima edi\u0163ie, acum am avut spectacole mai bune din punct de vedere calitativ, dar \u015fi unscurt-metraj rom\u00e2nesc participant la Cannes. De asemenea am crescut \u015fi noi ca echip\u0103 \u015fi am \u015ftiut cum s\u0103 trat\u0103m problemele \u00eent\u00e2mpinate pe parcursulserii. Bine\u00een\u0163eles, \u00eentotdeauna se poate mai bine. Munca nu se termin\u0103 niciodat\u0103, fapt pentru care la dou\u0103 zile dup\u0103 \u201cNoaptea Verde a Teatrului\u201d ne-am pus pe treab\u0103 pentru &#8220;Festivalul Verde la Teatru&#8221; din luna august. Am depistat punctele slabe \u015fi lucr\u0103m la \u00eembun\u0103t\u0103\u0163irea acestora.\u0162inem s\u0103 mul\u0163umim conducerii Ateneului Popular Maior Gheorghe Pastia pentru c\u0103 cei de acolo au r\u0103mas aceia\u015fi oameni deschi\u015fi care ne-au primit cu bra\u0163ele deschise \u00een urm\u0103 cu aproximativ 3 ani\u201d, ne-a declarant <strong>Alex M\u0103n\u0103il\u0103<\/strong>, unul dintre ini\u021biatorii \u0219i coordonatorii evenimentului.<\/span><\/p>\n<p class=\"MsoNormal\"><span>\u201cCred c\u0103 ideea evenimentului este una \u00eentr-adevar bun\u0103 av\u00e2nd \u00een vedere faptul c\u0103 tinerii nu mai obi\u015fnuiesc s\u0103 mearg\u0103 la piese de teatru acum. A fost o ocazie de a promova teatrul \u015fi tot ce \u00eenseamn\u0103 el. Cele dou\u0103 piese au avut nu numai un mesaj ce merit\u0103 ascultat p\u00e2n\u0103 la cap\u0103t, dar au fost \u015fi foarte bine jucate\u201d, ne-a spus <strong>Ana Dorneanu<\/strong>, elev\u0103 a Colegiului Na\u0163ional &#8220;Emil Botta&#8221; din Adjud.<\/span><\/p>\n<p class=\"MsoNormal\"><span>\u00a0<\/span><\/p>\n<p class=\"MsoNormal\"><span>\u201cNoaptea VerdeaTeatrului&#8221; a fost plin\u0103 de oameni entuzia\u0219ti, dornici s\u0103 \u00eencerce ceva nou, s\u0103 ias\u0103 pentru o sear\u0103 din normalitate \u0219 is\u0103 se bucure de teatru. A fost energie, a fost sclipici \u0219i a fost \u00eenc\u0103 un eveniment reu\u0219it marca\u201cVERDE\u201d, ne-a declarant <strong>Cristina Popa<\/strong>, unul dintre voluntarii proiectului. <\/span><\/p>\n<p class=\"MsoNormal\"><strong><span>\u00a0<\/span><span><span><span class=\"textexposedshow\"><span>(Ana Mihaela ACATRINEI)<\/span><\/span><\/span><\/span><\/strong><\/p>\n<p class=\"MsoNormal\"><span class=\"textexposedshow\"><strong><span>Ana Mihaela Acatrinei este membr\u0103 a Clubului de JurnalismTineret\u00een (re)ac\u021biune<\/span><\/strong><\/span><\/p>\n<p class=\"MsoNormal\"><span class=\"textexposedshow\"><strong><span><img loading=\"lazy\" decoding=\"async\" src=\"https:\/\/zdvi.cname.ro\/600_400\/1588842354-atunci-cand-este-noaptea-verde-a-teatrului-havana-estegoala.html\/mediaPool\/983935_1834966720089758_8988327727321936082_n_505147968.jpg\" border=\"0\" width=\"600\" height=\"400\"><br \/><\/span><\/strong><\/span><\/p>\n<p class=\"MsoNormal\"><span class=\"textexposedshow\"><strong><span><img loading=\"lazy\" decoding=\"async\" src=\"https:\/\/zdvi.cname.ro\/600_400\/1588842354-atunci-cand-este-noaptea-verde-a-teatrului-havana-estegoala.html\/mediaPool\/17498393_1834967456756351_7727380225540687389_n_397507618.jpg\" border=\"0\" width=\"600\" height=\"400\"><br \/><\/span><\/strong><\/span><\/p>\n<p class=\"MsoNormal\"><span class=\"textexposedshow\"><strong><span><img loading=\"lazy\" decoding=\"async\" src=\"https:\/\/zdvi.cname.ro\/600_400\/1588842354-atunci-cand-este-noaptea-verde-a-teatrului-havana-estegoala.html\/mediaPool\/17523443_1834967510089679_5424410144791790935_n_720532778.jpg\" border=\"0\" width=\"600\" height=\"400\"><br \/><\/span><\/strong><\/span><\/p>\n<p class=\"MsoNormal\"><span class=\"textexposedshow\"><strong><span><img loading=\"lazy\" decoding=\"async\" src=\"https:\/\/zdvi.cname.ro\/600_400\/1588842354-atunci-cand-este-noaptea-verde-a-teatrului-havana-estegoala.html\/mediaPool\/17523443_1834967510089679_5424410144791790935_n_649711243.jpg\" border=\"0\" width=\"600\" height=\"400\"><br \/><\/span><\/strong><\/span><\/p>\n<p class=\"MsoNormal\"><span class=\"textexposedshow\"><strong><span><img loading=\"lazy\" decoding=\"async\" src=\"https:\/\/zdvi.cname.ro\/600_400\/1588842354-atunci-cand-este-noaptea-verde-a-teatrului-havana-estegoala.html\/mediaPool\/17545328_1834967630089667_4614013642072424403_o_315430047.jpg\" border=\"0\" width=\"600\" height=\"400\"><\/span><\/strong><\/span><\/p>\n<p class=\"MsoNormal\"><span class=\"textexposedshow\"><strong><span><img loading=\"lazy\" decoding=\"async\" src=\"https:\/\/zdvi.cname.ro\/600_400\/1588842354-atunci-cand-este-noaptea-verde-a-teatrului-havana-estegoala.html\/mediaPool\/17626373_1834967413423022_3271282728776628759_n_875338107.jpg\" border=\"0\" width=\"600\" height=\"400\"><br \/><\/span><\/strong><\/span><\/p>\n<p class=\"MsoNormal\"><span class=\"textexposedshow\"><strong><span><img loading=\"lazy\" decoding=\"async\" src=\"https:\/\/zdvi.cname.ro\/600_400\/1588842354-atunci-cand-este-noaptea-verde-a-teatrului-havana-estegoala.html\/mediaPool\/17629802_1834966940089736_7334244160458449283_n_227971158.jpg\" border=\"0\" width=\"600\" height=\"400\"><br \/><\/span><\/strong><\/span><\/p>\n<p class=\"MsoNormal\"><span class=\"textexposedshow\"><strong><span><img loading=\"lazy\" decoding=\"async\" src=\"https:\/\/zdvi.cname.ro\/600_400\/1588842354-atunci-cand-este-noaptea-verde-a-teatrului-havana-estegoala.html\/mediaPool\/17629853_1834966803423083_7777900176775388517_n_302138403.jpg\" border=\"0\" width=\"600\" height=\"400\"><br \/><\/span><\/strong><\/span><\/p>\n<p class=\"MsoNormal\"><span class=\"textexposedshow\"><strong><span><img loading=\"lazy\" decoding=\"async\" src=\"https:\/\/zdvi.cname.ro\/600_400\/1588842354-atunci-cand-este-noaptea-verde-a-teatrului-havana-estegoala.html\/mediaPool\/17629972_1834966890089741_1205419535857743675_n_886442844.jpg\" border=\"0\" width=\"600\" height=\"400\"><\/span><\/strong><\/span><\/p>\n<p class=\"MsoNormal\"><span><span><span>\u00a0<\/span><\/span><\/span><span class=\"textexposedshow\"><strong><span><img loading=\"lazy\" decoding=\"async\" class=\"left_image\" src=\"https:\/\/zdvi.cname.ro\/267_400\/1588842354-atunci-cand-este-noaptea-verde-a-teatrului-havana-estegoala.html\/mediaPool\/17757134_1834966443423119_5785499512911885126_n_207149395.jpg\" border=\"0\" width=\"267\" height=\"400\"><\/span><\/strong><\/span><\/p>\n<p><span class=\"textexposedshow\"><strong><span><img loading=\"lazy\" decoding=\"async\" class=\"left_image\" src=\"https:\/\/zdvi.cname.ro\/267_400\/1588842354-atunci-cand-este-noaptea-verde-a-teatrului-havana-estegoala.html\/mediaPool\/17626303_1834966580089772_4591026661697870232_n__1__833807800.jpg\" border=\"0\" width=\"267\" height=\"400\"><\/span><\/strong><\/span><\/p>\n<hr>\n<div class=\"bloc-widget widget-rosu\">\n<p>\u00cen lipsa unui acord scris din partea Ziarului de Vrancea, pute\u0163i prelua maxim 500 de caractere din acest articol dac\u0103 preciza\u0163i sursa \u015fi insera\u0163i vizibil link-ul articolului:\u00a0<span>#insertcurrentlinkhere<\/span><\/p>\n<\/div>\n<div class=\"extra-articol listing-anunturi\">\n<h6>Anun\u021buri <span class=\"text-primary\">ZdV<\/span> Premium<\/h6>\n<div class=\"row\">\n<div class=\"col-lg-4 col-md-6 bloc-egal\"><a class=\"card-anunt\" href=\"https:\/\/ziaruldevrancea.ro\/anunturi\/httpswww.ziaruldevrancea.roanunturialtelediversevand-struguri-de-vin-toate-soiurile\/vand-icre-de-crap-proaspete--cu-sare--gust-excelent-\"><strong class=\"titlu\">VANZARI DIVERSE<\/strong><span class=\"text-anunt\">1 kg icre de crap capturi Dunare ,proaspete in&#8230;<\/span><span class=\"data-anunt\">23.12.2025 , Gala\u021bi , Gala\u021bi<\/span><\/a><\/div>\n<div class=\"col-lg-4 col-md-6 bloc-egal\"><a class=\"card-anunt\" href=\"https:\/\/ziaruldevrancea.ro\/anunturi\/imobiliare\/vanzari-garsoniere\/oferta-imobiliara\"><strong class=\"titlu\">V\u00e2nz\u0103ri garsoniere<\/strong><span class=\"text-anunt\">V\u00e2nd garsonier\u0103 Foc\u0219ani, pre\u021b 17.000&#8230;<\/span><span class=\"data-anunt\">19.12.2025  <\/span><\/a><\/div>\n<div class=\"col-lg-4 col-md-6 bloc-egal\"><a class=\"card-anunt\" href=\"https:\/\/ziaruldevrancea.ro\/anunturi\/necrolog\/condoleante\/sincere-condoleante-anunt-72703\"><strong class=\"titlu\">Condolean\u021be<\/strong><span class=\"text-anunt\">Membrii cenaclului Dumitru D\u0103sc\u0103lescu\u00a0 sunt&#8230;<\/span><span class=\"data-anunt\">18.12.2025  <\/span><\/a><\/div>\n<\/div>\n<\/div>\n<div class=\"extra-articol alte-articole\">\n<div class=\"row\">\n<div class=\"col-lg-6 bloc-egal\">\n<div class=\"card articol-listing\">\n<h6>\u00cen categoria <a href=\"https:\/\/ziaruldevrancea.ro\/proiecte\/tineret-in-re-actiune\">Tineret \u00een (Re)Ac\u021biune<\/a><\/h6>\n<div class=\"grup-articol-listing\">\n<div class=\"cont-pils\"><a href=\"https:\/\/ziaruldevrancea.ro\/proiecte\/tineret-in-re-actiune\/galerie-foto-vranceaciteste-poveste-de-sfarsit-de-vara-de-pe-valea-zabalei\"><img decoding=\"async\" src=\"https:\/\/zdvi.cname.ro\/180_135\/proiecte\/tineret-in-re-actiune\/galerie-foto-vranceaciteste-poveste-de-sfarsit-de-vara-de-pe-valea-zabalei\/mediaPool\/uYuAfqS.jpg\" class=\"img-responsive img-180\" alt><\/a><\/div>\n<h2><a class=\"link-titlu\" href=\"https:\/\/ziaruldevrancea.ro\/proiecte\/tineret-in-re-actiune\/galerie-foto-vranceaciteste-poveste-de-sfarsit-de-vara-de-pe-valea-zabalei\">FOTO | #VranceaCite\u0219te: Poveste de sf\u00e2r\u0219it de var\u0103 de pe Valea Z\u0103balei<\/a><\/h2>\n<div class=\"date-post\"><a href=\"https:\/\/ziaruldevrancea.ro\/autor\/ziarul-de-vrancea\">Ziarul de Vrancea<\/a>,  6 sep 2019  <\/div>\n<\/div>\n<div class=\"grup-articol-listing\">\n<div class=\"cont-pils\"><a href=\"https:\/\/ziaruldevrancea.ro\/proiecte\/tineret-in-re-actiune\/gandurile-unui-povestas-din-echipa-c@rte-in-sate-proiectului-c@rte-in-sate-dedicat-copiilor-vranceni-din-zonele-rurale-dezavantajate-din-punct-de-vedere-cultural\"><img decoding=\"async\" src=\"https:\/\/zdvi.cname.ro\/180_135\/proiecte\/tineret-in-re-actiune\/gandurile-unui-povestas-din-echipa-c@rte-in-sate-proiectului-c@rte-in-sate-dedicat-copiilor-vranceni-din-zonele-rurale-dezavantajate-din-punct-de-vedere-cultural\/mediaPool\/udDq9Gp.jpg\" class=\"img-responsive img-180\" alt><\/a><\/div>\n<h2><a class=\"link-titlu\" href=\"https:\/\/ziaruldevrancea.ro\/proiecte\/tineret-in-re-actiune\/gandurile-unui-povestas-din-echipa-c@rte-in-sate-proiectului-c@rte-in-sate-dedicat-copiilor-vranceni-din-zonele-rurale-dezavantajate-din-punct-de-vedere-cultural\">G\u00e2ndurile unui povesta\u0219\ufeff din echipa \u201cc@rte \u00een sate\u201d, proiect derulat \u00een jude\u021bul Vrancea<\/a><\/h2>\n<div class=\"date-post\"><a href=\"https:\/\/ziaruldevrancea.ro\/autor\/ziarul-de-vrancea\">Ziarul de Vrancea<\/a>, 27 aug 2019  <\/div>\n<\/div>\n<div class=\"grup-articol-listing\">\n<div class=\"cont-pils\"><a href=\"https:\/\/ziaruldevrancea.ro\/proiecte\/tineret-in-re-actiune\/informatiile-cheie-pe-care-trebuie-sa-le-stim-inainte-de-a-vota-la-apropiatele-alegeri-europarlamentare\"><img decoding=\"async\" src=\"https:\/\/zdvi.cname.ro\/180_135\/proiecte\/tineret-in-re-actiune\/informatiile-cheie-pe-care-trebuie-sa-le-stim-inainte-de-a-vota-la-apropiatele-alegeri-europarlamentare\/mediaPool\/uOY7gyu.jpg\" class=\"img-responsive img-180\" alt><\/a><\/div>\n<h2><a class=\"link-titlu\" href=\"https:\/\/ziaruldevrancea.ro\/proiecte\/tineret-in-re-actiune\/informatiile-cheie-pe-care-trebuie-sa-le-stim-inainte-de-a-vota-la-apropiatele-alegeri-europarlamentare\">Informa\u021biile cheie pe care trebuie s\u0103 le \u0219tim \u00eenainte de a vota la apropiatele alegeri europarlamentare<\/a><\/h2>\n<div class=\"date-post\"><a href=\"https:\/\/ziaruldevrancea.ro\/autor\/ziarul-de-vrancea\">Ziarul de Vrancea<\/a>, 11 mar 2019  <\/div>\n<\/div>\n<\/div>\n<\/div>\n<div class=\"col-lg-6 bloc-egal\">\n<div class=\"card articol-listing\">\n<h6>De acela\u0219i <a href=\"https:\/\/ziaruldevrancea.ro\/autor\/ana-mihaela-acatrinei\/\">autor<\/a><\/h6>\n<div class=\"grup-articol-listing\">\n<div class=\"cont-pils\"><a href=\"https:\/\/ziaruldevrancea.ro\/jurnalism-cetatenesc\/parintii-parintii-ce-i-au-spus\"><img decoding=\"async\" src=\"https:\/\/zdvi.cname.ro\/180_135\/jurnalism-cetatenesc\/parintii-parintii-ce-i-au-spus\/mediaPool\/uTuXNMw.jpg\" class=\"img-responsive img-180\" alt><\/a><\/div>\n<h2><a class=\"link-titlu\" href=\"https:\/\/ziaruldevrancea.ro\/jurnalism-cetatenesc\/parintii-parintii-ce-i-au-spus\">P\u0103rin\u0163ii? P\u0103rin\u0163ii ce i-au spus?<\/a><\/h2>\n<div class=\"date-post\"><a href=\"https:\/\/ziaruldevrancea.ro\/autor\/ana-mihaela-acatrinei\">Ana Mihaela Acatrinei<\/a>, 14 iul 2017  <\/div>\n<\/div>\n<div class=\"grup-articol-listing\">\n<div class=\"cont-pils\"><a href=\"https:\/\/ziaruldevrancea.ro\/proiecte\/tineret-in-re-actiune\/1588829559-.html\"><img decoding=\"async\" src=\"https:\/\/zdvi.cname.ro\/180_135\/proiecte\/tineret-in-re-actiune\/1588829559-.html\/mediaPool\/nicolas_68644_n_726328761.jpg\" class=\"img-responsive img-180\" alt><\/a><\/div>\n<h2><a class=\"link-titlu\" href=\"https:\/\/ziaruldevrancea.ro\/proiecte\/tineret-in-re-actiune\/1588829559-.html\">Este frumos s\u0103 prime\u015fti, dar mai frumos este s\u0103 d\u0103ruie\u015fti!<\/a><\/h2>\n<div class=\"date-post\"><a href=\"https:\/\/ziaruldevrancea.ro\/autor\/ana-mihaela-acatrinei\">Ana Mihaela Acatrinei<\/a>,  7 mai 2016  <\/div>\n<\/div>\n<div class=\"grup-articol-listing\">\n<div class=\"cont-pils\"><a href=\"https:\/\/ziaruldevrancea.ro\/proiecte\/tineret-in-re-actiune\/1588827816-francofonia-sarbatorita-de-elevii-de-la-liceul-teoretic-emil-botta.html\"><img decoding=\"async\" src=\"https:\/\/zdvi.cname.ro\/180_135\/proiecte\/tineret-in-re-actiune\/1588827816-francofonia-sarbatorita-de-elevii-de-la-liceul-teoretic-emil-botta.html\/mediaPool\/francofonie_adjud_64963_o_860324558.jpg\" class=\"img-responsive img-180\" alt><\/a><\/div>\n<h2><a class=\"link-titlu\" href=\"https:\/\/ziaruldevrancea.ro\/proiecte\/tineret-in-re-actiune\/1588827816-francofonia-sarbatorita-de-elevii-de-la-liceul-teoretic-emil-botta.html\">Francofonia, s\u0103rb\u0103torit\u0103 de elevii de la Liceul Teoretic &#8220;Emil Botta&#8221;<\/a><\/h2>\n<div class=\"date-post\"><a href=\"https:\/\/ziaruldevrancea.ro\/autor\/ana-mihaela-acatrinei\">Ana Mihaela Acatrinei<\/a>, 19 mar 2016  <\/div>\n<\/div>\n<\/div>\n<\/div>\n<\/div>\n<\/div>\n<div class=\"extra-articol listing-anunturi\">\n<h6>Anun\u021buri <span class=\"text-primary\">ZdV<\/span> Premium<\/h6>\n<div class=\"row\">\n<div class=\"col-lg-4 col-md-6 bloc-egal\"><a class=\"card-anunt\" href=\"https:\/\/ziaruldevrancea.ro\/anunturi\/necrolog\/condoleante\/condoleante-familiei-anunt-72704\"><strong class=\"titlu\">Condolean\u021be<\/strong><span class=\"text-anunt\">FAMILIA\u00a0NINA-ELENA\u00a0 \u00a0\u0219i PETRACHE&#8230;<\/span><span class=\"data-anunt\">18.12.2025  <\/span><\/a><\/div>\n<div class=\"col-lg-4 col-md-6 bloc-egal\"><a class=\"card-anunt\" href=\"https:\/\/ziaruldevrancea.ro\/anunturi\/angajari\/oferte-angajari\/firma-de-constructii-pe-renovari-din-luxembourg-angajeaza\"><strong class=\"titlu\">Oferte<\/strong><span class=\"text-anunt\">Companie serioas\u0103 din domeniul construc\u021biilor,&#8230;<\/span><span class=\"data-anunt\">15.07.2025  <\/span><\/a><\/div>\n<div class=\"col-lg-4 col-md-6 bloc-egal\"><a class=\"card-anunt\" href=\"https:\/\/ziaruldevrancea.ro\/anunturi\/altele\/MEDICALE\/oftalmologie\"><strong class=\"titlu\">MEDICALE<\/strong><span class=\"text-anunt\">CLINIC\u0102 \u00a0CHIRURGIE&#8230;<\/span><span class=\"data-anunt\">01.01.2025  <\/span><\/a><\/div>\n<\/div>\n<\/div>\n<div class=\"bloc-widget widget-albastru\">\n    Ziarul de Vrancea \u00a0nu este responsabil juridic pentru con\u0163inutul textelor din comentariile de mai jos. Responsabilitatea pentru mesajele dumneavoastra v\u0103 revine \u00een exclusivitate.\n<\/div>\n<div class=\"comentarii-articol\" id=\"comentarii\">\n<h3>Comentarii: <span class=\"text-primary\">1<\/span><\/h3>\n<p><a href=\"https:\/\/ziaruldevrancea.ro\/proiecte\/tineret-in-re-actiune\/1588842354-atunci-cand-este-noaptea-verde-a-teatrului-havana-estegoala.html\" class=\"btn btn-success btn-adauga-com\" data-toggle=\"modal\" data-parent=\"0\" data-target=\"#commentModal\">Adaug\u0103 comentariu<\/a><\/p>\n<div class=\"lista-comentarii comments-results\">\n<div class=\"comentariu-articol\" id=\"comentariu-254606\">\n<div class=\"autor-comentariu\"><img decoding=\"async\" class=\"img-circle\" src=\"https:\/\/ziaruldevrancea.ro\/images\/icons\/avatar.svg\" alt><span class=\"autor-com\">Vali Crintea,<\/span> acum 3185 zile, 5 ore, 26 minute, 3 secunde  <\/div>\n<div class=\"text-comentariu\">\n    Felicitari!  <\/div>\n<div class=\"optiuni-comentariu\" data-groupby=\"comments\" data-loadprefix=\"\/\" data-comment='{\"id\":\"254606\"}'><span class=\"aprecieri pull-right\">2 <\/span><a href=\"https:\/\/ziaruldevrancea.ro\/proiecte\/tineret-in-re-actiune\/1588842354-atunci-cand-este-noaptea-verde-a-teatrului-havana-estegoala.html#!\" data-parent=\"254606\" data-toggle=\"modal\" data-target=\"#commentModal\" class=\"link-text optiune\"> R\u0103spunde<\/a><\/p>\n<div class=\"elem-inline-block\"><a href=\"https:\/\/ziaruldevrancea.ro\/proiecte\/tineret-in-re-actiune\/1588842354-atunci-cand-este-noaptea-verde-a-teatrului-havana-estegoala.html\" class=\"link-text optiune\" data-toggle=\"dropdown\" role=\"button\" aria-expanded=\"false\"> Op\u021biuni<\/a><\/p>\n<ul class=\"dropdown-menu\">\n<li><a href=\"https:\/\/ziaruldevrancea.ro\/proiecte\/tineret-in-re-actiune\/1588842354-atunci-cand-este-noaptea-verde-a-teatrului-havana-estegoala.html#!\" data-group=\"comments\" data-action=\"like\"> \u00cemi place<\/a><\/li>\n<li><a href=\"https:\/\/ziaruldevrancea.ro\/proiecte\/tineret-in-re-actiune\/1588842354-atunci-cand-este-noaptea-verde-a-teatrului-havana-estegoala.html#!\" data-group=\"comments\" data-action=\"dislike\"> Nu-mi place<\/a><\/li>\n<li><a href=\"https:\/\/ziaruldevrancea.ro\/proiecte\/tineret-in-re-actiune\/1588842354-atunci-cand-este-noaptea-verde-a-teatrului-havana-estegoala.html#!\" data-parent=\"254606\" data-toggle=\"modal\" data-target=\"#commentReportModal\"> Raporteaz\u0103<\/a><\/li>\n<\/ul>\n<\/div>\n<\/div>\n<\/div>\n<\/div>\n<div class=\"loadMask comments-mask\"><img decoding=\"async\" src=\"https:\/\/zdvs.cname.ro\/images\/loader_40.gif\"><\/div>\n<div class=\"comenteaza-jos\">Trebuie s\u0103 fii <a href=\"https:\/\/ziaruldevrancea.ro\/account\">autentificat<\/a> pentru a putea <a href=\"https:\/\/ziaruldevrancea.ro\/proiecte\/tineret-in-re-actiune\/1588842354-atunci-cand-este-noaptea-verde-a-teatrului-havana-estegoala.html\" class data-toggle=\"modal\" data-parent=\"0\" data-target=\"#commentModal\">posta un comentariu<\/a>.<\/div>\n<\/div>\n<div class=\"modal fade\" id=\"commentModal\" role=\"dialog\" aria-labelledby=\"commentModalLabel\">\n<div class=\"modal-dialog modal-lg\" role=\"document\">\n<div class=\"modal-content\">\n<div class=\"modal-header\">\n<h3 class=\"modal-title\" id=\"commentModalLabel\">Comenteaz\u0103<\/h3>\n<\/div>\n<div class=\"modal-body\">\n<div class=\"tabel tabel-full\">\n<div class=\"celula\">\n              Trebuie s\u0103 fii <a href=\"https:\/\/ziaruldevrancea.ro\/account\">autentificat<\/a> pentru a putea posta un comentariu.\n            <\/div>\n<\/div>\n<\/div>\n<div class=\"modal-footer\">\n<div id=\"commentPending\" class=\"formPending pull-left\"><img decoding=\"async\" src=\"https:\/\/zdvs.cname.ro\/images\/loader_40.gif\"> In curs de procesare&#8230;<\/div>\n<p><a href=\"https:\/\/ziaruldevrancea.ro\/proiecte\/tineret-in-re-actiune\/1588842354-atunci-cand-este-noaptea-verde-a-teatrului-havana-estegoala.html\" class=\"btn btn-default\" data-dismiss=\"modal\">Anuleaz\u0103<\/a><\/div>\n<\/div>\n<\/div>\n<\/div>\n<div class=\"modal fade\" id=\"commentReportModal\" role=\"dialog\" aria-labelledby=\"commentReportModalLabel\">\n<div class=\"modal-dialog modal-lg\" role=\"document\">\n<div class=\"modal-content\">\n<div class=\"modal-header\">\n<h3 class=\"modal-title\" id=\"commentReportModalLabel\">Raporteaza comentariu<\/h3>\n<\/div>\n<div class=\"modal-body\">\n<div class=\"tabel tabel-full\">\n<div class=\"celula\">\n              Trebuie s\u0103 fii <a href=\"https:\/\/ziaruldevrancea.ro\/account\">autentificat<\/a> pentru a putea raporta un comentariu.\n            <\/div>\n<\/div>\n<\/div>\n<div class=\"modal-footer\">\n<div id=\"commentReportPending\" class=\"formPending pull-left\"><img decoding=\"async\" src=\"https:\/\/zdvs.cname.ro\/images\/loader_40.gif\"> In curs de procesare&#8230;<\/div>\n<p><a href=\"https:\/\/ziaruldevrancea.ro\/proiecte\/tineret-in-re-actiune\/1588842354-atunci-cand-este-noaptea-verde-a-teatrului-havana-estegoala.html\" class=\"btn btn-default\" data-dismiss=\"modal\">Anuleaz\u0103<\/a><\/div>\n<\/div>\n<\/div>\n<\/div>\n<div class=\"modal fade\" id=\"commentLikeModal\" role=\"dialog\" aria-labelledby=\"commentLikeModalLabel\">\n<div class=\"modal-dialog modal-lg\" role=\"document\">\n<div class=\"modal-content\">\n<div class=\"modal-header\">\n<h3 class=\"modal-title\" id=\"commentReportModalLabel\">Apreciaza comentariu<\/h3>\n<\/div>\n<div class=\"modal-body\">\n<div class=\"tabel tabel-full\">\n<div class=\"celula\">\n            Trebuie s\u0103 fii <a href=\"https:\/\/ziaruldevrancea.ro\/account\">autentificat<\/a> pentru a putea aprecia un comentariu.\n          <\/div>\n<\/div>\n<\/div>\n<div class=\"modal-footer\"><a href=\"https:\/\/ziaruldevrancea.ro\/proiecte\/tineret-in-re-actiune\/1588842354-atunci-cand-este-noaptea-verde-a-teatrului-havana-estegoala.html\" class=\"btn btn-default\" data-dismiss=\"modal\">Anuleaz\u0103<\/a><\/div>\n<\/div>\n<\/div>\n<\/div>\n<div class=\"bloc-widget widget-rosu\"><span><small>Ziarul de Vrancea doreste ca acest site sa fie un spatiu al discutiilor civilizate, al comentariilor de bun simt. Din acest motiv, cei care posteaza comentarii la articole trebuie sa respecte urmatoarele reguli:<br \/>\n1. Sa se refere doar la articolul la care posteaza comentarii.<br \/>\n2. Sa foloseasca un limbaj civilizat, fara injurii, calomnii, comentarii antisemite, xenofobe sau rasiste.<br \/>\n3. Sunt interzise atacurile la adresa autorilor, daca acestea nu au legatura cu textul.<br \/>\n4. Username-ul sa nu fie nume de personalitati ale vietii publice sau parodieri ale acestora.<br \/>\nAutorul unui articol poate fi criticat pentru eventuale greseli, incoerenta, lipsa de documentare etc.<br \/>\nNerespectarea regulilor mentionate mai sus va duce la stergerea comentariilor, fara avertisment si fara explicatii.<br \/>\nAbaterile repetate vor avea drept consecinta interdictia accesului la aceasta facilitate a site-ului.<\/small><\/span><\/div>\n<\/div>\n<p> Source URL: https:\/\/ziaruldevrancea.ro\/proiecte\/tineret-in-re-actiune\/1588842354-atunci-cand-este-noaptea-verde-a-teatrului-havana-estegoala.html<\/p>\n","protected":false},"excerpt":{"rendered":"<p>Tineret \u00een (Re)Ac\u021biune GALERIE FOTO &#8211; &#8220;Atunci c\u00e2nd este Noaptea Verde a Teatrului, Havana este goal\u0103&#8221; Distribuie: \u00a0 | Ana Mihaela Acatrinei 9 apr 20178575 vizualiz\u0103ri Dup\u0103 \u201cNoaptea Verde a Teatrului\u201d, eveniment care a adus la un loc un num\u0103r record de liceeni, echipa de voluntari s-a apucat de lucru pentru &#8220;Festivalul Verde la Teatru&#8221; [&hellip;]<\/p>\n","protected":false},"author":1,"featured_media":0,"comment_status":"open","ping_status":"","sticky":false,"template":"","format":"standard","meta":{"footnotes":""},"categories":[89],"tags":[208],"class_list":["post-1261064","post","type-post","status-publish","format-standard","hentry","category-romania","tag-ziaruldevrancea-ro"],"_links":{"self":[{"href":"https:\/\/analyse.optim.biz\/index.php?rest_route=\/wp\/v2\/posts\/1261064","targetHints":{"allow":["GET"]}}],"collection":[{"href":"https:\/\/analyse.optim.biz\/index.php?rest_route=\/wp\/v2\/posts"}],"about":[{"href":"https:\/\/analyse.optim.biz\/index.php?rest_route=\/wp\/v2\/types\/post"}],"author":[{"embeddable":true,"href":"https:\/\/analyse.optim.biz\/index.php?rest_route=\/wp\/v2\/users\/1"}],"replies":[{"embeddable":true,"href":"https:\/\/analyse.optim.biz\/index.php?rest_route=%2Fwp%2Fv2%2Fcomments&post=1261064"}],"version-history":[{"count":0,"href":"https:\/\/analyse.optim.biz\/index.php?rest_route=\/wp\/v2\/posts\/1261064\/revisions"}],"wp:attachment":[{"href":"https:\/\/analyse.optim.biz\/index.php?rest_route=%2Fwp%2Fv2%2Fmedia&parent=1261064"}],"wp:term":[{"taxonomy":"category","embeddable":true,"href":"https:\/\/analyse.optim.biz\/index.php?rest_route=%2Fwp%2Fv2%2Fcategories&post=1261064"},{"taxonomy":"post_tag","embeddable":true,"href":"https:\/\/analyse.optim.biz\/index.php?rest_route=%2Fwp%2Fv2%2Ftags&post=1261064"}],"curies":[{"name":"wp","href":"https:\/\/api.w.org\/{rel}","templated":true}]}}