{"id":1261039,"date":"2017-12-11T00:00:00","date_gmt":"2017-12-10T21:00:00","guid":{"rendered":"https:\/\/analyse.optim.biz\/?p=1261039"},"modified":"2017-12-11T00:00:00","modified_gmt":"2017-12-10T21:00:00","slug":"voluntariatul-un-cadou-de-la-oameni-buni-pentru-oamenii-buni","status":"publish","type":"post","link":"https:\/\/analyse.optim.biz\/?p=1261039","title":{"rendered":"Voluntariatul, un cadou de la oameni buni pentru oamenii buni"},"content":{"rendered":"<div class=\"main-content detaliu-articol\"><a class=\"titlu-cat-list\" href=\"https:\/\/ziaruldevrancea.ro\/proiecte\/tineret-in-re-actiune\">Tineret \u00een (Re)Ac\u021biune<\/a><\/p>\n<h1>Voluntariatul, un cadou de la oameni buni pentru oamenii buni<\/h1>\n<div class=\"date-articol clearfix\">\n<div class=\"distribuie-articol dropdown\">\n    Distribuie: \u00a0<br \/>\n    <em>|<\/em><\/div>\n<div class=\"autor-articol\"><a href=\"https:\/\/ziaruldevrancea.ro\/autor\/ziarul-de-vrancea\/\"><img decoding=\"async\" class=\"img-circle\" src=\"https:\/\/zdvi.cname.ro\/50_50\/articleAuthor\/ziarul-de-vrancea\/articleAuthor\/uMPfPxc.jpg\" alt><\/a><\/p>\n<h5><a href=\"https:\/\/ziaruldevrancea.ro\/autor\/ziarul-de-vrancea\/\">Ziarul de Vrancea<\/a><\/h5>\n<div class=\"grup-spatiere\"><span class=\"cu-spatiere\">11 dec 2017<\/span><span class=\"cu-spatiere\">5171 vizualiz\u0103ri<\/span><\/div>\n<\/div>\n<\/div>\n<div class=\"poza-mare\">\n<div class=\"poza-mare galerie-detaliu\">\n<div id=\"carousel-poza-mare\" class=\"carousel slide carusel-poza\" data-ride=\"carousel\" data-interval=\"0\">\n<div class=\"carousel-inner\" role=\"listbox\">\n<div class=\"item imagine-carusel active\"><a href class=\"openGallery\"><img decoding=\"async\" class=\"img-responsive\" src=\"https:\/\/zdvi.cname.ro\/850_530\/voluntariatul-un-cadou-de-la-oameni-buni-pentru-oamenii-buni\/article\/mediaPool\/uhV9Sea.jpg\" alt=\"Foto: \u201cVoluntariatul te face sa z\u00e2mbe\u0219ti, iar tu \u00eei faci pe ceilalti sa z\u00e2mbeasc\u0103\u201d, spune Andra Bianca Rusu\"><\/a><\/p>\n<div class=\"caption-poza\">Foto: \u201cVoluntariatul te face sa z\u00e2mbe\u0219ti, iar tu \u00eei faci pe ceilalti sa z\u00e2mbeasc\u0103\u201d, spune Andra Bianca Rusu<\/div>\n<\/div>\n<div class=\"item imagine-carusel \"><a href class=\"openGallery\"><img decoding=\"async\" class=\"img-responsive\" src=\"https:\/\/zdvi.cname.ro\/850_530\/voluntariatul-un-cadou-de-la-oameni-buni-pentru-oamenii-buni\/article\/mediaPool\/uYp5y7k.JPG\" alt><\/a><\/p>\n<div class=\"caption-poza\">\u00a0<\/div>\n<\/div>\n<div class=\"item imagine-carusel \"><a href class=\"openGallery\"><img decoding=\"async\" class=\"img-responsive\" src=\"https:\/\/zdvi.cname.ro\/850_530\/voluntariatul-un-cadou-de-la-oameni-buni-pentru-oamenii-buni\/article\/mediaPool\/uIub5yB.jpg\" alt><\/a><\/p>\n<div class=\"caption-poza\">\u00a0<\/div>\n<\/div>\n<div class=\"item imagine-carusel \"><a href class=\"openGallery\"><img decoding=\"async\" class=\"img-responsive\" src=\"https:\/\/zdvi.cname.ro\/850_530\/voluntariatul-un-cadou-de-la-oameni-buni-pentru-oamenii-buni\/article\/mediaPool\/u4VqF0R.jpg\" alt><\/a><\/p>\n<div class=\"caption-poza\">\u00a0<\/div>\n<\/div>\n<\/div>\n<\/div>\n<div id=\"carousel-poze-mici\" class=\"carousel slide carusel-mici\" data-ride=\"carousel\" data-interval=\"0\">\n<div class=\"carousel-inner\" role=\"listbox\">\n<div class=\"item active\">\n<ul class=\"navigare-carusel-imagini\">\n<li data-target=\"#carousel-poza-mare\" data-slide-to=\"0\"><img decoding=\"async\" class=\"img-responsive\" src=\"https:\/\/zdvi.cname.ro\/_90\/voluntariatul-un-cadou-de-la-oameni-buni-pentru-oamenii-buni\/article\/mediaPool\/uhV9Sea.jpg\" alt><\/li>\n<li data-target=\"#carousel-poza-mare\" data-slide-to=\"1\"><img decoding=\"async\" class=\"img-responsive\" src=\"https:\/\/zdvi.cname.ro\/_90\/voluntariatul-un-cadou-de-la-oameni-buni-pentru-oamenii-buni\/article\/mediaPool\/uYp5y7k.JPG\" alt><\/li>\n<li data-target=\"#carousel-poza-mare\" data-slide-to=\"2\"><img decoding=\"async\" class=\"img-responsive\" src=\"https:\/\/zdvi.cname.ro\/_90\/voluntariatul-un-cadou-de-la-oameni-buni-pentru-oamenii-buni\/article\/mediaPool\/uIub5yB.jpg\" alt><\/li>\n<li data-target=\"#carousel-poza-mare\" data-slide-to=\"3\"><img decoding=\"async\" class=\"img-responsive\" src=\"https:\/\/zdvi.cname.ro\/_90\/voluntariatul-un-cadou-de-la-oameni-buni-pentru-oamenii-buni\/article\/mediaPool\/u4VqF0R.jpg\" alt><\/li>\n<\/ul>\n<\/div>\n<\/div>\n<\/div>\n<\/div>\n<\/div>\n<ul>\n<li><strong>Dac\u0103 e\u0219ti elev de gimnaziu sau licean \u0219i nu ai reu\u0219it s\u0103 ie\u0219i din zona ta de confort, sper ca experien\u021ba mea de voluntar s\u0103 te motiveze!<\/strong><\/li>\n<\/ul>\n<p>Tr\u0103im, \u00eentr-adev\u0103r, \u00eentr-o lume superficial\u0103, \u00een care se pune accent pe lucrurile efemere, f\u0103r\u0103 substan\u021b\u0103, care nu sunt cu adev\u0103rat importante, dar exist\u0103 pentru fiecare locul s\u0103u. Trebuie doar s\u0103 vrei s\u0103 \u00eel g\u0103se\u0219ti! Genera\u021bia noastr\u0103 are oportunitatea de a se implica \u00een diferite ac\u021biuni de voluntariat, activit\u0103\u021bi \u00eenc\u0103 privite de unii adul\u021bi cu indiferen\u021b\u0103 sau ca o pierdere de timp. Eu regret un singur lucru: nu am reu\u0219it s\u0103 descop\u0103r mai devreme bucuria de a m\u0103 implica \u00een proiecte f\u0103cute de tineri pentru tineri, de oameni pentru oameni. Sunt \u00een clasa a zecea \u0219i abia anul trecut am f\u0103cut parte dintr-un proiect de acest fel. Nu a\u0219 fi crezut niciodat\u0103 c\u0103 voi \u00eent\u00e2lni persoane care \u201cs\u0103 parieze\u201d din prima pe mine astfel \u00eenc\u00e2t s\u0103 realizez lucruri importante pentru comunitate. Conferin\u021ba \u201dProvocarea #V\u201d mi-a ar\u0103tat o latur\u0103 latent\u0103 a personalit\u0103\u021bii mele \u0219i, pe l\u00e2ng\u0103 faptul c\u0103 am reu\u0219it s\u0103 fac ceva pentru tinerii de v\u00e2rsta mea, mi-am demonstrat c\u00e2t de multe putem face dac\u0103 ac\u021bion\u0103m <strong>\u00eempreun\u0103.<\/strong> Pentru cei care \u00eenc\u0103 nu au aflat, Provocarea #V\u201d este o conferin\u021b\u0103 motiva\u021bional\u0103 \u0219i de orientare \u00een carier\u0103 \u00een care tineri vr\u00e2nceni \u00ee\u0219i pot alege modele profesionale pentru viitor \u0219i pot afla informa\u021bii interesante de la lideri ai diferitelor profesii care le dezv\u0103luie sincer \u0219i deschis din experien\u021ba lor profesional\u0103 \u0219i de via\u021b\u0103.\u00a0<\/p>\n<p>Ce p\u0103rere au avut p\u0103rin\u021bii despre implicarea mea \u00een activit\u0103\u021bi de voluntariat dup\u0103 programul oficial de \u0219coal\u0103? Mi-au spus c\u0103 ar trebui s\u0103 \u00eenv\u0103\u021b mai \u00eent\u00e2i, pentru c\u0103 mi-ar fi greu s\u0103 fac \u0219i voluntariat \u0219i c\u0103 \u00eempreun\u0103, \u0219coala \u0219i voluntariatul, sunt prea solicitante. Dar am f\u0103cut propria mea alegere. Primul contact cu VOLUNTARIATUL a fost pe la \u00eenceputul anului c\u00e2nd am aplicat pentru proiectul unui ONG \u0219i am fost acceptat\u0103 pentru interviu. Nu am reu\u0219it s\u0103 intru \u00een echipa lor de voluntari, de aceea am fost foarte dezam\u0103git\u0103 \u0219i am vrut s\u0103 renun\u021b definitiv. M-am \u00eentrebat care a fost motivul pentru care nu am fost acceptat\u0103, iar dup\u0103 un timp am realizat c\u0103 lipsa mea de experien\u021b\u0103 a determinat e\u0219ecul meu. Prin luna martie, am v\u0103zut un anun\u021b pentru echipa de organizare a conferin\u021bei \u201dProvocarea #V\u201d, Viziune, Valori, Viitor. De\u0219i n-am \u00een\u021beles \u00een ce<\/p>\n<p>const\u0103 implicarea mea, am completat formularul. Imi doream s\u0103 lucrez \u00een echip\u0103 \u0219i s\u0103 contribui cu ceva nou, util, pentru comunitate. Dup\u0103 ce s-a finalizat edi\u021bia din acest an, am fost apreciat\u0103 pentru modul \u00een care m-am implicat \u0219i am colaborat cu colegii mai mari, mai ales c\u0103 eram boboac\u0103 \u0219i debutant\u0103 \u00een ale voluntariatului. Faptul c\u0103 am fost co-organizator al\u0103turi de al\u021bi tineri mi-a demonstrat c\u0103 nu am nevoie neap\u0103rat de experien\u021b\u0103, ci de motiva\u021bie, seriozitate \u0219i oameni care s\u0103 m\u0103 sus\u021bin\u0103 \u0219i s\u0103 cread\u0103 \u00een capacit\u0103\u021bile mele. \u00cen urm\u0103toarele luni am \u00eenceput proiecte noi \u0219i am \u00eenv\u0103\u021bat mult mai bine s\u0103 comunic cu oamenii \u0219i s\u0103 lucrez cu ei. Un nou proiect, organizat de Asocia\u021bia Semper Musica, mi-a oferit diverse oportunit\u0103\u021bi de implicare \u00een comunitate \u0219i astfel am f\u0103cut parte din noul club de voluntariat din Vrancea, intitulat \u201dCutremur\u0103torii\u201d, care a ob\u021binut locul I la nivel na\u021bional, \u00een urma unei competi\u021bii serioase \u00eentre jude\u021be. Am observat c\u00e2t de implica\u021bi \u0219i dornici de schimbare sunt liceeni, a\u0219a c\u0103 ar fi p\u0103cat s\u0103 nu le folosim energia, s\u0103 nu transmitem mai departe noilor genera\u021bii ideea de voluntariat. Nu este at\u00e2t de important s\u0103 men\u021bionez ce am mai f\u0103cut \u00een acest domeniu plin de provoc\u0103ri, c\u00e2t s\u0103 transmit ideea principal\u0103 a acestor experien\u021be, satisfac\u021bia pe care o ai c\u00e2nd vezi c\u0103 po\u021bi face bine, c\u0103 po\u021bi schimba ceva \u00een jur. Profesorii nu vor vedea de fiecare dat\u0103 proiectele cu ochi buni, iar tu vei avea nevoie de timp s\u0103 demonstrezi c\u0103 voluntariatul nu este o pierdere de timp ci o modalitate foarte interesant\u0103 de \u00eenv\u0103\u021bare, de preg\u0103tire pentru via\u021b\u0103, pentru viitor.<\/p>\n<p>Eu sunt o persoan\u0103 creativ\u0103, deschis\u0103, cu multe idei, care \u0219i-a dorit dintotdeauna s\u0103 se implice \u00een comunitate, s\u0103 colaboreze. Nu am fost sprijinit\u0103 de la \u00eenceput: p\u0103rin\u021bii nu erau \u00eentru totul de acord, iar unii profesori m-au criticat. Totu\u0219i, mi s-a oferit \u0219ansa de a schimba ceva; dac\u0103 nu \u00een comunitate, m\u0103car la nivel personal. \u0218i am f\u0103cut-o! Dac\u0103 vrei s\u0103 faci ceea ce \u00ee\u021bi place de acum \u00eencolo, nu ezita \u0219i arat\u0103 c\u0103 e\u0219ti motivat! \u00cenva\u021b\u0103 din gre\u0219eli, accept\u0103 criticile constructive, ofer\u0103 feed-back celorlal\u021bi \u0219i, foarte important, fii un juc\u0103tor corect, de echip\u0103. Sunt at\u00e2tea de f\u0103cut \u0219i de schimbat \u00een jurul nostru. Depinde de tine ce alegi.\u00a0 Nimeni nu te poate opri sau obliga s\u0103 faci altceva dec\u00e2t ceea ce te reprezint\u0103. <strong>(Andra Bianca RUSU)<\/strong><\/p>\n<p>\u00a0<\/p>\n<p><strong>De loc din comuna Vulturu, Andra Bianca Rusu studiaz\u0103 la\u00a0<a href=\"https:\/\/www.facebook.com\/pages\/Colegiul-National-Unirea\/1488968841383736?timeline_context_item_type=intro_card_education&amp;timeline_context_item_source=100001911725748\">Colegiul National &#8220;Unirea&#8221;<\/a>, este pasionat\u0103 de dans \u0219i tradi\u021bii populare \u0219i activeaz\u0103 \u00een cadrul <a href=\"https:\/\/www.facebook.com\/TineretInReActiune.\">Clubului de jurnalism \u0219i implicare civic\u0103 Tineret \u00een (re)ac\u021biune<\/a> din Foc\u0219ani. Dac\u0103 e\u0219ti pasionat de implicare comunitar\u0103 ne po\u021bi g\u0103si pe internet, la adresa <a href=\"https:\/\/www.facebook.com\/TineretInReActiune\">https:\/\/www.facebook.com\/TineretInReActiune<\/a>. \u00a0<\/strong><\/p>\n<hr>\n<div class=\"bloc-widget widget-rosu\">\n<p>\u00cen lipsa unui acord scris din partea Ziarului de Vrancea, pute\u0163i prelua maxim 500 de caractere din acest articol dac\u0103 preciza\u0163i sursa \u015fi insera\u0163i vizibil link-ul articolului:\u00a0<span>#insertcurrentlinkhere<\/span><\/p>\n<\/div>\n<div class=\"extra-articol listing-anunturi\">\n<h6>Anun\u021buri <span class=\"text-primary\">ZdV<\/span> Premium<\/h6>\n<div class=\"row\">\n<div class=\"col-lg-4 col-md-6 bloc-egal\"><a class=\"card-anunt\" href=\"https:\/\/ziaruldevrancea.ro\/anunturi\/httpswww.ziaruldevrancea.roanunturialtelediversevand-struguri-de-vin-toate-soiurile\/vand-icre-de-crap-proaspete--cu-sare--gust-excelent-\"><strong class=\"titlu\">VANZARI DIVERSE<\/strong><span class=\"text-anunt\">1 kg icre de crap capturi Dunare ,proaspete in&#8230;<\/span><span class=\"data-anunt\">23.12.2025 , Gala\u021bi , Gala\u021bi<\/span><\/a><\/div>\n<div class=\"col-lg-4 col-md-6 bloc-egal\"><a class=\"card-anunt\" href=\"https:\/\/ziaruldevrancea.ro\/anunturi\/imobiliare\/vanzari-garsoniere\/oferta-imobiliara\"><strong class=\"titlu\">V\u00e2nz\u0103ri garsoniere<\/strong><span class=\"text-anunt\">V\u00e2nd garsonier\u0103 Foc\u0219ani, pre\u021b 17.000&#8230;<\/span><span class=\"data-anunt\">19.12.2025  <\/span><\/a><\/div>\n<div class=\"col-lg-4 col-md-6 bloc-egal\"><a class=\"card-anunt\" href=\"https:\/\/ziaruldevrancea.ro\/anunturi\/necrolog\/condoleante\/sincere-condoleante-anunt-72703\"><strong class=\"titlu\">Condolean\u021be<\/strong><span class=\"text-anunt\">Membrii cenaclului Dumitru D\u0103sc\u0103lescu\u00a0 sunt&#8230;<\/span><span class=\"data-anunt\">18.12.2025  <\/span><\/a><\/div>\n<\/div>\n<\/div>\n<div class=\"extra-articol alte-articole\">\n<div class=\"row\">\n<div class=\"col-lg-6 bloc-egal\">\n<div class=\"card articol-listing\">\n<h6>\u00cen categoria <a href=\"https:\/\/ziaruldevrancea.ro\/proiecte\/tineret-in-re-actiune\">Tineret \u00een (Re)Ac\u021biune<\/a><\/h6>\n<div class=\"grup-articol-listing\">\n<div class=\"cont-pils\"><a href=\"https:\/\/ziaruldevrancea.ro\/proiecte\/tineret-in-re-actiune\/galerie-foto-vranceaciteste-poveste-de-sfarsit-de-vara-de-pe-valea-zabalei\"><img decoding=\"async\" src=\"https:\/\/zdvi.cname.ro\/180_135\/proiecte\/tineret-in-re-actiune\/galerie-foto-vranceaciteste-poveste-de-sfarsit-de-vara-de-pe-valea-zabalei\/mediaPool\/uYuAfqS.jpg\" class=\"img-responsive img-180\" alt><\/a><\/div>\n<h2><a class=\"link-titlu\" href=\"https:\/\/ziaruldevrancea.ro\/proiecte\/tineret-in-re-actiune\/galerie-foto-vranceaciteste-poveste-de-sfarsit-de-vara-de-pe-valea-zabalei\">FOTO | #VranceaCite\u0219te: Poveste de sf\u00e2r\u0219it de var\u0103 de pe Valea Z\u0103balei<\/a><\/h2>\n<div class=\"date-post\"><a href=\"https:\/\/ziaruldevrancea.ro\/autor\/ziarul-de-vrancea\">Ziarul de Vrancea<\/a>,  6 sep 2019  <\/div>\n<\/div>\n<div class=\"grup-articol-listing\">\n<div class=\"cont-pils\"><a href=\"https:\/\/ziaruldevrancea.ro\/proiecte\/tineret-in-re-actiune\/gandurile-unui-povestas-din-echipa-c@rte-in-sate-proiectului-c@rte-in-sate-dedicat-copiilor-vranceni-din-zonele-rurale-dezavantajate-din-punct-de-vedere-cultural\"><img decoding=\"async\" src=\"https:\/\/zdvi.cname.ro\/180_135\/proiecte\/tineret-in-re-actiune\/gandurile-unui-povestas-din-echipa-c@rte-in-sate-proiectului-c@rte-in-sate-dedicat-copiilor-vranceni-din-zonele-rurale-dezavantajate-din-punct-de-vedere-cultural\/mediaPool\/udDq9Gp.jpg\" class=\"img-responsive img-180\" alt><\/a><\/div>\n<h2><a class=\"link-titlu\" href=\"https:\/\/ziaruldevrancea.ro\/proiecte\/tineret-in-re-actiune\/gandurile-unui-povestas-din-echipa-c@rte-in-sate-proiectului-c@rte-in-sate-dedicat-copiilor-vranceni-din-zonele-rurale-dezavantajate-din-punct-de-vedere-cultural\">G\u00e2ndurile unui povesta\u0219\ufeff din echipa \u201cc@rte \u00een sate\u201d, proiect derulat \u00een jude\u021bul Vrancea<\/a><\/h2>\n<div class=\"date-post\"><a href=\"https:\/\/ziaruldevrancea.ro\/autor\/ziarul-de-vrancea\">Ziarul de Vrancea<\/a>, 27 aug 2019  <\/div>\n<\/div>\n<div class=\"grup-articol-listing\">\n<div class=\"cont-pils\"><a href=\"https:\/\/ziaruldevrancea.ro\/proiecte\/tineret-in-re-actiune\/informatiile-cheie-pe-care-trebuie-sa-le-stim-inainte-de-a-vota-la-apropiatele-alegeri-europarlamentare\"><img decoding=\"async\" src=\"https:\/\/zdvi.cname.ro\/180_135\/proiecte\/tineret-in-re-actiune\/informatiile-cheie-pe-care-trebuie-sa-le-stim-inainte-de-a-vota-la-apropiatele-alegeri-europarlamentare\/mediaPool\/uOY7gyu.jpg\" class=\"img-responsive img-180\" alt><\/a><\/div>\n<h2><a class=\"link-titlu\" href=\"https:\/\/ziaruldevrancea.ro\/proiecte\/tineret-in-re-actiune\/informatiile-cheie-pe-care-trebuie-sa-le-stim-inainte-de-a-vota-la-apropiatele-alegeri-europarlamentare\">Informa\u021biile cheie pe care trebuie s\u0103 le \u0219tim \u00eenainte de a vota la apropiatele alegeri europarlamentare<\/a><\/h2>\n<div class=\"date-post\"><a href=\"https:\/\/ziaruldevrancea.ro\/autor\/ziarul-de-vrancea\">Ziarul de Vrancea<\/a>, 11 mar 2019  <\/div>\n<\/div>\n<\/div>\n<\/div>\n<div class=\"col-lg-6 bloc-egal\">\n<div class=\"card articol-listing\">\n<h6>De acela\u0219i <a href=\"https:\/\/ziaruldevrancea.ro\/autor\/ziarul-de-vrancea\/\">autor<\/a><\/h6>\n<div class=\"grup-articol-listing\">\n<div class=\"cont-pils\"><a href=\"https:\/\/ziaruldevrancea.ro\/timp-liber\/asazi-despre--aviatorul-de-elita-aruncat-in-puscariile-comuniste-tudor-greceanu-as-roman-al-aviatiei-de-vanatoare-in-al-doilea-razboi-mondial\"><img decoding=\"async\" src=\"https:\/\/zdvi.cname.ro\/180_135\/timp-liber\/asazi-despre--aviatorul-de-elita-aruncat-in-puscariile-comuniste-tudor-greceanu-as-roman-al-aviatiei-de-vanatoare-in-al-doilea-razboi-mondial\/mediaPool\/uSEfrIV.jpg\" class=\"img-responsive img-180\" alt><\/a><\/div>\n<h2><a class=\"link-titlu\" href=\"https:\/\/ziaruldevrancea.ro\/timp-liber\/asazi-despre--aviatorul-de-elita-aruncat-in-puscariile-comuniste-tudor-greceanu-as-roman-al-aviatiei-de-vanatoare-in-al-doilea-razboi-mondial\">VIDEO Ast\u0103zi despre: Aviatorul de elit\u0103 aruncat \u00een pu\u0219c\u0103riile comuniste: Tudor Greceanu, as rom\u00e2n al avia\u021biei de v\u00e2n\u0103toare \u00een Al Doilea R\u0103zboi Mondial<\/a><\/h2>\n<div class=\"date-post\"><a href=\"https:\/\/ziaruldevrancea.ro\/autor\/ziarul-de-vrancea\">Ziarul de Vrancea<\/a>, 29 dec 2025  <\/div>\n<\/div>\n<div class=\"grup-articol-listing\">\n<div class=\"cont-pils\"><a href=\"https:\/\/ziaruldevrancea.ro\/timp-liber\/horoscop-29-decembrie-2025\"><img decoding=\"async\" src=\"https:\/\/zdvi.cname.ro\/180_135\/timp-liber\/horoscop-29-decembrie-2025\/mediaPool\/uA8enxT.jpg\" class=\"img-responsive img-180\" alt><\/a><\/div>\n<h2><a class=\"link-titlu\" href=\"https:\/\/ziaruldevrancea.ro\/timp-liber\/horoscop-29-decembrie-2025\">Horoscop 29 decembrie 2025 <\/a><\/h2>\n<div class=\"date-post\"><a href=\"https:\/\/ziaruldevrancea.ro\/#comentarii\" class=\"pull-right\"> 4<\/a><a href=\"https:\/\/ziaruldevrancea.ro\/autor\/ziarul-de-vrancea\">Ziarul de Vrancea<\/a>, 29 dec 2025  <\/div>\n<\/div>\n<div class=\"grup-articol-listing\">\n<div class=\"cont-pils\"><a href=\"https:\/\/ziaruldevrancea.ro\/actualitatea\/international\/mozaic-stiri-internationale-the-guardian-bulgaria-se-pregateste-sa-intre-in-zona-euro-in-contextul-temerilor-legate-de-dezinformarea-sustinuta-de-rusia\"><img decoding=\"async\" src=\"https:\/\/zdvi.cname.ro\/180_135\/actualitatea\/international\/mozaic-stiri-internationale-the-guardian-bulgaria-se-pregateste-sa-intre-in-zona-euro-in-contextul-temerilor-legate-de-dezinformarea-sustinuta-de-rusia\/mediaPool\/uDyW22s.jpg\" class=\"img-responsive img-180\" alt><\/a><\/div>\n<h2><a class=\"link-titlu\" href=\"https:\/\/ziaruldevrancea.ro\/actualitatea\/international\/mozaic-stiri-internationale-the-guardian-bulgaria-se-pregateste-sa-intre-in-zona-euro-in-contextul-temerilor-legate-de-dezinformarea-sustinuta-de-rusia\">MOZAIC \u0218TIRI INTERNA\u021aIONALE: The Guardian: Bulgaria se preg\u0103te\u015fte s\u0103 intre \u00een zona euro, \u00een contextul temerilor legate de dezinformarea sus\u0163inut\u0103 de Rusia<\/a><\/h2>\n<div class=\"date-post\"><a href=\"https:\/\/ziaruldevrancea.ro\/autor\/ziarul-de-vrancea\">Ziarul de Vrancea<\/a>, 28 dec 2025  <\/div>\n<\/div>\n<\/div>\n<\/div>\n<\/div>\n<\/div>\n<div class=\"extra-articol listing-anunturi\">\n<h6>Anun\u021buri <span class=\"text-primary\">ZdV<\/span> Premium<\/h6>\n<div class=\"row\">\n<div class=\"col-lg-4 col-md-6 bloc-egal\"><a class=\"card-anunt\" href=\"https:\/\/ziaruldevrancea.ro\/anunturi\/necrolog\/condoleante\/condoleante-familiei-anunt-72704\"><strong class=\"titlu\">Condolean\u021be<\/strong><span class=\"text-anunt\">FAMILIA\u00a0NINA-ELENA\u00a0 \u00a0\u0219i PETRACHE&#8230;<\/span><span class=\"data-anunt\">18.12.2025  <\/span><\/a><\/div>\n<div class=\"col-lg-4 col-md-6 bloc-egal\"><a class=\"card-anunt\" href=\"https:\/\/ziaruldevrancea.ro\/anunturi\/angajari\/oferte-angajari\/firma-de-constructii-pe-renovari-din-luxembourg-angajeaza\"><strong class=\"titlu\">Oferte<\/strong><span class=\"text-anunt\">Companie serioas\u0103 din domeniul construc\u021biilor,&#8230;<\/span><span class=\"data-anunt\">15.07.2025  <\/span><\/a><\/div>\n<div class=\"col-lg-4 col-md-6 bloc-egal\"><a class=\"card-anunt\" href=\"https:\/\/ziaruldevrancea.ro\/anunturi\/altele\/MEDICALE\/oftalmologie\"><strong class=\"titlu\">MEDICALE<\/strong><span class=\"text-anunt\">CLINIC\u0102 \u00a0CHIRURGIE&#8230;<\/span><span class=\"data-anunt\">01.01.2025  <\/span><\/a><\/div>\n<\/div>\n<\/div>\n<div class=\"bloc-widget widget-albastru\">\n    Ziarul de Vrancea \u00a0nu este responsabil juridic pentru con\u0163inutul textelor din comentariile de mai jos. Responsabilitatea pentru mesajele dumneavoastra v\u0103 revine \u00een exclusivitate.\n<\/div>\n<div class=\"comentarii-articol\" id=\"comentarii\">\n<h3>Comentarii: <span class=\"text-primary\">0<\/span><\/h3>\n<p><a href=\"https:\/\/ziaruldevrancea.ro\/proiecte\/tineret-in-re-actiune\/voluntariatul-un-cadou-de-la-oameni-buni-pentru-oamenii-buni\" class=\"btn btn-success btn-adauga-com\" data-toggle=\"modal\" data-parent=\"0\" data-target=\"#commentModal\">Adaug\u0103 comentariu<\/a><\/p>\n<div class=\"loadMask comments-mask\"><img decoding=\"async\" src=\"https:\/\/zdvs.cname.ro\/images\/loader_40.gif\"><\/div>\n<div class=\"comenteaza-jos\">Trebuie s\u0103 fii <a href=\"https:\/\/ziaruldevrancea.ro\/account\">autentificat<\/a> pentru a putea <a href=\"https:\/\/ziaruldevrancea.ro\/proiecte\/tineret-in-re-actiune\/voluntariatul-un-cadou-de-la-oameni-buni-pentru-oamenii-buni\" class data-toggle=\"modal\" data-parent=\"0\" data-target=\"#commentModal\">posta un comentariu<\/a>.<\/div>\n<\/div>\n<div class=\"modal fade\" id=\"commentModal\" role=\"dialog\" aria-labelledby=\"commentModalLabel\">\n<div class=\"modal-dialog modal-lg\" role=\"document\">\n<div class=\"modal-content\">\n<div class=\"modal-header\">\n<h3 class=\"modal-title\" id=\"commentModalLabel\">Comenteaz\u0103<\/h3>\n<\/div>\n<div class=\"modal-body\">\n<div class=\"tabel tabel-full\">\n<div class=\"celula\">\n              Trebuie s\u0103 fii <a href=\"https:\/\/ziaruldevrancea.ro\/account\">autentificat<\/a> pentru a putea posta un comentariu.\n            <\/div>\n<\/div>\n<\/div>\n<div class=\"modal-footer\">\n<div id=\"commentPending\" class=\"formPending pull-left\"><img decoding=\"async\" src=\"https:\/\/zdvs.cname.ro\/images\/loader_40.gif\"> In curs de procesare&#8230;<\/div>\n<p><a href=\"https:\/\/ziaruldevrancea.ro\/proiecte\/tineret-in-re-actiune\/voluntariatul-un-cadou-de-la-oameni-buni-pentru-oamenii-buni\" class=\"btn btn-default\" data-dismiss=\"modal\">Anuleaz\u0103<\/a><\/div>\n<\/div>\n<\/div>\n<\/div>\n<div class=\"modal fade\" id=\"commentReportModal\" role=\"dialog\" aria-labelledby=\"commentReportModalLabel\">\n<div class=\"modal-dialog modal-lg\" role=\"document\">\n<div class=\"modal-content\">\n<div class=\"modal-header\">\n<h3 class=\"modal-title\" id=\"commentReportModalLabel\">Raporteaza comentariu<\/h3>\n<\/div>\n<div class=\"modal-body\">\n<div class=\"tabel tabel-full\">\n<div class=\"celula\">\n              Trebuie s\u0103 fii <a href=\"https:\/\/ziaruldevrancea.ro\/account\">autentificat<\/a> pentru a putea raporta un comentariu.\n            <\/div>\n<\/div>\n<\/div>\n<div class=\"modal-footer\">\n<div id=\"commentReportPending\" class=\"formPending pull-left\"><img decoding=\"async\" src=\"https:\/\/zdvs.cname.ro\/images\/loader_40.gif\"> In curs de procesare&#8230;<\/div>\n<p><a href=\"https:\/\/ziaruldevrancea.ro\/proiecte\/tineret-in-re-actiune\/voluntariatul-un-cadou-de-la-oameni-buni-pentru-oamenii-buni\" class=\"btn btn-default\" data-dismiss=\"modal\">Anuleaz\u0103<\/a><\/div>\n<\/div>\n<\/div>\n<\/div>\n<div class=\"modal fade\" id=\"commentLikeModal\" role=\"dialog\" aria-labelledby=\"commentLikeModalLabel\">\n<div class=\"modal-dialog modal-lg\" role=\"document\">\n<div class=\"modal-content\">\n<div class=\"modal-header\">\n<h3 class=\"modal-title\" id=\"commentReportModalLabel\">Apreciaza comentariu<\/h3>\n<\/div>\n<div class=\"modal-body\">\n<div class=\"tabel tabel-full\">\n<div class=\"celula\">\n            Trebuie s\u0103 fii <a href=\"https:\/\/ziaruldevrancea.ro\/account\">autentificat<\/a> pentru a putea aprecia un comentariu.\n          <\/div>\n<\/div>\n<\/div>\n<div class=\"modal-footer\"><a href=\"https:\/\/ziaruldevrancea.ro\/proiecte\/tineret-in-re-actiune\/voluntariatul-un-cadou-de-la-oameni-buni-pentru-oamenii-buni\" class=\"btn btn-default\" data-dismiss=\"modal\">Anuleaz\u0103<\/a><\/div>\n<\/div>\n<\/div>\n<\/div>\n<div class=\"bloc-widget widget-rosu\"><span><small>Ziarul de Vrancea doreste ca acest site sa fie un spatiu al discutiilor civilizate, al comentariilor de bun simt. Din acest motiv, cei care posteaza comentarii la articole trebuie sa respecte urmatoarele reguli:<br \/>\n1. Sa se refere doar la articolul la care posteaza comentarii.<br \/>\n2. Sa foloseasca un limbaj civilizat, fara injurii, calomnii, comentarii antisemite, xenofobe sau rasiste.<br \/>\n3. Sunt interzise atacurile la adresa autorilor, daca acestea nu au legatura cu textul.<br \/>\n4. Username-ul sa nu fie nume de personalitati ale vietii publice sau parodieri ale acestora.<br \/>\nAutorul unui articol poate fi criticat pentru eventuale greseli, incoerenta, lipsa de documentare etc.<br \/>\nNerespectarea regulilor mentionate mai sus va duce la stergerea comentariilor, fara avertisment si fara explicatii.<br \/>\nAbaterile repetate vor avea drept consecinta interdictia accesului la aceasta facilitate a site-ului.<\/small><\/span><\/div>\n<\/div>\n<p> Source URL: https:\/\/ziaruldevrancea.ro\/proiecte\/tineret-in-re-actiune\/voluntariatul-un-cadou-de-la-oameni-buni-pentru-oamenii-buni<\/p>\n","protected":false},"excerpt":{"rendered":"<p>Tineret \u00een (Re)Ac\u021biune Voluntariatul, un cadou de la oameni buni pentru oamenii buni Distribuie: \u00a0 | Ziarul de Vrancea 11 dec 20175171 vizualiz\u0103ri Foto: \u201cVoluntariatul te face sa z\u00e2mbe\u0219ti, iar tu \u00eei faci pe ceilalti sa z\u00e2mbeasc\u0103\u201d, spune Andra Bianca Rusu \u00a0 \u00a0 \u00a0 Dac\u0103 e\u0219ti elev de gimnaziu sau licean \u0219i nu ai reu\u0219it [&hellip;]<\/p>\n","protected":false},"author":1,"featured_media":0,"comment_status":"open","ping_status":"","sticky":false,"template":"","format":"standard","meta":{"footnotes":""},"categories":[89],"tags":[208],"class_list":["post-1261039","post","type-post","status-publish","format-standard","hentry","category-romania","tag-ziaruldevrancea-ro"],"_links":{"self":[{"href":"https:\/\/analyse.optim.biz\/index.php?rest_route=\/wp\/v2\/posts\/1261039","targetHints":{"allow":["GET"]}}],"collection":[{"href":"https:\/\/analyse.optim.biz\/index.php?rest_route=\/wp\/v2\/posts"}],"about":[{"href":"https:\/\/analyse.optim.biz\/index.php?rest_route=\/wp\/v2\/types\/post"}],"author":[{"embeddable":true,"href":"https:\/\/analyse.optim.biz\/index.php?rest_route=\/wp\/v2\/users\/1"}],"replies":[{"embeddable":true,"href":"https:\/\/analyse.optim.biz\/index.php?rest_route=%2Fwp%2Fv2%2Fcomments&post=1261039"}],"version-history":[{"count":0,"href":"https:\/\/analyse.optim.biz\/index.php?rest_route=\/wp\/v2\/posts\/1261039\/revisions"}],"wp:attachment":[{"href":"https:\/\/analyse.optim.biz\/index.php?rest_route=%2Fwp%2Fv2%2Fmedia&parent=1261039"}],"wp:term":[{"taxonomy":"category","embeddable":true,"href":"https:\/\/analyse.optim.biz\/index.php?rest_route=%2Fwp%2Fv2%2Fcategories&post=1261039"},{"taxonomy":"post_tag","embeddable":true,"href":"https:\/\/analyse.optim.biz\/index.php?rest_route=%2Fwp%2Fv2%2Ftags&post=1261039"}],"curies":[{"name":"wp","href":"https:\/\/api.w.org\/{rel}","templated":true}]}}