{"id":1261030,"date":"2018-08-21T00:00:00","date_gmt":"2018-08-20T21:00:00","guid":{"rendered":"https:\/\/analyse.optim.biz\/?p=1261030"},"modified":"2018-08-21T00:00:00","modified_gmt":"2018-08-20T21:00:00","slug":"ce-nu-as-schimba-la-orasul-focsani","status":"publish","type":"post","link":"https:\/\/analyse.optim.biz\/?p=1261030","title":{"rendered":"Ce nu a\u0219 schimba la ora\u0219ul Foc\u0219ani"},"content":{"rendered":"<div class=\"main-content detaliu-articol\"><a class=\"titlu-cat-list\" href=\"https:\/\/ziaruldevrancea.ro\/proiecte\/tineret-in-re-actiune\">Tineret \u00een (Re)Ac\u021biune<\/a><\/p>\n<h1>Ce nu a\u0219 schimba la ora\u0219ul Foc\u0219ani<\/h1>\n<div class=\"date-articol clearfix\">\n<div class=\"distribuie-articol dropdown\">\n    Distribuie: \u00a0<br \/>\n    <em>|<\/em><\/div>\n<div class=\"autor-articol\"><a href=\"https:\/\/ziaruldevrancea.ro\/autor\/ziarul-de-vrancea\/\"><img decoding=\"async\" class=\"img-circle\" src=\"https:\/\/zdvi.cname.ro\/50_50\/articleAuthor\/ziarul-de-vrancea\/articleAuthor\/uMPfPxc.jpg\" alt><\/a><\/p>\n<h5><a href=\"https:\/\/ziaruldevrancea.ro\/autor\/ziarul-de-vrancea\/\">Ziarul de Vrancea<\/a><\/h5>\n<div class=\"grup-spatiere\"><span class=\"cu-spatiere\">21 aug 2018<\/span><span class=\"cu-spatiere\">5073 vizualiz\u0103ri<\/span><\/div>\n<\/div>\n<\/div>\n<div class=\"poza-mare\"><a href class=\"openGallery\"><img decoding=\"async\" class=\"img-responsive\" src=\"https:\/\/zdvi.cname.ro\/850_530\/ce-nu-as-schimba-la-orasul-focsani\/article\/mediaPool\/um6upxl.jpg\" alt=\"Diana N\u0103stase a decis s\u0103 promoveze Teatrul Municipal Pastia \u00een cadrul proiectului Foc\u0219ani Quiz.Diana Mihaela N\u0103stase este elev\u0103 \u00een clasa a XI-a la Colegiul Na\u021bional Unirea Foc\u0219ani \u0219i a scris acest articol \u00een cadrul proiectului Foc\u0219ani Quiz, ini\u021biat de Rotactact Varana Foc\u0219ani, o competi\u021bie care \u0219i-a propus s\u0103 promoveze istoria ora\u0219ului \u00een r\u00e2ndul tinerilor.\"><\/a><\/p>\n<div class=\"caption-poza\">Diana N\u0103stase a decis s\u0103 promoveze Teatrul Municipal Pastia \u00een cadrul proiectului Foc\u0219ani Quiz.Diana Mihaela N\u0103stase este elev\u0103 \u00een clasa a XI-a la Colegiul Na\u021bional Unirea Foc\u0219ani \u0219i a scris acest articol \u00een cadrul proiectului Foc\u0219ani Quiz, ini\u021biat de Rotactact Varana Foc\u0219ani, o competi\u021bie care \u0219i-a propus s\u0103 promoveze istoria ora\u0219ului \u00een r\u00e2ndul tinerilor.<\/div>\n<\/div>\n<p><strong>O \u0219tim cu to\u021bii: viitorul este al tinerilor, al celor ce vor fi, ce vor urma dup\u0103\u2026 ce? Dup\u0103 ce este acum, putem spune. Iar acum, acum ce este? \u0218tim bine \u0219i asta, suntem con\u0219tien\u021bi de lumea \u00een care tr\u0103im. ,,Acum\u201d a existat \u0219i mai demult, \u00eentr-o vreme c\u0103reia noi \u00eei spunem ,,atunci\u201d. \u00a0\u00centotdeauna a existat acel joc \u00eentre prezent \u0219i trecut care a afectat un presupus viitor. Al meu, al vostru, al unei \u021b\u0103ri sau al \u00eentregii lumi.<\/strong><\/p>\n<p>\u00cemi place s\u0103 cred c\u0103 \u201eceea ce va urma\u201d este proiectat \u00een timp de oamenii de succes, pentru cei asemenea lor. Deopotriv\u0103, vreau s\u0103 cred c\u0103 noi to\u021bi putem fi oameni de succes. Dac\u0103 \u00eei voi spune cuiva acest lucru, \u00eemi va r\u0103spunde simplu: \u201eNu mai visa, nu putem fi to\u021bi boga\u021bi\u201d. Nu am cum s\u0103 \u00eel condamn, a\u0219a ni s-a spus tuturor, deci o luam ca atare: numai cei cu o situa\u021bie material\u0103 bun\u0103 sunt oameni de succes, iar noi, restul, ne uit\u0103m la ei \u0219i, mai mult ca sigur, \u00eei invidiem.<\/p>\n<p>Dar, dac\u0103 v-a\u0219 spune c\u0103 eu am o alt\u0103 defini\u021bie pentru aceast\u0103 sintagm\u0103? Una pe care nu o g\u0103sim \u00een DEX \u0219i la care ne g\u00e2ndim abia\u2026 dup\u0103. Nu este str\u0103in\u0103 nim\u0103nui, \u00eens\u0103 niciodat\u0103 nu ne vine \u00een minte din prima. A\u0219adar, ce\u00a0<em>alt<\/em>\u00a0r\u0103spuns am avea pentru cineva care ne \u00eentreab\u0103\u00a0<em>cum am descrie noi un om de succes<\/em>? Simplu: este a\u00a0cel\u00a0<em>cineva\u00a0<\/em>care las\u0103\u00a0<em>ceva<\/em>\u00a0\u00een urma lui. \u0218i de aici porne\u0219te totul.<\/p>\n<p>Facem un joc de imagina\u021bie \u0219i vedem \u00een fa\u021ba noastr\u0103 un copac. Fiecare dintre noi \u00eel va schi\u021ba diferit: \u00eenverzit, \u00eenflorit sau simplu: un copac. Ceea ce ne-am imaginat p\u00e2n\u0103 acum este termenul. Ne concentr\u0103m pe crengi, acelea sunt semnifica\u021biile. (De aceea este important \u0219i felul \u00een care am v\u0103zut copacul). Ramurile sunt multe, \u00een st\u00e2nga \u0219i \u00een dreapta, iar din ele pornesc altele \u0219i altele. Unele au scorburi, altele fragmente de mu\u0219chi. Fiecare reprezint\u0103 un fel de\u00a0<em>om de succes.\u00a0<\/em>\u00centr-o parte sunt cei care sunt cunoscu\u021bi pentru\u00a0<em>mo\u0219tenirile\u00a0<\/em>lor: scriitori, istorici, geografi, olimpici, ctitori \u0219i lista continu\u0103. Apoi, \u00eei avem pe cei datorit\u0103 c\u0103rora avem \u0219ansa s\u0103 facem acest exerci\u021biu, s\u0103 fim aici, cei ce au avut grij\u0103 ca viitorul s\u0103 aib\u0103 tineri care \u00eel vor colora frumos \u0219i care, poate, \u00ee\u0219i vor aminti de ei \u00eentr-o zi banal\u0103, c\u00e2nd vor c\u0103uta sensuri anumitor cuvinte. Mergem mai departe \u0219i \u00eei vedem pe cei care ne-au \u00eendrumat, care ne-au dat sfaturi \u0219i ne-au preg\u0103tit pentru a deveni, poate, oameni de succes. Aici sunt at\u00e2t p\u0103rin\u021bii \u0219i prietenii, evident, c\u00e2t \u0219i \u00eenv\u0103\u021b\u0103torii \u0219i profesorii aceia minuna\u021bi pe care nu avem cum s\u0103-i uit\u0103m, indiferent de c\u00e2t de mult timp a trecut de c\u00e2nd nu le-am mai fost elevi. Acum privim \u00een ansamblu \u0219i \u00eei vedem pe prefera\u021bii mei, cei care vor s\u0103 \u00eei fac\u0103 pe ceilal\u021bi ferici\u021bi.<\/p>\n<p>Categoria aceasta e at\u00e2t de frumoas\u0103, \u00eenc\u00e2t am zis c\u0103 trebuie s\u0103 aib\u0103 propriul paragraf. Dac\u0103 am f\u0103cut o afirma\u021bie, trebuie s\u0103 o \u0219i argumentez, a\u0219a c\u0103, de ce consider c\u0103 e at\u00e2t de special\u0103? Ca orice r\u0103spuns al meu, pentru c\u0103 nu sunt genul de om care se complic\u0103, voi spune, \u0219i de aceast\u0103 dat\u0103, c\u0103 e simplu: aici intr\u0103 to\u021bi oamenii. Absolut, f\u0103r\u0103 excep\u021bii. Oricine poate fi bun, poate s\u0103 fac\u0103 pe altcineva s\u0103 z\u00e2mbeasc\u0103. Fie c\u0103 sunt voluntari sau membrii ai unei asocia\u021bii, suntem con\u0219tien\u021bi de c\u00e2t de importan\u021bi sunt. F\u0103r\u0103 ca ei s\u0103 se implice, unele lucruri ar fi cu totul diferite de cum le \u0219tim, iar cei afla\u021bi \u00een nevoie poate c\u0103 nu ar fi primit niciodat\u0103 ajutor. \u0218i dac\u0103 ne ia prea mult timp s\u0103 fim ca ei, atunci s\u0103 \u00eencerc\u0103m s\u0103-i facem pe cei din jurul nostru s\u0103 z\u00e2mbeasc\u0103: s\u0103 le d\u0103m celor obosi\u021bi locul nostru in autobuz, s\u0103 ne \u00eemp\u0103r\u021bim pachetul cu colegii (sau chiar cu c\u0103\u021belul acela din parc, da, cel cu ochii mari \u0219i negrii), s\u0103-i luam mamei batonul acela de ciocolat\u0103 care-i aminte\u0219te de copil\u0103rie, s\u0103 ne vizit\u0103m bunicii, s\u0103 spunem la finalul zilei:\u00a0<em>Da, ast\u0103zi am f\u0103cut pe cineva fericit<\/em>.<\/p>\n<p>Ora\u0219ul Foc\u0219ani e mic, \u00een compara\u021bie cu altele, dar e mare pentru c\u0103 e plin de oameni care \u00eel fac astfel, oameni de succes, care \u00eel poart\u0103 pe cele mai \u00eenalte culmi: personalit\u0103\u021bi culturale, olimpici na\u021bionali \u0219i interna\u021bionali, oameni ce au f\u0103cut istoria de\u00a0<em>ieri\u00a0<\/em>\u0219i de\u00a0<em>ast\u0103zi<\/em>. E unic, pentru c\u0103 noi \u00eel facem a\u0219a. Noi, care prin orice bine pe care \u00eel facem, am fost aminti\u021bi aici. Noi, cei care le facem viitorul celor de\u00a0<em>m\u00e2ine<\/em>. Acest lucru nu a\u0219 schimba eu la ora\u0219ul Foc\u0219ani, oamenii minuna\u021bi care \u00eel constituie \u0219i \u00eel fac at\u00e2t de frumos, care i-au creionat istoria \u0219i i-au dus-o mai departe, \u00een timp, sute de ani. \u0218i care vor continua s\u0103 o fac\u0103.\u00a0(Diana Mihaela N\u0103stase)<\/p>\n<p>Articol preluare de pe blogul:de atitidine civic\u0103:<strong><a href=\"http:\/\/vranceaaltfel.ro\/ce-nu-as-schimba-la-orasul-focsani\/\" target=\"_blank\">vranceaaltfel.ro<\/a><\/strong><\/p>\n<p><strong><img decoding=\"async\" alt src=\"https:\/\/zdvi.cname.ro\/_\/mediaPool-file\/mediaPool\/udcm0ku.jpg\"><\/strong><\/p>\n<ul>\n<li>Diana Mihaela N\u0103stase este elev\u0103 \u00een clasa a XI-a la Colegiul Na\u021bional Unirea Foc\u0219ani \u0219i a scris acest articol \u00een cadrul proiectului Foc\u0219ani Quiz, ini\u021biat de\u00a0<a href=\"https:\/\/www.facebook.com\/rotaractfocsani\/\">Rotactact Varana Foc\u0219ani<\/a>, o competi\u021bie care \u0219i-a propus s\u0103 promoveze istoria ora\u0219ului \u00een r\u00e2ndul tinerilor. Tinerii pasiona\u021bi de scris au fost invita\u021bi s\u0103 scrie ce nu ar schimba niciodat\u0103 la Foc\u0219ani, ora\u0219ul \u00een care tr\u0103iesc sau studiaz\u0103. Dianei \u00eei place s\u0103 scrie \u0219i studiaz\u0103 nu doar limbile str\u0103ine ci \u0219i posibilitatea de a \u00eembr\u0103\u021bi\u0219a o carier\u0103 \u00een domeniul comunic\u0103rii publice. Ea a ob\u021binut primul loc \u0219i astfel articolul ei a ajuns pe blogul cultural \u0219i de atitudine civic\u0103\u00a0<a href=\"http:\/\/www.vranceaaltfel.ro\/\">VranceaAltfel.ro<\/a>, \u00een cadrul proiectului #PovestimFoc\u0219aniul, ini\u021biat de jurnalista\u00a0<a href=\"https:\/\/www.facebook.com\/silvia.vrinceanu\">Silvia Vr\u00eenceanu Nichita<\/a>\u00a0\u0219i derulat cu ajutorul\u00a0<a href=\"https:\/\/www.facebook.com\/TineretInReActiune\/\">Tineret \u00een (re)ac\u021biune \u2013 Club de jurnalism \u0219i implicare civic\u0103<\/a>. Felicit\u0103ri, Diana!<\/li>\n<\/ul>\n<hr>\n<div class=\"bloc-widget widget-rosu\">\n<p>\u00cen lipsa unui acord scris din partea Ziarului de Vrancea, pute\u0163i prelua maxim 500 de caractere din acest articol dac\u0103 preciza\u0163i sursa \u015fi insera\u0163i vizibil link-ul articolului:\u00a0<span>#insertcurrentlinkhere<\/span><\/p>\n<\/div>\n<div class=\"extra-articol listing-anunturi\">\n<h6>Anun\u021buri <span class=\"text-primary\">ZdV<\/span> Premium<\/h6>\n<div class=\"row\">\n<div class=\"col-lg-4 col-md-6 bloc-egal\"><a class=\"card-anunt\" href=\"https:\/\/ziaruldevrancea.ro\/anunturi\/httpswww.ziaruldevrancea.roanunturialtelediversevand-struguri-de-vin-toate-soiurile\/vand-icre-de-crap-proaspete--cu-sare--gust-excelent-\"><strong class=\"titlu\">VANZARI DIVERSE<\/strong><span class=\"text-anunt\">1 kg icre de crap capturi Dunare ,proaspete in&#8230;<\/span><span class=\"data-anunt\">23.12.2025 , Gala\u021bi , Gala\u021bi<\/span><\/a><\/div>\n<div class=\"col-lg-4 col-md-6 bloc-egal\"><a class=\"card-anunt\" href=\"https:\/\/ziaruldevrancea.ro\/anunturi\/imobiliare\/vanzari-garsoniere\/oferta-imobiliara\"><strong class=\"titlu\">V\u00e2nz\u0103ri garsoniere<\/strong><span class=\"text-anunt\">V\u00e2nd garsonier\u0103 Foc\u0219ani, pre\u021b 17.000&#8230;<\/span><span class=\"data-anunt\">19.12.2025  <\/span><\/a><\/div>\n<div class=\"col-lg-4 col-md-6 bloc-egal\"><a class=\"card-anunt\" href=\"https:\/\/ziaruldevrancea.ro\/anunturi\/necrolog\/condoleante\/sincere-condoleante-anunt-72703\"><strong class=\"titlu\">Condolean\u021be<\/strong><span class=\"text-anunt\">Membrii cenaclului Dumitru D\u0103sc\u0103lescu\u00a0 sunt&#8230;<\/span><span class=\"data-anunt\">18.12.2025  <\/span><\/a><\/div>\n<\/div>\n<\/div>\n<div class=\"extra-articol alte-articole\">\n<div class=\"row\">\n<div class=\"col-lg-6 bloc-egal\">\n<div class=\"card articol-listing\">\n<h6>\u00cen categoria <a href=\"https:\/\/ziaruldevrancea.ro\/proiecte\/tineret-in-re-actiune\">Tineret \u00een (Re)Ac\u021biune<\/a><\/h6>\n<div class=\"grup-articol-listing\">\n<div class=\"cont-pils\"><a href=\"https:\/\/ziaruldevrancea.ro\/proiecte\/tineret-in-re-actiune\/galerie-foto-vranceaciteste-poveste-de-sfarsit-de-vara-de-pe-valea-zabalei\"><img decoding=\"async\" src=\"https:\/\/zdvi.cname.ro\/180_135\/proiecte\/tineret-in-re-actiune\/galerie-foto-vranceaciteste-poveste-de-sfarsit-de-vara-de-pe-valea-zabalei\/mediaPool\/uYuAfqS.jpg\" class=\"img-responsive img-180\" alt><\/a><\/div>\n<h2><a class=\"link-titlu\" href=\"https:\/\/ziaruldevrancea.ro\/proiecte\/tineret-in-re-actiune\/galerie-foto-vranceaciteste-poveste-de-sfarsit-de-vara-de-pe-valea-zabalei\">FOTO | #VranceaCite\u0219te: Poveste de sf\u00e2r\u0219it de var\u0103 de pe Valea Z\u0103balei<\/a><\/h2>\n<div class=\"date-post\"><a href=\"https:\/\/ziaruldevrancea.ro\/autor\/ziarul-de-vrancea\">Ziarul de Vrancea<\/a>,  6 sep 2019  <\/div>\n<\/div>\n<div class=\"grup-articol-listing\">\n<div class=\"cont-pils\"><a href=\"https:\/\/ziaruldevrancea.ro\/proiecte\/tineret-in-re-actiune\/gandurile-unui-povestas-din-echipa-c@rte-in-sate-proiectului-c@rte-in-sate-dedicat-copiilor-vranceni-din-zonele-rurale-dezavantajate-din-punct-de-vedere-cultural\"><img decoding=\"async\" src=\"https:\/\/zdvi.cname.ro\/180_135\/proiecte\/tineret-in-re-actiune\/gandurile-unui-povestas-din-echipa-c@rte-in-sate-proiectului-c@rte-in-sate-dedicat-copiilor-vranceni-din-zonele-rurale-dezavantajate-din-punct-de-vedere-cultural\/mediaPool\/udDq9Gp.jpg\" class=\"img-responsive img-180\" alt><\/a><\/div>\n<h2><a class=\"link-titlu\" href=\"https:\/\/ziaruldevrancea.ro\/proiecte\/tineret-in-re-actiune\/gandurile-unui-povestas-din-echipa-c@rte-in-sate-proiectului-c@rte-in-sate-dedicat-copiilor-vranceni-din-zonele-rurale-dezavantajate-din-punct-de-vedere-cultural\">G\u00e2ndurile unui povesta\u0219\ufeff din echipa \u201cc@rte \u00een sate\u201d, proiect derulat \u00een jude\u021bul Vrancea<\/a><\/h2>\n<div class=\"date-post\"><a href=\"https:\/\/ziaruldevrancea.ro\/autor\/ziarul-de-vrancea\">Ziarul de Vrancea<\/a>, 27 aug 2019  <\/div>\n<\/div>\n<div class=\"grup-articol-listing\">\n<div class=\"cont-pils\"><a href=\"https:\/\/ziaruldevrancea.ro\/proiecte\/tineret-in-re-actiune\/informatiile-cheie-pe-care-trebuie-sa-le-stim-inainte-de-a-vota-la-apropiatele-alegeri-europarlamentare\"><img decoding=\"async\" src=\"https:\/\/zdvi.cname.ro\/180_135\/proiecte\/tineret-in-re-actiune\/informatiile-cheie-pe-care-trebuie-sa-le-stim-inainte-de-a-vota-la-apropiatele-alegeri-europarlamentare\/mediaPool\/uOY7gyu.jpg\" class=\"img-responsive img-180\" alt><\/a><\/div>\n<h2><a class=\"link-titlu\" href=\"https:\/\/ziaruldevrancea.ro\/proiecte\/tineret-in-re-actiune\/informatiile-cheie-pe-care-trebuie-sa-le-stim-inainte-de-a-vota-la-apropiatele-alegeri-europarlamentare\">Informa\u021biile cheie pe care trebuie s\u0103 le \u0219tim \u00eenainte de a vota la apropiatele alegeri europarlamentare<\/a><\/h2>\n<div class=\"date-post\"><a href=\"https:\/\/ziaruldevrancea.ro\/autor\/ziarul-de-vrancea\">Ziarul de Vrancea<\/a>, 11 mar 2019  <\/div>\n<\/div>\n<\/div>\n<\/div>\n<div class=\"col-lg-6 bloc-egal\">\n<div class=\"card articol-listing\">\n<h6>De acela\u0219i <a href=\"https:\/\/ziaruldevrancea.ro\/autor\/ziarul-de-vrancea\/\">autor<\/a><\/h6>\n<div class=\"grup-articol-listing\">\n<div class=\"cont-pils\"><a href=\"https:\/\/ziaruldevrancea.ro\/timp-liber\/asazi-despre--aviatorul-de-elita-aruncat-in-puscariile-comuniste-tudor-greceanu-as-roman-al-aviatiei-de-vanatoare-in-al-doilea-razboi-mondial\"><img decoding=\"async\" src=\"https:\/\/zdvi.cname.ro\/180_135\/timp-liber\/asazi-despre--aviatorul-de-elita-aruncat-in-puscariile-comuniste-tudor-greceanu-as-roman-al-aviatiei-de-vanatoare-in-al-doilea-razboi-mondial\/mediaPool\/uSEfrIV.jpg\" class=\"img-responsive img-180\" alt><\/a><\/div>\n<h2><a class=\"link-titlu\" href=\"https:\/\/ziaruldevrancea.ro\/timp-liber\/asazi-despre--aviatorul-de-elita-aruncat-in-puscariile-comuniste-tudor-greceanu-as-roman-al-aviatiei-de-vanatoare-in-al-doilea-razboi-mondial\">VIDEO Ast\u0103zi despre: Aviatorul de elit\u0103 aruncat \u00een pu\u0219c\u0103riile comuniste: Tudor Greceanu, as rom\u00e2n al avia\u021biei de v\u00e2n\u0103toare \u00een Al Doilea R\u0103zboi Mondial<\/a><\/h2>\n<div class=\"date-post\"><a href=\"https:\/\/ziaruldevrancea.ro\/autor\/ziarul-de-vrancea\">Ziarul de Vrancea<\/a>, 29 dec 2025  <\/div>\n<\/div>\n<div class=\"grup-articol-listing\">\n<div class=\"cont-pils\"><a href=\"https:\/\/ziaruldevrancea.ro\/timp-liber\/horoscop-29-decembrie-2025\"><img decoding=\"async\" src=\"https:\/\/zdvi.cname.ro\/180_135\/timp-liber\/horoscop-29-decembrie-2025\/mediaPool\/uA8enxT.jpg\" class=\"img-responsive img-180\" alt><\/a><\/div>\n<h2><a class=\"link-titlu\" href=\"https:\/\/ziaruldevrancea.ro\/timp-liber\/horoscop-29-decembrie-2025\">Horoscop 29 decembrie 2025 <\/a><\/h2>\n<div class=\"date-post\"><a href=\"https:\/\/ziaruldevrancea.ro\/#comentarii\" class=\"pull-right\"> 4<\/a><a href=\"https:\/\/ziaruldevrancea.ro\/autor\/ziarul-de-vrancea\">Ziarul de Vrancea<\/a>, 29 dec 2025  <\/div>\n<\/div>\n<div class=\"grup-articol-listing\">\n<div class=\"cont-pils\"><a href=\"https:\/\/ziaruldevrancea.ro\/actualitatea\/international\/mozaic-stiri-internationale-the-guardian-bulgaria-se-pregateste-sa-intre-in-zona-euro-in-contextul-temerilor-legate-de-dezinformarea-sustinuta-de-rusia\"><img decoding=\"async\" src=\"https:\/\/zdvi.cname.ro\/180_135\/actualitatea\/international\/mozaic-stiri-internationale-the-guardian-bulgaria-se-pregateste-sa-intre-in-zona-euro-in-contextul-temerilor-legate-de-dezinformarea-sustinuta-de-rusia\/mediaPool\/uDyW22s.jpg\" class=\"img-responsive img-180\" alt><\/a><\/div>\n<h2><a class=\"link-titlu\" href=\"https:\/\/ziaruldevrancea.ro\/actualitatea\/international\/mozaic-stiri-internationale-the-guardian-bulgaria-se-pregateste-sa-intre-in-zona-euro-in-contextul-temerilor-legate-de-dezinformarea-sustinuta-de-rusia\">MOZAIC \u0218TIRI INTERNA\u021aIONALE: The Guardian: Bulgaria se preg\u0103te\u015fte s\u0103 intre \u00een zona euro, \u00een contextul temerilor legate de dezinformarea sus\u0163inut\u0103 de Rusia<\/a><\/h2>\n<div class=\"date-post\"><a href=\"https:\/\/ziaruldevrancea.ro\/autor\/ziarul-de-vrancea\">Ziarul de Vrancea<\/a>, 28 dec 2025  <\/div>\n<\/div>\n<\/div>\n<\/div>\n<\/div>\n<\/div>\n<div class=\"extra-articol listing-anunturi\">\n<h6>Anun\u021buri <span class=\"text-primary\">ZdV<\/span> Premium<\/h6>\n<div class=\"row\">\n<div class=\"col-lg-4 col-md-6 bloc-egal\"><a class=\"card-anunt\" href=\"https:\/\/ziaruldevrancea.ro\/anunturi\/necrolog\/condoleante\/condoleante-familiei-anunt-72704\"><strong class=\"titlu\">Condolean\u021be<\/strong><span class=\"text-anunt\">FAMILIA\u00a0NINA-ELENA\u00a0 \u00a0\u0219i PETRACHE&#8230;<\/span><span class=\"data-anunt\">18.12.2025  <\/span><\/a><\/div>\n<div class=\"col-lg-4 col-md-6 bloc-egal\"><a class=\"card-anunt\" href=\"https:\/\/ziaruldevrancea.ro\/anunturi\/angajari\/oferte-angajari\/firma-de-constructii-pe-renovari-din-luxembourg-angajeaza\"><strong class=\"titlu\">Oferte<\/strong><span class=\"text-anunt\">Companie serioas\u0103 din domeniul construc\u021biilor,&#8230;<\/span><span class=\"data-anunt\">15.07.2025  <\/span><\/a><\/div>\n<div class=\"col-lg-4 col-md-6 bloc-egal\"><a class=\"card-anunt\" href=\"https:\/\/ziaruldevrancea.ro\/anunturi\/altele\/MEDICALE\/oftalmologie\"><strong class=\"titlu\">MEDICALE<\/strong><span class=\"text-anunt\">CLINIC\u0102 \u00a0CHIRURGIE&#8230;<\/span><span class=\"data-anunt\">01.01.2025  <\/span><\/a><\/div>\n<\/div>\n<\/div>\n<div class=\"bloc-widget widget-albastru\">\n    Ziarul de Vrancea \u00a0nu este responsabil juridic pentru con\u0163inutul textelor din comentariile de mai jos. Responsabilitatea pentru mesajele dumneavoastra v\u0103 revine \u00een exclusivitate.\n<\/div>\n<div class=\"comentarii-articol\" id=\"comentarii\">\n<h3>Comentarii: <span class=\"text-primary\">0<\/span><\/h3>\n<p><a href=\"https:\/\/ziaruldevrancea.ro\/proiecte\/tineret-in-re-actiune\/ce-nu-as-schimba-la-orasul-focsani\" class=\"btn btn-success btn-adauga-com\" data-toggle=\"modal\" data-parent=\"0\" data-target=\"#commentModal\">Adaug\u0103 comentariu<\/a><\/p>\n<div class=\"loadMask comments-mask\"><img decoding=\"async\" src=\"https:\/\/zdvs.cname.ro\/images\/loader_40.gif\"><\/div>\n<div class=\"comenteaza-jos\">Trebuie s\u0103 fii <a href=\"https:\/\/ziaruldevrancea.ro\/account\">autentificat<\/a> pentru a putea <a href=\"https:\/\/ziaruldevrancea.ro\/proiecte\/tineret-in-re-actiune\/ce-nu-as-schimba-la-orasul-focsani\" class data-toggle=\"modal\" data-parent=\"0\" data-target=\"#commentModal\">posta un comentariu<\/a>.<\/div>\n<\/div>\n<div class=\"modal fade\" id=\"commentModal\" role=\"dialog\" aria-labelledby=\"commentModalLabel\">\n<div class=\"modal-dialog modal-lg\" role=\"document\">\n<div class=\"modal-content\">\n<div class=\"modal-header\">\n<h3 class=\"modal-title\" id=\"commentModalLabel\">Comenteaz\u0103<\/h3>\n<\/div>\n<div class=\"modal-body\">\n<div class=\"tabel tabel-full\">\n<div class=\"celula\">\n              Trebuie s\u0103 fii <a href=\"https:\/\/ziaruldevrancea.ro\/account\">autentificat<\/a> pentru a putea posta un comentariu.\n            <\/div>\n<\/div>\n<\/div>\n<div class=\"modal-footer\">\n<div id=\"commentPending\" class=\"formPending pull-left\"><img decoding=\"async\" src=\"https:\/\/zdvs.cname.ro\/images\/loader_40.gif\"> In curs de procesare&#8230;<\/div>\n<p><a href=\"https:\/\/ziaruldevrancea.ro\/proiecte\/tineret-in-re-actiune\/ce-nu-as-schimba-la-orasul-focsani\" class=\"btn btn-default\" data-dismiss=\"modal\">Anuleaz\u0103<\/a><\/div>\n<\/div>\n<\/div>\n<\/div>\n<div class=\"modal fade\" id=\"commentReportModal\" role=\"dialog\" aria-labelledby=\"commentReportModalLabel\">\n<div class=\"modal-dialog modal-lg\" role=\"document\">\n<div class=\"modal-content\">\n<div class=\"modal-header\">\n<h3 class=\"modal-title\" id=\"commentReportModalLabel\">Raporteaza comentariu<\/h3>\n<\/div>\n<div class=\"modal-body\">\n<div class=\"tabel tabel-full\">\n<div class=\"celula\">\n              Trebuie s\u0103 fii <a href=\"https:\/\/ziaruldevrancea.ro\/account\">autentificat<\/a> pentru a putea raporta un comentariu.\n            <\/div>\n<\/div>\n<\/div>\n<div class=\"modal-footer\">\n<div id=\"commentReportPending\" class=\"formPending pull-left\"><img decoding=\"async\" src=\"https:\/\/zdvs.cname.ro\/images\/loader_40.gif\"> In curs de procesare&#8230;<\/div>\n<p><a href=\"https:\/\/ziaruldevrancea.ro\/proiecte\/tineret-in-re-actiune\/ce-nu-as-schimba-la-orasul-focsani\" class=\"btn btn-default\" data-dismiss=\"modal\">Anuleaz\u0103<\/a><\/div>\n<\/div>\n<\/div>\n<\/div>\n<div class=\"modal fade\" id=\"commentLikeModal\" role=\"dialog\" aria-labelledby=\"commentLikeModalLabel\">\n<div class=\"modal-dialog modal-lg\" role=\"document\">\n<div class=\"modal-content\">\n<div class=\"modal-header\">\n<h3 class=\"modal-title\" id=\"commentReportModalLabel\">Apreciaza comentariu<\/h3>\n<\/div>\n<div class=\"modal-body\">\n<div class=\"tabel tabel-full\">\n<div class=\"celula\">\n            Trebuie s\u0103 fii <a href=\"https:\/\/ziaruldevrancea.ro\/account\">autentificat<\/a> pentru a putea aprecia un comentariu.\n          <\/div>\n<\/div>\n<\/div>\n<div class=\"modal-footer\"><a href=\"https:\/\/ziaruldevrancea.ro\/proiecte\/tineret-in-re-actiune\/ce-nu-as-schimba-la-orasul-focsani\" class=\"btn btn-default\" data-dismiss=\"modal\">Anuleaz\u0103<\/a><\/div>\n<\/div>\n<\/div>\n<\/div>\n<div class=\"bloc-widget widget-rosu\"><span><small>Ziarul de Vrancea doreste ca acest site sa fie un spatiu al discutiilor civilizate, al comentariilor de bun simt. Din acest motiv, cei care posteaza comentarii la articole trebuie sa respecte urmatoarele reguli:<br \/>\n1. Sa se refere doar la articolul la care posteaza comentarii.<br \/>\n2. Sa foloseasca un limbaj civilizat, fara injurii, calomnii, comentarii antisemite, xenofobe sau rasiste.<br \/>\n3. Sunt interzise atacurile la adresa autorilor, daca acestea nu au legatura cu textul.<br \/>\n4. Username-ul sa nu fie nume de personalitati ale vietii publice sau parodieri ale acestora.<br \/>\nAutorul unui articol poate fi criticat pentru eventuale greseli, incoerenta, lipsa de documentare etc.<br \/>\nNerespectarea regulilor mentionate mai sus va duce la stergerea comentariilor, fara avertisment si fara explicatii.<br \/>\nAbaterile repetate vor avea drept consecinta interdictia accesului la aceasta facilitate a site-ului.<\/small><\/span><\/div>\n<\/div>\n<p> Source URL: https:\/\/ziaruldevrancea.ro\/proiecte\/tineret-in-re-actiune\/ce-nu-as-schimba-la-orasul-focsani<\/p>\n","protected":false},"excerpt":{"rendered":"<p>Tineret \u00een (Re)Ac\u021biune Ce nu a\u0219 schimba la ora\u0219ul Foc\u0219ani Distribuie: \u00a0 | Ziarul de Vrancea 21 aug 20185073 vizualiz\u0103ri Diana N\u0103stase a decis s\u0103 promoveze Teatrul Municipal Pastia \u00een cadrul proiectului Foc\u0219ani Quiz.Diana Mihaela N\u0103stase este elev\u0103 \u00een clasa a XI-a la Colegiul Na\u021bional Unirea Foc\u0219ani \u0219i a scris acest articol \u00een cadrul proiectului [&hellip;]<\/p>\n","protected":false},"author":1,"featured_media":0,"comment_status":"open","ping_status":"","sticky":false,"template":"","format":"standard","meta":{"footnotes":""},"categories":[89],"tags":[208],"class_list":["post-1261030","post","type-post","status-publish","format-standard","hentry","category-romania","tag-ziaruldevrancea-ro"],"_links":{"self":[{"href":"https:\/\/analyse.optim.biz\/index.php?rest_route=\/wp\/v2\/posts\/1261030","targetHints":{"allow":["GET"]}}],"collection":[{"href":"https:\/\/analyse.optim.biz\/index.php?rest_route=\/wp\/v2\/posts"}],"about":[{"href":"https:\/\/analyse.optim.biz\/index.php?rest_route=\/wp\/v2\/types\/post"}],"author":[{"embeddable":true,"href":"https:\/\/analyse.optim.biz\/index.php?rest_route=\/wp\/v2\/users\/1"}],"replies":[{"embeddable":true,"href":"https:\/\/analyse.optim.biz\/index.php?rest_route=%2Fwp%2Fv2%2Fcomments&post=1261030"}],"version-history":[{"count":0,"href":"https:\/\/analyse.optim.biz\/index.php?rest_route=\/wp\/v2\/posts\/1261030\/revisions"}],"wp:attachment":[{"href":"https:\/\/analyse.optim.biz\/index.php?rest_route=%2Fwp%2Fv2%2Fmedia&parent=1261030"}],"wp:term":[{"taxonomy":"category","embeddable":true,"href":"https:\/\/analyse.optim.biz\/index.php?rest_route=%2Fwp%2Fv2%2Fcategories&post=1261030"},{"taxonomy":"post_tag","embeddable":true,"href":"https:\/\/analyse.optim.biz\/index.php?rest_route=%2Fwp%2Fv2%2Ftags&post=1261030"}],"curies":[{"name":"wp","href":"https:\/\/api.w.org\/{rel}","templated":true}]}}