{"id":1260769,"date":"2018-03-08T00:00:00","date_gmt":"2018-03-07T21:00:00","guid":{"rendered":"https:\/\/analyse.optim.biz\/?p=1260769"},"modified":"2018-03-08T00:00:00","modified_gmt":"2018-03-07T21:00:00","slug":"mami-eu-te-iubesc","status":"publish","type":"post","link":"https:\/\/analyse.optim.biz\/?p=1260769","title":{"rendered":"Mami, eu te iubesc !"},"content":{"rendered":"<div class=\"main-content detaliu-articol\"><a class=\"titlu-cat-list\" href=\"https:\/\/ziaruldevrancea.ro\/proiecte\/mami-te-iubesc\">Mami, Te Iubesc!<\/a><\/p>\n<h1>Mami, eu te iubesc !<\/h1>\n<div class=\"date-articol clearfix\">\n<div class=\"distribuie-articol dropdown\">\n    Distribuie: \u00a0<br \/>\n    <em>|<\/em><\/div>\n<div class=\"autor-articol\"><a href=\"https:\/\/ziaruldevrancea.ro\/autor\/ziarul-de-vrancea\/\"><img decoding=\"async\" class=\"img-circle\" src=\"https:\/\/zdvi.cname.ro\/50_50\/articleAuthor\/ziarul-de-vrancea\/articleAuthor\/uMPfPxc.jpg\" alt><\/a><\/p>\n<h5><a href=\"https:\/\/ziaruldevrancea.ro\/autor\/ziarul-de-vrancea\/\">Ziarul de Vrancea<\/a><\/h5>\n<div class=\"grup-spatiere\"><span class=\"cu-spatiere\"> 8 mar 2018<\/span><span class=\"cu-spatiere\">36068 vizualiz\u0103ri<\/span><\/div>\n<\/div>\n<\/div>\n<div class=\"poza-mare\"><a href class=\"openGallery\"><img decoding=\"async\" class=\"img-responsive\" src=\"https:\/\/zdvi.cname.ro\/850_530\/mami-eu-te-iubesc-\/article\/mediaPool\/u9UCKhM.jpg\" alt><\/a><\/div>\n<p><strong>Mama este singura fiin\u021b\u0103 care m\u0103 iube\u0219te pe mine \u0219i m\u0103 ocrote\u0219te. Ea este totul pentru mine. <\/strong><\/p>\n<p>Eu ,o iubesc enorm de mult . Ea face multe sacrificii pentru mine \u0219i fratele meu\u00a0 s\u0103 nu ne lipseasc\u0103 nimic \u0219i pentru asta , eu o iubesc mult.<\/p>\n<p>\u00a0\u00a0\u00a0\u00a0\u00a0\u00a0\u00a0\u00a0 Mama m\u0103 ajut\u0103 la teme. Ea ,\u00a0 face totul pentru mine \u0219i pentru asta-i multumesc !<\/p>\n<p>\u00a0\u00a0\u00a0\u00a0\u00a0\u00a0\u00a0\u00a0 Te iubesc ,mama\u00a0 !<\/p>\n<p><strong>Lauren\u021biu Robert Boldeanu- cls. a IV-a \u2013 Scoala \u201dIonel S\u00eerbu\u201dCior\u0103\u0219ti<\/strong><\/p>\n<hr>\n<div class=\"bloc-widget widget-rosu\">\n<p>\u00cen lipsa unui acord scris din partea Ziarului de Vrancea, pute\u0163i prelua maxim 500 de caractere din acest articol dac\u0103 preciza\u0163i sursa \u015fi insera\u0163i vizibil link-ul articolului:\u00a0<span>#insertcurrentlinkhere<\/span><\/p>\n<\/div>\n<div class=\"extra-articol listing-anunturi\">\n<h6>Anun\u021buri <span class=\"text-primary\">ZdV<\/span> Premium<\/h6>\n<div class=\"row\">\n<div class=\"col-lg-4 col-md-6 bloc-egal\"><a class=\"card-anunt\" href=\"https:\/\/ziaruldevrancea.ro\/anunturi\/httpswww.ziaruldevrancea.roanunturialtelediversevand-struguri-de-vin-toate-soiurile\/vand-icre-de-crap-proaspete--cu-sare--gust-excelent-\"><strong class=\"titlu\">VANZARI DIVERSE<\/strong><span class=\"text-anunt\">1 kg icre de crap capturi Dunare ,proaspete in&#8230;<\/span><span class=\"data-anunt\">23.12.2025 , Gala\u021bi , Gala\u021bi<\/span><\/a><\/div>\n<div class=\"col-lg-4 col-md-6 bloc-egal\"><a class=\"card-anunt\" href=\"https:\/\/ziaruldevrancea.ro\/anunturi\/imobiliare\/vanzari-garsoniere\/oferta-imobiliara\"><strong class=\"titlu\">V\u00e2nz\u0103ri garsoniere<\/strong><span class=\"text-anunt\">V\u00e2nd garsonier\u0103 Foc\u0219ani, pre\u021b 17.000&#8230;<\/span><span class=\"data-anunt\">19.12.2025  <\/span><\/a><\/div>\n<div class=\"col-lg-4 col-md-6 bloc-egal\"><a class=\"card-anunt\" href=\"https:\/\/ziaruldevrancea.ro\/anunturi\/necrolog\/condoleante\/sincere-condoleante-anunt-72703\"><strong class=\"titlu\">Condolean\u021be<\/strong><span class=\"text-anunt\">Membrii cenaclului Dumitru D\u0103sc\u0103lescu\u00a0 sunt&#8230;<\/span><span class=\"data-anunt\">18.12.2025  <\/span><\/a><\/div>\n<\/div>\n<\/div>\n<div class=\"extra-articol alte-articole\">\n<div class=\"row\">\n<div class=\"col-lg-6 bloc-egal\">\n<div class=\"card articol-listing\">\n<h6>\u00cen categoria <a href=\"https:\/\/ziaruldevrancea.ro\/proiecte\/mami-te-iubesc\">Mami, Te Iubesc!<\/a><\/h6>\n<div class=\"grup-articol-listing\">\n<div class=\"cont-pils\"><a href=\"https:\/\/ziaruldevrancea.ro\/proiecte\/mami-te-iubesc\/ganduri-pentru-mama\"><img decoding=\"async\" src=\"https:\/\/zdvi.cname.ro\/180_135\/proiecte\/mami-te-iubesc\/ganduri-pentru-mama\/mediaPool\/u3WoZ2d.jpg\" class=\"img-responsive img-180\" alt><\/a><\/div>\n<h2><a class=\"link-titlu\" href=\"https:\/\/ziaruldevrancea.ro\/proiecte\/mami-te-iubesc\/ganduri-pentru-mama\">G\u00e2nduri pentru mama<\/a><\/h2>\n<div class=\"date-post\"><a href=\"https:\/\/ziaruldevrancea.ro\/autor\/ziarul-de-vrancea\">Ziarul de Vrancea<\/a>,  8 mar 2023  <\/div>\n<\/div>\n<div class=\"grup-articol-listing\">\n<div class=\"cont-pils\"><a href=\"https:\/\/ziaruldevrancea.ro\/proiecte\/mami-te-iubesc\/mamei-articol-1688894464\"><img decoding=\"async\" src=\"https:\/\/zdvi.cname.ro\/180_135\/proiecte\/mami-te-iubesc\/mamei-articol-1688894464\/mediaPool\/ujjBxRN.PNG\" class=\"img-responsive img-180\" alt><\/a><\/div>\n<h2><a class=\"link-titlu\" href=\"https:\/\/ziaruldevrancea.ro\/proiecte\/mami-te-iubesc\/mamei-articol-1688894464\">Mamei<\/a><\/h2>\n<div class=\"date-post\"><a href=\"https:\/\/ziaruldevrancea.ro\/autor\/ziarul-de-vrancea\">Ziarul de Vrancea<\/a>,  8 mar 2023  <\/div>\n<\/div>\n<div class=\"grup-articol-listing\">\n<div class=\"cont-pils\"><a href=\"https:\/\/ziaruldevrancea.ro\/proiecte\/mami-te-iubesc\/pentru-cea-mai-dulce-mama\"><img decoding=\"async\" src=\"https:\/\/zdvi.cname.ro\/180_135\/proiecte\/mami-te-iubesc\/pentru-cea-mai-dulce-mama\/mediaPool\/usdRwKk.jpg\" class=\"img-responsive img-180\" alt><\/a><\/div>\n<h2><a class=\"link-titlu\" href=\"https:\/\/ziaruldevrancea.ro\/proiecte\/mami-te-iubesc\/pentru-cea-mai-dulce-mama\">Pentru cea mai dulce mam\u0103<\/a><\/h2>\n<div class=\"date-post\"><a href=\"https:\/\/ziaruldevrancea.ro\/autor\/ziarul-de-vrancea\">Ziarul de Vrancea<\/a>,  8 mar 2023  <\/div>\n<\/div>\n<\/div>\n<\/div>\n<div class=\"col-lg-6 bloc-egal\">\n<div class=\"card articol-listing\">\n<h6>De acela\u0219i <a href=\"https:\/\/ziaruldevrancea.ro\/autor\/ziarul-de-vrancea\/\">autor<\/a><\/h6>\n<div class=\"grup-articol-listing\">\n<div class=\"cont-pils\"><a href=\"https:\/\/ziaruldevrancea.ro\/timp-liber\/asazi-despre--aviatorul-de-elita-aruncat-in-puscariile-comuniste-tudor-greceanu-as-roman-al-aviatiei-de-vanatoare-in-al-doilea-razboi-mondial\"><img decoding=\"async\" src=\"https:\/\/zdvi.cname.ro\/180_135\/timp-liber\/asazi-despre--aviatorul-de-elita-aruncat-in-puscariile-comuniste-tudor-greceanu-as-roman-al-aviatiei-de-vanatoare-in-al-doilea-razboi-mondial\/mediaPool\/uSEfrIV.jpg\" class=\"img-responsive img-180\" alt><\/a><\/div>\n<h2><a class=\"link-titlu\" href=\"https:\/\/ziaruldevrancea.ro\/timp-liber\/asazi-despre--aviatorul-de-elita-aruncat-in-puscariile-comuniste-tudor-greceanu-as-roman-al-aviatiei-de-vanatoare-in-al-doilea-razboi-mondial\">VIDEO Ast\u0103zi despre: Aviatorul de elit\u0103 aruncat \u00een pu\u0219c\u0103riile comuniste: Tudor Greceanu, as rom\u00e2n al avia\u021biei de v\u00e2n\u0103toare \u00een Al Doilea R\u0103zboi Mondial<\/a><\/h2>\n<div class=\"date-post\"><a href=\"https:\/\/ziaruldevrancea.ro\/autor\/ziarul-de-vrancea\">Ziarul de Vrancea<\/a>, 29 dec 2025  <\/div>\n<\/div>\n<div class=\"grup-articol-listing\">\n<div class=\"cont-pils\"><a href=\"https:\/\/ziaruldevrancea.ro\/timp-liber\/horoscop-29-decembrie-2025\"><img decoding=\"async\" src=\"https:\/\/zdvi.cname.ro\/180_135\/timp-liber\/horoscop-29-decembrie-2025\/mediaPool\/uA8enxT.jpg\" class=\"img-responsive img-180\" alt><\/a><\/div>\n<h2><a class=\"link-titlu\" href=\"https:\/\/ziaruldevrancea.ro\/timp-liber\/horoscop-29-decembrie-2025\">Horoscop 29 decembrie 2025 <\/a><\/h2>\n<div class=\"date-post\"><a href=\"https:\/\/ziaruldevrancea.ro\/#comentarii\" class=\"pull-right\"> 4<\/a><a href=\"https:\/\/ziaruldevrancea.ro\/autor\/ziarul-de-vrancea\">Ziarul de Vrancea<\/a>, 29 dec 2025  <\/div>\n<\/div>\n<div class=\"grup-articol-listing\">\n<div class=\"cont-pils\"><a href=\"https:\/\/ziaruldevrancea.ro\/actualitatea\/international\/mozaic-stiri-internationale-the-guardian-bulgaria-se-pregateste-sa-intre-in-zona-euro-in-contextul-temerilor-legate-de-dezinformarea-sustinuta-de-rusia\"><img decoding=\"async\" src=\"https:\/\/zdvi.cname.ro\/180_135\/actualitatea\/international\/mozaic-stiri-internationale-the-guardian-bulgaria-se-pregateste-sa-intre-in-zona-euro-in-contextul-temerilor-legate-de-dezinformarea-sustinuta-de-rusia\/mediaPool\/uDyW22s.jpg\" class=\"img-responsive img-180\" alt><\/a><\/div>\n<h2><a class=\"link-titlu\" href=\"https:\/\/ziaruldevrancea.ro\/actualitatea\/international\/mozaic-stiri-internationale-the-guardian-bulgaria-se-pregateste-sa-intre-in-zona-euro-in-contextul-temerilor-legate-de-dezinformarea-sustinuta-de-rusia\">MOZAIC \u0218TIRI INTERNA\u021aIONALE: The Guardian: Bulgaria se preg\u0103te\u015fte s\u0103 intre \u00een zona euro, \u00een contextul temerilor legate de dezinformarea sus\u0163inut\u0103 de Rusia<\/a><\/h2>\n<div class=\"date-post\"><a href=\"https:\/\/ziaruldevrancea.ro\/autor\/ziarul-de-vrancea\">Ziarul de Vrancea<\/a>, 28 dec 2025  <\/div>\n<\/div>\n<\/div>\n<\/div>\n<\/div>\n<\/div>\n<div class=\"extra-articol listing-anunturi\">\n<h6>Anun\u021buri <span class=\"text-primary\">ZdV<\/span> Premium<\/h6>\n<div class=\"row\">\n<div class=\"col-lg-4 col-md-6 bloc-egal\"><a class=\"card-anunt\" href=\"https:\/\/ziaruldevrancea.ro\/anunturi\/necrolog\/condoleante\/condoleante-familiei-anunt-72704\"><strong class=\"titlu\">Condolean\u021be<\/strong><span class=\"text-anunt\">FAMILIA\u00a0NINA-ELENA\u00a0 \u00a0\u0219i PETRACHE&#8230;<\/span><span class=\"data-anunt\">18.12.2025  <\/span><\/a><\/div>\n<div class=\"col-lg-4 col-md-6 bloc-egal\"><a class=\"card-anunt\" href=\"https:\/\/ziaruldevrancea.ro\/anunturi\/angajari\/oferte-angajari\/firma-de-constructii-pe-renovari-din-luxembourg-angajeaza\"><strong class=\"titlu\">Oferte<\/strong><span class=\"text-anunt\">Companie serioas\u0103 din domeniul construc\u021biilor,&#8230;<\/span><span class=\"data-anunt\">15.07.2025  <\/span><\/a><\/div>\n<div class=\"col-lg-4 col-md-6 bloc-egal\"><a class=\"card-anunt\" href=\"https:\/\/ziaruldevrancea.ro\/anunturi\/altele\/MEDICALE\/oftalmologie\"><strong class=\"titlu\">MEDICALE<\/strong><span class=\"text-anunt\">CLINIC\u0102 \u00a0CHIRURGIE&#8230;<\/span><span class=\"data-anunt\">01.01.2025  <\/span><\/a><\/div>\n<\/div>\n<\/div>\n<div class=\"bloc-widget widget-albastru\">\n    Ziarul de Vrancea \u00a0nu este responsabil juridic pentru con\u0163inutul textelor din comentariile de mai jos. Responsabilitatea pentru mesajele dumneavoastra v\u0103 revine \u00een exclusivitate.\n<\/div>\n<div class=\"comentarii-articol\" id=\"comentarii\">\n<h3>Comentarii: <span class=\"text-primary\">0<\/span><\/h3>\n<p><a href=\"https:\/\/ziaruldevrancea.ro\/proiecte\/mami-te-iubesc\/mami-eu-te-iubesc-\" class=\"btn btn-success btn-adauga-com\" data-toggle=\"modal\" data-parent=\"0\" data-target=\"#commentModal\">Adaug\u0103 comentariu<\/a><\/p>\n<div class=\"loadMask comments-mask\"><img decoding=\"async\" src=\"https:\/\/zdvs.cname.ro\/images\/loader_40.gif\"><\/div>\n<div class=\"comenteaza-jos\">Trebuie s\u0103 fii <a href=\"https:\/\/ziaruldevrancea.ro\/account\">autentificat<\/a> pentru a putea <a href=\"https:\/\/ziaruldevrancea.ro\/proiecte\/mami-te-iubesc\/mami-eu-te-iubesc-\" class data-toggle=\"modal\" data-parent=\"0\" data-target=\"#commentModal\">posta un comentariu<\/a>.<\/div>\n<\/div>\n<div class=\"modal fade\" id=\"commentModal\" role=\"dialog\" aria-labelledby=\"commentModalLabel\">\n<div class=\"modal-dialog modal-lg\" role=\"document\">\n<div class=\"modal-content\">\n<div class=\"modal-header\">\n<h3 class=\"modal-title\" id=\"commentModalLabel\">Comenteaz\u0103<\/h3>\n<\/div>\n<div class=\"modal-body\">\n<div class=\"tabel tabel-full\">\n<div class=\"celula\">\n              Trebuie s\u0103 fii <a href=\"https:\/\/ziaruldevrancea.ro\/account\">autentificat<\/a> pentru a putea posta un comentariu.\n            <\/div>\n<\/div>\n<\/div>\n<div class=\"modal-footer\">\n<div id=\"commentPending\" class=\"formPending pull-left\"><img decoding=\"async\" src=\"https:\/\/zdvs.cname.ro\/images\/loader_40.gif\"> In curs de procesare&#8230;<\/div>\n<p><a href=\"https:\/\/ziaruldevrancea.ro\/proiecte\/mami-te-iubesc\/mami-eu-te-iubesc-\" class=\"btn btn-default\" data-dismiss=\"modal\">Anuleaz\u0103<\/a><\/div>\n<\/div>\n<\/div>\n<\/div>\n<div class=\"modal fade\" id=\"commentReportModal\" role=\"dialog\" aria-labelledby=\"commentReportModalLabel\">\n<div class=\"modal-dialog modal-lg\" role=\"document\">\n<div class=\"modal-content\">\n<div class=\"modal-header\">\n<h3 class=\"modal-title\" id=\"commentReportModalLabel\">Raporteaza comentariu<\/h3>\n<\/div>\n<div class=\"modal-body\">\n<div class=\"tabel tabel-full\">\n<div class=\"celula\">\n              Trebuie s\u0103 fii <a href=\"https:\/\/ziaruldevrancea.ro\/account\">autentificat<\/a> pentru a putea raporta un comentariu.\n            <\/div>\n<\/div>\n<\/div>\n<div class=\"modal-footer\">\n<div id=\"commentReportPending\" class=\"formPending pull-left\"><img decoding=\"async\" src=\"https:\/\/zdvs.cname.ro\/images\/loader_40.gif\"> In curs de procesare&#8230;<\/div>\n<p><a href=\"https:\/\/ziaruldevrancea.ro\/proiecte\/mami-te-iubesc\/mami-eu-te-iubesc-\" class=\"btn btn-default\" data-dismiss=\"modal\">Anuleaz\u0103<\/a><\/div>\n<\/div>\n<\/div>\n<\/div>\n<div class=\"modal fade\" id=\"commentLikeModal\" role=\"dialog\" aria-labelledby=\"commentLikeModalLabel\">\n<div class=\"modal-dialog modal-lg\" role=\"document\">\n<div class=\"modal-content\">\n<div class=\"modal-header\">\n<h3 class=\"modal-title\" id=\"commentReportModalLabel\">Apreciaza comentariu<\/h3>\n<\/div>\n<div class=\"modal-body\">\n<div class=\"tabel tabel-full\">\n<div class=\"celula\">\n            Trebuie s\u0103 fii <a href=\"https:\/\/ziaruldevrancea.ro\/account\">autentificat<\/a> pentru a putea aprecia un comentariu.\n          <\/div>\n<\/div>\n<\/div>\n<div class=\"modal-footer\"><a href=\"https:\/\/ziaruldevrancea.ro\/proiecte\/mami-te-iubesc\/mami-eu-te-iubesc-\" class=\"btn btn-default\" data-dismiss=\"modal\">Anuleaz\u0103<\/a><\/div>\n<\/div>\n<\/div>\n<\/div>\n<div class=\"bloc-widget widget-rosu\"><span><small>Ziarul de Vrancea doreste ca acest site sa fie un spatiu al discutiilor civilizate, al comentariilor de bun simt. Din acest motiv, cei care posteaza comentarii la articole trebuie sa respecte urmatoarele reguli:<br \/>\n1. Sa se refere doar la articolul la care posteaza comentarii.<br \/>\n2. Sa foloseasca un limbaj civilizat, fara injurii, calomnii, comentarii antisemite, xenofobe sau rasiste.<br \/>\n3. Sunt interzise atacurile la adresa autorilor, daca acestea nu au legatura cu textul.<br \/>\n4. Username-ul sa nu fie nume de personalitati ale vietii publice sau parodieri ale acestora.<br \/>\nAutorul unui articol poate fi criticat pentru eventuale greseli, incoerenta, lipsa de documentare etc.<br \/>\nNerespectarea regulilor mentionate mai sus va duce la stergerea comentariilor, fara avertisment si fara explicatii.<br \/>\nAbaterile repetate vor avea drept consecinta interdictia accesului la aceasta facilitate a site-ului.<\/small><\/span><\/div>\n<\/div>\n<p> Source URL: https:\/\/ziaruldevrancea.ro\/proiecte\/mami-te-iubesc\/mami-eu-te-iubesc-<\/p>\n","protected":false},"excerpt":{"rendered":"<p>Mami, Te Iubesc! Mami, eu te iubesc ! Distribuie: \u00a0 | Ziarul de Vrancea 8 mar 201836068 vizualiz\u0103ri Mama este singura fiin\u021b\u0103 care m\u0103 iube\u0219te pe mine \u0219i m\u0103 ocrote\u0219te. Ea este totul pentru mine. Eu ,o iubesc enorm de mult . Ea face multe sacrificii pentru mine \u0219i fratele meu\u00a0 s\u0103 nu ne lipseasc\u0103 [&hellip;]<\/p>\n","protected":false},"author":1,"featured_media":0,"comment_status":"open","ping_status":"","sticky":false,"template":"","format":"standard","meta":{"footnotes":""},"categories":[89],"tags":[208],"class_list":["post-1260769","post","type-post","status-publish","format-standard","hentry","category-romania","tag-ziaruldevrancea-ro"],"_links":{"self":[{"href":"https:\/\/analyse.optim.biz\/index.php?rest_route=\/wp\/v2\/posts\/1260769","targetHints":{"allow":["GET"]}}],"collection":[{"href":"https:\/\/analyse.optim.biz\/index.php?rest_route=\/wp\/v2\/posts"}],"about":[{"href":"https:\/\/analyse.optim.biz\/index.php?rest_route=\/wp\/v2\/types\/post"}],"author":[{"embeddable":true,"href":"https:\/\/analyse.optim.biz\/index.php?rest_route=\/wp\/v2\/users\/1"}],"replies":[{"embeddable":true,"href":"https:\/\/analyse.optim.biz\/index.php?rest_route=%2Fwp%2Fv2%2Fcomments&post=1260769"}],"version-history":[{"count":0,"href":"https:\/\/analyse.optim.biz\/index.php?rest_route=\/wp\/v2\/posts\/1260769\/revisions"}],"wp:attachment":[{"href":"https:\/\/analyse.optim.biz\/index.php?rest_route=%2Fwp%2Fv2%2Fmedia&parent=1260769"}],"wp:term":[{"taxonomy":"category","embeddable":true,"href":"https:\/\/analyse.optim.biz\/index.php?rest_route=%2Fwp%2Fv2%2Fcategories&post=1260769"},{"taxonomy":"post_tag","embeddable":true,"href":"https:\/\/analyse.optim.biz\/index.php?rest_route=%2Fwp%2Fv2%2Ftags&post=1260769"}],"curies":[{"name":"wp","href":"https:\/\/api.w.org\/{rel}","templated":true}]}}