{"id":125517,"date":"2018-01-26T17:13:36","date_gmt":"2018-01-26T14:13:36","guid":{"rendered":"https:\/\/analyse.optim.biz\/?p=125517"},"modified":"2018-01-26T17:13:36","modified_gmt":"2018-01-26T14:13:36","slug":"calendarul-investirii-noului-guvern","status":"publish","type":"post","link":"https:\/\/analyse.optim.biz\/?p=125517","title":{"rendered":"Calendarul \u00eenvestirii noului Guvern"},"content":{"rendered":"<div class=\"entry data-app-meta data-app-meta-article\" data-embed-base-url-canonical=\"https:\/\/www.digi24.ro\/embed\/stiri\/actualitate\/politica\/calendarul-investirii-noului-guvern-867576\">\n<p data-index=\"1\"><strong>Senatorii \u0219i deputa\u021bii se vor \u00eentruni luni \u00een sesiune extraordinar\u0103 pentru a da votul de \u00eenvestitur\u0103 pentru noul Guvern condus de Viorica D\u0103ncil\u0103.<\/strong><\/p>\n<p data-index=\"2\">Plenul comun al Legislativului este programat s\u0103 \u00eenceap\u0103 la ora 15:00, dup\u0103 ce, \u00een cursul dimine\u0163ii, \u00eencep\u00e2nd cu ora 08:00, vor avea loc, \u00een comisiile de specialitate ale Parlamentului, audierile mini\u015ftrilor propu\u015fi s\u0103 fac\u0103 parte din Cabinetul D\u0103ncil\u0103.<\/p>\n<p data-index=\"3\">\u201e\u00cen Birourile permanente reunite am aprobat activit\u0103\u0163ile de luni. (&#8230;) \u00cen prima parte a zilei, \u00eencep\u00e2nd de la ora 08:00, audierea mini\u015ftrilor \u00een comisiile de specialitate \u015fi \u00eencep\u00e2nd de la ora 15:00 &#8211; \u015fedin\u0163a \u00een plen, unde prim-ministrul prezint\u0103 programul \u015fi lista membrilor Guvernului, urmat\u0103 de dezbaterea \u00een plen \u015fi votul final de \u00eenvestitur\u0103. Am distribuit colegilor din Biroul permanent programul \u015fi lista membrilor Cabinetului\u201d, a spus, dup\u0103 \u015fedin\u0163a Biroului Permanent, pre\u015fedintele Senatului, C\u0103lin Popescu-T\u0103riceanu.<\/p>\n<p data-index=\"4\">\u00centrebat despre calendarul de audiere a mini\u015ftrilor propu\u015fi, T\u0103riceanu a spus: \u201eLa votul precedent, care a avut loc \u00een Parlament, a fost stabilit acela\u015fi calendar &#8211; audierile au \u00eenceput la ora 08:00 \u015fi s-au terminat la ora 12:00. Acum am prev\u0103zut ca audierile s\u0103 dureze p\u00e2n\u0103 la ora 14:00\u201d.<\/p>\n<p data-index=\"5\">Dup\u0103 ce a anun\u021bat c\u0103 o propune pe Viorica D\u0103ncil\u0103 pentru func\u021bia de premier, pre\u0219edintele PSD, Liviu Dragnea, anun\u021base c\u0103 liderii PSD \u0219i ALDE vor discuta componen\u021ba Guvernului, astfel \u00eenc\u00e2t acesta s\u0103 poat\u0103 primi \u00een 29 ianuarie votul Parlamentului.<\/p>\n<p data-index=\"6\">\u00cenainte de sesiunea extraordinar\u0103 de luni, PSD \u0219i ALDE vor avea \u0219edin\u021be duminic\u0103, pentru a verifica voturile pe care se bazeaz\u0103. Tot duminic\u0103, Viorica D\u0103ncil\u0103 se va \u00eent\u00e2lni cu conducerea ALDE, pentru a stabili priorit\u0103\u021bile guvern\u0103rii.<\/p>\n<p data-index=\"7\">Dup\u0103 ce vor primi votul Parlamentului, noii mini\u0219tri vor depune jur\u0103m\u00e2ntul la Palatul Cotroceni.<\/p>\n<p data-index=\"8\"><em>Surse: Digi24, Agerpres<\/em><\/p>\n<p data-index=\"9\">\u00a0<\/p>\n<p data-index=\"10\"><strong>Citi\u021bi \u0219i:<\/strong><\/p>\n<h5><a href=\"https:\/\/www.digi24.ro\/stiri\/actualitate\/politica\/coalitia-anunta-azi-guvernul-866977\" target=\"_blank\" rel=\"noopener\" data-skip-linkfix=\"1\">LISTA MINI\u0218TRILOR. Surprizele din Cabinetul D\u0103ncil\u0103<\/a><\/h5>\n<\/div>\n<p> Source URL: https:\/\/www.digi24.ro\/stiri\/actualitate\/politica\/calendarul-investirii-noului-guvern-867576<\/p>\n","protected":false},"excerpt":{"rendered":"<p>Senatorii \u0219i deputa\u021bii se vor \u00eentruni luni \u00een sesiune extraordinar\u0103 pentru a da votul de \u00eenvestitur\u0103 pentru noul Guvern condus de Viorica D\u0103ncil\u0103. Plenul comun al Legislativului este programat s\u0103 \u00eenceap\u0103 la ora 15:00, dup\u0103 ce, \u00een cursul dimine\u0163ii, \u00eencep\u00e2nd cu ora 08:00, vor avea loc, \u00een comisiile de specialitate ale Parlamentului, audierile mini\u015ftrilor propu\u015fi [&hellip;]<\/p>\n","protected":false},"author":1,"featured_media":125518,"comment_status":"open","ping_status":"","sticky":false,"template":"","format":"standard","meta":{"footnotes":""},"categories":[2],"tags":[11],"class_list":["post-125517","post","type-post","status-publish","format-standard","has-post-thumbnail","hentry","category-politics","tag-digi24"],"_links":{"self":[{"href":"https:\/\/analyse.optim.biz\/index.php?rest_route=\/wp\/v2\/posts\/125517","targetHints":{"allow":["GET"]}}],"collection":[{"href":"https:\/\/analyse.optim.biz\/index.php?rest_route=\/wp\/v2\/posts"}],"about":[{"href":"https:\/\/analyse.optim.biz\/index.php?rest_route=\/wp\/v2\/types\/post"}],"author":[{"embeddable":true,"href":"https:\/\/analyse.optim.biz\/index.php?rest_route=\/wp\/v2\/users\/1"}],"replies":[{"embeddable":true,"href":"https:\/\/analyse.optim.biz\/index.php?rest_route=%2Fwp%2Fv2%2Fcomments&post=125517"}],"version-history":[{"count":0,"href":"https:\/\/analyse.optim.biz\/index.php?rest_route=\/wp\/v2\/posts\/125517\/revisions"}],"wp:featuredmedia":[{"embeddable":true,"href":"https:\/\/analyse.optim.biz\/index.php?rest_route=\/wp\/v2\/media\/125518"}],"wp:attachment":[{"href":"https:\/\/analyse.optim.biz\/index.php?rest_route=%2Fwp%2Fv2%2Fmedia&parent=125517"}],"wp:term":[{"taxonomy":"category","embeddable":true,"href":"https:\/\/analyse.optim.biz\/index.php?rest_route=%2Fwp%2Fv2%2Fcategories&post=125517"},{"taxonomy":"post_tag","embeddable":true,"href":"https:\/\/analyse.optim.biz\/index.php?rest_route=%2Fwp%2Fv2%2Ftags&post=125517"}],"curies":[{"name":"wp","href":"https:\/\/api.w.org\/{rel}","templated":true}]}}