{"id":125514,"date":"2018-01-26T17:25:05","date_gmt":"2018-01-26T14:25:05","guid":{"rendered":"https:\/\/analyse.optim.biz\/?p=125514"},"modified":"2018-01-26T17:25:05","modified_gmt":"2018-01-26T14:25:05","slug":"dragnea-despre-viorel-stefan-dezastru-la-comunicare","status":"publish","type":"post","link":"https:\/\/analyse.optim.biz\/?p=125514","title":{"rendered":"Dragnea despre Viorel \u0218tefan: Dezastru la comunicare"},"content":{"rendered":"<div class=\"entry data-app-meta data-app-meta-article\" data-embed-base-url-canonical=\"https:\/\/www.digi24.ro\/embed\/stiri\/actualitate\/politica\/dragnea-despre-viorel-stefan-dezastru-la-comunicare-867585\">\n<p data-index=\"1\"><strong>Fostul ministru de Finan\u021be din Guvernul Grindeanu, Viorel \u0218tefan, revine \u00een Cabinetul D\u0103ncil\u0103, de data aceasta pe o func\u021bie de vicepremier. \u00cen prim\u0103vara anului trecut, \u0218tefan a fost \u021binta mai multor critici venite din partea pre\u0219edintelui PSD.<\/strong><\/p>\n<figure class=\"article-thumb\"><img decoding=\"async\" src=\"https:\/\/analyse.optim.biz\/wp-content\/uploads\/2024\/09\/mjq1ngqyyzcwmtazztzmota4ogzlm2jjyte-thumb_.jpg\" alt=\"VIOREL_STEFAN_170131_BRIEFING_GUVERN_GRATIERE_09_INQUAM_Octav_Ganea\" data-skip-htmlfix=\"1\" title=\"mjq1ngqyyzcwmtazztzmota4ogzlm2jjyte-thumb_\"><figcaption> Surs\u0103 foto: INQUAM PHOTOS \/ Octav Ganea <\/figcaption><\/figure>\n<p data-index=\"2\">Prima referire \u00een termeni critici la ministrul Viorel \u0218tefan a venit chiar \u00een ianuarie 2017, la scurt timp dup\u0103 \u00eenvestirea Guvernului Grindeanu, c\u00e2nd Liviu Dragnea a apreciat, \u00een contextul discu\u021biilor despre bugetul de stat, c\u0103 acesta \u201ea fost pu\u021bin mai moale dec\u00e2t trebuia\u201d. \u201eDiscu\u0163ia a fost generat\u0103 de faptul c\u0103 o parte dintre mini\u015ftri nu au fost foarte aten\u0163i \u015fi nu au \u00een\u0163eles foarte bine c\u0103 programul de guvernare aprobat prin vot trebuie s\u0103 fie pus \u00een practic\u0103 100% \u015fi, din eroare sau din neaten\u0163ie, au \u00eencercat s\u0103 pun\u0103 alte priorit\u0103\u0163i la finan\u0163are, care nu erau trecute \u00een programul de guvernare (&#8230;) Viorel \u015etefan a \u00een\u0163eles foarte bine numai c\u0103, fiind la prima lui confruntare cu ministerele,<strong> a fost poate mai moale dec\u00e2t trebuie s\u0103 fie un ministru de Finan\u0163e<\/strong> (&#8230;) E de bun\u0103 credin\u0163\u0103, un bun profesionist, dar a fost pu\u0163in mai moale dec\u00e2t trebuia\u201d, declara Dragnea.<\/p>\n<p data-index=\"3\">La mijlocul lunii martie 2017, dup\u0103 ce <a href=\"https:\/\/www.digi24.ro\/stiri\/economie\/finante-economie\/guvernul-pregatit-sa-bage-foarfeca-in-cheltuieli-de-unde-va-taia-688101\" data-skip-linkfix=\"1\">Viorel \u0218tefan a declarat c\u0103 Executivul este preg\u0103tit s\u0103 ia m\u0103suri de reducere a cheltuielilor dac\u0103 se va constata dep\u0103\u0219irea \u021bintei de deficit bugetar de 3%<\/a>, pre\u0219edintele PSD reac\u021biona: \u201eDac\u0103 programul de guvernare este urm\u0103rit punct cu punct \u0219i implementat punct cu punct, nu are motive s\u0103 se \u00eengrijoreze, dup\u0103 p\u0103rerea mea. <strong>Dar s\u0103 vorbe\u0219ti \u00een luna martie de t\u0103ieri de cheltuieli, mi se pare pu\u021bin cam gr\u0103bit<\/strong>\u201d.<\/p>\n<p data-index=\"4\">Apoi, la \u00eenceputul lunii mai 2017, \u00een contextul discu\u021biilor despre modificarea Codului fiscal \u0219i despre \u201erevolu\u021bia fiscal\u0103\u201d conceput\u0103 de PSD-ALDE, pre\u0219edintele PSD a ar\u0103tat, \u00eentr-o interven\u021bie la un post de televiziune, c\u0103 \u201e<strong>Viorel \u0218tefan este un ministru bun, dar este un dezastru la comunicare<\/strong>\u201d. \u201eSper s\u0103-\u0219i \u00eembun\u0103t\u0103\u021beasc\u0103 comunicarea, pentru c\u0103 de multe ori vorbele pot face mai mult r\u0103u dec\u00e2t faptele\u201d, mai spunea Dragnea.<\/p>\n<p data-index=\"5\">O lun\u0103 mai t\u00e2rziu, ministrul Viorel \u0218tefan era iar criticat, pentru absen\u021ba de la votul din Parlament pe legea salariz\u0103rii unitare. \u201e<strong>Da, \u00eentr-adev\u0103r, este o problem\u0103 c\u0103 azi ministrul de Finan\u0163e nu a venit \u00een Parlament s\u0103 sus\u0163in\u0103 legea, cu toate c\u0103 avea timp<\/strong>. Am puterea politic\u0103 s\u0103-mi asum acest lucru \u015fi s\u0103 \u00eemi cer scuze, ca pre\u015fedinte al PSD, c\u0103 un membru al Guvernului care trebuia s\u0103 vin\u0103 ast\u0103zi nu a venit (&#8230;) Este o problem\u0103 pe care noi o vom regla \u00een interior \u00een condi\u0163iile \u00een care \u015fi liderul de grup \u015fi-a asumat faptul c\u0103 ministrul de Finan\u0163e va veni s\u0103 sus\u0163in\u0103 aceast\u0103 lege (&#8230;.). <strong>Cred c\u0103 este o ofens\u0103. Putem vorbi de o ofens\u0103<\/strong>\u201d, spunea Dragnea.<\/p>\n<\/div>\n<p> Source URL: https:\/\/www.digi24.ro\/stiri\/actualitate\/politica\/dragnea-despre-viorel-stefan-dezastru-la-comunicare-867585<\/p>\n","protected":false},"excerpt":{"rendered":"<p>Fostul ministru de Finan\u021be din Guvernul Grindeanu, Viorel \u0218tefan, revine \u00een Cabinetul D\u0103ncil\u0103, de data aceasta pe o func\u021bie de vicepremier. \u00cen prim\u0103vara anului trecut, \u0218tefan a fost \u021binta mai multor critici venite din partea pre\u0219edintelui PSD. Surs\u0103 foto: INQUAM PHOTOS \/ Octav Ganea Prima referire \u00een termeni critici la ministrul Viorel \u0218tefan a venit [&hellip;]<\/p>\n","protected":false},"author":1,"featured_media":125515,"comment_status":"open","ping_status":"","sticky":false,"template":"","format":"standard","meta":{"footnotes":""},"categories":[2],"tags":[11],"class_list":["post-125514","post","type-post","status-publish","format-standard","has-post-thumbnail","hentry","category-politics","tag-digi24"],"_links":{"self":[{"href":"https:\/\/analyse.optim.biz\/index.php?rest_route=\/wp\/v2\/posts\/125514","targetHints":{"allow":["GET"]}}],"collection":[{"href":"https:\/\/analyse.optim.biz\/index.php?rest_route=\/wp\/v2\/posts"}],"about":[{"href":"https:\/\/analyse.optim.biz\/index.php?rest_route=\/wp\/v2\/types\/post"}],"author":[{"embeddable":true,"href":"https:\/\/analyse.optim.biz\/index.php?rest_route=\/wp\/v2\/users\/1"}],"replies":[{"embeddable":true,"href":"https:\/\/analyse.optim.biz\/index.php?rest_route=%2Fwp%2Fv2%2Fcomments&post=125514"}],"version-history":[{"count":0,"href":"https:\/\/analyse.optim.biz\/index.php?rest_route=\/wp\/v2\/posts\/125514\/revisions"}],"wp:featuredmedia":[{"embeddable":true,"href":"https:\/\/analyse.optim.biz\/index.php?rest_route=\/wp\/v2\/media\/125515"}],"wp:attachment":[{"href":"https:\/\/analyse.optim.biz\/index.php?rest_route=%2Fwp%2Fv2%2Fmedia&parent=125514"}],"wp:term":[{"taxonomy":"category","embeddable":true,"href":"https:\/\/analyse.optim.biz\/index.php?rest_route=%2Fwp%2Fv2%2Fcategories&post=125514"},{"taxonomy":"post_tag","embeddable":true,"href":"https:\/\/analyse.optim.biz\/index.php?rest_route=%2Fwp%2Fv2%2Ftags&post=125514"}],"curies":[{"name":"wp","href":"https:\/\/api.w.org\/{rel}","templated":true}]}}