{"id":1254418,"date":"2014-06-10T16:04:07","date_gmt":"2014-06-10T13:04:07","guid":{"rendered":"https:\/\/analyse.optim.biz\/?p=1254418"},"modified":"2014-06-10T16:04:07","modified_gmt":"2014-06-10T13:04:07","slug":"pietrele-doamnei-rarau-filmare-aeriana-suceava-news-online","status":"publish","type":"post","link":"https:\/\/analyse.optim.biz\/?p=1254418","title":{"rendered":"Pietrele Doamnei \u2013 Rar\u0103u (filmare aerian\u0103) | Suceava News Online"},"content":{"rendered":"<article>\n<div id=\"tools\">\n<div id=\"datemeta\">mar\u021bi, 10 iunie 2014<\/div>\n<div id=\"breadcrumb\"><span><a href=\"https:\/\/www.svnews.ro\/\" title=\"Suceava News : \u015etiri din Suceava\" rel=\"home\"><span>\u015etiri<\/span><\/a><\/span>\u00a0\u2022\u00a0<span><a href=\"https:\/\/www.svnews.ro\/turism\/\" title=\"Vezi toate articolele din Turism\"><span>Turism<\/span><\/a><\/span><\/div>\n<\/div>\n<div class=\"post\"><a href=\"https:\/\/www.svnews.ro\/pietrele-doamnei-rarau-filmare-aeriana\/37491\/\" rel=\"bookmark\" title=\"Pietrele Doamnei \u2013 Rar\u0103u (filmare aerian\u0103)\"><\/p>\n<h2>Pietrele Doamnei \u2013 Rar\u0103u (filmare aerian\u0103)<\/h2>\n<p><\/a><\/p>\n<div class=\"entry\">\n<div class=\"entry_content\">\n<div class=\"video-container\"><iframe loading=\"lazy\" title=\"Drumul Pojor\u00e2ta - Rar\u0103u\" width=\"500\" height=\"311\" src=\"https:\/\/www.youtube.com\/embed\/S-mJpf0uhVI?feature=oembed\" frameborder allow=\"accelerometer; autoplay; clipboard-write; encrypted-media; gyroscope; picture-in-picture; web-share\" referrerpolicy=\"strict-origin-when-cross-origin\" allowfullscreen><\/iframe><\/div>\n<blockquote>\n<p>\u201e \u2026 c\u0103nd ve\u0163i coti spre apus, c\u0103tre \u0163inuturile p\u0103duroase ce se ridic\u0103 \u00een zare, c\u0103tre patria de demult a bourilor, atunci, pe m\u0103sur\u0103 ce v\u0103 ve\u0163i afunda \u00eentr-o lume de legend\u0103 \u015fi de miresme foarte tari ale trecutului, muntele acesta se va ridica tot mai sus iar numele lui \u00eel ve\u0163i auzi tot mai des\u2026 Soarele r\u0103sare sau apune pe Rar\u0103u, norii se adun\u0103 sau se \u00eempr\u0103\u015ftie pe Rar\u0103u, Moldova \u015fi Bistri\u0163a curg de o parte \u015fi de cealalt\u0103 a Rar\u0103ului, turmele urc\u0103 sau coboar\u0103 de pe Rar\u0103u.\u201d (Geo Bogza)<\/p>\n<\/blockquote>\n<p>Din centrul comunei Pojor\u00e2ta, la trecerea la nivel cu calea ferat\u0103 urma\u021bi DJ 175B, care v\u0103 duce p\u00e2n\u0103 la Cabana-Hotel Rar\u0103u (1536 metri).<\/p>\n<div class=\"video-container\"><iframe loading=\"lazy\" title=\"Pietrele Doamnei - Cabana Rar\u0103u (filmare aerian\u0103)\" width=\"500\" height=\"311\" src=\"https:\/\/www.youtube.com\/embed\/__vfrbH5ANA?feature=oembed\" frameborder allow=\"accelerometer; autoplay; clipboard-write; encrypted-media; gyroscope; picture-in-picture; web-share\" referrerpolicy=\"strict-origin-when-cross-origin\" allowfullscreen><\/iframe><\/div>\n<div class=\"video-container\"><iframe loading=\"lazy\" title=\"Pietrele Doamnei - cabana Rar\u0103u (filmare aerian\u0103)\" width=\"500\" height=\"311\" src=\"https:\/\/www.youtube.com\/embed\/oxtxO3hh07A?feature=oembed\" frameborder allow=\"accelerometer; autoplay; clipboard-write; encrypted-media; gyroscope; picture-in-picture; web-share\" referrerpolicy=\"strict-origin-when-cross-origin\" allowfullscreen><\/iframe><\/div>\n<p>Pietrele Doamnei, aceste st\u00e2nci de forma piramidal\u0103, au o altitudine de 1634 de metri \u015fi sunt de fapt trei turnuri de calcar, m\u0103rginite de o centur\u0103 de grohoti\u015furi (st\u00e2nci col\u0163uroase desprinse din munte), acoperit\u0103 de molizi \u015fi jnepeni.<br \/> Turnul cel mai \u00eenalt are nu mai putin de 75 de metri, \u015fi este indicat pentru escalada alpini\u015ftilor \u015fi nu pentru turi\u015ftii de ocazie, care pot cel mult s\u0103 urce pe cel de-al doilea turn, urm\u00e2nd traseul indicat ce porne\u015fte de la motel.<br \/> Undeva la 10 minute de motel se afla vestita Piatr\u0103 a \u015eoimului, un punct de belvedere superb c\u0103tre Codrii seculari ai Sl\u0103tioarei.<\/p>\n<div class=\"video-container\"><iframe loading=\"lazy\" title=\"Drumul Rar\u0103u - Pojor\u00e2ta\" width=\"500\" height=\"311\" src=\"https:\/\/www.youtube.com\/embed\/nJTPyiHgBVU?feature=oembed\" frameborder allow=\"accelerometer; autoplay; clipboard-write; encrypted-media; gyroscope; picture-in-picture; web-share\" referrerpolicy=\"strict-origin-when-cross-origin\" allowfullscreen><\/iframe><\/div>\n<p><span class=\"hreview-aggregate\"><span class=\"item\"><span class=\"fn\">Pietrele Doamnei &#8211; Rar\u0103u (filmare aerian\u0103)<\/span><\/span>, <span class=\"rating\"><span class=\"average\">10.0<\/span> out of <span class=\"best\">10<\/span> based on <span class=\"votes\">9<\/span> ratings <\/span><\/span><\/div>\n<div>\n<div>VN:F [1.9.22_1171]<\/div>\n<div class=\"ratingblock \">\n<div class=\"ratingstars \">\n<div id=\"article_loader_37491\" class=\"ratingloaderarticle\">\n<div class=\"loader arrows \">\n<div class=\"loaderinner\">se actualizeaz\u0103&#8230;<\/div>\n<\/div>\n<\/div>\n<\/div>\n<div class=\"ratingtext \">\n<div id=\"gdr_text_a37491\">Rating: 10.0\/<strong>10<\/strong> (9 votes cast)<\/div>\n<\/div>\n<\/div>\n<\/div>\n<\/div>\n<\/div>\n<p><span>Turism<\/span><\/p>\n<div id=\"metaboxh\">\n<h5>Etichete<\/h5>\n<div class=\"listtags\"><a href=\"https:\/\/www.svnews.ro\/subiect\/bucovina\/\" rel=\"tag\">Bucovina<\/a><span>,<\/span><a href=\"https:\/\/www.svnews.ro\/subiect\/drona\/\" rel=\"tag\">drona<\/a><span>,<\/span><a href=\"https:\/\/www.svnews.ro\/subiect\/drum-judetean-pojorata-rarau\/\" rel=\"tag\">drum judetean Pojorata-Rarau<\/a><span>,<\/span><a href=\"https:\/\/www.svnews.ro\/subiect\/filmare-aeriana\/\" rel=\"tag\">filmare aeriana<\/a><span>,<\/span><a href=\"https:\/\/www.svnews.ro\/subiect\/filmare-cu-drona\/\" rel=\"tag\">filmare cu drona<\/a><span>,<\/span><a href=\"https:\/\/www.svnews.ro\/subiect\/gopro\/\" rel=\"tag\">GoPro<\/a><span>,<\/span><a href=\"https:\/\/www.svnews.ro\/subiect\/pietrele-doamnei\/\" rel=\"tag\">Pietrele Doamnei<\/a><span>,<\/span><a href=\"https:\/\/www.svnews.ro\/subiect\/pojorata\/\" rel=\"tag\">Pojorata<\/a><span>,<\/span><a href=\"https:\/\/www.svnews.ro\/subiect\/rarau\/\" rel=\"tag\">Rarau<\/a><span>,<\/span><a href=\"https:\/\/www.svnews.ro\/subiect\/suceava\/\" rel=\"tag\">Suceava<\/a><span>,<\/span><a href=\"https:\/\/www.svnews.ro\/subiect\/time-lapse\/\" rel=\"tag\">Time lapse<\/a><\/div>\n<\/div>\n<div class=\"socialsharewrapper\">\n<div class=\"socialshare\"><a target=\"_blank\" href=\"https:\/\/www.facebook.com\/sharer.php?u=https:\/\/www.svnews.ro\/pietrele-doamnei-rarau-filmare-aeriana\/37491\/\" title=\"Trimite pe Facebook\" class=\"facebook tooltip-top\">Trimite pe Facebook<\/a><a target=\"_blank\" href=\"https:\/\/twitter.com\/intent\/tweet?url=https:\/\/www.svnews.ro\/pietrele-doamnei-rarau-filmare-aeriana\/37491\/\" title=\"Trimite pe Twiter\" class=\"twitter tooltip-top\">Trimite pe Twiter<\/a><a target=\"_blank\" href=\"https:\/\/plus.google.com\/share?url=https:\/\/www.svnews.ro\/pietrele-doamnei-rarau-filmare-aeriana\/37491\/\" title=\"Trimite pe Google Plus\" class=\"google tooltip-top\">Trimite pe Google Plus<\/a><a target=\"_blank\" href=\"https:\/\/pinterest.com\/pin\/create\/button\/?url=https:\/\/www.svnews.ro\/pietrele-doamnei-rarau-filmare-aeriana\/37491\/&amp;media=https:\/\/img.svnews.ro\/foto\/c61aaa3ec187bc3abdeec2fd8.jpg&amp;description=Pietrele%20Doamnei%20%26%238211%3B%20Rar%C4%83u%20%28filmare%20aerian%C4%83%29\" title=\"Pin pe poz\u0103\" class=\"pinterest tooltip-top\">Pin pe poz\u0103<\/a><a href=\"mailto:?subject=Pietrele%20Doamnei%20%26%238211%3B%20Rar%C4%83u%20%28filmare%20aerian%C4%83%29&amp;body='Pietrele%20Doamnei%20%E2%80%93%20Rar?u%20(filmare%20aerian?)':%0D%0Ahttps:\/\/www.svnews.ro\/pietrele-doamnei-rarau-filmare-aeriana\/37491\/\" title=\"Trimite pe Email\" class=\"email tooltip-top\">Trimite pe Email<\/a><\/div>\n<\/div>\n<div>\n<div><strong><a href=\"https:\/\/www.svnews.ro\/cj-modernizeaza-drumul-judetean-chiril-rarau\/37489\/\" rel=\"prev\">CJ modernizeaz\u0103 drumul jude\u021bean Chiril-Rar\u0103u<\/a><\/strong><\/div>\n<div><strong><a href=\"https:\/\/www.svnews.ro\/rezervatia-naturala-tinovul-mare-poiana-stampei-va-deveni-o-atractie-ecoturistica\/37494\/\" rel=\"next\">Rezerva\u0163ia Natural\u0103 Tinovul Mare Poiana Stampei va deveni o atrac\u0163ie ecoturistic\u0103<\/a><\/strong><\/div>\n<\/div>\n<p><span><span><a href=\"https:\/\/plus.google.com\/114118714655107976080?rel=author\">Suceava News Online<\/a><\/span><\/span><\/p>\n<div id=\"related\" class=\"clearfix\">\n<div id=\"relatednews\">\n<div id=\"relatednewsh2\">Alte \u015ftiri pe aceea\u015fi tem\u0103<\/div>\n<\/div>\n<div class=\"related\">\n<div class=\"relatedpost\"><a href=\"https:\/\/www.svnews.ro\/hora-bucovinei-2014-filmare-aeriana\/36375\/\" rel=\"bookmark\" title=\"Hora Bucovinei 2014 (filmare aerian\u0103)\"><img decoding=\"async\" width=\"150\" height=\"125\" src=\"https:\/\/img.svnews.ro\/foto\/f98eeaf8fbb85b1ecc85e991c01500125.jpg\" alt loading=\"lazy\"><\/a><\/p>\n<h3><a href=\"https:\/\/www.svnews.ro\/hora-bucovinei-2014-filmare-aeriana\/36375\/\" rel=\"bookmark\" title=\"Hora Bucovinei 2014 (filmare aerian\u0103)\"> Hora Bucovinei 2014 (filmare aerian\u0103) <\/a><\/h3>\n<\/div>\n<\/div>\n<div class=\"related\">\n<div class=\"relatedpost\"><a href=\"https:\/\/www.svnews.ro\/manastirea-dragomirna-filmare-aeriana\/37328\/\" rel=\"bookmark\" title=\"M\u0103n\u0103stirea Dragomirna (filmare aerian\u0103)\"><img decoding=\"async\" width=\"150\" height=\"125\" src=\"https:\/\/img.svnews.ro\/foto\/b4eaecb24e3b18cda28ee17ae01500125.jpg\" alt loading=\"lazy\"><\/a><\/p>\n<h3><a href=\"https:\/\/www.svnews.ro\/manastirea-dragomirna-filmare-aeriana\/37328\/\" rel=\"bookmark\" title=\"M\u0103n\u0103stirea Dragomirna (filmare aerian\u0103)\"> M\u0103n\u0103stirea Dragomirna (filmare aerian\u0103) <\/a><\/h3>\n<\/div>\n<\/div>\n<div class=\"related\">\n<div class=\"relatedpost\"><a href=\"https:\/\/www.svnews.ro\/biserica-romano-catolica-din-cacica-filmare-aeriana\/37412\/\" rel=\"bookmark\" title=\"Biserica romano-catolic\u0103 din Cacica (filmare aerian\u0103)\"><img decoding=\"async\" width=\"150\" height=\"125\" src=\"https:\/\/img.svnews.ro\/foto\/ba6341d1f20758e12308e6b0a01500125.jpg\" alt loading=\"lazy\"><\/a><\/p>\n<h3><a href=\"https:\/\/www.svnews.ro\/biserica-romano-catolica-din-cacica-filmare-aeriana\/37412\/\" rel=\"bookmark\" title=\"Biserica romano-catolic\u0103 din Cacica (filmare aerian\u0103)\"> Biserica romano-catolic\u0103 din Cacica (filmare aerian\u0103) <\/a><\/h3>\n<\/div>\n<\/div>\n<div class=\"related\">\n<div class=\"relatedpost\"><a href=\"https:\/\/www.svnews.ro\/pojorata-rarau-cel-mai-pitoresc-drum-din-judetul-suceava\/471\/\" rel=\"bookmark\" title=\"Pojor\u00e2ta \u2013 Rar\u0103u, cel mai pitoresc drum din jude\u0163ul Suceava\"><img decoding=\"async\" width=\"150\" height=\"125\" src=\"https:\/\/img.svnews.ro\/foto\/2011\/11\/15\/471\/f25a8db8a9835d68d9a701500125.jpg\" alt loading=\"lazy\"><\/a><\/p>\n<h3><a href=\"https:\/\/www.svnews.ro\/pojorata-rarau-cel-mai-pitoresc-drum-din-judetul-suceava\/471\/\" rel=\"bookmark\" title=\"Pojor\u00e2ta \u2013 Rar\u0103u, cel mai pitoresc drum din jude\u0163ul Suceava\"> Pojor\u00e2ta \u2013 Rar\u0103u, cel mai pitoresc drum din jude\u0163ul Suceava <\/a><\/h3>\n<\/div>\n<\/div>\n<p><\/p>\n<hr>\n<p><\/div>\n<\/article>\n<p> Source URL: https:\/\/www.svnews.ro\/pietrele-doamnei-rarau-filmare-aeriana\/37491\/<\/p>\n","protected":false},"excerpt":{"rendered":"<p>mar\u021bi, 10 iunie 2014 \u015etiri\u00a0\u2022\u00a0Turism Pietrele Doamnei \u2013 Rar\u0103u (filmare aerian\u0103) \u201e \u2026 c\u0103nd ve\u0163i coti spre apus, c\u0103tre \u0163inuturile p\u0103duroase ce se ridic\u0103 \u00een zare, c\u0103tre patria de demult a bourilor, atunci, pe m\u0103sur\u0103 ce v\u0103 ve\u0163i afunda \u00eentr-o lume de legend\u0103 \u015fi de miresme foarte tari ale trecutului, muntele acesta se va ridica [&hellip;]<\/p>\n","protected":false},"author":1,"featured_media":0,"comment_status":"open","ping_status":"","sticky":false,"template":"","format":"standard","meta":{"footnotes":""},"categories":[89],"tags":[175],"class_list":["post-1254418","post","type-post","status-publish","format-standard","hentry","category-romania","tag-svnews-ro"],"_links":{"self":[{"href":"https:\/\/analyse.optim.biz\/index.php?rest_route=\/wp\/v2\/posts\/1254418","targetHints":{"allow":["GET"]}}],"collection":[{"href":"https:\/\/analyse.optim.biz\/index.php?rest_route=\/wp\/v2\/posts"}],"about":[{"href":"https:\/\/analyse.optim.biz\/index.php?rest_route=\/wp\/v2\/types\/post"}],"author":[{"embeddable":true,"href":"https:\/\/analyse.optim.biz\/index.php?rest_route=\/wp\/v2\/users\/1"}],"replies":[{"embeddable":true,"href":"https:\/\/analyse.optim.biz\/index.php?rest_route=%2Fwp%2Fv2%2Fcomments&post=1254418"}],"version-history":[{"count":0,"href":"https:\/\/analyse.optim.biz\/index.php?rest_route=\/wp\/v2\/posts\/1254418\/revisions"}],"wp:attachment":[{"href":"https:\/\/analyse.optim.biz\/index.php?rest_route=%2Fwp%2Fv2%2Fmedia&parent=1254418"}],"wp:term":[{"taxonomy":"category","embeddable":true,"href":"https:\/\/analyse.optim.biz\/index.php?rest_route=%2Fwp%2Fv2%2Fcategories&post=1254418"},{"taxonomy":"post_tag","embeddable":true,"href":"https:\/\/analyse.optim.biz\/index.php?rest_route=%2Fwp%2Fv2%2Ftags&post=1254418"}],"curies":[{"name":"wp","href":"https:\/\/api.w.org\/{rel}","templated":true}]}}