{"id":1254242,"date":"2014-06-27T17:50:13","date_gmt":"2014-06-27T14:50:13","guid":{"rendered":"https:\/\/analyse.optim.biz\/?p=1254242"},"modified":"2014-06-27T17:50:13","modified_gmt":"2014-06-27T14:50:13","slug":"salina-cacica-suceava-news-online","status":"publish","type":"post","link":"https:\/\/analyse.optim.biz\/?p=1254242","title":{"rendered":"Salina Cacica | Suceava News Online"},"content":{"rendered":"<article>\n<div id=\"tools\">\n<div id=\"datemeta\">vineri, 27 iunie 2014<\/div>\n<div id=\"breadcrumb\"><span><a href=\"https:\/\/www.svnews.ro\/\" title=\"Suceava News : \u015etiri din Suceava\" rel=\"home\"><span>\u015etiri<\/span><\/a><\/span>\u00a0\u2022\u00a0<span><a href=\"https:\/\/www.svnews.ro\/turism\/\" title=\"Vezi toate articolele din Turism\"><span>Turism<\/span><\/a><\/span><\/div>\n<\/div>\n<div class=\"post\"><a href=\"https:\/\/www.svnews.ro\/salina-cacica\/38285\/\" rel=\"bookmark\" title=\"Salina Cacica\"><\/p>\n<h2>Salina Cacica<\/h2>\n<p><\/a><\/p>\n<div class=\"entry\">\n<div class=\"entry_content\">\n<div class=\"video-container\"><iframe loading=\"lazy\" title=\"Salina Cacica\" width=\"500\" height=\"311\" src=\"https:\/\/www.youtube.com\/embed\/nyO8Q-qvNX8?feature=oembed\" frameborder allow=\"accelerometer; autoplay; clipboard-write; encrypted-media; gyroscope; picture-in-picture; web-share\" referrerpolicy=\"strict-origin-when-cross-origin\" allowfullscreen><\/iframe><\/div>\n<p>Mina de sare de la Cacica, reprezint\u0103 un obiectiv turistic ce se viziteaz\u0103 de la jum\u0103tatea sec. al XIX-lea, pe un traseu scurt, care s-a p\u0103strat p\u00e2n\u0103 \u00een prezent.<br \/> Salina Cacica este deosebit\u0103 prin vechime, simplitate \u015fi spa\u0163ii generoase, preg\u0103tite pentru vizitare, dispuse pe mai multe orizonturi.<br \/> Aerosolii salini cu efecte terapeutice, temperatura constant\u0103 de cca. 140C, puritatea \u015fi frumuse\u0163ea locului, recomand\u0103 salina \u00een orice anotimp pentru relaxare \u015fi agrement. Prin galeriile s\u0103pate manual \u00een masivul de sare, se ajunge la ad\u00e2ncimea de 44m, \u00een Grota Piticilor \u015fi \u00een Sala de Bal, s\u0103pate manual, f\u0103r\u0103 utilaje.<\/p>\n<p><a title=\"Salina Cacica\" href=\"http:\/\/www.salrom.ro\/cacica.php\" target=\"_blank\"><strong>Mai multe informa\u0163ii<\/strong><\/a><\/p>\n<p><span class=\"hreview-aggregate\"><span class=\"item\"><span class=\"fn\">Salina Cacica<\/span><\/span>, <span class=\"rating\"><span class=\"average\">7.5<\/span> out of <span class=\"best\">10<\/span> based on <span class=\"votes\">12<\/span> ratings <\/span><\/span><\/div>\n<div>\n<div>VN:F [1.9.22_1171]<\/div>\n<div class=\"ratingblock \">\n<div class=\"ratingstars \">\n<div id=\"article_loader_38285\" class=\"ratingloaderarticle\">\n<div class=\"loader arrows \">\n<div class=\"loaderinner\">se actualizeaz\u0103&#8230;<\/div>\n<\/div>\n<\/div>\n<\/div>\n<div class=\"ratingtext \">\n<div id=\"gdr_text_a38285\">Rating: 7.5\/<strong>10<\/strong> (12 votes cast)<\/div>\n<\/div>\n<\/div>\n<\/div>\n<\/div>\n<\/div>\n<p><span>Turism<\/span><\/p>\n<div id=\"metaboxh\">\n<h5>Etichete<\/h5>\n<div class=\"listtags\"><a href=\"https:\/\/www.svnews.ro\/subiect\/bucovina\/\" rel=\"tag\">Bucovina<\/a><span>,<\/span><a href=\"https:\/\/www.svnews.ro\/subiect\/cacica\/\" rel=\"tag\">Cacica<\/a><span>,<\/span><a href=\"https:\/\/www.svnews.ro\/subiect\/romania\/\" rel=\"tag\">Rom\u00e2nia<\/a><span>,<\/span><a href=\"https:\/\/www.svnews.ro\/subiect\/salina-cacica\/\" rel=\"tag\">Salina Cacica<\/a><span>,<\/span><a href=\"https:\/\/www.svnews.ro\/subiect\/suceava\/\" rel=\"tag\">Suceava<\/a><\/div>\n<\/div>\n<div class=\"socialsharewrapper\">\n<div class=\"socialshare\"><a target=\"_blank\" href=\"https:\/\/www.facebook.com\/sharer.php?u=https:\/\/www.svnews.ro\/salina-cacica\/38285\/\" title=\"Trimite pe Facebook\" class=\"facebook tooltip-top\">Trimite pe Facebook<\/a><a target=\"_blank\" href=\"https:\/\/twitter.com\/intent\/tweet?url=https:\/\/www.svnews.ro\/salina-cacica\/38285\/\" title=\"Trimite pe Twiter\" class=\"twitter tooltip-top\">Trimite pe Twiter<\/a><a target=\"_blank\" href=\"https:\/\/plus.google.com\/share?url=https:\/\/www.svnews.ro\/salina-cacica\/38285\/\" title=\"Trimite pe Google Plus\" class=\"google tooltip-top\">Trimite pe Google Plus<\/a><a target=\"_blank\" href=\"https:\/\/pinterest.com\/pin\/create\/button\/?url=https:\/\/www.svnews.ro\/salina-cacica\/38285\/&amp;media=https:\/\/img.svnews.ro\/foto\/b590a93ea6840c4d4333e0cb4.jpg&amp;description=Salina%20Cacica\" title=\"Pin pe poz\u0103\" class=\"pinterest tooltip-top\">Pin pe poz\u0103<\/a><a href=\"mailto:?subject=Salina%20Cacica&amp;body='Salina%20Cacica':%0D%0Ahttps:\/\/www.svnews.ro\/salina-cacica\/38285\/\" title=\"Trimite pe Email\" class=\"email tooltip-top\">Trimite pe Email<\/a><\/div>\n<\/div>\n<div>\n<div><strong><a href=\"https:\/\/www.svnews.ro\/arhivele-nationale-suceava-se-pot-muta-doar-intr-un-sediu-special-amenajat-pentru-conservarea-documentelor\/38282\/\" rel=\"prev\">Arhivele Na\u0163ionale Suceava se pot muta doar \u00eentr-un sediu special amenajat pentru conservarea documentelor<\/a><\/strong><\/div>\n<div><strong><a href=\"https:\/\/www.svnews.ro\/antrenorul-emerit-constantin-tapirjan-a-primit-diploma-de-cetatean-de-onoare-al-sucevei\/38141\/\" rel=\"next\">Antrenorul emerit Constantin T\u0103p\u00eerjan a primit diploma de \u201eCet\u0103\u0163ean de Onoare\u201d al Sucevei<\/a><\/strong><\/div>\n<\/div>\n<p><span><span><a href=\"https:\/\/plus.google.com\/114118714655107976080?rel=author\">Suceava News Online<\/a><\/span><\/span><\/p>\n<div id=\"related\" class=\"clearfix\">\n<div id=\"relatednews\">\n<div id=\"relatednewsh2\">Alte \u015ftiri pe aceea\u015fi tem\u0103<\/div>\n<\/div>\n<div class=\"related\">\n<div class=\"relatedpost\"><a href=\"https:\/\/www.svnews.ro\/la-capela-romano-catolica-din-salina-cacica-va-avea-loc-slujba-de-inviere\/34897\/\" rel=\"bookmark\" title=\"La capela romano \u2013 catolic\u0103 din salina Cacica va avea loc Slujba de \u00cenviere\"><img decoding=\"async\" width=\"150\" height=\"125\" src=\"https:\/\/img.svnews.ro\/foto\/2014\/04\/19\/34897\/29e297bd571839cb8053f5d8f01500125.jpg\" alt loading=\"lazy\"><\/a><\/p>\n<h3><a href=\"https:\/\/www.svnews.ro\/la-capela-romano-catolica-din-salina-cacica-va-avea-loc-slujba-de-inviere\/34897\/\" rel=\"bookmark\" title=\"La capela romano \u2013 catolic\u0103 din salina Cacica va avea loc Slujba de \u00cenviere\"> La capela romano \u2013 catolic\u0103 din salina Cacica va avea loc&#8230; <\/a><\/h3>\n<\/div>\n<\/div>\n<div class=\"related\">\n<div class=\"relatedpost\"><a href=\"https:\/\/www.svnews.ro\/salina-cacica-ar-putea-fi-modernizata-printr-un-proiect-privat\/10937\/\" rel=\"bookmark\" title=\"Salina Cacica ar putea fi modernizat\u0103 printr-un proiect privat\"><img decoding=\"async\" width=\"150\" height=\"125\" src=\"https:\/\/img.svnews.ro\/foto\/2012\/10\/12\/10937\/f91fbd8b75e1f0f42924836d801500125.jpg\" alt loading=\"lazy\"><\/a><\/p>\n<h3><a href=\"https:\/\/www.svnews.ro\/salina-cacica-ar-putea-fi-modernizata-printr-un-proiect-privat\/10937\/\" rel=\"bookmark\" title=\"Salina Cacica ar putea fi modernizat\u0103 printr-un proiect privat\"> Salina Cacica ar putea fi modernizat\u0103 printr-un proiect privat <\/a><\/h3>\n<\/div>\n<\/div>\n<div class=\"related\">\n<div class=\"relatedpost\"><a href=\"https:\/\/www.svnews.ro\/pierderi-de-peste-500-000-de-lei-la-salina-cacica\/20795\/\" rel=\"bookmark\" title=\"Pierderi de peste 500.000 de lei la Salina Cacica\"><img decoding=\"async\" width=\"150\" height=\"125\" src=\"https:\/\/img.svnews.ro\/foto\/2013\/05\/27\/20795\/794102943a8294cb1aa5ece6e01500125.jpg\" alt loading=\"lazy\"><\/a><\/p>\n<h3><a href=\"https:\/\/www.svnews.ro\/pierderi-de-peste-500-000-de-lei-la-salina-cacica\/20795\/\" rel=\"bookmark\" title=\"Pierderi de peste 500.000 de lei la Salina Cacica\"> Pierderi de peste 500.000 de lei la Salina Cacica <\/a><\/h3>\n<\/div>\n<\/div>\n<div class=\"related\">\n<div class=\"relatedpost\"><a href=\"https:\/\/www.svnews.ro\/biserica-romano-catolica-din-cacica-filmare-aeriana\/37412\/\" rel=\"bookmark\" title=\"Biserica romano-catolic\u0103 din Cacica (filmare aerian\u0103)\"><img decoding=\"async\" width=\"150\" height=\"125\" src=\"https:\/\/img.svnews.ro\/foto\/ba6341d1f20758e12308e6b0a01500125.jpg\" alt loading=\"lazy\"><\/a><\/p>\n<h3><a href=\"https:\/\/www.svnews.ro\/biserica-romano-catolica-din-cacica-filmare-aeriana\/37412\/\" rel=\"bookmark\" title=\"Biserica romano-catolic\u0103 din Cacica (filmare aerian\u0103)\"> Biserica romano-catolic\u0103 din Cacica (filmare aerian\u0103) <\/a><\/h3>\n<\/div>\n<\/div>\n<p><\/p>\n<hr>\n<p><\/div>\n<\/article>\n<p> Source URL: https:\/\/www.svnews.ro\/salina-cacica\/38285\/<\/p>\n","protected":false},"excerpt":{"rendered":"<p>vineri, 27 iunie 2014 \u015etiri\u00a0\u2022\u00a0Turism Salina Cacica Mina de sare de la Cacica, reprezint\u0103 un obiectiv turistic ce se viziteaz\u0103 de la jum\u0103tatea sec. al XIX-lea, pe un traseu scurt, care s-a p\u0103strat p\u00e2n\u0103 \u00een prezent. Salina Cacica este deosebit\u0103 prin vechime, simplitate \u015fi spa\u0163ii generoase, preg\u0103tite pentru vizitare, dispuse pe mai multe orizonturi. Aerosolii [&hellip;]<\/p>\n","protected":false},"author":1,"featured_media":0,"comment_status":"open","ping_status":"","sticky":false,"template":"","format":"standard","meta":{"footnotes":""},"categories":[89],"tags":[175],"class_list":["post-1254242","post","type-post","status-publish","format-standard","hentry","category-romania","tag-svnews-ro"],"_links":{"self":[{"href":"https:\/\/analyse.optim.biz\/index.php?rest_route=\/wp\/v2\/posts\/1254242","targetHints":{"allow":["GET"]}}],"collection":[{"href":"https:\/\/analyse.optim.biz\/index.php?rest_route=\/wp\/v2\/posts"}],"about":[{"href":"https:\/\/analyse.optim.biz\/index.php?rest_route=\/wp\/v2\/types\/post"}],"author":[{"embeddable":true,"href":"https:\/\/analyse.optim.biz\/index.php?rest_route=\/wp\/v2\/users\/1"}],"replies":[{"embeddable":true,"href":"https:\/\/analyse.optim.biz\/index.php?rest_route=%2Fwp%2Fv2%2Fcomments&post=1254242"}],"version-history":[{"count":0,"href":"https:\/\/analyse.optim.biz\/index.php?rest_route=\/wp\/v2\/posts\/1254242\/revisions"}],"wp:attachment":[{"href":"https:\/\/analyse.optim.biz\/index.php?rest_route=%2Fwp%2Fv2%2Fmedia&parent=1254242"}],"wp:term":[{"taxonomy":"category","embeddable":true,"href":"https:\/\/analyse.optim.biz\/index.php?rest_route=%2Fwp%2Fv2%2Fcategories&post=1254242"},{"taxonomy":"post_tag","embeddable":true,"href":"https:\/\/analyse.optim.biz\/index.php?rest_route=%2Fwp%2Fv2%2Ftags&post=1254242"}],"curies":[{"name":"wp","href":"https:\/\/api.w.org\/{rel}","templated":true}]}}