{"id":1254231,"date":"2014-07-03T17:25:08","date_gmt":"2014-07-03T14:25:08","guid":{"rendered":"https:\/\/analyse.optim.biz\/?p=1254231"},"modified":"2014-07-03T17:25:08","modified_gmt":"2014-07-03T14:25:08","slug":"groapa-de-gunoi-de-la-calau-filmare-aeriana-suceava-news-online","status":"publish","type":"post","link":"https:\/\/analyse.optim.biz\/?p=1254231","title":{"rendered":"Groapa de gunoi de la C\u0103l\u0103u (filmare aerian\u0103) | Suceava News Online"},"content":{"rendered":"<article>\n<div id=\"tools\">\n<div id=\"datemeta\">joi, 3 iulie 2014<\/div>\n<div id=\"breadcrumb\"><span><a href=\"https:\/\/www.svnews.ro\/\" title=\"Suceava News : \u015etiri din Suceava\" rel=\"home\"><span>\u015etiri<\/span><\/a><\/span>\u00a0\u2022\u00a0<span><a href=\"https:\/\/www.svnews.ro\/administratie\/\" title=\"Vezi toate articolele din Administra\u0163ie\"><span>Administra\u0163ie<\/span><\/a><\/span><\/div>\n<\/div>\n<div class=\"post\"><a href=\"https:\/\/www.svnews.ro\/groapa-de-gunoi-de-la-calau-filmare-aeriana\/38531\/\" rel=\"bookmark\" title=\"Groapa de gunoi de la C\u0103l\u0103u (filmare aerian\u0103)\"><\/p>\n<h2>Groapa de gunoi de la C\u0103l\u0103u (filmare aerian\u0103)<\/h2>\n<p><\/a><\/p>\n<div class=\"entry\">\n<div class=\"entry_content\">\n<div class=\"video-container\"><iframe loading=\"lazy\" title=\"Groapa de gunoi a Sucevei - C\u0103l\u0103u (filmare aerian\u0103)\" width=\"500\" height=\"311\" src=\"https:\/\/www.youtube.com\/embed\/jZalDJhmcVg?feature=oembed\" frameborder allow=\"accelerometer; autoplay; clipboard-write; encrypted-media; gyroscope; picture-in-picture; web-share\" referrerpolicy=\"strict-origin-when-cross-origin\" allowfullscreen><\/iframe><\/div>\n<p>Groapa de gunoi a municipiului Suceava, sau C\u0103l\u0103u, cum i se mai zice, se afl\u0103 \u00een proces de ecologizare.<br \/> \u00cenchis\u0103 \u00een 2009, cea mai mare groap\u0103 de gunoi din jude\u021bul Suceava \u00eenglobeaz\u0103 peste 700.000 de metri cubi de de\u0219euri \u0219i se \u00eentinde pe aproximativ 11 hectare. S-a aflat \u00een folosin\u021b\u0103 peste 40 de ani. Potrivit programului de \u00eenchidere, de\u0219eurile vor fi compactate astfel \u00eenc\u00e2t suprafa\u021ba ocupat\u0103 se va restr\u00e2nge la 7 hectare.<br \/> Se va crea practic o nou\u0103 form\u0103 de relief care va fi \u00eenierbat\u0103 \u0219i redat\u0103 naturii. De asemenea, se va construi un zid de protec\u021bie de peste un kilometru pe malul r\u00e2ului Suceava.<br \/> \u00cen viitorul apropiat la nivelul jude\u021bului Suceava se va implementa un nou sistem de management al de\u0219eurilor conform normelor UE. \u00cen construc\u021bie se afl\u0103 dou\u0103 noi depozite ecologice unul \u00een zona de \u0219es la Moara \u0219i cel\u0103lalt \u00een zona de munte la Pojor\u00e2ta, \u00een apropierea <a title=\"Pasul Mestec\u0103ni\u015f (filmare aerian\u0103)\" href=\"http:\/\/svnews.ro\/pasul-mestecanis-filmare-aeriana\/37968\/\" target=\"_blank\">pasului Mestec\u0103ni\u0219<\/a>, loca\u021biile fiind stabilite \u00eenc\u0103 de pe vremea fostei administra\u021bii jude\u021bene PDL care a ini\u021biat proiectele cu finan\u021bare european\u0103.<br \/> Depozitul de la Moara este \u00een faza cea mai avansat\u0103 de execu\u021bie. Noile depozite ecologice nu vor afecta \u0219i nu vor polua mediul \u00eenconjur\u0103tor fiind realizate cu tehnologiile cele mai avansate din acest punct de vedere.<\/p>\n<\/div>\n<div>\n<div>VN:F [1.9.22_1171]<\/div>\n<div class=\"ratingblock \">\n<div class=\"ratingstars \">\n<div id=\"article_loader_38531\" class=\"ratingloaderarticle\">\n<div class=\"loader arrows \">\n<div class=\"loaderinner\">se actualizeaz\u0103&#8230;<\/div>\n<\/div>\n<\/div>\n<\/div>\n<div class=\"ratingtext \">\n<div id=\"gdr_text_a38531\">Rating: 0.0\/<strong>10<\/strong> (0 votes cast)<\/div>\n<\/div>\n<\/div>\n<\/div>\n<\/div>\n<\/div>\n<p><span>Administra\u0163ie<\/span><\/p>\n<div id=\"metaboxh\">\n<h5>Etichete<\/h5>\n<div class=\"listtags\"><a href=\"https:\/\/www.svnews.ro\/subiect\/calau\/\" rel=\"tag\">Calau<\/a><span>,<\/span><a href=\"https:\/\/www.svnews.ro\/subiect\/depozite-ecologice\/\" rel=\"tag\">depozite ecologice<\/a><span>,<\/span><a href=\"https:\/\/www.svnews.ro\/subiect\/drona\/\" rel=\"tag\">drona<\/a><span>,<\/span><a href=\"https:\/\/www.svnews.ro\/subiect\/ecologizare\/\" rel=\"tag\">ecologizare<\/a><span>,<\/span><a href=\"https:\/\/www.svnews.ro\/subiect\/filmare-aeriana\/\" rel=\"tag\">filmare aeriana<\/a><span>,<\/span><a href=\"https:\/\/www.svnews.ro\/subiect\/filmare-cu-drona\/\" rel=\"tag\">filmare cu drona<\/a><span>,<\/span><a href=\"https:\/\/www.svnews.ro\/subiect\/finantare-europeana\/\" rel=\"tag\">finantare europeana<\/a><span>,<\/span><a href=\"https:\/\/www.svnews.ro\/subiect\/gopro\/\" rel=\"tag\">GoPro<\/a><span>,<\/span><a href=\"https:\/\/www.svnews.ro\/subiect\/groapa-de-gunoi\/\" rel=\"tag\">groapa de gunoi<\/a><span>,<\/span><a href=\"https:\/\/www.svnews.ro\/subiect\/moara\/\" rel=\"tag\">Moara<\/a><span>,<\/span><a href=\"https:\/\/www.svnews.ro\/subiect\/pasul-mestecanis\/\" rel=\"tag\">Pasul Mestecanis<\/a><span>,<\/span><a href=\"https:\/\/www.svnews.ro\/subiect\/pojorata\/\" rel=\"tag\">Pojorata<\/a><span>,<\/span><a href=\"https:\/\/www.svnews.ro\/subiect\/suceava\/\" rel=\"tag\">Suceava<\/a><\/div>\n<\/div>\n<div class=\"socialsharewrapper\">\n<div class=\"socialshare\"><a target=\"_blank\" href=\"https:\/\/www.facebook.com\/sharer.php?u=https:\/\/www.svnews.ro\/groapa-de-gunoi-de-la-calau-filmare-aeriana\/38531\/\" title=\"Trimite pe Facebook\" class=\"facebook tooltip-top\">Trimite pe Facebook<\/a><a target=\"_blank\" href=\"https:\/\/twitter.com\/intent\/tweet?url=https:\/\/www.svnews.ro\/groapa-de-gunoi-de-la-calau-filmare-aeriana\/38531\/\" title=\"Trimite pe Twiter\" class=\"twitter tooltip-top\">Trimite pe Twiter<\/a><a target=\"_blank\" href=\"https:\/\/plus.google.com\/share?url=https:\/\/www.svnews.ro\/groapa-de-gunoi-de-la-calau-filmare-aeriana\/38531\/\" title=\"Trimite pe Google Plus\" class=\"google tooltip-top\">Trimite pe Google Plus<\/a><a target=\"_blank\" href=\"https:\/\/pinterest.com\/pin\/create\/button\/?url=https:\/\/www.svnews.ro\/groapa-de-gunoi-de-la-calau-filmare-aeriana\/38531\/&amp;media=https:\/\/img.svnews.ro\/foto\/bc13867a5577eca2a180a3e62.jpg&amp;description=Groapa%20de%20gunoi%20de%20la%20C%C4%83l%C4%83u%20%28filmare%20aerian%C4%83%29\" title=\"Pin pe poz\u0103\" class=\"pinterest tooltip-top\">Pin pe poz\u0103<\/a><a href=\"mailto:?subject=Groapa%20de%20gunoi%20de%20la%20C%C4%83l%C4%83u%20%28filmare%20aerian%C4%83%29&amp;body='Groapa%20de%20gunoi%20de%20la%20C?l?u%20(filmare%20aerian?)':%0D%0Ahttps:\/\/www.svnews.ro\/groapa-de-gunoi-de-la-calau-filmare-aeriana\/38531\/\" title=\"Trimite pe Email\" class=\"email tooltip-top\">Trimite pe Email<\/a><\/div>\n<\/div>\n<div>\n<div><strong><a href=\"https:\/\/www.svnews.ro\/studentii-cer-demisia-ministrului-pentru-invatamant-superior-pentru-dezastrul-din-sistem-cauzat-de-schimbari-legislative-demne-de-tarile-din-lumea-a-treia\/38493\/\" rel=\"prev\">Studen\u021bii cer demisia Ministrului pentru \u00cenv\u0103\u021b\u0103m\u00e2nt Superior pentru dezastrul din sistem cauzat de schimb\u0103ri legislative demne de \u021b\u0103rile din lumea a treia<\/a><\/strong><\/div>\n<div><strong><a href=\"https:\/\/www.svnews.ro\/tabere-cu-tematica-preventiva-organizate-de-politia-suceava-si-fundatia-umanitara-romania-children\/38535\/\" rel=\"next\">Tabere cu tematic\u0103 preventiv\u0103 organizate de Poli\u0163ia Suceava \u015fi Funda\u0163ia Umanitar\u0103 Romania Children<\/a><\/strong><\/div>\n<\/div>\n<p><span><span><a href=\"https:\/\/plus.google.com\/114118714655107976080?rel=author\">Suceava News Online<\/a><\/span><\/span><\/p>\n<div id=\"related\" class=\"clearfix\">\n<div id=\"relatednews\">\n<div id=\"relatednewsh2\">Alte \u015ftiri pe aceea\u015fi tem\u0103<\/div>\n<\/div>\n<div class=\"related\">\n<div class=\"relatedpost\"><a href=\"https:\/\/www.svnews.ro\/groapa-de-gunoi-de-la-calau\/38478\/\" rel=\"bookmark\" title=\"Groapa de gunoi de la C\u0103l\u0103u\"><img decoding=\"async\" width=\"150\" height=\"125\" src=\"https:\/\/img.svnews.ro\/foto\/2014\/07\/03\/38478\/21f39c09fc4f58289bf63ba8d01500125.jpg\" alt loading=\"lazy\"><\/a><\/p>\n<h3><a href=\"https:\/\/www.svnews.ro\/groapa-de-gunoi-de-la-calau\/38478\/\" rel=\"bookmark\" title=\"Groapa de gunoi de la C\u0103l\u0103u\"> Groapa de gunoi de la C\u0103l\u0103u <\/a><\/h3>\n<\/div>\n<\/div>\n<div class=\"related\">\n<div class=\"relatedpost\"><a href=\"https:\/\/www.svnews.ro\/pietrele-doamnei-rarau-filmare-aeriana\/37491\/\" rel=\"bookmark\" title=\"Pietrele Doamnei \u2013 Rar\u0103u (filmare aerian\u0103)\"><img decoding=\"async\" width=\"150\" height=\"125\" src=\"https:\/\/img.svnews.ro\/foto\/c61aaa3ec187bc3abdeec2fd801500125.jpg\" alt loading=\"lazy\"><\/a><\/p>\n<h3><a href=\"https:\/\/www.svnews.ro\/pietrele-doamnei-rarau-filmare-aeriana\/37491\/\" rel=\"bookmark\" title=\"Pietrele Doamnei \u2013 Rar\u0103u (filmare aerian\u0103)\"> Pietrele Doamnei \u2013 Rar\u0103u (filmare aerian\u0103) <\/a><\/h3>\n<\/div>\n<\/div>\n<div class=\"related\">\n<div class=\"relatedpost\"><a href=\"https:\/\/www.svnews.ro\/pasul-mestecanis-filmare-aeriana\/37968\/\" rel=\"bookmark\" title=\"Pasul Mestec\u0103ni\u015f (filmare aerian\u0103)\"><img decoding=\"async\" width=\"150\" height=\"125\" src=\"https:\/\/img.svnews.ro\/foto\/81293c096118e8b024859e2b901500125.jpg\" alt loading=\"lazy\"><\/a><\/p>\n<h3><a href=\"https:\/\/www.svnews.ro\/pasul-mestecanis-filmare-aeriana\/37968\/\" rel=\"bookmark\" title=\"Pasul Mestec\u0103ni\u015f (filmare aerian\u0103)\"> Pasul Mestec\u0103ni\u015f (filmare aerian\u0103) <\/a><\/h3>\n<\/div>\n<\/div>\n<div class=\"related\">\n<div class=\"relatedpost\"><a href=\"https:\/\/www.svnews.ro\/biserica-romano-catolica-din-cacica-filmare-aeriana\/37412\/\" rel=\"bookmark\" title=\"Biserica romano-catolic\u0103 din Cacica (filmare aerian\u0103)\"><img decoding=\"async\" width=\"150\" height=\"125\" src=\"https:\/\/img.svnews.ro\/foto\/ba6341d1f20758e12308e6b0a01500125.jpg\" alt loading=\"lazy\"><\/a><\/p>\n<h3><a href=\"https:\/\/www.svnews.ro\/biserica-romano-catolica-din-cacica-filmare-aeriana\/37412\/\" rel=\"bookmark\" title=\"Biserica romano-catolic\u0103 din Cacica (filmare aerian\u0103)\"> Biserica romano-catolic\u0103 din Cacica (filmare aerian\u0103) <\/a><\/h3>\n<\/div>\n<\/div>\n<p><\/p>\n<hr>\n<p><\/div>\n<\/article>\n<p> Source URL: https:\/\/www.svnews.ro\/groapa-de-gunoi-de-la-calau-filmare-aeriana\/38531\/<\/p>\n","protected":false},"excerpt":{"rendered":"<p>joi, 3 iulie 2014 \u015etiri\u00a0\u2022\u00a0Administra\u0163ie Groapa de gunoi de la C\u0103l\u0103u (filmare aerian\u0103) Groapa de gunoi a municipiului Suceava, sau C\u0103l\u0103u, cum i se mai zice, se afl\u0103 \u00een proces de ecologizare. \u00cenchis\u0103 \u00een 2009, cea mai mare groap\u0103 de gunoi din jude\u021bul Suceava \u00eenglobeaz\u0103 peste 700.000 de metri cubi de de\u0219euri \u0219i se \u00eentinde [&hellip;]<\/p>\n","protected":false},"author":1,"featured_media":0,"comment_status":"open","ping_status":"","sticky":false,"template":"","format":"standard","meta":{"footnotes":""},"categories":[89],"tags":[175],"class_list":["post-1254231","post","type-post","status-publish","format-standard","hentry","category-romania","tag-svnews-ro"],"_links":{"self":[{"href":"https:\/\/analyse.optim.biz\/index.php?rest_route=\/wp\/v2\/posts\/1254231","targetHints":{"allow":["GET"]}}],"collection":[{"href":"https:\/\/analyse.optim.biz\/index.php?rest_route=\/wp\/v2\/posts"}],"about":[{"href":"https:\/\/analyse.optim.biz\/index.php?rest_route=\/wp\/v2\/types\/post"}],"author":[{"embeddable":true,"href":"https:\/\/analyse.optim.biz\/index.php?rest_route=\/wp\/v2\/users\/1"}],"replies":[{"embeddable":true,"href":"https:\/\/analyse.optim.biz\/index.php?rest_route=%2Fwp%2Fv2%2Fcomments&post=1254231"}],"version-history":[{"count":0,"href":"https:\/\/analyse.optim.biz\/index.php?rest_route=\/wp\/v2\/posts\/1254231\/revisions"}],"wp:attachment":[{"href":"https:\/\/analyse.optim.biz\/index.php?rest_route=%2Fwp%2Fv2%2Fmedia&parent=1254231"}],"wp:term":[{"taxonomy":"category","embeddable":true,"href":"https:\/\/analyse.optim.biz\/index.php?rest_route=%2Fwp%2Fv2%2Fcategories&post=1254231"},{"taxonomy":"post_tag","embeddable":true,"href":"https:\/\/analyse.optim.biz\/index.php?rest_route=%2Fwp%2Fv2%2Ftags&post=1254231"}],"curies":[{"name":"wp","href":"https:\/\/api.w.org\/{rel}","templated":true}]}}