{"id":1254226,"date":"2014-07-09T21:38:31","date_gmt":"2014-07-09T18:38:31","guid":{"rendered":"https:\/\/analyse.optim.biz\/?p=1254226"},"modified":"2014-07-09T21:38:31","modified_gmt":"2014-07-09T18:38:31","slug":"complexul-btt-din-campulung-moldovenesc-suceava-news-online","status":"publish","type":"post","link":"https:\/\/analyse.optim.biz\/?p=1254226","title":{"rendered":"Complexul BTT din C\u00e2mpulung Moldovenesc | Suceava News Online"},"content":{"rendered":"<article>\n<div id=\"tools\">\n<div id=\"datemeta\">joi, 10 iulie 2014<\/div>\n<div id=\"breadcrumb\"><span><a href=\"https:\/\/www.svnews.ro\/\" title=\"Suceava News : \u015etiri din Suceava\" rel=\"home\"><span>\u015etiri<\/span><\/a><\/span>\u00a0\u2022\u00a0<span><a href=\"https:\/\/www.svnews.ro\/turism\/\" title=\"Vezi toate articolele din Turism\"><span>Turism<\/span><\/a><\/span><\/div>\n<\/div>\n<div class=\"post\"><a href=\"https:\/\/www.svnews.ro\/complexul-btt-din-campulung-moldovenesc\/38737\/\" rel=\"bookmark\" title=\"Complexul BTT din C\u00e2mpulung Moldovenesc\"><\/p>\n<h2>Complexul BTT din C\u00e2mpulung Moldovenesc<\/h2>\n<p><\/a><\/p>\n<div class=\"entry\">\n<div class=\"entry_content\">\n<div class=\"video-container\"><iframe loading=\"lazy\" title=\"Complex BTT C\u00e2mpulung Moldovenesc (filmare aerian\u0103)\" width=\"500\" height=\"311\" src=\"https:\/\/www.youtube.com\/embed\/q3_1NvYUP7Y?feature=oembed\" frameborder allow=\"accelerometer; autoplay; clipboard-write; encrypted-media; gyroscope; picture-in-picture; web-share\" referrerpolicy=\"strict-origin-when-cross-origin\" allowfullscreen><\/iframe><\/div>\n<p>Complexul BTT din C\u00e2mpulung Moldovenesc a fost construit \u00een anii \u201980, fiind la vremea respectiv\u0103 \u201dperla\u201d zonei.<br \/> Era dotat cu bazin de \u00eenot olimpic, cu discotec\u0103 de 700 de locuri, pist\u0103 de bowling, saun\u0103, s\u0103li de fitnes, terenuri de sport, lac de agrement \u0219i o sal\u0103 pentru proiec\u021bii video.<br \/> Complexul a g\u0103zduit \u00een acei ani stagiile de preg\u0103tire ale echipei na\u021bionale de fotbal care era antrenat\u0103 de Mircea Lucescu, dar \u0219i ale echipelor de club Steaua \u0219i Dinamo.<br \/> Str\u0103lucirea lui a disp\u0103rut dup\u0103 anii 1990.<\/p>\n<p><span class=\"hreview-aggregate\"><span class=\"item\"><span class=\"fn\">Complexul BTT din C\u00e2mpulung Moldovenesc<\/span><\/span>, <span class=\"rating\"><span class=\"average\">9.7<\/span> out of <span class=\"best\">10<\/span> based on <span class=\"votes\">7<\/span> ratings <\/span><\/span><\/div>\n<div>\n<div>VN:F [1.9.22_1171]<\/div>\n<div class=\"ratingblock \">\n<div class=\"ratingstars \">\n<div id=\"article_loader_38737\" class=\"ratingloaderarticle\">\n<div class=\"loader arrows \">\n<div class=\"loaderinner\">se actualizeaz\u0103&#8230;<\/div>\n<\/div>\n<\/div>\n<\/div>\n<div class=\"ratingtext \">\n<div id=\"gdr_text_a38737\">Rating: 9.7\/<strong>10<\/strong> (7 votes cast)<\/div>\n<\/div>\n<\/div>\n<\/div>\n<\/div>\n<\/div>\n<p><span>Turism<\/span><\/p>\n<div id=\"metaboxh\">\n<h5>Etichete<\/h5>\n<div class=\"listtags\"><a href=\"https:\/\/www.svnews.ro\/subiect\/biroul-de-turism-pentru-tineret\/\" rel=\"tag\">Biroul de Turism pentru Tineret<\/a><span>,<\/span><a href=\"https:\/\/www.svnews.ro\/subiect\/bucovina\/\" rel=\"tag\">Bucovina<\/a><span>,<\/span><a href=\"https:\/\/www.svnews.ro\/subiect\/campulung-moldovenesc\/\" rel=\"tag\">Campulung Moldovenesc<\/a><span>,<\/span><a href=\"https:\/\/www.svnews.ro\/subiect\/ciuperca-btt\/\" rel=\"tag\">Ciuperca BTT<\/a><span>,<\/span><a href=\"https:\/\/www.svnews.ro\/subiect\/complex-btt\/\" rel=\"tag\">Complex BTT<\/a><span>,<\/span><a href=\"https:\/\/www.svnews.ro\/subiect\/dinamo\/\" rel=\"tag\">Dinamo<\/a><span>,<\/span><a href=\"https:\/\/www.svnews.ro\/subiect\/discoteca\/\" rel=\"tag\">discoteca<\/a><span>,<\/span><a href=\"https:\/\/www.svnews.ro\/subiect\/drona\/\" rel=\"tag\">drona<\/a><span>,<\/span><a href=\"https:\/\/www.svnews.ro\/subiect\/filmare-aeriana\/\" rel=\"tag\">filmare aeriana<\/a><span>,<\/span><a href=\"https:\/\/www.svnews.ro\/subiect\/filmare-cu-drona\/\" rel=\"tag\">filmare cu drona<\/a><span>,<\/span><a href=\"https:\/\/www.svnews.ro\/subiect\/gopro\/\" rel=\"tag\">GoPro<\/a><span>,<\/span><a href=\"https:\/\/www.svnews.ro\/subiect\/mircea-lucescu\/\" rel=\"tag\">Mircea Lucescu<\/a><span>,<\/span><a href=\"https:\/\/www.svnews.ro\/subiect\/romania\/\" rel=\"tag\">Rom\u00e2nia<\/a><span>,<\/span><a href=\"https:\/\/www.svnews.ro\/subiect\/steaua\/\" rel=\"tag\">Steaua<\/a><span>,<\/span><a href=\"https:\/\/www.svnews.ro\/subiect\/suceava\/\" rel=\"tag\">Suceava<\/a><span>,<\/span><a href=\"https:\/\/www.svnews.ro\/subiect\/turism-2\/\" rel=\"tag\">turism<\/a><\/div>\n<\/div>\n<div class=\"socialsharewrapper\">\n<div class=\"socialshare\"><a target=\"_blank\" href=\"https:\/\/www.facebook.com\/sharer.php?u=https:\/\/www.svnews.ro\/complexul-btt-din-campulung-moldovenesc\/38737\/\" title=\"Trimite pe Facebook\" class=\"facebook tooltip-top\">Trimite pe Facebook<\/a><a target=\"_blank\" href=\"https:\/\/twitter.com\/intent\/tweet?url=https:\/\/www.svnews.ro\/complexul-btt-din-campulung-moldovenesc\/38737\/\" title=\"Trimite pe Twiter\" class=\"twitter tooltip-top\">Trimite pe Twiter<\/a><a target=\"_blank\" href=\"https:\/\/plus.google.com\/share?url=https:\/\/www.svnews.ro\/complexul-btt-din-campulung-moldovenesc\/38737\/\" title=\"Trimite pe Google Plus\" class=\"google tooltip-top\">Trimite pe Google Plus<\/a><a target=\"_blank\" href=\"https:\/\/pinterest.com\/pin\/create\/button\/?url=https:\/\/www.svnews.ro\/complexul-btt-din-campulung-moldovenesc\/38737\/&amp;media=https:\/\/img.svnews.ro\/foto\/479f721e5900791cbf6051bc5.jpg&amp;description=Complexul%20BTT%20din%20C%C3%A2mpulung%20Moldovenesc\" title=\"Pin pe poz\u0103\" class=\"pinterest tooltip-top\">Pin pe poz\u0103<\/a><a href=\"mailto:?subject=Complexul%20BTT%20din%20C%C3%A2mpulung%20Moldovenesc&amp;body='Complexul%20BTT%20din%20C?mpulung%20Moldovenesc':%0D%0Ahttps:\/\/www.svnews.ro\/complexul-btt-din-campulung-moldovenesc\/38737\/\" title=\"Trimite pe Email\" class=\"email tooltip-top\">Trimite pe Email<\/a><\/div>\n<\/div>\n<div>\n<div><strong><a href=\"https:\/\/www.svnews.ro\/ecdl-in-bibliotecile-publice-din-suceava\/38733\/\" rel=\"prev\">ECDL \u00een bibliotecile publice din Suceava<\/a><\/strong><\/div>\n<div><strong><a href=\"https:\/\/www.svnews.ro\/cinci-persoane-ranite-dupa-coliziunea-dintre-un-autoturism-si-o-camioneta\/38780\/\" rel=\"next\">Cinci persoane r\u0103nite dup\u0103 coliziunea dintre un autoturism \u0219i o camionet\u0103<\/a><\/strong><\/div>\n<\/div>\n<p><span><span><a href=\"https:\/\/plus.google.com\/114118714655107976080?rel=author\">Suceava News Online<\/a><\/span><\/span><\/p>\n<div id=\"related\" class=\"clearfix\">\n<div id=\"relatednews\">\n<div id=\"relatednewsh2\">Alte \u015ftiri pe aceea\u015fi tem\u0103<\/div>\n<\/div>\n<div class=\"related\">\n<div class=\"relatedpost\"><a href=\"https:\/\/www.svnews.ro\/campulung-moldovenesc-filmare-aeriana\/37965\/\" rel=\"bookmark\" title=\"C\u00e2mpulung Moldovenesc (filmare aerian\u0103)\"><img decoding=\"async\" width=\"150\" height=\"125\" src=\"https:\/\/img.svnews.ro\/foto\/4bb3c0bff76faf60baab71f7b01500125.jpg\" alt loading=\"lazy\"><\/a><\/p>\n<h3><a href=\"https:\/\/www.svnews.ro\/campulung-moldovenesc-filmare-aeriana\/37965\/\" rel=\"bookmark\" title=\"C\u00e2mpulung Moldovenesc (filmare aerian\u0103)\"> C\u00e2mpulung Moldovenesc (filmare aerian\u0103) <\/a><\/h3>\n<\/div>\n<\/div>\n<div class=\"related\">\n<div class=\"relatedpost\"><a href=\"https:\/\/www.svnews.ro\/de-la-gura-humorului-la-campulung-moldovenesc\/37919\/\" rel=\"bookmark\" title=\"De la Gura Humorului la C\u00e2mpulung Moldovenesc\"><img decoding=\"async\" width=\"150\" height=\"125\" src=\"https:\/\/img.svnews.ro\/foto\/96d69a49d5b68d948e617b6b101500125.jpg\" alt loading=\"lazy\"><\/a><\/p>\n<h3><a href=\"https:\/\/www.svnews.ro\/de-la-gura-humorului-la-campulung-moldovenesc\/37919\/\" rel=\"bookmark\" title=\"De la Gura Humorului la C\u00e2mpulung Moldovenesc\"> De la Gura Humorului la C\u00e2mpulung Moldovenesc <\/a><\/h3>\n<\/div>\n<\/div>\n<div class=\"related\">\n<div class=\"relatedpost\"><a href=\"https:\/\/www.svnews.ro\/biserica-romano-catolica-din-cacica-filmare-aeriana\/37412\/\" rel=\"bookmark\" title=\"Biserica romano-catolic\u0103 din Cacica (filmare aerian\u0103)\"><img decoding=\"async\" width=\"150\" height=\"125\" src=\"https:\/\/img.svnews.ro\/foto\/ba6341d1f20758e12308e6b0a01500125.jpg\" alt loading=\"lazy\"><\/a><\/p>\n<h3><a href=\"https:\/\/www.svnews.ro\/biserica-romano-catolica-din-cacica-filmare-aeriana\/37412\/\" rel=\"bookmark\" title=\"Biserica romano-catolic\u0103 din Cacica (filmare aerian\u0103)\"> Biserica romano-catolic\u0103 din Cacica (filmare aerian\u0103) <\/a><\/h3>\n<\/div>\n<\/div>\n<div class=\"related\">\n<div class=\"relatedpost\"><a href=\"https:\/\/www.svnews.ro\/partia-soimul-din-gura-humorului-filmare-aeriana\/37969\/\" rel=\"bookmark\" title=\"P\u00e2rtia \u015eoimul din Gura Humorului (filmare aerian\u0103)\"><img decoding=\"async\" width=\"150\" height=\"125\" src=\"https:\/\/img.svnews.ro\/foto\/df0abdae1ada2b0779001635301500125.jpg\" alt loading=\"lazy\"><\/a><\/p>\n<h3><a href=\"https:\/\/www.svnews.ro\/partia-soimul-din-gura-humorului-filmare-aeriana\/37969\/\" rel=\"bookmark\" title=\"P\u00e2rtia \u015eoimul din Gura Humorului (filmare aerian\u0103)\"> P\u00e2rtia \u015eoimul din Gura Humorului (filmare aerian\u0103) <\/a><\/h3>\n<\/div>\n<\/div>\n<p><\/p>\n<hr>\n<p><\/div>\n<\/article>\n<p> Source URL: https:\/\/www.svnews.ro\/complexul-btt-din-campulung-moldovenesc\/38737\/<\/p>\n","protected":false},"excerpt":{"rendered":"<p>joi, 10 iulie 2014 \u015etiri\u00a0\u2022\u00a0Turism Complexul BTT din C\u00e2mpulung Moldovenesc Complexul BTT din C\u00e2mpulung Moldovenesc a fost construit \u00een anii \u201980, fiind la vremea respectiv\u0103 \u201dperla\u201d zonei. Era dotat cu bazin de \u00eenot olimpic, cu discotec\u0103 de 700 de locuri, pist\u0103 de bowling, saun\u0103, s\u0103li de fitnes, terenuri de sport, lac de agrement \u0219i o [&hellip;]<\/p>\n","protected":false},"author":1,"featured_media":0,"comment_status":"open","ping_status":"","sticky":false,"template":"","format":"standard","meta":{"footnotes":""},"categories":[89],"tags":[175],"class_list":["post-1254226","post","type-post","status-publish","format-standard","hentry","category-romania","tag-svnews-ro"],"_links":{"self":[{"href":"https:\/\/analyse.optim.biz\/index.php?rest_route=\/wp\/v2\/posts\/1254226","targetHints":{"allow":["GET"]}}],"collection":[{"href":"https:\/\/analyse.optim.biz\/index.php?rest_route=\/wp\/v2\/posts"}],"about":[{"href":"https:\/\/analyse.optim.biz\/index.php?rest_route=\/wp\/v2\/types\/post"}],"author":[{"embeddable":true,"href":"https:\/\/analyse.optim.biz\/index.php?rest_route=\/wp\/v2\/users\/1"}],"replies":[{"embeddable":true,"href":"https:\/\/analyse.optim.biz\/index.php?rest_route=%2Fwp%2Fv2%2Fcomments&post=1254226"}],"version-history":[{"count":0,"href":"https:\/\/analyse.optim.biz\/index.php?rest_route=\/wp\/v2\/posts\/1254226\/revisions"}],"wp:attachment":[{"href":"https:\/\/analyse.optim.biz\/index.php?rest_route=%2Fwp%2Fv2%2Fmedia&parent=1254226"}],"wp:term":[{"taxonomy":"category","embeddable":true,"href":"https:\/\/analyse.optim.biz\/index.php?rest_route=%2Fwp%2Fv2%2Fcategories&post=1254226"},{"taxonomy":"post_tag","embeddable":true,"href":"https:\/\/analyse.optim.biz\/index.php?rest_route=%2Fwp%2Fv2%2Ftags&post=1254226"}],"curies":[{"name":"wp","href":"https:\/\/api.w.org\/{rel}","templated":true}]}}