{"id":1254219,"date":"2014-07-22T11:28:11","date_gmt":"2014-07-22T08:28:11","guid":{"rendered":"https:\/\/analyse.optim.biz\/?p=1254219"},"modified":"2014-07-22T11:28:11","modified_gmt":"2014-07-22T08:28:11","slug":"180-de-ani-de-la-infiintarea-satului-solonetu-nou-filmare-aeriana-suceava-news-online","status":"publish","type":"post","link":"https:\/\/analyse.optim.biz\/?p=1254219","title":{"rendered":"180 de ani de la \u00eenfiin\u0163area satului Solone\u021bu Nou (filmare aerian\u0103) | Suceava News Online"},"content":{"rendered":"<article>\n<div id=\"tools\">\n<div id=\"datemeta\">mar\u021bi, 22 iulie 2014<\/div>\n<div id=\"breadcrumb\"><span><a href=\"https:\/\/www.svnews.ro\/\" title=\"Suceava News : \u015etiri din Suceava\" rel=\"home\"><span>\u015etiri<\/span><\/a><\/span>\u00a0\u2022\u00a0<span><a href=\"https:\/\/www.svnews.ro\/cultural\/\" title=\"Vezi toate articolele din Cultural\"><span>Cultural<\/span><\/a><\/span><\/div>\n<\/div>\n<div class=\"post\"><a href=\"https:\/\/www.svnews.ro\/180-de-ani-de-la-infiintarea-satului-solonetu-nou-filmare-aeriana\/39358\/\" rel=\"bookmark\" title=\"180 de ani de la \u00eenfiin\u0163area satului Solone\u021bu Nou (filmare aerian\u0103)\"><\/p>\n<h2>180 de ani de la \u00eenfiin\u0163area satului Solone\u021bu Nou (filmare aerian\u0103)<\/h2>\n<p><\/a><\/p>\n<div class=\"entry\">\n<div class=\"entry_content\">\n<div class=\"video-container\"><iframe loading=\"lazy\" title=\"180 de ani de la \u00eenfiin\u0163area satului Solone\u021bu Nou (filmare aerian\u0103)\" width=\"500\" height=\"311\" src=\"https:\/\/www.youtube.com\/embed\/XYOM687cMIw?feature=oembed\" frameborder allow=\"accelerometer; autoplay; clipboard-write; encrypted-media; gyroscope; picture-in-picture; web-share\" referrerpolicy=\"strict-origin-when-cross-origin\" allowfullscreen><\/iframe><\/div>\n<p>Polonezii din Solone\u0163ul Nou au s\u0103rb\u0103torit s\u00e2mb\u0103t\u0103, 19 iulie 2014, \u00eemplinirea a 180 de ani de la \u00eenfiin\u0163area satului, precum \u015fi \u00eemplinirea a 90 de ani de la \u00eenfiin\u021barea parohiei romano-catolice.<br \/> \u00cembr\u0103ca\u0163i \u00een haine populare, membrii comunit\u0103\u0163ii de polonezi din Solone\u0163u Nou, dar \u015fi oaspe\u0163ii lor \u015fi-au \u00eenceput s\u0103rb\u0103toarea cu o parad\u0103 care a avut loc de la intrarea \u00een sat \u015fi p\u00e2n\u0103 la biserica cu hramul Cobor\u00e2rea Duhului Sf\u00e2nt. Aici, to\u0163i cei prezen\u0163i au asistat la Sf\u00e2nta liturghie solemn\u0103 concelebrat\u0103 de Petru Gherghel, episcopul diecezei de Ia\u0219i asistat de preo\u021bi din decanatul de Bucovina cu parintele decan Iosif P\u0103ule\u021b.<br \/> Printre oaspe\u0163ii care au participat la manifest\u0103rile de s\u00e2mb\u0103t\u0103 s-au num\u0103rat pre\u015fedintele Consiliului Jude\u0163ean Suceava, C\u0103t\u0103lin Nechifor, prefectul Florin Sinescu, reprezentan\u0163i ai Ministerului de externe din Polonia, \u015fi consulul Ambasadei Poloniei \u00een Rom\u00e2nia.<\/p>\n<p><strong><a title=\"Festivit\u0103\u021bi de amploare la \u00eemplinirea a 180 de ani de la \u00eenfiin\u0163area satului Solone\u021bu Nou\" href=\"http:\/\/svnews.ro\/festivitati-de-amploare-la-implinirea-a-180-de-ani-de-la-infiintarea-satului-solonetu-nou\/39078\/\" target=\"_blank\">mai multe informa\u0163ii \u015fi galerie foto eveniment<\/a><\/strong><\/p>\n<p><span class=\"hreview-aggregate\"><span class=\"item\"><span class=\"fn\">180 de ani de la \u00eenfiin\u0163area satului Solone\u021bu Nou (filmare aerian\u0103)<\/span><\/span>, <span class=\"rating\"><span class=\"average\">9.3<\/span> out of <span class=\"best\">10<\/span> based on <span class=\"votes\">4<\/span> ratings <\/span><\/span><\/div>\n<div>\n<div>VN:F [1.9.22_1171]<\/div>\n<div class=\"ratingblock \">\n<div class=\"ratingstars \">\n<div id=\"article_loader_39358\" class=\"ratingloaderarticle\">\n<div class=\"loader arrows \">\n<div class=\"loaderinner\">se actualizeaz\u0103&#8230;<\/div>\n<\/div>\n<\/div>\n<\/div>\n<div class=\"ratingtext \">\n<div id=\"gdr_text_a39358\">Rating: 9.3\/<strong>10<\/strong> (4 votes cast)<\/div>\n<\/div>\n<\/div>\n<\/div>\n<\/div>\n<\/div>\n<p><span>Cultural<\/span><\/p>\n<div id=\"metaboxh\">\n<h5>Etichete<\/h5>\n<div class=\"listtags\"><a href=\"https:\/\/www.svnews.ro\/subiect\/biserica-romano-catolica\/\" rel=\"tag\">Biserica romano-catolic\u0103<\/a><span>,<\/span><a href=\"https:\/\/www.svnews.ro\/subiect\/bucovina\/\" rel=\"tag\">Bucovina<\/a><span>,<\/span><a href=\"https:\/\/www.svnews.ro\/subiect\/cacica\/\" rel=\"tag\">Cacica<\/a><span>,<\/span><a href=\"https:\/\/www.svnews.ro\/subiect\/casa-polona\/\" rel=\"tag\">Casa Polona<\/a><span>,<\/span><a href=\"https:\/\/www.svnews.ro\/subiect\/coborarea-duhului-sfant\/\" rel=\"tag\">Cobor\u00e2rea Duhului Sf\u00e2nt<\/a><span>,<\/span><a href=\"https:\/\/www.svnews.ro\/subiect\/drona\/\" rel=\"tag\">drona<\/a><span>,<\/span><a href=\"https:\/\/www.svnews.ro\/subiect\/filmare-aeriana\/\" rel=\"tag\">filmare aeriana<\/a><span>,<\/span><a href=\"https:\/\/www.svnews.ro\/subiect\/filmare-cu-drona\/\" rel=\"tag\">filmare cu drona<\/a><span>,<\/span><a href=\"https:\/\/www.svnews.ro\/subiect\/gopro\/\" rel=\"tag\">GoPro<\/a><span>,<\/span><a href=\"https:\/\/www.svnews.ro\/subiect\/polonia\/\" rel=\"tag\">Polonia<\/a><span>,<\/span><a href=\"https:\/\/www.svnews.ro\/subiect\/romania\/\" rel=\"tag\">Rom\u00e2nia<\/a><span>,<\/span><a href=\"https:\/\/www.svnews.ro\/subiect\/solonetu-nou\/\" rel=\"tag\">Solonetu Nou<\/a><span>,<\/span><a href=\"https:\/\/www.svnews.ro\/subiect\/suceava\/\" rel=\"tag\">Suceava<\/a><\/div>\n<\/div>\n<div class=\"socialsharewrapper\">\n<div class=\"socialshare\"><a target=\"_blank\" href=\"https:\/\/www.facebook.com\/sharer.php?u=https:\/\/www.svnews.ro\/180-de-ani-de-la-infiintarea-satului-solonetu-nou-filmare-aeriana\/39358\/\" title=\"Trimite pe Facebook\" class=\"facebook tooltip-top\">Trimite pe Facebook<\/a><a target=\"_blank\" href=\"https:\/\/twitter.com\/intent\/tweet?url=https:\/\/www.svnews.ro\/180-de-ani-de-la-infiintarea-satului-solonetu-nou-filmare-aeriana\/39358\/\" title=\"Trimite pe Twiter\" class=\"twitter tooltip-top\">Trimite pe Twiter<\/a><a target=\"_blank\" href=\"https:\/\/plus.google.com\/share?url=https:\/\/www.svnews.ro\/180-de-ani-de-la-infiintarea-satului-solonetu-nou-filmare-aeriana\/39358\/\" title=\"Trimite pe Google Plus\" class=\"google tooltip-top\">Trimite pe Google Plus<\/a><a target=\"_blank\" href=\"https:\/\/pinterest.com\/pin\/create\/button\/?url=https:\/\/www.svnews.ro\/180-de-ani-de-la-infiintarea-satului-solonetu-nou-filmare-aeriana\/39358\/&amp;media=https:\/\/img.svnews.ro\/foto\/29eff1881d7656645f1bf5521.jpg&amp;description=180%20de%20ani%20de%20la%20%C3%AEnfiin%C5%A3area%20satului%20Solone%C8%9Bu%20Nou%20%28filmare%20aerian%C4%83%29\" title=\"Pin pe poz\u0103\" class=\"pinterest tooltip-top\">Pin pe poz\u0103<\/a><a href=\"mailto:?subject=180%20de%20ani%20de%20la%20%C3%AEnfiin%C5%A3area%20satului%20Solone%C8%9Bu%20Nou%20%28filmare%20aerian%C4%83%29&amp;body='180%20de%20ani%20de%20la%20?nfiin?area%20satului%20Solone?u%20Nou%20(filmare%20aerian?)':%0D%0Ahttps:\/\/www.svnews.ro\/180-de-ani-de-la-infiintarea-satului-solonetu-nou-filmare-aeriana\/39358\/\" title=\"Trimite pe Email\" class=\"email tooltip-top\">Trimite pe Email<\/a><\/div>\n<\/div>\n<div>\n<div><strong><a href=\"https:\/\/www.svnews.ro\/sindicalistii-din-invatamantul-preuniversitar-vor-sa-se-intalneasca-cu-ministrul-finantelor\/39356\/\" rel=\"prev\">Sindicali\u0219tii din \u00eenv\u0103\u021b\u0103m\u00e2ntul preuniversitar vor s\u0103 se \u00eent\u00e2lneasc\u0103 cu ministrul finan\u021belor<\/a><\/strong><\/div>\n<div><strong><a href=\"https:\/\/www.svnews.ro\/satul-lupcina-lovit-de-tornada\/39362\/\" rel=\"next\">Satul Lupcina lovit de tornad\u0103<\/a><\/strong><\/div>\n<\/div>\n<p><span><span><a href=\"https:\/\/plus.google.com\/114118714655107976080?rel=author\">Suceava News Online<\/a><\/span><\/span><\/p>\n<div id=\"related\" class=\"clearfix\">\n<div id=\"relatednews\">\n<div id=\"relatednewsh2\">Alte \u015ftiri pe aceea\u015fi tem\u0103<\/div>\n<\/div>\n<div class=\"related\">\n<div class=\"relatedpost\"><a href=\"https:\/\/www.svnews.ro\/biserica-romano-catolica-din-cacica-filmare-aeriana\/37412\/\" rel=\"bookmark\" title=\"Biserica romano-catolic\u0103 din Cacica (filmare aerian\u0103)\"><img decoding=\"async\" width=\"150\" height=\"125\" src=\"https:\/\/img.svnews.ro\/foto\/ba6341d1f20758e12308e6b0a01500125.jpg\" alt loading=\"lazy\"><\/a><\/p>\n<h3><a href=\"https:\/\/www.svnews.ro\/biserica-romano-catolica-din-cacica-filmare-aeriana\/37412\/\" rel=\"bookmark\" title=\"Biserica romano-catolic\u0103 din Cacica (filmare aerian\u0103)\"> Biserica romano-catolic\u0103 din Cacica (filmare aerian\u0103) <\/a><\/h3>\n<\/div>\n<\/div>\n<div class=\"related\">\n<div class=\"relatedpost\"><a href=\"https:\/\/www.svnews.ro\/festivitati-de-amploare-la-implinirea-a-180-de-ani-de-la-infiintarea-satului-solonetu-nou\/39078\/\" rel=\"bookmark\" title=\"Festivit\u0103\u021bi de amploare la \u00eemplinirea a 180 de ani de la \u00eenfiin\u0163area satului Solone\u021bu Nou\"><img decoding=\"async\" width=\"150\" height=\"125\" src=\"https:\/\/img.svnews.ro\/foto\/2014\/07\/19\/39078\/271717a673bd9abebd062e04c01500125.jpg\" alt loading=\"lazy\"><\/a><\/p>\n<h3><a href=\"https:\/\/www.svnews.ro\/festivitati-de-amploare-la-implinirea-a-180-de-ani-de-la-infiintarea-satului-solonetu-nou\/39078\/\" rel=\"bookmark\" title=\"Festivit\u0103\u021bi de amploare la \u00eemplinirea a 180 de ani de la \u00eenfiin\u0163area satului Solone\u021bu Nou\"> Festivit\u0103\u021bi de amploare la \u00eemplinirea a 180 de ani de la&#8230; <\/a><\/h3>\n<\/div>\n<\/div>\n<div class=\"related\">\n<div class=\"relatedpost\"><a href=\"https:\/\/www.svnews.ro\/pasul-mestecanis-filmare-aeriana\/37968\/\" rel=\"bookmark\" title=\"Pasul Mestec\u0103ni\u015f (filmare aerian\u0103)\"><img decoding=\"async\" width=\"150\" height=\"125\" src=\"https:\/\/img.svnews.ro\/foto\/81293c096118e8b024859e2b901500125.jpg\" alt loading=\"lazy\"><\/a><\/p>\n<h3><a href=\"https:\/\/www.svnews.ro\/pasul-mestecanis-filmare-aeriana\/37968\/\" rel=\"bookmark\" title=\"Pasul Mestec\u0103ni\u015f (filmare aerian\u0103)\"> Pasul Mestec\u0103ni\u015f (filmare aerian\u0103) <\/a><\/h3>\n<\/div>\n<\/div>\n<div class=\"related\">\n<div class=\"relatedpost\"><a href=\"https:\/\/www.svnews.ro\/manastirea-hagigadar-filmare-aeriana\/38289\/\" rel=\"bookmark\" title=\"M\u0103n\u0103stirea Hagigadar (filmare aerian\u0103)\"><img decoding=\"async\" width=\"150\" height=\"125\" src=\"https:\/\/img.svnews.ro\/foto\/432f5f919d53b6afecd0f96af01500125.jpg\" alt loading=\"lazy\"><\/a><\/p>\n<h3><a href=\"https:\/\/www.svnews.ro\/manastirea-hagigadar-filmare-aeriana\/38289\/\" rel=\"bookmark\" title=\"M\u0103n\u0103stirea Hagigadar (filmare aerian\u0103)\"> M\u0103n\u0103stirea Hagigadar (filmare aerian\u0103) <\/a><\/h3>\n<\/div>\n<\/div>\n<p><\/p>\n<hr>\n<p><\/div>\n<\/article>\n<p> Source URL: https:\/\/www.svnews.ro\/180-de-ani-de-la-infiintarea-satului-solonetu-nou-filmare-aeriana\/39358\/<\/p>\n","protected":false},"excerpt":{"rendered":"<p>mar\u021bi, 22 iulie 2014 \u015etiri\u00a0\u2022\u00a0Cultural 180 de ani de la \u00eenfiin\u0163area satului Solone\u021bu Nou (filmare aerian\u0103) Polonezii din Solone\u0163ul Nou au s\u0103rb\u0103torit s\u00e2mb\u0103t\u0103, 19 iulie 2014, \u00eemplinirea a 180 de ani de la \u00eenfiin\u0163area satului, precum \u015fi \u00eemplinirea a 90 de ani de la \u00eenfiin\u021barea parohiei romano-catolice. \u00cembr\u0103ca\u0163i \u00een haine populare, membrii comunit\u0103\u0163ii de polonezi [&hellip;]<\/p>\n","protected":false},"author":1,"featured_media":0,"comment_status":"open","ping_status":"","sticky":false,"template":"","format":"standard","meta":{"footnotes":""},"categories":[89],"tags":[175],"class_list":["post-1254219","post","type-post","status-publish","format-standard","hentry","category-romania","tag-svnews-ro"],"_links":{"self":[{"href":"https:\/\/analyse.optim.biz\/index.php?rest_route=\/wp\/v2\/posts\/1254219","targetHints":{"allow":["GET"]}}],"collection":[{"href":"https:\/\/analyse.optim.biz\/index.php?rest_route=\/wp\/v2\/posts"}],"about":[{"href":"https:\/\/analyse.optim.biz\/index.php?rest_route=\/wp\/v2\/types\/post"}],"author":[{"embeddable":true,"href":"https:\/\/analyse.optim.biz\/index.php?rest_route=\/wp\/v2\/users\/1"}],"replies":[{"embeddable":true,"href":"https:\/\/analyse.optim.biz\/index.php?rest_route=%2Fwp%2Fv2%2Fcomments&post=1254219"}],"version-history":[{"count":0,"href":"https:\/\/analyse.optim.biz\/index.php?rest_route=\/wp\/v2\/posts\/1254219\/revisions"}],"wp:attachment":[{"href":"https:\/\/analyse.optim.biz\/index.php?rest_route=%2Fwp%2Fv2%2Fmedia&parent=1254219"}],"wp:term":[{"taxonomy":"category","embeddable":true,"href":"https:\/\/analyse.optim.biz\/index.php?rest_route=%2Fwp%2Fv2%2Fcategories&post=1254219"},{"taxonomy":"post_tag","embeddable":true,"href":"https:\/\/analyse.optim.biz\/index.php?rest_route=%2Fwp%2Fv2%2Ftags&post=1254219"}],"curies":[{"name":"wp","href":"https:\/\/api.w.org\/{rel}","templated":true}]}}