{"id":1254213,"date":"2014-07-23T01:44:19","date_gmt":"2014-07-22T22:44:19","guid":{"rendered":"https:\/\/analyse.optim.biz\/?p=1254213"},"modified":"2014-07-23T01:44:19","modified_gmt":"2014-07-22T22:44:19","slug":"zilele-municipiului-falticeni-filmare-aeriana-suceava-news-online","status":"publish","type":"post","link":"https:\/\/analyse.optim.biz\/?p=1254213","title":{"rendered":"Zilele Municipiului F\u0103lticeni (filmare aerian\u0103) | Suceava News Online"},"content":{"rendered":"<article>\n<div id=\"tools\">\n<div id=\"datemeta\">miercuri, 23 iulie 2014<\/div>\n<div id=\"breadcrumb\"><span><a href=\"https:\/\/www.svnews.ro\/\" title=\"Suceava News : \u015etiri din Suceava\" rel=\"home\"><span>\u015etiri<\/span><\/a><\/span>\u00a0\u2022\u00a0<span><a href=\"https:\/\/www.svnews.ro\/timp-liber\/\" title=\"Vezi toate articolele din Timp liber\"><span>Timp liber<\/span><\/a><\/span><\/div>\n<\/div>\n<div class=\"post\"><a href=\"https:\/\/www.svnews.ro\/zilele-municipiului-falticeni-filmare-aeriana\/39409\/\" rel=\"bookmark\" title=\"Zilele Municipiului F\u0103lticeni (filmare aerian\u0103)\"><\/p>\n<h2>Zilele Municipiului F\u0103lticeni (filmare aerian\u0103)<\/h2>\n<p><\/a><\/p>\n<div class=\"entry\">\n<div class=\"entry_content\">\n<div class=\"video-container\"><iframe loading=\"lazy\" title=\"Zilele Municipiului F\u0103lticeni (filmare aerian\u0103)\" width=\"500\" height=\"311\" src=\"https:\/\/www.youtube.com\/embed\/g2kf8HmvEdk?feature=oembed\" frameborder allow=\"accelerometer; autoplay; clipboard-write; encrypted-media; gyroscope; picture-in-picture; web-share\" referrerpolicy=\"strict-origin-when-cross-origin\" allowfullscreen><\/iframe><\/div>\n<p>Programul \u201eZilele Municipiului F\u0103lticeni\u201d, edi\u0163ia 2014, a ajuns la final. \u00cen perioada 17-20 iulie 2014, \u00een F\u0103lticeni s-au desf\u0103\u015furat evenimente cultural \u2013 artistice, sportive, religioase, destinate publicului larg, cu impact asupra unui num\u0103r impresionant de persoane care au vizitat ora\u015ful cu prilejul hramului de Sf\u00e2ntul Ilie.<br \/> Pia\u0163a \u201eNada Florilor\u201d a g\u0103zduit spectacole folclorice, recitalurile unor tinere talente locale dar \u015fi recitalurile arti\u015ftilor consacra\u0163i: Corina, Ana Lesko, Anda Adam, trupele Daggu Project (Germania) \u015fi AURA.<\/p>\n<p><span class=\"hreview-aggregate\"><span class=\"item\"><span class=\"fn\">Zilele Municipiului F\u0103lticeni (filmare aerian\u0103)<\/span><\/span>, <span class=\"rating\"><span class=\"average\">10.0<\/span> out of <span class=\"best\">10<\/span> based on <span class=\"votes\">3<\/span> ratings <\/span><\/span><\/div>\n<div>\n<div>VN:F [1.9.22_1171]<\/div>\n<div class=\"ratingblock \">\n<div class=\"ratingstars \">\n<div id=\"article_loader_39409\" class=\"ratingloaderarticle\">\n<div class=\"loader arrows \">\n<div class=\"loaderinner\">se actualizeaz\u0103&#8230;<\/div>\n<\/div>\n<\/div>\n<\/div>\n<div class=\"ratingtext \">\n<div id=\"gdr_text_a39409\">Rating: 10.0\/<strong>10<\/strong> (3 votes cast)<\/div>\n<\/div>\n<\/div>\n<\/div>\n<\/div>\n<\/div>\n<p><span>Timp liber<\/span><\/p>\n<div id=\"metaboxh\">\n<h5>Etichete<\/h5>\n<div class=\"listtags\"><a href=\"https:\/\/www.svnews.ro\/subiect\/drona\/\" rel=\"tag\">drona<\/a><span>,<\/span><a href=\"https:\/\/www.svnews.ro\/subiect\/falticeni\/\" rel=\"tag\">Falticeni<\/a><span>,<\/span><a href=\"https:\/\/www.svnews.ro\/subiect\/filmare-aeriana\/\" rel=\"tag\">filmare aeriana<\/a><span>,<\/span><a href=\"https:\/\/www.svnews.ro\/subiect\/filmare-cu-drona\/\" rel=\"tag\">filmare cu drona<\/a><span>,<\/span><a href=\"https:\/\/www.svnews.ro\/subiect\/gopro\/\" rel=\"tag\">GoPro<\/a><span>,<\/span><a href=\"https:\/\/www.svnews.ro\/subiect\/romania\/\" rel=\"tag\">Rom\u00e2nia<\/a><span>,<\/span><a href=\"https:\/\/www.svnews.ro\/subiect\/suceava\/\" rel=\"tag\">Suceava<\/a><span>,<\/span><a href=\"https:\/\/www.svnews.ro\/subiect\/zilele-orasului-falticeni\/\" rel=\"tag\">Zilele Orasului Falticeni<\/a><\/div>\n<\/div>\n<div class=\"socialsharewrapper\">\n<div class=\"socialshare\"><a target=\"_blank\" href=\"https:\/\/www.facebook.com\/sharer.php?u=https:\/\/www.svnews.ro\/zilele-municipiului-falticeni-filmare-aeriana\/39409\/\" title=\"Trimite pe Facebook\" class=\"facebook tooltip-top\">Trimite pe Facebook<\/a><a target=\"_blank\" href=\"https:\/\/twitter.com\/intent\/tweet?url=https:\/\/www.svnews.ro\/zilele-municipiului-falticeni-filmare-aeriana\/39409\/\" title=\"Trimite pe Twiter\" class=\"twitter tooltip-top\">Trimite pe Twiter<\/a><a target=\"_blank\" href=\"https:\/\/plus.google.com\/share?url=https:\/\/www.svnews.ro\/zilele-municipiului-falticeni-filmare-aeriana\/39409\/\" title=\"Trimite pe Google Plus\" class=\"google tooltip-top\">Trimite pe Google Plus<\/a><a target=\"_blank\" href=\"https:\/\/pinterest.com\/pin\/create\/button\/?url=https:\/\/www.svnews.ro\/zilele-municipiului-falticeni-filmare-aeriana\/39409\/&amp;media=https:\/\/img.svnews.ro\/foto\/6f4d69565d5bf1628abf35979.jpg&amp;description=Zilele%20Municipiului%20F%C4%83lticeni%20%28filmare%20aerian%C4%83%29\" title=\"Pin pe poz\u0103\" class=\"pinterest tooltip-top\">Pin pe poz\u0103<\/a><a href=\"mailto:?subject=Zilele%20Municipiului%20F%C4%83lticeni%20%28filmare%20aerian%C4%83%29&amp;body='Zilele%20Municipiului%20F?lticeni%20(filmare%20aerian?)':%0D%0Ahttps:\/\/www.svnews.ro\/zilele-municipiului-falticeni-filmare-aeriana\/39409\/\" title=\"Trimite pe Email\" class=\"email tooltip-top\">Trimite pe Email<\/a><\/div>\n<\/div>\n<div>\n<div><strong><a href=\"https:\/\/www.svnews.ro\/dom-polski-casa-polona-din-solonetu-nou-filmare-aeriana\/39406\/\" rel=\"prev\">Dom Polski \u2013 Casa Polon\u0103 din Solone\u0163u Nou (filmare aerian\u0103)<\/a><\/strong><\/div>\n<div><strong><a href=\"https:\/\/www.svnews.ro\/doua-milioane-de-semnaturi-pentru-sustinerea-candidatului-aliantei-crestin-liberale-pnl-pdl-la-prezidentiale\/39426\/\" rel=\"next\">Dou\u0103 milioane de semn\u0103turi pentru sus\u0163inerea candidatului Alian\u0163ei Cre\u015ftin Liberale PNL-PDL la preziden\u0163iale<\/a><\/strong><\/div>\n<\/div>\n<p><span><span><a href=\"https:\/\/plus.google.com\/114118714655107976080?rel=author\">Suceava News Online<\/a><\/span><\/span><\/p>\n<div id=\"related\" class=\"clearfix\">\n<div id=\"relatednews\">\n<div id=\"relatednewsh2\">Alte \u015ftiri pe aceea\u015fi tem\u0103<\/div>\n<\/div>\n<div class=\"related\">\n<div class=\"relatedpost\"><a href=\"https:\/\/www.svnews.ro\/biserica-romano-catolica-din-cacica-filmare-aeriana\/37412\/\" rel=\"bookmark\" title=\"Biserica romano-catolic\u0103 din Cacica (filmare aerian\u0103)\"><img decoding=\"async\" width=\"150\" height=\"125\" src=\"https:\/\/img.svnews.ro\/foto\/ba6341d1f20758e12308e6b0a01500125.jpg\" alt loading=\"lazy\"><\/a><\/p>\n<h3><a href=\"https:\/\/www.svnews.ro\/biserica-romano-catolica-din-cacica-filmare-aeriana\/37412\/\" rel=\"bookmark\" title=\"Biserica romano-catolic\u0103 din Cacica (filmare aerian\u0103)\"> Biserica romano-catolic\u0103 din Cacica (filmare aerian\u0103) <\/a><\/h3>\n<\/div>\n<\/div>\n<div class=\"related\">\n<div class=\"relatedpost\"><a href=\"https:\/\/www.svnews.ro\/pasul-mestecanis-filmare-aeriana\/37968\/\" rel=\"bookmark\" title=\"Pasul Mestec\u0103ni\u015f (filmare aerian\u0103)\"><img decoding=\"async\" width=\"150\" height=\"125\" src=\"https:\/\/img.svnews.ro\/foto\/81293c096118e8b024859e2b901500125.jpg\" alt loading=\"lazy\"><\/a><\/p>\n<h3><a href=\"https:\/\/www.svnews.ro\/pasul-mestecanis-filmare-aeriana\/37968\/\" rel=\"bookmark\" title=\"Pasul Mestec\u0103ni\u015f (filmare aerian\u0103)\"> Pasul Mestec\u0103ni\u015f (filmare aerian\u0103) <\/a><\/h3>\n<\/div>\n<\/div>\n<div class=\"related\">\n<div class=\"relatedpost\"><a href=\"https:\/\/www.svnews.ro\/manastirea-hagigadar-filmare-aeriana\/38289\/\" rel=\"bookmark\" title=\"M\u0103n\u0103stirea Hagigadar (filmare aerian\u0103)\"><img decoding=\"async\" width=\"150\" height=\"125\" src=\"https:\/\/img.svnews.ro\/foto\/432f5f919d53b6afecd0f96af01500125.jpg\" alt loading=\"lazy\"><\/a><\/p>\n<h3><a href=\"https:\/\/www.svnews.ro\/manastirea-hagigadar-filmare-aeriana\/38289\/\" rel=\"bookmark\" title=\"M\u0103n\u0103stirea Hagigadar (filmare aerian\u0103)\"> M\u0103n\u0103stirea Hagigadar (filmare aerian\u0103) <\/a><\/h3>\n<\/div>\n<\/div>\n<div class=\"related\">\n<div class=\"relatedpost\"><a href=\"https:\/\/www.svnews.ro\/drumul-spre-varful-rarau-filmare-aeriana\/38313\/\" rel=\"bookmark\" title=\"Drumul spre v\u00e2rful Rar\u0103u (filmare aerian\u0103)\"><img decoding=\"async\" width=\"150\" height=\"125\" src=\"https:\/\/img.svnews.ro\/foto\/615a3db2e8415496b6cc6d12101500125.jpg\" alt loading=\"lazy\"><\/a><\/p>\n<h3><a href=\"https:\/\/www.svnews.ro\/drumul-spre-varful-rarau-filmare-aeriana\/38313\/\" rel=\"bookmark\" title=\"Drumul spre v\u00e2rful Rar\u0103u (filmare aerian\u0103)\"> Drumul spre v\u00e2rful Rar\u0103u (filmare aerian\u0103) <\/a><\/h3>\n<\/div>\n<\/div>\n<p><\/p>\n<hr>\n<p><\/div>\n<\/article>\n<p> Source URL: https:\/\/www.svnews.ro\/zilele-municipiului-falticeni-filmare-aeriana\/39409\/<\/p>\n","protected":false},"excerpt":{"rendered":"<p>miercuri, 23 iulie 2014 \u015etiri\u00a0\u2022\u00a0Timp liber Zilele Municipiului F\u0103lticeni (filmare aerian\u0103) Programul \u201eZilele Municipiului F\u0103lticeni\u201d, edi\u0163ia 2014, a ajuns la final. \u00cen perioada 17-20 iulie 2014, \u00een F\u0103lticeni s-au desf\u0103\u015furat evenimente cultural \u2013 artistice, sportive, religioase, destinate publicului larg, cu impact asupra unui num\u0103r impresionant de persoane care au vizitat ora\u015ful cu prilejul hramului de [&hellip;]<\/p>\n","protected":false},"author":1,"featured_media":0,"comment_status":"open","ping_status":"","sticky":false,"template":"","format":"standard","meta":{"footnotes":""},"categories":[89],"tags":[175],"class_list":["post-1254213","post","type-post","status-publish","format-standard","hentry","category-romania","tag-svnews-ro"],"_links":{"self":[{"href":"https:\/\/analyse.optim.biz\/index.php?rest_route=\/wp\/v2\/posts\/1254213","targetHints":{"allow":["GET"]}}],"collection":[{"href":"https:\/\/analyse.optim.biz\/index.php?rest_route=\/wp\/v2\/posts"}],"about":[{"href":"https:\/\/analyse.optim.biz\/index.php?rest_route=\/wp\/v2\/types\/post"}],"author":[{"embeddable":true,"href":"https:\/\/analyse.optim.biz\/index.php?rest_route=\/wp\/v2\/users\/1"}],"replies":[{"embeddable":true,"href":"https:\/\/analyse.optim.biz\/index.php?rest_route=%2Fwp%2Fv2%2Fcomments&post=1254213"}],"version-history":[{"count":0,"href":"https:\/\/analyse.optim.biz\/index.php?rest_route=\/wp\/v2\/posts\/1254213\/revisions"}],"wp:attachment":[{"href":"https:\/\/analyse.optim.biz\/index.php?rest_route=%2Fwp%2Fv2%2Fmedia&parent=1254213"}],"wp:term":[{"taxonomy":"category","embeddable":true,"href":"https:\/\/analyse.optim.biz\/index.php?rest_route=%2Fwp%2Fv2%2Fcategories&post=1254213"},{"taxonomy":"post_tag","embeddable":true,"href":"https:\/\/analyse.optim.biz\/index.php?rest_route=%2Fwp%2Fv2%2Ftags&post=1254213"}],"curies":[{"name":"wp","href":"https:\/\/api.w.org\/{rel}","templated":true}]}}