{"id":1254079,"date":"2014-09-02T10:50:41","date_gmt":"2014-09-02T07:50:41","guid":{"rendered":"https:\/\/analyse.optim.biz\/?p=1254079"},"modified":"2014-09-02T10:50:41","modified_gmt":"2014-09-02T07:50:41","slug":"acrobatii-aeriene-spectaculoase-la-suceava-air-show-2014-suceava-news-online","status":"publish","type":"post","link":"https:\/\/analyse.optim.biz\/?p=1254079","title":{"rendered":"Acroba\u0163ii aeriene spectaculoase la Suceava Air Show 2014 | Suceava News Online"},"content":{"rendered":"<article>\n<div id=\"tools\">\n<div id=\"datemeta\">mar\u021bi, 2 septembrie 2014<\/div>\n<div id=\"breadcrumb\"><span><a href=\"https:\/\/www.svnews.ro\/\" title=\"Suceava News : \u015etiri din Suceava\" rel=\"home\"><span>\u015etiri<\/span><\/a><\/span>\u00a0\u2022\u00a0<span><a href=\"https:\/\/www.svnews.ro\/timp-liber\/\" title=\"Vezi toate articolele din Timp liber\"><span>Timp liber<\/span><\/a><\/span><\/div>\n<\/div>\n<div class=\"post\"><a href=\"https:\/\/www.svnews.ro\/acrobatii-aeriene-spectaculoase-la-suceava-air-show-2014\/43006\/\" rel=\"bookmark\" title=\"Acroba\u0163ii aeriene spectaculoase la Suceava Air Show 2014\"><\/p>\n<h2>Acroba\u0163ii aeriene spectaculoase la Suceava Air Show 2014<\/h2>\n<p><\/a><\/p>\n<div class=\"entry\">\n<div class=\"entry_content\">\n<div class=\"video-container\"><iframe loading=\"lazy\" title=\"Suceava Air Show 2014 - Spectacol \u015fi adrenalin\u0103\" width=\"500\" height=\"311\" src=\"https:\/\/www.youtube.com\/embed\/fiL8xiExES8?feature=oembed\" frameborder allow=\"accelerometer; autoplay; clipboard-write; encrypted-media; gyroscope; picture-in-picture; web-share\" referrerpolicy=\"strict-origin-when-cross-origin\" allowfullscreen><\/iframe><\/div>\n<ul>\n<li><em><strong>George Rotaru<\/strong><\/em> (<strong><a title=\"Hawks of Romania\" href=\"http:\/\/www.facebook.com\/Hawks.Of.Romania\" target=\"_blank\">Hawks of Romania<\/a><\/strong> \u2013 <a title=\"Aeroclubul Rom\u00e2niei\" href=\"http:\/\/www.aeroclubulromaniei.ro\" target=\"_blank\"><strong>Aeroclubul Rom\u00e2niei<\/strong><\/a>)<\/li>\n<li><em><strong>Dan \u015etef\u0103nescu<\/strong><\/em> (<a title=\"Iac\u0103rii Acroba\u0163i\" href=\"http:\/\/www.yak52.ro\" target=\"_blank\"><strong>Iac\u0103rii Acroba\u0163i<\/strong><\/a>)<\/li>\n<li><em><strong>Ioan Postolache<\/strong><\/em> (<a title=\"Iac\u0103rii Acroba\u0163i\" href=\"http:\/\/www.facebook.com\/IacariiAcrobati\" target=\"_blank\"><strong>Iac\u0103rii Acroba\u0163i<\/strong><\/a>)<\/li>\n<li><em><strong>Lucian Pintea<\/strong><\/em> (<strong>YR-CBR<\/strong>)<\/li>\n<\/ul>\n<p>Galerii FOTO \u015fi VIDEO de la eveniment:<\/p>\n<ul>\n<li><span><a title=\"Show total la \u201dSuceava Airshow 2014\u201d\" href=\"http:\/\/svnews.ro\/show-total-la-suceava-airshow-2014\/42552\/\" target=\"_blank\">Show total la \u201dSuceava Airshow 2014\u201d<\/a><\/span><\/li>\n<li><span><a title=\"Suceava AirShow 2014 v\u0103zut de sus\" href=\"http:\/\/svnews.ro\/suceava-airshow-2014-vazut-de-sus\/42876\/\" target=\"_blank\">Suceava AirShow 2014 v\u0103zut de sus<\/a><\/span><\/li>\n<\/ul>\n<p><span class=\"hreview-aggregate\"><span class=\"item\"><span class=\"fn\">Acroba\u0163ii aeriene spectaculoase la Suceava Air Show 2014<\/span><\/span>, <span class=\"rating\"><span class=\"average\">10.0<\/span> out of <span class=\"best\">10<\/span> based on <span class=\"votes\">4<\/span> ratings <\/span><\/span><\/div>\n<div>\n<div>VN:F [1.9.22_1171]<\/div>\n<div class=\"ratingblock \">\n<div class=\"ratingstars \">\n<div id=\"article_loader_43006\" class=\"ratingloaderarticle\">\n<div class=\"loader arrows \">\n<div class=\"loaderinner\">se actualizeaz\u0103&#8230;<\/div>\n<\/div>\n<\/div>\n<\/div>\n<div class=\"ratingtext \">\n<div id=\"gdr_text_a43006\">Rating: 10.0\/<strong>10<\/strong> (4 votes cast)<\/div>\n<\/div>\n<\/div>\n<\/div>\n<\/div>\n<\/div>\n<p><span>Timp liber<\/span><\/p>\n<div id=\"metaboxh\">\n<h5>Etichete<\/h5>\n<div class=\"listtags\"><a href=\"https:\/\/www.svnews.ro\/subiect\/aeroclubul-romaniei\/\" rel=\"tag\">Aeroclubul Romaniei<\/a><span>,<\/span><a href=\"https:\/\/www.svnews.ro\/subiect\/aeroport-salcea\/\" rel=\"tag\">Aeroport Salcea<\/a><span>,<\/span><a href=\"https:\/\/www.svnews.ro\/subiect\/aeroportul-stefan-cel-mare\/\" rel=\"tag\">Aeroportul Stefan cel Mare<\/a><span>,<\/span><a href=\"https:\/\/www.svnews.ro\/subiect\/aeroportul-suceava\/\" rel=\"tag\">Aeroportul Suceava<\/a><span>,<\/span><a href=\"https:\/\/www.svnews.ro\/subiect\/andrei-serbu\/\" rel=\"tag\">Andrei Serbu<\/a><span>,<\/span><a href=\"https:\/\/www.svnews.ro\/subiect\/cornel-q-marinescu\/\" rel=\"tag\">Cornel Q Marinescu<\/a><span>,<\/span><a href=\"https:\/\/www.svnews.ro\/subiect\/cristian-iorgov\/\" rel=\"tag\">Cristian Iorgov<\/a><span>,<\/span><a href=\"https:\/\/www.svnews.ro\/subiect\/dan-conderman\/\" rel=\"tag\">Dan Conderman<\/a><span>,<\/span><a href=\"https:\/\/www.svnews.ro\/subiect\/dan-stefanescu\/\" rel=\"tag\">Dan \u015etef\u0103nescu<\/a><span>,<\/span><a href=\"https:\/\/www.svnews.ro\/subiect\/deborde-rolland-cobra-202b\/\" rel=\"tag\">Deborde-Rolland Cobra 202B<\/a><span>,<\/span><a href=\"https:\/\/www.svnews.ro\/subiect\/extra-ea-330sc\/\" rel=\"tag\">Extra EA-330SC<\/a><span>,<\/span><a href=\"https:\/\/www.svnews.ro\/subiect\/filmare-aeriana\/\" rel=\"tag\">filmare aeriana<\/a><span>,<\/span><a href=\"https:\/\/www.svnews.ro\/subiect\/george-rotaru\/\" rel=\"tag\">George Rotaru<\/a><span>,<\/span><a href=\"https:\/\/www.svnews.ro\/subiect\/gopro\/\" rel=\"tag\">GoPro<\/a><span>,<\/span><a href=\"https:\/\/www.svnews.ro\/subiect\/hawks-of-romania\/\" rel=\"tag\">Hawks of Romania<\/a><span>,<\/span><a href=\"https:\/\/www.svnews.ro\/subiect\/iacarii-acrobati\/\" rel=\"tag\">Iacarii Acrobati<\/a><span>,<\/span><a href=\"https:\/\/www.svnews.ro\/subiect\/ioan-postolache\/\" rel=\"tag\">Ioan Postolache<\/a><span>,<\/span><a href=\"https:\/\/www.svnews.ro\/subiect\/laszlo-ferencz\/\" rel=\"tag\">Laszlo Ferencz<\/a><span>,<\/span><a href=\"https:\/\/www.svnews.ro\/subiect\/lucian-pintea\/\" rel=\"tag\">Lucian Pintea<\/a><span>,<\/span><a href=\"https:\/\/www.svnews.ro\/subiect\/ly-waa\/\" rel=\"tag\">LY-WAA<\/a><span>,<\/span><a href=\"https:\/\/www.svnews.ro\/subiect\/ly-waw\/\" rel=\"tag\">LY-WAW<\/a><span>,<\/span><a href=\"https:\/\/www.svnews.ro\/subiect\/n185yk\/\" rel=\"tag\">N185YK<\/a><span>,<\/span><a href=\"https:\/\/www.svnews.ro\/subiect\/romania\/\" rel=\"tag\">Rom\u00e2nia<\/a><span>,<\/span><a href=\"https:\/\/www.svnews.ro\/subiect\/suceava\/\" rel=\"tag\">Suceava<\/a><span>,<\/span><a href=\"https:\/\/www.svnews.ro\/subiect\/suceava-airshow\/\" rel=\"tag\">Suceava AirShow<\/a><span>,<\/span><a href=\"https:\/\/www.svnews.ro\/subiect\/yak52-tw\/\" rel=\"tag\">YAK52 TW<\/a><span>,<\/span><a href=\"https:\/\/www.svnews.ro\/subiect\/yr-cbr\/\" rel=\"tag\">YR-CBR<\/a><span>,<\/span><a href=\"https:\/\/www.svnews.ro\/subiect\/yr-exb\/\" rel=\"tag\">YR-EXB<\/a><\/div>\n<\/div>\n<div class=\"socialsharewrapper\">\n<div class=\"socialshare\"><a target=\"_blank\" href=\"https:\/\/www.facebook.com\/sharer.php?u=https:\/\/www.svnews.ro\/acrobatii-aeriene-spectaculoase-la-suceava-air-show-2014\/43006\/\" title=\"Trimite pe Facebook\" class=\"facebook tooltip-top\">Trimite pe Facebook<\/a><a target=\"_blank\" href=\"https:\/\/twitter.com\/intent\/tweet?url=https:\/\/www.svnews.ro\/acrobatii-aeriene-spectaculoase-la-suceava-air-show-2014\/43006\/\" title=\"Trimite pe Twiter\" class=\"twitter tooltip-top\">Trimite pe Twiter<\/a><a target=\"_blank\" href=\"https:\/\/plus.google.com\/share?url=https:\/\/www.svnews.ro\/acrobatii-aeriene-spectaculoase-la-suceava-air-show-2014\/43006\/\" title=\"Trimite pe Google Plus\" class=\"google tooltip-top\">Trimite pe Google Plus<\/a><a target=\"_blank\" href=\"https:\/\/pinterest.com\/pin\/create\/button\/?url=https:\/\/www.svnews.ro\/acrobatii-aeriene-spectaculoase-la-suceava-air-show-2014\/43006\/&amp;media=https:\/\/img.svnews.ro\/foto\/6ebf02252aa54d5777f126f04.jpg&amp;description=Acroba%C5%A3ii%20aeriene%20spectaculoase%20la%20Suceava%20Air%20Show%202014\" title=\"Pin pe poz\u0103\" class=\"pinterest tooltip-top\">Pin pe poz\u0103<\/a><a href=\"mailto:?subject=Acroba%C5%A3ii%20aeriene%20spectaculoase%20la%20Suceava%20Air%20Show%202014&amp;body='Acroba?ii%20aeriene%20spectaculoase%20la%20Suceava%20Air%20Show%202014':%0D%0Ahttps:\/\/www.svnews.ro\/acrobatii-aeriene-spectaculoase-la-suceava-air-show-2014\/43006\/\" title=\"Trimite pe Email\" class=\"email tooltip-top\">Trimite pe Email<\/a><\/div>\n<\/div>\n<div>\n<div><strong><a href=\"https:\/\/www.svnews.ro\/ne-punem-intrebarea-sa-fie-posibila-o-actiune-impotriva-statului-pentru-clauze-abuzive\/43004\/\" rel=\"prev\">Ne punem intrebarea: Sa fie posibila o actiune impotriva statului pentru clauze abuzive?<\/a><\/strong><\/div>\n<div><strong><a href=\"https:\/\/www.svnews.ro\/casa-din-voitinel-afectata-de-un-incendiu-izbucnit-din-cauza-scinteilor-produse-de-un-flex\/43022\/\" rel=\"next\">Cas\u0103 din Voitinel afectat\u0103 de un incendiu izbucnit din cauza sc\u00eenteilor produse de un flex<\/a><\/strong><\/div>\n<\/div>\n<p><span><span><a href=\"https:\/\/plus.google.com\/114118714655107976080?rel=author\">Suceava News Online<\/a><\/span><\/span><\/p>\n<div id=\"related\" class=\"clearfix\">\n<div id=\"relatednews\">\n<div id=\"relatednewsh2\">Alte \u015ftiri pe aceea\u015fi tem\u0103<\/div>\n<\/div>\n<div class=\"related\">\n<div class=\"relatedpost\"><a href=\"https:\/\/www.svnews.ro\/suceava-airshow-2014-vazut-de-sus\/42876\/\" rel=\"bookmark\" title=\"Suceava AirShow 2014 v\u0103zut de sus\"><img decoding=\"async\" width=\"150\" height=\"125\" src=\"https:\/\/img.svnews.ro\/foto\/2014\/09\/01\/42876\/673e0025d6e88a1bcec05a3b101500125.jpg\" alt=\"Iac\u0103rii Acroba\u021bi - Ioan Postolache - YAK52 TW\" loading=\"lazy\"><\/a><\/p>\n<h3><a href=\"https:\/\/www.svnews.ro\/suceava-airshow-2014-vazut-de-sus\/42876\/\" rel=\"bookmark\" title=\"Suceava AirShow 2014 v\u0103zut de sus\"> Suceava AirShow 2014 v\u0103zut de sus <\/a><\/h3>\n<\/div>\n<\/div>\n<div class=\"related\">\n<div class=\"relatedpost\"><a href=\"https:\/\/www.svnews.ro\/campionul-mondial-la-acrobatii-aeriene-vine-la-spectacolul-aviatic-de-la-suceava\/7909\/\" rel=\"bookmark\" title=\"Campionul mondial la acroba\u0163ii aeriene vine la spectacolul aviatic de la Suceava\"><img decoding=\"async\" width=\"150\" height=\"125\" src=\"https:\/\/img.svnews.ro\/foto\/2012\/07\/31\/7909\/bda167ea6c62ad6d5a1ab2a5f01500125.jpg\" alt loading=\"lazy\"><\/a><\/p>\n<h3><a href=\"https:\/\/www.svnews.ro\/campionul-mondial-la-acrobatii-aeriene-vine-la-spectacolul-aviatic-de-la-suceava\/7909\/\" rel=\"bookmark\" title=\"Campionul mondial la acroba\u0163ii aeriene vine la spectacolul aviatic de la Suceava\"> Campionul mondial la acroba\u0163ii aeriene vine la spectacolul aviatic de la&#8230; <\/a><\/h3>\n<\/div>\n<\/div>\n<div class=\"related\">\n<div class=\"relatedpost\"><a href=\"https:\/\/www.svnews.ro\/ponderea-banilor-necesari-pentru-organizarea-mitingului-aviatic-suceava-air-show-atrasa-din-sponsorizari\/42139\/\" rel=\"bookmark\" title=\"Ponderea banilor necesari pentru organizarea mitingului aviatic Suceava Air Show, atras\u0103 din sponsoriz\u0103ri\"><img decoding=\"async\" width=\"150\" height=\"125\" src=\"https:\/\/img.svnews.ro\/foto\/2014\/08\/20\/42139\/17a1a27cf4e6c69cb4fe980a201500125.jpg\" alt loading=\"lazy\"><\/a><\/p>\n<h3><a href=\"https:\/\/www.svnews.ro\/ponderea-banilor-necesari-pentru-organizarea-mitingului-aviatic-suceava-air-show-atrasa-din-sponsorizari\/42139\/\" rel=\"bookmark\" title=\"Ponderea banilor necesari pentru organizarea mitingului aviatic Suceava Air Show, atras\u0103 din sponsoriz\u0103ri\"> Ponderea banilor necesari pentru organizarea mitingului aviatic Suceava Air Show, atras\u0103&#8230; <\/a><\/h3>\n<\/div>\n<\/div>\n<div class=\"related\">\n<div class=\"relatedpost\"><a href=\"https:\/\/www.svnews.ro\/suceava-air-show-2013\/25122\/\" rel=\"bookmark\" title=\"\u201dSuceava Air Show\u201d 2013\"><img decoding=\"async\" width=\"150\" height=\"125\" src=\"https:\/\/img.svnews.ro\/foto\/2931e920e2ff9ecbda270b92201500125.jpg\" alt loading=\"lazy\"><\/a><\/p>\n<h3><a href=\"https:\/\/www.svnews.ro\/suceava-air-show-2013\/25122\/\" rel=\"bookmark\" title=\"\u201dSuceava Air Show\u201d 2013\"> \u201dSuceava Air Show\u201d 2013 <\/a><\/h3>\n<\/div>\n<\/div>\n<p><\/p>\n<hr>\n<p><\/div>\n<\/article>\n<p> Source URL: https:\/\/www.svnews.ro\/acrobatii-aeriene-spectaculoase-la-suceava-air-show-2014\/43006\/<\/p>\n","protected":false},"excerpt":{"rendered":"<p>mar\u021bi, 2 septembrie 2014 \u015etiri\u00a0\u2022\u00a0Timp liber Acroba\u0163ii aeriene spectaculoase la Suceava Air Show 2014 George Rotaru (Hawks of Romania \u2013 Aeroclubul Rom\u00e2niei) Dan \u015etef\u0103nescu (Iac\u0103rii Acroba\u0163i) Ioan Postolache (Iac\u0103rii Acroba\u0163i) Lucian Pintea (YR-CBR) Galerii FOTO \u015fi VIDEO de la eveniment: Show total la \u201dSuceava Airshow 2014\u201d Suceava AirShow 2014 v\u0103zut de sus Acroba\u0163ii aeriene spectaculoase [&hellip;]<\/p>\n","protected":false},"author":1,"featured_media":0,"comment_status":"open","ping_status":"","sticky":false,"template":"","format":"standard","meta":{"footnotes":""},"categories":[89],"tags":[175],"class_list":["post-1254079","post","type-post","status-publish","format-standard","hentry","category-romania","tag-svnews-ro"],"_links":{"self":[{"href":"https:\/\/analyse.optim.biz\/index.php?rest_route=\/wp\/v2\/posts\/1254079","targetHints":{"allow":["GET"]}}],"collection":[{"href":"https:\/\/analyse.optim.biz\/index.php?rest_route=\/wp\/v2\/posts"}],"about":[{"href":"https:\/\/analyse.optim.biz\/index.php?rest_route=\/wp\/v2\/types\/post"}],"author":[{"embeddable":true,"href":"https:\/\/analyse.optim.biz\/index.php?rest_route=\/wp\/v2\/users\/1"}],"replies":[{"embeddable":true,"href":"https:\/\/analyse.optim.biz\/index.php?rest_route=%2Fwp%2Fv2%2Fcomments&post=1254079"}],"version-history":[{"count":0,"href":"https:\/\/analyse.optim.biz\/index.php?rest_route=\/wp\/v2\/posts\/1254079\/revisions"}],"wp:attachment":[{"href":"https:\/\/analyse.optim.biz\/index.php?rest_route=%2Fwp%2Fv2%2Fmedia&parent=1254079"}],"wp:term":[{"taxonomy":"category","embeddable":true,"href":"https:\/\/analyse.optim.biz\/index.php?rest_route=%2Fwp%2Fv2%2Fcategories&post=1254079"},{"taxonomy":"post_tag","embeddable":true,"href":"https:\/\/analyse.optim.biz\/index.php?rest_route=%2Fwp%2Fv2%2Ftags&post=1254079"}],"curies":[{"name":"wp","href":"https:\/\/api.w.org\/{rel}","templated":true}]}}