{"id":1254074,"date":"2014-10-13T12:52:24","date_gmt":"2014-10-13T09:52:24","guid":{"rendered":"https:\/\/analyse.optim.biz\/?p=1254074"},"modified":"2014-10-13T12:52:24","modified_gmt":"2014-10-13T09:52:24","slug":"descoperire-arheologica-la-baia-suceava-news-online","status":"publish","type":"post","link":"https:\/\/analyse.optim.biz\/?p=1254074","title":{"rendered":"Descoperire arheologic\u0103 la Baia | Suceava News Online"},"content":{"rendered":"<article>\n<div id=\"tools\">\n<div id=\"datemeta\">luni, 13 octombrie 2014<\/div>\n<div id=\"breadcrumb\"><span><a href=\"https:\/\/www.svnews.ro\/\" title=\"Suceava News : \u015etiri din Suceava\" rel=\"home\"><span>\u015etiri<\/span><\/a><\/span>\u00a0\u2022\u00a0<span><a href=\"https:\/\/www.svnews.ro\/cultural\/\" title=\"Vezi toate articolele din Cultural\"><span>Cultural<\/span><\/a><\/span><\/div>\n<\/div>\n<div class=\"post\"><a href=\"https:\/\/www.svnews.ro\/descoperire-arheologica-la-baia\/45925\/\" rel=\"bookmark\" title=\"Descoperire arheologic\u0103 la Baia\"><\/p>\n<h2>Descoperire arheologic\u0103 la Baia<\/h2>\n<p><\/a><\/p>\n<div class=\"entry\">\n<div class=\"entry_content\">\n<div class=\"video-container\"><iframe loading=\"lazy\" title=\"Descoperire arheologic\u0103 la Baia\" width=\"500\" height=\"311\" src=\"https:\/\/www.youtube.com\/embed\/0jzVacM9WjY?feature=oembed\" frameborder allow=\"accelerometer; autoplay; clipboard-write; encrypted-media; gyroscope; picture-in-picture; web-share\" referrerpolicy=\"strict-origin-when-cross-origin\" allowfullscreen><\/iframe><\/div>\n<p>Arheologii suceveni \u00een colaborare cu colegii lor din Republica Moldova \u015fi Ucraina au f\u0103cut o nou\u0103 descoperire \u00een situl precucuteni I de la Baia. Ace\u015ftia au scos la iveal\u0103 cap\u0103tul locuin\u0163ei descoperit\u0103 \u00een urma s\u0103p\u0103turilor de anul trecut.<br \/> Directorul Muzeului Bucovinei, Emil Ursu, cel care conduce cercet\u0103rile \u00een situl de la Baia a declarat c\u0103 locuin\u0163a dateaz\u0103 din anii 5000 \u00eenainte de Hristos aceasta fiind cea mai mare locuin\u0163\u0103 din Europa pe acest nivel cronologic. El a \u0163inut s\u0103 precizeze c\u0103 descoperirea este una din cele mai importante descoperiri f\u0103cute \u00een ultimii 40 de ani \u00een arealul Precucuteni-Cucuteni- Tripolie adic\u0103 Rom\u00e2nia-Republica Moldova-Ucraina.<\/p>\n<p><span class=\"hreview-aggregate\"><span class=\"item\"><span class=\"fn\">Descoperire arheologic\u0103 la Baia<\/span><\/span>, <span class=\"rating\"><span class=\"average\">10.0<\/span> out of <span class=\"best\">10<\/span> based on <span class=\"votes\">5<\/span> ratings <\/span><\/span><\/div>\n<div>\n<div>VN:F [1.9.22_1171]<\/div>\n<div class=\"ratingblock \">\n<div class=\"ratingstars \">\n<div id=\"article_loader_45925\" class=\"ratingloaderarticle\">\n<div class=\"loader arrows \">\n<div class=\"loaderinner\">se actualizeaz\u0103&#8230;<\/div>\n<\/div>\n<\/div>\n<\/div>\n<div class=\"ratingtext \">\n<div id=\"gdr_text_a45925\">Rating: 10.0\/<strong>10<\/strong> (5 votes cast)<\/div>\n<\/div>\n<\/div>\n<\/div>\n<\/div>\n<\/div>\n<p><span>Cultural<\/span><\/p>\n<div id=\"metaboxh\">\n<h5>Etichete<\/h5>\n<div class=\"listtags\"><a href=\"https:\/\/www.svnews.ro\/subiect\/arealul-precucuteni\/\" rel=\"tag\">arealul Precucuteni<\/a><span>,<\/span><a href=\"https:\/\/www.svnews.ro\/subiect\/arheolog\/\" rel=\"tag\">arheolog<\/a><span>,<\/span><a href=\"https:\/\/www.svnews.ro\/subiect\/baia\/\" rel=\"tag\">Baia<\/a><span>,<\/span><a href=\"https:\/\/www.svnews.ro\/subiect\/complexul-muzeal-bucovina\/\" rel=\"tag\">Complexul Muzeal Bucovina<\/a><span>,<\/span><a href=\"https:\/\/www.svnews.ro\/subiect\/drona\/\" rel=\"tag\">drona<\/a><span>,<\/span><a href=\"https:\/\/www.svnews.ro\/subiect\/emil-ursu\/\" rel=\"tag\">Emil Ursu<\/a><span>,<\/span><a href=\"https:\/\/www.svnews.ro\/subiect\/falticeni\/\" rel=\"tag\">Falticeni<\/a><span>,<\/span><a href=\"https:\/\/www.svnews.ro\/subiect\/filmare-aeriana\/\" rel=\"tag\">filmare aeriana<\/a><span>,<\/span><a href=\"https:\/\/www.svnews.ro\/subiect\/filmare-cu-drona\/\" rel=\"tag\">filmare cu drona<\/a><span>,<\/span><a href=\"https:\/\/www.svnews.ro\/subiect\/gopro\/\" rel=\"tag\">GoPro<\/a><span>,<\/span><a href=\"https:\/\/www.svnews.ro\/subiect\/muzeul-bucovinei\/\" rel=\"tag\">Muzeul Bucovinei<\/a><span>,<\/span><a href=\"https:\/\/www.svnews.ro\/subiect\/muzeul-national-de-istorie\/\" rel=\"tag\">Muzeul National de Istorie<\/a><span>,<\/span><a href=\"https:\/\/www.svnews.ro\/subiect\/romania\/\" rel=\"tag\">Rom\u00e2nia<\/a><span>,<\/span><a href=\"https:\/\/www.svnews.ro\/subiect\/suceava\/\" rel=\"tag\">Suceava<\/a><\/div>\n<\/div>\n<div class=\"socialsharewrapper\">\n<div class=\"socialshare\"><a target=\"_blank\" href=\"https:\/\/www.facebook.com\/sharer.php?u=https:\/\/www.svnews.ro\/descoperire-arheologica-la-baia\/45925\/\" title=\"Trimite pe Facebook\" class=\"facebook tooltip-top\">Trimite pe Facebook<\/a><a target=\"_blank\" href=\"https:\/\/twitter.com\/intent\/tweet?url=https:\/\/www.svnews.ro\/descoperire-arheologica-la-baia\/45925\/\" title=\"Trimite pe Twiter\" class=\"twitter tooltip-top\">Trimite pe Twiter<\/a><a target=\"_blank\" href=\"https:\/\/plus.google.com\/share?url=https:\/\/www.svnews.ro\/descoperire-arheologica-la-baia\/45925\/\" title=\"Trimite pe Google Plus\" class=\"google tooltip-top\">Trimite pe Google Plus<\/a><a target=\"_blank\" href=\"https:\/\/pinterest.com\/pin\/create\/button\/?url=https:\/\/www.svnews.ro\/descoperire-arheologica-la-baia\/45925\/&amp;media=https:\/\/img.svnews.ro\/foto\/dda3f65161bf78ab1fc77a865.jpg&amp;description=Descoperire%20arheologic%C4%83%20la%20Baia\" title=\"Pin pe poz\u0103\" class=\"pinterest tooltip-top\">Pin pe poz\u0103<\/a><a href=\"mailto:?subject=Descoperire%20arheologic%C4%83%20la%20Baia&amp;body='Descoperire%20arheologic?%20la%20Baia':%0D%0Ahttps:\/\/www.svnews.ro\/descoperire-arheologica-la-baia\/45925\/\" title=\"Trimite pe Email\" class=\"email tooltip-top\">Trimite pe Email<\/a><\/div>\n<\/div>\n<div>\n<div><strong><a href=\"https:\/\/www.svnews.ro\/un-sofer-beat-a-intrat-cu-masina-in-sant\/45879\/\" rel=\"prev\">Un \u015fofer beat a intrat cu ma\u015fina \u00een \u015fan\u0163<\/a><\/strong><\/div>\n<div><strong><a href=\"https:\/\/www.svnews.ro\/descoperire-arheologica-unica-in-situl-precucuteni-i-de-la-baia\/45883\/\" rel=\"next\">Descoperire arheologic\u0103 unic\u0103 \u00een situl precucuteni I de la Baia<\/a><\/strong><\/div>\n<\/div>\n<p><span><span><a href=\"https:\/\/plus.google.com\/114118714655107976080?rel=author\">Suceava News Online<\/a><\/span><\/span><\/p>\n<div id=\"related\" class=\"clearfix\">\n<div id=\"relatednews\">\n<div id=\"relatednewsh2\">Alte \u015ftiri pe aceea\u015fi tem\u0103<\/div>\n<\/div>\n<div class=\"related\">\n<div class=\"relatedpost\"><a href=\"https:\/\/www.svnews.ro\/mare-descoperire-arheologica-in-comuna-baia\/26649\/\" rel=\"bookmark\" title=\"Mare descoperire arheologic\u0103 \u00een comuna Baia\"><img decoding=\"async\" width=\"150\" height=\"125\" src=\"https:\/\/img.svnews.ro\/foto\/2013\/10\/07\/26649\/36eecc381c8b173bc1019fe7701500125.jpg\" alt loading=\"lazy\"><\/a><\/p>\n<h3><a href=\"https:\/\/www.svnews.ro\/mare-descoperire-arheologica-in-comuna-baia\/26649\/\" rel=\"bookmark\" title=\"Mare descoperire arheologic\u0103 \u00een comuna Baia\"> Mare descoperire arheologic\u0103 \u00een comuna Baia <\/a><\/h3>\n<\/div>\n<\/div>\n<div class=\"related\">\n<div class=\"relatedpost\"><a href=\"https:\/\/www.svnews.ro\/descoperire-arheologica-de-senzatie-la-baia\/26696\/\" rel=\"bookmark\" title=\"Descoperire arheologic\u0103 de senza\u0163ie la Baia\"><img decoding=\"async\" width=\"150\" height=\"125\" src=\"https:\/\/img.svnews.ro\/foto\/aa4a704b03412cfde0eea0b4101500125.jpg\" alt loading=\"lazy\"><\/a><\/p>\n<h3><a href=\"https:\/\/www.svnews.ro\/descoperire-arheologica-de-senzatie-la-baia\/26696\/\" rel=\"bookmark\" title=\"Descoperire arheologic\u0103 de senza\u0163ie la Baia\"> Descoperire arheologic\u0103 de senza\u0163ie la Baia <\/a><\/h3>\n<\/div>\n<\/div>\n<div class=\"related\">\n<div class=\"relatedpost\"><a href=\"https:\/\/www.svnews.ro\/zilele-municipiului-falticeni-filmare-aeriana\/39409\/\" rel=\"bookmark\" title=\"Zilele Municipiului F\u0103lticeni (filmare aerian\u0103)\"><img decoding=\"async\" width=\"150\" height=\"125\" src=\"https:\/\/img.svnews.ro\/foto\/6f4d69565d5bf1628abf3597901500125.jpg\" alt loading=\"lazy\"><\/a><\/p>\n<h3><a href=\"https:\/\/www.svnews.ro\/zilele-municipiului-falticeni-filmare-aeriana\/39409\/\" rel=\"bookmark\" title=\"Zilele Municipiului F\u0103lticeni (filmare aerian\u0103)\"> Zilele Municipiului F\u0103lticeni (filmare aerian\u0103) <\/a><\/h3>\n<\/div>\n<\/div>\n<div class=\"related\">\n<div class=\"relatedpost\"><a href=\"https:\/\/www.svnews.ro\/dom-polski-casa-polona-din-solonetu-nou-filmare-aeriana\/39406\/\" rel=\"bookmark\" title=\"Dom Polski \u2013 Casa Polon\u0103 din Solone\u0163u Nou (filmare aerian\u0103)\"><img decoding=\"async\" width=\"150\" height=\"125\" src=\"https:\/\/img.svnews.ro\/foto\/1f0d29d35a4c817ad258a647601500125.jpg\" alt loading=\"lazy\"><\/a><\/p>\n<h3><a href=\"https:\/\/www.svnews.ro\/dom-polski-casa-polona-din-solonetu-nou-filmare-aeriana\/39406\/\" rel=\"bookmark\" title=\"Dom Polski \u2013 Casa Polon\u0103 din Solone\u0163u Nou (filmare aerian\u0103)\"> Dom Polski \u2013 Casa Polon\u0103 din Solone\u0163u Nou (filmare aerian\u0103) <\/a><\/h3>\n<\/div>\n<\/div>\n<p><\/p>\n<hr>\n<p><\/div>\n<\/article>\n<p> Source URL: https:\/\/www.svnews.ro\/descoperire-arheologica-la-baia\/45925\/<\/p>\n","protected":false},"excerpt":{"rendered":"<p>luni, 13 octombrie 2014 \u015etiri\u00a0\u2022\u00a0Cultural Descoperire arheologic\u0103 la Baia Arheologii suceveni \u00een colaborare cu colegii lor din Republica Moldova \u015fi Ucraina au f\u0103cut o nou\u0103 descoperire \u00een situl precucuteni I de la Baia. Ace\u015ftia au scos la iveal\u0103 cap\u0103tul locuin\u0163ei descoperit\u0103 \u00een urma s\u0103p\u0103turilor de anul trecut. Directorul Muzeului Bucovinei, Emil Ursu, cel care conduce [&hellip;]<\/p>\n","protected":false},"author":1,"featured_media":0,"comment_status":"open","ping_status":"","sticky":false,"template":"","format":"standard","meta":{"footnotes":""},"categories":[89],"tags":[175],"class_list":["post-1254074","post","type-post","status-publish","format-standard","hentry","category-romania","tag-svnews-ro"],"_links":{"self":[{"href":"https:\/\/analyse.optim.biz\/index.php?rest_route=\/wp\/v2\/posts\/1254074","targetHints":{"allow":["GET"]}}],"collection":[{"href":"https:\/\/analyse.optim.biz\/index.php?rest_route=\/wp\/v2\/posts"}],"about":[{"href":"https:\/\/analyse.optim.biz\/index.php?rest_route=\/wp\/v2\/types\/post"}],"author":[{"embeddable":true,"href":"https:\/\/analyse.optim.biz\/index.php?rest_route=\/wp\/v2\/users\/1"}],"replies":[{"embeddable":true,"href":"https:\/\/analyse.optim.biz\/index.php?rest_route=%2Fwp%2Fv2%2Fcomments&post=1254074"}],"version-history":[{"count":0,"href":"https:\/\/analyse.optim.biz\/index.php?rest_route=\/wp\/v2\/posts\/1254074\/revisions"}],"wp:attachment":[{"href":"https:\/\/analyse.optim.biz\/index.php?rest_route=%2Fwp%2Fv2%2Fmedia&parent=1254074"}],"wp:term":[{"taxonomy":"category","embeddable":true,"href":"https:\/\/analyse.optim.biz\/index.php?rest_route=%2Fwp%2Fv2%2Fcategories&post=1254074"},{"taxonomy":"post_tag","embeddable":true,"href":"https:\/\/analyse.optim.biz\/index.php?rest_route=%2Fwp%2Fv2%2Ftags&post=1254074"}],"curies":[{"name":"wp","href":"https:\/\/api.w.org\/{rel}","templated":true}]}}