{"id":1253898,"date":"2015-04-23T10:30:18","date_gmt":"2015-04-23T07:30:18","guid":{"rendered":"https:\/\/analyse.optim.biz\/?p=1253898"},"modified":"2015-04-23T10:30:18","modified_gmt":"2015-04-23T07:30:18","slug":"aeroportul-stefan-cel-mare-suceava-filmare-aeriana-suceava-news-online","status":"publish","type":"post","link":"https:\/\/analyse.optim.biz\/?p=1253898","title":{"rendered":"Aeroportul \u201c\u015etefan cel Mare\u201d Suceava (filmare aerian\u0103) | Suceava News Online"},"content":{"rendered":"<article>\n<div id=\"tools\">\n<div id=\"datemeta\">joi, 23 aprilie 2015<\/div>\n<div id=\"breadcrumb\"><span><a href=\"https:\/\/www.svnews.ro\/\" title=\"Suceava News : \u015etiri din Suceava\" rel=\"home\"><span>\u015etiri<\/span><\/a><\/span>\u00a0\u2022\u00a0<span><a href=\"https:\/\/www.svnews.ro\/administratie\/\" title=\"Vezi toate articolele din Administra\u0163ie\"><span>Administra\u0163ie<\/span><\/a><\/span><\/div>\n<\/div>\n<div class=\"post\"><a href=\"https:\/\/www.svnews.ro\/aeroportul-stefan-cel-mare-suceava-filmare-aeriana\/54833\/\" rel=\"bookmark\" title=\"Aeroportul \u201c\u015etefan cel Mare\u201d Suceava (filmare aerian\u0103)\"><\/p>\n<h2>Aeroportul \u201c\u015etefan cel Mare\u201d Suceava (filmare aerian\u0103)<\/h2>\n<p><\/a><\/p>\n<div class=\"entry\">\n<div class=\"entry_content\">\n<div class=\"video-container\"><iframe loading=\"lazy\" title=\"Aeroportul \u201c\u015etefan cel Mare\u201d Suceava\" width=\"500\" height=\"311\" src=\"https:\/\/www.youtube.com\/embed\/0afXfJWn86Y?feature=oembed\" frameborder allow=\"accelerometer; autoplay; clipboard-write; encrypted-media; gyroscope; picture-in-picture; web-share\" referrerpolicy=\"strict-origin-when-cross-origin\" allowfullscreen><\/iframe><\/div>\n<p>Investi\u0163ia vizeaz\u0103 m\u0103rirea pistei de decolare\/aterizare la 2.460 de metri lungime, modernizarea c\u0103ilor de rulare \u00een lungime de 120 de metri, modernizarea platformei de \u00eenc\u0103rcare care va avea o lungime de 290 de metri, modernizarea sistemului de balizaj, construirea unui turn de control \u015fi amenajarea terenului \u00een vederea amplas\u0103rii sistemului de naviga\u0163ie aerian\u0103 de tip ILS.<\/p>\n<p><a title=\"Aeroportul Suceava \u00een perioada lucr\u0103rilor de modernizare (fotografie aerian\u0103)\" href=\"https:\/\/www.svnews.ro\/aeroportul-suceava-in-perioada-lucrarilor-de-modernizare-fotografie-aeriana\/54726\/\" target=\"_blank\"><strong>Mai multe informa\u0163ii \u015fi galerie foto<\/strong><\/a><\/p>\n\n<p><span class=\"hreview-aggregate\"><span class=\"item\"><span class=\"fn\">Aeroportul \u201c\u015etefan cel Mare\u201d Suceava (filmare aerian\u0103)<\/span><\/span>, <span class=\"rating\"><span class=\"average\">10.0<\/span> out of <span class=\"best\">10<\/span> based on <span class=\"votes\">4<\/span> ratings <\/span><\/span><\/div>\n<div>\n<div>VN:F [1.9.22_1171]<\/div>\n<div class=\"ratingblock \">\n<div class=\"ratingstars \">\n<div id=\"article_loader_54833\" class=\"ratingloaderarticle\">\n<div class=\"loader arrows \">\n<div class=\"loaderinner\">se actualizeaz\u0103&#8230;<\/div>\n<\/div>\n<\/div>\n<\/div>\n<div class=\"ratingtext \">\n<div id=\"gdr_text_a54833\">Rating: 10.0\/<strong>10<\/strong> (4 votes cast)<\/div>\n<\/div>\n<\/div>\n<\/div>\n<\/div>\n<\/div>\n<p><span>Administra\u0163ie<\/span><\/p>\n<div id=\"metaboxh\">\n<h5>Etichete<\/h5>\n<div class=\"listtags\"><a href=\"https:\/\/www.svnews.ro\/subiect\/aeroport-salcea\/\" rel=\"tag\">Aeroport Salcea<\/a><span>,<\/span><a href=\"https:\/\/www.svnews.ro\/subiect\/aeroportul-stefan-cel-mare\/\" rel=\"tag\">Aeroportul Stefan cel Mare<\/a><span>,<\/span><a href=\"https:\/\/www.svnews.ro\/subiect\/aeroportul-suceava\/\" rel=\"tag\">Aeroportul Suceava<\/a><span>,<\/span><a href=\"https:\/\/www.svnews.ro\/subiect\/drona\/\" rel=\"tag\">drona<\/a><span>,<\/span><a href=\"https:\/\/www.svnews.ro\/subiect\/filmare-aeriana\/\" rel=\"tag\">filmare aeriana<\/a><span>,<\/span><a href=\"https:\/\/www.svnews.ro\/subiect\/filmare-cu-drona\/\" rel=\"tag\">filmare cu drona<\/a><span>,<\/span><a href=\"https:\/\/www.svnews.ro\/subiect\/gopro\/\" rel=\"tag\">GoPro<\/a><span>,<\/span><a href=\"https:\/\/www.svnews.ro\/subiect\/modernizare-aeroport\/\" rel=\"tag\">modernizare aeroport<\/a><span>,<\/span><a href=\"https:\/\/www.svnews.ro\/subiect\/romania\/\" rel=\"tag\">Rom\u00e2nia<\/a><span>,<\/span><a href=\"https:\/\/www.svnews.ro\/subiect\/salcea\/\" rel=\"tag\">Salcea<\/a><span>,<\/span><a href=\"https:\/\/www.svnews.ro\/subiect\/suceava\/\" rel=\"tag\">Suceava<\/a><\/div>\n<\/div>\n<div class=\"socialsharewrapper\">\n<div class=\"socialshare\"><a target=\"_blank\" href=\"https:\/\/www.facebook.com\/sharer.php?u=https:\/\/www.svnews.ro\/aeroportul-stefan-cel-mare-suceava-filmare-aeriana\/54833\/\" title=\"Trimite pe Facebook\" class=\"facebook tooltip-top\">Trimite pe Facebook<\/a><a target=\"_blank\" href=\"https:\/\/twitter.com\/intent\/tweet?url=https:\/\/www.svnews.ro\/aeroportul-stefan-cel-mare-suceava-filmare-aeriana\/54833\/\" title=\"Trimite pe Twiter\" class=\"twitter tooltip-top\">Trimite pe Twiter<\/a><a target=\"_blank\" href=\"https:\/\/plus.google.com\/share?url=https:\/\/www.svnews.ro\/aeroportul-stefan-cel-mare-suceava-filmare-aeriana\/54833\/\" title=\"Trimite pe Google Plus\" class=\"google tooltip-top\">Trimite pe Google Plus<\/a><a target=\"_blank\" href=\"https:\/\/pinterest.com\/pin\/create\/button\/?url=https:\/\/www.svnews.ro\/aeroportul-stefan-cel-mare-suceava-filmare-aeriana\/54833\/&amp;media=https:\/\/img.svnews.ro\/foto\/8be3286f0784e3189827d7836.jpg&amp;description=Aeroportul%20%E2%80%9C%C5%9Etefan%20cel%20Mare%E2%80%9D%20Suceava%20%28filmare%20aerian%C4%83%29\" title=\"Pin pe poz\u0103\" class=\"pinterest tooltip-top\">Pin pe poz\u0103<\/a><a href=\"mailto:?subject=Aeroportul%20%E2%80%9C%C5%9Etefan%20cel%20Mare%E2%80%9D%20Suceava%20%28filmare%20aerian%C4%83%29&amp;body='Aeroportul%20\" title=\"Trimite pe Email\" class=\"email tooltip-top\">Trimite pe Email<\/a><\/div>\n<\/div>\n<div>\n<div><strong><a href=\"https:\/\/www.svnews.ro\/serviciul-de-telecomunicatii-speciale-sts-castiga-un-nou-premiu-european-112\/54015\/\" rel=\"prev\">Serviciul de Telecomunica\u0163ii Speciale (STS) c\u00e2\u015ftig\u0103 un nou premiu european 112<\/a><\/strong><\/div>\n<div><strong><a href=\"https:\/\/www.svnews.ro\/aeroportul-suceava-in-perioada-lucrarilor-de-modernizare-fotografie-aeriana\/54726\/\" rel=\"next\">Aeroportul Suceava \u00een perioada lucr\u0103rilor de modernizare (fotografie aerian\u0103)<\/a><\/strong><\/div>\n<\/div>\n<p><span><span><a href=\"https:\/\/plus.google.com\/114118714655107976080?rel=author\">Suceava News Online<\/a><\/span><\/span><\/p>\n<div id=\"related\" class=\"clearfix\">\n<div id=\"relatednews\">\n<div id=\"relatednewsh2\">Alte \u015ftiri pe aceea\u015fi tem\u0103<\/div>\n<\/div>\n<div class=\"related\">\n<div class=\"relatedpost\"><a href=\"https:\/\/www.svnews.ro\/festivalul-de-arta-medievala-stefan-cel-mare-filmare-aeriana\/47280\/\" rel=\"bookmark\" title=\"Festivalul de Art\u0103 Medieval\u0103 \u201e\u015etefan cel Mare\u201d (filmare aerian\u0103)\"><img decoding=\"async\" width=\"150\" height=\"125\" src=\"https:\/\/img.svnews.ro\/foto\/cbdf9a5c44fe0725efa4dc36701500125.jpg\" alt loading=\"lazy\"><\/a><\/p>\n<h3><a href=\"https:\/\/www.svnews.ro\/festivalul-de-arta-medievala-stefan-cel-mare-filmare-aeriana\/47280\/\" rel=\"bookmark\" title=\"Festivalul de Art\u0103 Medieval\u0103 \u201e\u015etefan cel Mare\u201d (filmare aerian\u0103)\"> Festivalul de Art\u0103 Medieval\u0103 \u201e\u015etefan cel Mare\u201d (filmare aerian\u0103) <\/a><\/h3>\n<\/div>\n<\/div>\n<div class=\"related\">\n<div class=\"relatedpost\"><a href=\"https:\/\/www.svnews.ro\/cartierul-marasesti-suceava-filmare-aeriana\/42152\/\" rel=\"bookmark\" title=\"Cartierul M\u0103r\u0103\u0219e\u0219ti, Suceava (filmare aerian\u0103)\"><img decoding=\"async\" width=\"150\" height=\"125\" src=\"https:\/\/img.svnews.ro\/foto\/d48903061f3f27dd03d582c0301500125.jpg\" alt loading=\"lazy\"><\/a><\/p>\n<h3><a href=\"https:\/\/www.svnews.ro\/cartierul-marasesti-suceava-filmare-aeriana\/42152\/\" rel=\"bookmark\" title=\"Cartierul M\u0103r\u0103\u0219e\u0219ti, Suceava (filmare aerian\u0103)\"> Cartierul M\u0103r\u0103\u0219e\u0219ti, Suceava (filmare aerian\u0103) <\/a><\/h3>\n<\/div>\n<\/div>\n<div class=\"related\">\n<div class=\"relatedpost\"><a href=\"https:\/\/www.svnews.ro\/parada-militara-organizata-de-ziua-nationala-la-suceava-filmare-aeriana\/48561\/\" rel=\"bookmark\" title=\"Parada militar\u0103 organizat\u0103 de Ziua Na\u0163ional\u0103 la Suceava (filmare aerian\u0103)\"><img decoding=\"async\" width=\"150\" height=\"125\" src=\"https:\/\/img.svnews.ro\/foto\/26e3ece71c306a0d38bd171c601500125.jpg\" alt loading=\"lazy\"><\/a><\/p>\n<h3><a href=\"https:\/\/www.svnews.ro\/parada-militara-organizata-de-ziua-nationala-la-suceava-filmare-aeriana\/48561\/\" rel=\"bookmark\" title=\"Parada militar\u0103 organizat\u0103 de Ziua Na\u0163ional\u0103 la Suceava (filmare aerian\u0103)\"> Parada militar\u0103 organizat\u0103 de Ziua Na\u0163ional\u0103 la Suceava (filmare aerian\u0103) <\/a><\/h3>\n<\/div>\n<\/div>\n<div class=\"related\">\n<div class=\"relatedpost\"><a href=\"https:\/\/www.svnews.ro\/biserica-romano-catolica-din-cacica-filmare-aeriana\/37412\/\" rel=\"bookmark\" title=\"Biserica romano-catolic\u0103 din Cacica (filmare aerian\u0103)\"><img decoding=\"async\" width=\"150\" height=\"125\" src=\"https:\/\/img.svnews.ro\/foto\/ba6341d1f20758e12308e6b0a01500125.jpg\" alt loading=\"lazy\"><\/a><\/p>\n<h3><a href=\"https:\/\/www.svnews.ro\/biserica-romano-catolica-din-cacica-filmare-aeriana\/37412\/\" rel=\"bookmark\" title=\"Biserica romano-catolic\u0103 din Cacica (filmare aerian\u0103)\"> Biserica romano-catolic\u0103 din Cacica (filmare aerian\u0103) <\/a><\/h3>\n<\/div>\n<\/div>\n<p><\/p>\n<hr>\n<p><\/div>\n<\/article>\n<p> Source URL: https:\/\/www.svnews.ro\/aeroportul-stefan-cel-mare-suceava-filmare-aeriana\/54833\/<\/p>\n","protected":false},"excerpt":{"rendered":"<p>joi, 23 aprilie 2015 \u015etiri\u00a0\u2022\u00a0Administra\u0163ie Aeroportul \u201c\u015etefan cel Mare\u201d Suceava (filmare aerian\u0103) Investi\u0163ia vizeaz\u0103 m\u0103rirea pistei de decolare\/aterizare la 2.460 de metri lungime, modernizarea c\u0103ilor de rulare \u00een lungime de 120 de metri, modernizarea platformei de \u00eenc\u0103rcare care va avea o lungime de 290 de metri, modernizarea sistemului de balizaj, construirea unui turn de control [&hellip;]<\/p>\n","protected":false},"author":1,"featured_media":0,"comment_status":"open","ping_status":"","sticky":false,"template":"","format":"standard","meta":{"footnotes":""},"categories":[89],"tags":[175],"class_list":["post-1253898","post","type-post","status-publish","format-standard","hentry","category-romania","tag-svnews-ro"],"_links":{"self":[{"href":"https:\/\/analyse.optim.biz\/index.php?rest_route=\/wp\/v2\/posts\/1253898","targetHints":{"allow":["GET"]}}],"collection":[{"href":"https:\/\/analyse.optim.biz\/index.php?rest_route=\/wp\/v2\/posts"}],"about":[{"href":"https:\/\/analyse.optim.biz\/index.php?rest_route=\/wp\/v2\/types\/post"}],"author":[{"embeddable":true,"href":"https:\/\/analyse.optim.biz\/index.php?rest_route=\/wp\/v2\/users\/1"}],"replies":[{"embeddable":true,"href":"https:\/\/analyse.optim.biz\/index.php?rest_route=%2Fwp%2Fv2%2Fcomments&post=1253898"}],"version-history":[{"count":0,"href":"https:\/\/analyse.optim.biz\/index.php?rest_route=\/wp\/v2\/posts\/1253898\/revisions"}],"wp:attachment":[{"href":"https:\/\/analyse.optim.biz\/index.php?rest_route=%2Fwp%2Fv2%2Fmedia&parent=1253898"}],"wp:term":[{"taxonomy":"category","embeddable":true,"href":"https:\/\/analyse.optim.biz\/index.php?rest_route=%2Fwp%2Fv2%2Fcategories&post=1253898"},{"taxonomy":"post_tag","embeddable":true,"href":"https:\/\/analyse.optim.biz\/index.php?rest_route=%2Fwp%2Fv2%2Ftags&post=1253898"}],"curies":[{"name":"wp","href":"https:\/\/api.w.org\/{rel}","templated":true}]}}