{"id":1253793,"date":"2015-06-01T07:33:28","date_gmt":"2015-06-01T04:33:28","guid":{"rendered":"https:\/\/analyse.optim.biz\/?p=1253793"},"modified":"2015-06-01T07:33:28","modified_gmt":"2015-06-01T04:33:28","slug":"1-iunie-in-falticeni-suceava-news-online","status":"publish","type":"post","link":"https:\/\/analyse.optim.biz\/?p=1253793","title":{"rendered":"1 Iunie \u00een F\u0103lticeni | Suceava News Online"},"content":{"rendered":"<article>\n<div id=\"tools\">\n<div id=\"datemeta\">luni, 1 iunie 2015<\/div>\n<div id=\"breadcrumb\"><span><a href=\"https:\/\/www.svnews.ro\/\" title=\"Suceava News : \u015etiri din Suceava\" rel=\"home\"><span>\u015etiri<\/span><\/a><\/span>\u00a0\u2022\u00a0<span><a href=\"https:\/\/www.svnews.ro\/timp-liber\/\" title=\"Vezi toate articolele din Timp liber\"><span>Timp liber<\/span><\/a><\/span><\/div>\n<\/div>\n<div class=\"post\"><a href=\"https:\/\/www.svnews.ro\/1-iunie-in-falticeni\/56227\/\" rel=\"bookmark\" title=\"1 Iunie \u00een F\u0103lticeni\"><\/p>\n<h2>1 Iunie \u00een F\u0103lticeni<\/h2>\n<p><\/a><\/p>\n<div class=\"entry\">\n<div class=\"entry_content\">\n<div class=\"video-container\"><iframe loading=\"lazy\" title=\"1 Iunie \u00een F\u0103lticeni\" width=\"500\" height=\"311\" src=\"https:\/\/www.youtube.com\/embed\/MgKFLKIjcLI?feature=oembed\" frameborder allow=\"accelerometer; autoplay; clipboard-write; encrypted-media; gyroscope; picture-in-picture; web-share\" referrerpolicy=\"strict-origin-when-cross-origin\" allowfullscreen><\/iframe><\/div>\n<p>Spectacole, concursuri \u015fi cadouri pentru copii<\/p>\n<p>Peste 1.000 de copii au fost prezen\u0163i la spectacolul \u2013 concurs \u201eDe 1 Iunie toat\u0103 lumea danseaz\u0103 pe ponton\u201d care a avut loc luni dup\u0103 amiaz\u0103 \u00een Amfiteatrul din Parcul \u201cNada Florilor\u201d.<\/p>\n<p><a title=\"De 1 Iunie, spectacole, concursuri \u015fi cadouri pentru copiii din F\u0103lticeni\" href=\"https:\/\/www.svnews.ro\/de-1-iunie-spectacole-concursuri-si-cadouri-pentru-copiii-din-falticeni\/56148\/\" target=\"_blank\"><strong>Mai multe informa\u0163ii \u015fi galerie foto<\/strong><\/a><\/p>\n<p><span class=\"hreview-aggregate\"><span class=\"item\"><span class=\"fn\">1 Iunie \u00een F\u0103lticeni<\/span><\/span>, <span class=\"rating\"><span class=\"average\">8.7<\/span> out of <span class=\"best\">10<\/span> based on <span class=\"votes\">7<\/span> ratings <\/span><\/span><\/div>\n<div>\n<div>VN:F [1.9.22_1171]<\/div>\n<div class=\"ratingblock \">\n<div class=\"ratingstars \">\n<div id=\"article_loader_56227\" class=\"ratingloaderarticle\">\n<div class=\"loader arrows \">\n<div class=\"loaderinner\">se actualizeaz\u0103&#8230;<\/div>\n<\/div>\n<\/div>\n<\/div>\n<div class=\"ratingtext \">\n<div id=\"gdr_text_a56227\">Rating: 8.7\/<strong>10<\/strong> (7 votes cast)<\/div>\n<\/div>\n<\/div>\n<\/div>\n<\/div>\n<\/div>\n<p><span>Timp liber<\/span><\/p>\n<div id=\"metaboxh\">\n<h5>Etichete<\/h5>\n<div class=\"listtags\"><a href=\"https:\/\/www.svnews.ro\/subiect\/1-iunie\/\" rel=\"tag\">1 iunie<\/a><span>,<\/span><a href=\"https:\/\/www.svnews.ro\/subiect\/amfiteatrul-din-parcul-nada-florilor\/\" rel=\"tag\">Amfiteatrul din Parcul Nada Florilor<\/a><span>,<\/span><a href=\"https:\/\/www.svnews.ro\/subiect\/drona\/\" rel=\"tag\">drona<\/a><span>,<\/span><a href=\"https:\/\/www.svnews.ro\/subiect\/falticeni\/\" rel=\"tag\">Falticeni<\/a><span>,<\/span><a href=\"https:\/\/www.svnews.ro\/subiect\/filmare-aeriana\/\" rel=\"tag\">filmare aeriana<\/a><span>,<\/span><a href=\"https:\/\/www.svnews.ro\/subiect\/filmare-cu-drona\/\" rel=\"tag\">filmare cu drona<\/a><span>,<\/span><a href=\"https:\/\/www.svnews.ro\/subiect\/gopro\/\" rel=\"tag\">GoPro<\/a><span>,<\/span><a href=\"https:\/\/www.svnews.ro\/subiect\/nada-florilor\/\" rel=\"tag\">Nada Florilor<\/a><span>,<\/span><a href=\"https:\/\/www.svnews.ro\/subiect\/parcul-nada-florilor\/\" rel=\"tag\">parcul Nada Florilor<\/a><span>,<\/span><a href=\"https:\/\/www.svnews.ro\/subiect\/romania\/\" rel=\"tag\">Rom\u00e2nia<\/a><span>,<\/span><a href=\"https:\/\/www.svnews.ro\/subiect\/suceava\/\" rel=\"tag\">Suceava<\/a><span>,<\/span><a href=\"https:\/\/www.svnews.ro\/subiect\/ziua-copilului\/\" rel=\"tag\">Ziua Copilului<\/a><\/div>\n<\/div>\n<div class=\"socialsharewrapper\">\n<div class=\"socialshare\"><a target=\"_blank\" href=\"https:\/\/www.facebook.com\/sharer.php?u=https:\/\/www.svnews.ro\/1-iunie-in-falticeni\/56227\/\" title=\"Trimite pe Facebook\" class=\"facebook tooltip-top\">Trimite pe Facebook<\/a><a target=\"_blank\" href=\"https:\/\/twitter.com\/intent\/tweet?url=https:\/\/www.svnews.ro\/1-iunie-in-falticeni\/56227\/\" title=\"Trimite pe Twiter\" class=\"twitter tooltip-top\">Trimite pe Twiter<\/a><a target=\"_blank\" href=\"https:\/\/plus.google.com\/share?url=https:\/\/www.svnews.ro\/1-iunie-in-falticeni\/56227\/\" title=\"Trimite pe Google Plus\" class=\"google tooltip-top\">Trimite pe Google Plus<\/a><a target=\"_blank\" href=\"https:\/\/pinterest.com\/pin\/create\/button\/?url=https:\/\/www.svnews.ro\/1-iunie-in-falticeni\/56227\/&amp;media=https:\/\/img.svnews.ro\/foto\/9b1258713f25e81c5805992f0.jpg&amp;description=1%20Iunie%20%C3%AEn%20F%C4%83lticeni\" title=\"Pin pe poz\u0103\" class=\"pinterest tooltip-top\">Pin pe poz\u0103<\/a><a href=\"mailto:?subject=1%20Iunie%20%C3%AEn%20F%C4%83lticeni&amp;body='1%20Iunie%20?n%20F?lticeni':%0D%0Ahttps:\/\/www.svnews.ro\/1-iunie-in-falticeni\/56227\/\" title=\"Trimite pe Email\" class=\"email tooltip-top\">Trimite pe Email<\/a><\/div>\n<\/div>\n<div>\n<div><strong><a href=\"https:\/\/www.svnews.ro\/de-1-iunie-daruieste-muzica-unui-copil-povestea-micutei-alesiei-intr-o-lume-fara-sunete\/56119\/\" rel=\"prev\">De 1 Iunie, d\u0103ruie\u0219te muzic\u0103 unui copil! Povestea micu\u021bei Alesiei, \u00eentr-o lume f\u0103r\u0103 sunete<\/a><\/strong><\/div>\n<div><strong><a href=\"https:\/\/www.svnews.ro\/de-1-iunie-spectacole-concursuri-si-cadouri-pentru-copiii-din-falticeni\/56148\/\" rel=\"next\">De 1 Iunie, spectacole, concursuri \u015fi cadouri pentru copiii din F\u0103lticeni<\/a><\/strong><\/div>\n<\/div>\n<p><span><span><a href=\"https:\/\/plus.google.com\/114118714655107976080?rel=author\">Suceava News Online<\/a><\/span><\/span><\/p>\n<div id=\"related\" class=\"clearfix\">\n<div id=\"relatednews\">\n<div id=\"relatednewsh2\">Alte \u015ftiri pe aceea\u015fi tem\u0103<\/div>\n<\/div>\n<div class=\"related\">\n<div class=\"relatedpost\"><a href=\"https:\/\/www.svnews.ro\/zilele-municipiului-falticeni-filmare-aeriana\/39409\/\" rel=\"bookmark\" title=\"Zilele Municipiului F\u0103lticeni (filmare aerian\u0103)\"><img decoding=\"async\" width=\"150\" height=\"125\" src=\"https:\/\/img.svnews.ro\/foto\/6f4d69565d5bf1628abf3597901500125.jpg\" alt loading=\"lazy\"><\/a><\/p>\n<h3><a href=\"https:\/\/www.svnews.ro\/zilele-municipiului-falticeni-filmare-aeriana\/39409\/\" rel=\"bookmark\" title=\"Zilele Municipiului F\u0103lticeni (filmare aerian\u0103)\"> Zilele Municipiului F\u0103lticeni (filmare aerian\u0103) <\/a><\/h3>\n<\/div>\n<\/div>\n<div class=\"related\">\n<div class=\"relatedpost\"><a href=\"https:\/\/www.svnews.ro\/municipiul-falticeni-filmare-aeriana\/49363\/\" rel=\"bookmark\" title=\"Municipiul F\u0103lticeni (filmare aerian\u0103)\"><img decoding=\"async\" width=\"150\" height=\"125\" src=\"https:\/\/img.svnews.ro\/foto\/bf0914650be21d4e8509e3e5f01500125.jpg\" alt loading=\"lazy\"><\/a><\/p>\n<h3><a href=\"https:\/\/www.svnews.ro\/municipiul-falticeni-filmare-aeriana\/49363\/\" rel=\"bookmark\" title=\"Municipiul F\u0103lticeni (filmare aerian\u0103)\"> Municipiul F\u0103lticeni (filmare aerian\u0103) <\/a><\/h3>\n<\/div>\n<\/div>\n<div class=\"related\">\n<div class=\"relatedpost\"><a href=\"https:\/\/www.svnews.ro\/descoperire-arheologica-la-baia\/45925\/\" rel=\"bookmark\" title=\"Descoperire arheologic\u0103 la Baia\"><img decoding=\"async\" width=\"150\" height=\"125\" src=\"https:\/\/img.svnews.ro\/foto\/dda3f65161bf78ab1fc77a86501500125.jpg\" alt loading=\"lazy\"><\/a><\/p>\n<h3><a href=\"https:\/\/www.svnews.ro\/descoperire-arheologica-la-baia\/45925\/\" rel=\"bookmark\" title=\"Descoperire arheologic\u0103 la Baia\"> Descoperire arheologic\u0103 la Baia <\/a><\/h3>\n<\/div>\n<\/div>\n<div class=\"related\">\n<div class=\"relatedpost\"><a href=\"https:\/\/www.svnews.ro\/ruinele-catedralei-catolice-din-baia\/46542\/\" rel=\"bookmark\" title=\"Ruinele catedralei catolice din Baia (filmare aerian\u0103)\"><img decoding=\"async\" width=\"150\" height=\"125\" src=\"https:\/\/img.svnews.ro\/foto\/08204a37535fe0956208d092201500125.jpg\" alt loading=\"lazy\"><\/a><\/p>\n<h3><a href=\"https:\/\/www.svnews.ro\/ruinele-catedralei-catolice-din-baia\/46542\/\" rel=\"bookmark\" title=\"Ruinele catedralei catolice din Baia (filmare aerian\u0103)\"> Ruinele catedralei catolice din Baia (filmare aerian\u0103) <\/a><\/h3>\n<\/div>\n<\/div>\n<p><\/p>\n<hr>\n<p><\/div>\n<\/article>\n<p> Source URL: https:\/\/www.svnews.ro\/1-iunie-in-falticeni\/56227\/<\/p>\n","protected":false},"excerpt":{"rendered":"<p>luni, 1 iunie 2015 \u015etiri\u00a0\u2022\u00a0Timp liber 1 Iunie \u00een F\u0103lticeni Spectacole, concursuri \u015fi cadouri pentru copii Peste 1.000 de copii au fost prezen\u0163i la spectacolul \u2013 concurs \u201eDe 1 Iunie toat\u0103 lumea danseaz\u0103 pe ponton\u201d care a avut loc luni dup\u0103 amiaz\u0103 \u00een Amfiteatrul din Parcul \u201cNada Florilor\u201d. Mai multe informa\u0163ii \u015fi galerie foto 1 [&hellip;]<\/p>\n","protected":false},"author":1,"featured_media":0,"comment_status":"open","ping_status":"","sticky":false,"template":"","format":"standard","meta":{"footnotes":""},"categories":[89],"tags":[175],"class_list":["post-1253793","post","type-post","status-publish","format-standard","hentry","category-romania","tag-svnews-ro"],"_links":{"self":[{"href":"https:\/\/analyse.optim.biz\/index.php?rest_route=\/wp\/v2\/posts\/1253793","targetHints":{"allow":["GET"]}}],"collection":[{"href":"https:\/\/analyse.optim.biz\/index.php?rest_route=\/wp\/v2\/posts"}],"about":[{"href":"https:\/\/analyse.optim.biz\/index.php?rest_route=\/wp\/v2\/types\/post"}],"author":[{"embeddable":true,"href":"https:\/\/analyse.optim.biz\/index.php?rest_route=\/wp\/v2\/users\/1"}],"replies":[{"embeddable":true,"href":"https:\/\/analyse.optim.biz\/index.php?rest_route=%2Fwp%2Fv2%2Fcomments&post=1253793"}],"version-history":[{"count":0,"href":"https:\/\/analyse.optim.biz\/index.php?rest_route=\/wp\/v2\/posts\/1253793\/revisions"}],"wp:attachment":[{"href":"https:\/\/analyse.optim.biz\/index.php?rest_route=%2Fwp%2Fv2%2Fmedia&parent=1253793"}],"wp:term":[{"taxonomy":"category","embeddable":true,"href":"https:\/\/analyse.optim.biz\/index.php?rest_route=%2Fwp%2Fv2%2Fcategories&post=1253793"},{"taxonomy":"post_tag","embeddable":true,"href":"https:\/\/analyse.optim.biz\/index.php?rest_route=%2Fwp%2Fv2%2Ftags&post=1253793"}],"curies":[{"name":"wp","href":"https:\/\/api.w.org\/{rel}","templated":true}]}}