{"id":1253780,"date":"2015-08-18T12:33:26","date_gmt":"2015-08-18T09:33:26","guid":{"rendered":"https:\/\/analyse.optim.biz\/?p=1253780"},"modified":"2015-08-18T12:33:26","modified_gmt":"2015-08-18T09:33:26","slug":"a-cazut-cortina-peste-festivalul-medieval-din-cetatea-de-scaun-a-sucevei-suceava-news-online","status":"publish","type":"post","link":"https:\/\/analyse.optim.biz\/?p=1253780","title":{"rendered":"A c\u0103zut cortina peste Festivalul Medieval din Cetatea de Scaun a Sucevei | Suceava News Online"},"content":{"rendered":"<article>\n<div id=\"tools\">\n<div id=\"datemeta\">mar\u021bi, 18 august 2015<\/div>\n<div id=\"breadcrumb\"><span><a href=\"https:\/\/www.svnews.ro\/\" title=\"Suceava News : \u015etiri din Suceava\" rel=\"home\"><span>\u015etiri<\/span><\/a><\/span>\u00a0\u2022\u00a0<span><a href=\"https:\/\/www.svnews.ro\/timp-liber\/\" title=\"Vezi toate articolele din Timp liber\"><span>Timp liber<\/span><\/a><\/span><\/div>\n<\/div>\n<div class=\"post\"><a href=\"https:\/\/www.svnews.ro\/a-cazut-cortina-peste-festivalul-medieval-din-cetatea-de-scaun-a-sucevei\/60061\/\" rel=\"bookmark\" title=\"A c\u0103zut cortina peste Festivalul Medieval din Cetatea de Scaun a Sucevei\"><\/p>\n<h2>A c\u0103zut cortina peste Festivalul Medieval din Cetatea de Scaun a Sucevei<\/h2>\n<p><\/a><\/p>\n<div class=\"entry\">\n<div class=\"entry_content\">\n<div class=\"video-container\"><iframe loading=\"lazy\" title=\"Festivalul de Art\u0103 Medieval\u0103 \u201e\u0218tefan cel Mare\u201d 2015 (filmare aerian\u0103)\" width=\"500\" height=\"311\" src=\"https:\/\/www.youtube.com\/embed\/VfVEzIHjuQU?feature=oembed\" frameborder allow=\"accelerometer; autoplay; clipboard-write; encrypted-media; gyroscope; picture-in-picture; web-share\" referrerpolicy=\"strict-origin-when-cross-origin\" allowfullscreen><\/iframe><\/div>\n<p>Cea de-a noua edi\u0163ie a Festivalului de Art\u0103 Medieval\u0103 \u201e\u015etefan cel Mare\u201d din Cetatea de Scaun a Sucevei s-a \u00eencheiat duminic\u0103, organizatorii consider\u00e2nd c\u0103 \u015fi anul acesta evenimentul s-a bucurat de un succes deosebit \u00een r\u00e2ndul sucevenilor \u015fi a turi\u015ftilor.<br \/> Astfel, peste 13.000 de vizitatori s-au \u00eenregistrat la edi\u0163ia din acest an, a noua, a Festivalului de Art\u0103 Medieval\u0103 de la Suceava, eveniment organizat de Muzeul Bucovinei, Consiliul Jude\u0163ean \u015fi Prim\u0103ria Suceava.<br \/> Cifra exact\u0103 este de 13.106 din care cei mai mul\u0163i au fost copii, 6.500. Statistica a fost prezentat\u0103 de directorul adjunct al Muzeului Bucovinei, Ioan Mare\u015f, \u00eentr-o conferin\u0163\u0103 de pres\u0103 la care au mai participat directorul general al institu\u0163iei, Emil Ursu, venit din concediu medical \u015fi pre\u015fedintele Consiliului Jude\u0163ean, C\u0103t\u0103lin Nechifor.<br \/> La edi\u0163ia de anul acesta au participat ordine de cavaleri \u015fi arti\u015fti din \u00eentreaga \u0163ar\u0103, num\u0103rul total al acestora dep\u0103\u015find 280 de persoane.<\/p>\n<p>Galerii foto:<\/p>\n<ul>\n<li><a title=\"Mii de suceveni la parada cu f\u0103clii organizat\u0103 \u00een deschiderea Festivalului de Art\u0103 Medieval\u0103\" href=\"https:\/\/www.svnews.ro\/mii-de-suceveni-la-parada-cu-faclii-organizata-in-deschiderea-festivalului-de-arta-medievala\/59652\/\" target=\"_blank\"><strong>Parada cavalerilor cu f\u0103clii<\/strong><\/a><\/li>\n<li><a title=\"Cetatea Sucevei g\u0103zduie\u015fte cel mai mare festival medieval din \u0163ar\u0103\" href=\"https:\/\/www.svnews.ro\/cetatea-sucevei-gazduieste-cel-mai-mare-festival-medieval-din-tara\/59745\/\" target=\"_blank\"><strong>Deschiderea oficial\u0103 a Festivalului Medieval<\/strong><\/a><\/li>\n<li><a title=\"Spectacolul de foc \u015fi lasere al trupei Hypnosis a \u00eenc\u00e2ntat din nou publicul de la Festivalul Medieval din Suceava\" href=\"https:\/\/www.svnews.ro\/spectacolul-de-foc-si-lasere-al-trupei-hypnosis-a-incantat-din-nou-publicul-de-la-festivalul-medieval-din-suceava\/59901\/\" target=\"_blank\"><strong>Spectacolul de foc \u015fi lasere al trupei Hypnosis<\/strong><\/a><\/li>\n<\/ul>\n<p>\u00a0<\/p>\n<p><span class=\"hreview-aggregate\"><span class=\"item\"><span class=\"fn\">A c\u0103zut cortina peste Festivalul Medieval din Cetatea de Scaun a Sucevei<\/span><\/span>, <span class=\"rating\"><span class=\"average\">10.0<\/span> out of <span class=\"best\">10<\/span> based on <span class=\"votes\">5<\/span> ratings <\/span><\/span><\/div>\n<div>\n<div>VN:F [1.9.22_1171]<\/div>\n<div class=\"ratingblock \">\n<div class=\"ratingstars \">\n<div id=\"article_loader_60061\" class=\"ratingloaderarticle\">\n<div class=\"loader arrows \">\n<div class=\"loaderinner\">se actualizeaz\u0103&#8230;<\/div>\n<\/div>\n<\/div>\n<\/div>\n<div class=\"ratingtext \">\n<div id=\"gdr_text_a60061\">Rating: 10.0\/<strong>10<\/strong> (5 votes cast)<\/div>\n<\/div>\n<\/div>\n<\/div>\n<\/div>\n<\/div>\n<p><span>Timp liber<\/span><\/p>\n<div id=\"metaboxh\">\n<h5>Etichete<\/h5>\n<div class=\"listtags\"><a href=\"https:\/\/www.svnews.ro\/subiect\/cj-suceava\/\" rel=\"tag\">CJ Suceava<\/a><span>,<\/span><a href=\"https:\/\/www.svnews.ro\/subiect\/drona\/\" rel=\"tag\">drona<\/a><span>,<\/span><a href=\"https:\/\/www.svnews.ro\/subiect\/festivalul-de-arta-medievala-stefan-cel-mare\/\" rel=\"tag\">Festivalul de Arta Medievala \u201eStefan cel Mare\u201d<\/a><span>,<\/span><a href=\"https:\/\/www.svnews.ro\/subiect\/festivalul-de-arta-medievala-suceava\/\" rel=\"tag\">Festivalul de Arta Medievala Suceava<\/a><span>,<\/span><a href=\"https:\/\/www.svnews.ro\/subiect\/filmare-aeriana\/\" rel=\"tag\">filmare aeriana<\/a><span>,<\/span><a href=\"https:\/\/www.svnews.ro\/subiect\/filmare-cu-drona\/\" rel=\"tag\">filmare cu drona<\/a><span>,<\/span><a href=\"https:\/\/www.svnews.ro\/subiect\/gopro\/\" rel=\"tag\">GoPro<\/a><span>,<\/span><a href=\"https:\/\/www.svnews.ro\/subiect\/muzeul-bucovinei\/\" rel=\"tag\">Muzeul Bucovinei<\/a><span>,<\/span><a href=\"https:\/\/www.svnews.ro\/subiect\/primaria-suceava\/\" rel=\"tag\">Primaria Suceava<\/a><span>,<\/span><a href=\"https:\/\/www.svnews.ro\/subiect\/romania\/\" rel=\"tag\">Rom\u00e2nia<\/a><span>,<\/span><a href=\"https:\/\/www.svnews.ro\/subiect\/suceava\/\" rel=\"tag\">Suceava<\/a><\/div>\n<\/div>\n<div class=\"socialsharewrapper\">\n<div class=\"socialshare\"><a target=\"_blank\" href=\"https:\/\/www.facebook.com\/sharer.php?u=https:\/\/www.svnews.ro\/a-cazut-cortina-peste-festivalul-medieval-din-cetatea-de-scaun-a-sucevei\/60061\/\" title=\"Trimite pe Facebook\" class=\"facebook tooltip-top\">Trimite pe Facebook<\/a><a target=\"_blank\" href=\"https:\/\/twitter.com\/intent\/tweet?url=https:\/\/www.svnews.ro\/a-cazut-cortina-peste-festivalul-medieval-din-cetatea-de-scaun-a-sucevei\/60061\/\" title=\"Trimite pe Twiter\" class=\"twitter tooltip-top\">Trimite pe Twiter<\/a><a target=\"_blank\" href=\"https:\/\/plus.google.com\/share?url=https:\/\/www.svnews.ro\/a-cazut-cortina-peste-festivalul-medieval-din-cetatea-de-scaun-a-sucevei\/60061\/\" title=\"Trimite pe Google Plus\" class=\"google tooltip-top\">Trimite pe Google Plus<\/a><a target=\"_blank\" href=\"https:\/\/pinterest.com\/pin\/create\/button\/?url=https:\/\/www.svnews.ro\/a-cazut-cortina-peste-festivalul-medieval-din-cetatea-de-scaun-a-sucevei\/60061\/&amp;media=https:\/\/img.svnews.ro\/foto\/fb7f169196237aad18fd3dce5.jpg&amp;description=A%20c%C4%83zut%20cortina%20peste%20Festivalul%20Medieval%20din%20Cetatea%20de%20Scaun%20a%20Sucevei\" title=\"Pin pe poz\u0103\" class=\"pinterest tooltip-top\">Pin pe poz\u0103<\/a><a href=\"mailto:?subject=A%20c%C4%83zut%20cortina%20peste%20Festivalul%20Medieval%20din%20Cetatea%20de%20Scaun%20a%20Sucevei&amp;body='A%20c?zut%20cortina%20peste%20Festivalul%20Medieval%20din%20Cetatea%20de%20Scaun%20a%20Sucevei':%0D%0Ahttps:\/\/www.svnews.ro\/a-cazut-cortina-peste-festivalul-medieval-din-cetatea-de-scaun-a-sucevei\/60061\/\" title=\"Trimite pe Email\" class=\"email tooltip-top\">Trimite pe Email<\/a><\/div>\n<\/div>\n<div>\n<div><strong><a href=\"https:\/\/www.svnews.ro\/gheorghe-lazar-ramine-la-sefia-inspectoratului-scolar-suceava\/60066\/\" rel=\"prev\">Gheorghe Laz\u0103r r\u0103m\u00eene la \u015fefia Inspectoratului \u015ecolar Suceava<\/a><\/strong><\/div>\n<div><strong><a href=\"https:\/\/www.svnews.ro\/caravana-filmelor-de-scurt-metraj-next-ajunge-la-vatra-dornei\/60062\/\" rel=\"next\">Caravana Filmelor de scurt metraj \u201eNexT\u201d ajunge la Vatra Dornei<\/a><\/strong><\/div>\n<\/div>\n<p><span><span><a href=\"https:\/\/plus.google.com\/114118714655107976080?rel=author\">Suceava News Online<\/a><\/span><\/span><\/p>\n<div id=\"related\" class=\"clearfix\">\n<div id=\"relatednews\">\n<div id=\"relatednewsh2\">Alte \u015ftiri pe aceea\u015fi tem\u0103<\/div>\n<\/div>\n<div class=\"related\">\n<div class=\"relatedpost\"><a href=\"https:\/\/www.svnews.ro\/cetatea-de-scaun-a-sucevei-filmare-aeriana\/39900\/\" rel=\"bookmark\" title=\"Cetatea de Scaun a Sucevei (filmare aerian\u0103)\"><img decoding=\"async\" width=\"150\" height=\"125\" src=\"https:\/\/img.svnews.ro\/foto\/4ff3745d31922ab0515fd8c7701500125.jpg\" alt loading=\"lazy\"><\/a><\/p>\n<h3><a href=\"https:\/\/www.svnews.ro\/cetatea-de-scaun-a-sucevei-filmare-aeriana\/39900\/\" rel=\"bookmark\" title=\"Cetatea de Scaun a Sucevei (filmare aerian\u0103)\"> Cetatea de Scaun a Sucevei (filmare aerian\u0103) <\/a><\/h3>\n<\/div>\n<\/div>\n<div class=\"related\">\n<div class=\"relatedpost\"><a href=\"https:\/\/www.svnews.ro\/festivalul-medieval-din-cetatea-de-scaun-va-fi-promovat-cu-ajutorul-unor-statui-vii-si-flash-mob-uri\/40398\/\" rel=\"bookmark\" title=\"Festivalul medieval din Cetatea de Scaun va fi promovat cu ajutorul unor statui vii \u015fi flash mob-uri\"><img decoding=\"async\" width=\"150\" height=\"125\" src=\"https:\/\/img.svnews.ro\/foto\/2014\/08\/07\/40398\/a7a9404f3df1c72df85a569a901500125.jpg\" alt loading=\"lazy\"><\/a><\/p>\n<h3><a href=\"https:\/\/www.svnews.ro\/festivalul-medieval-din-cetatea-de-scaun-va-fi-promovat-cu-ajutorul-unor-statui-vii-si-flash-mob-uri\/40398\/\" rel=\"bookmark\" title=\"Festivalul medieval din Cetatea de Scaun va fi promovat cu ajutorul unor statui vii \u015fi flash mob-uri\"> Festivalul medieval din Cetatea de Scaun va fi promovat cu ajutorul&#8230; <\/a><\/h3>\n<\/div>\n<\/div>\n<div class=\"related\">\n<div class=\"relatedpost\"><a href=\"https:\/\/www.svnews.ro\/iluminatul-ambiental-din-cetatea-de-scaun-a-sucevei-fotografie-aeriana\/55614\/\" rel=\"bookmark\" title=\"Iluminatul ambiental din Cetatea de Scaun a Sucevei (fotografie aerian\u0103)\"><img decoding=\"async\" width=\"150\" height=\"125\" src=\"https:\/\/img.svnews.ro\/foto\/2015\/05\/22\/55614\/c5beaca2aa1355092629c16a901500125.jpg\" alt loading=\"lazy\"><\/a><\/p>\n<h3><a href=\"https:\/\/www.svnews.ro\/iluminatul-ambiental-din-cetatea-de-scaun-a-sucevei-fotografie-aeriana\/55614\/\" rel=\"bookmark\" title=\"Iluminatul ambiental din Cetatea de Scaun a Sucevei (fotografie aerian\u0103)\"> Iluminatul ambiental din Cetatea de Scaun a Sucevei (fotografie aerian\u0103) <\/a><\/h3>\n<\/div>\n<\/div>\n<div class=\"related\">\n<div class=\"relatedpost\"><a href=\"https:\/\/www.svnews.ro\/cetatea-de-scaun-a-sucevei-in-timpul-lucrarilor-de-restaurare\/39864\/\" rel=\"bookmark\" title=\"Cetatea de Scaun a Sucevei \u00een timpul lucr\u0103rilor de restaurare\"><img decoding=\"async\" width=\"150\" height=\"125\" src=\"https:\/\/img.svnews.ro\/foto\/2014\/08\/03\/39864\/4d5753d07759c10cb69ec6bc201500125.jpg\" alt loading=\"lazy\"><\/a><\/p>\n<h3><a href=\"https:\/\/www.svnews.ro\/cetatea-de-scaun-a-sucevei-in-timpul-lucrarilor-de-restaurare\/39864\/\" rel=\"bookmark\" title=\"Cetatea de Scaun a Sucevei \u00een timpul lucr\u0103rilor de restaurare\"> Cetatea de Scaun a Sucevei \u00een timpul lucr\u0103rilor de restaurare <\/a><\/h3>\n<\/div>\n<\/div>\n<p><\/p>\n<hr>\n<p><\/div>\n<\/article>\n<p> Source URL: https:\/\/www.svnews.ro\/a-cazut-cortina-peste-festivalul-medieval-din-cetatea-de-scaun-a-sucevei\/60061\/<\/p>\n","protected":false},"excerpt":{"rendered":"<p>mar\u021bi, 18 august 2015 \u015etiri\u00a0\u2022\u00a0Timp liber A c\u0103zut cortina peste Festivalul Medieval din Cetatea de Scaun a Sucevei Cea de-a noua edi\u0163ie a Festivalului de Art\u0103 Medieval\u0103 \u201e\u015etefan cel Mare\u201d din Cetatea de Scaun a Sucevei s-a \u00eencheiat duminic\u0103, organizatorii consider\u00e2nd c\u0103 \u015fi anul acesta evenimentul s-a bucurat de un succes deosebit \u00een r\u00e2ndul sucevenilor [&hellip;]<\/p>\n","protected":false},"author":1,"featured_media":0,"comment_status":"open","ping_status":"","sticky":false,"template":"","format":"standard","meta":{"footnotes":""},"categories":[89],"tags":[175],"class_list":["post-1253780","post","type-post","status-publish","format-standard","hentry","category-romania","tag-svnews-ro"],"_links":{"self":[{"href":"https:\/\/analyse.optim.biz\/index.php?rest_route=\/wp\/v2\/posts\/1253780","targetHints":{"allow":["GET"]}}],"collection":[{"href":"https:\/\/analyse.optim.biz\/index.php?rest_route=\/wp\/v2\/posts"}],"about":[{"href":"https:\/\/analyse.optim.biz\/index.php?rest_route=\/wp\/v2\/types\/post"}],"author":[{"embeddable":true,"href":"https:\/\/analyse.optim.biz\/index.php?rest_route=\/wp\/v2\/users\/1"}],"replies":[{"embeddable":true,"href":"https:\/\/analyse.optim.biz\/index.php?rest_route=%2Fwp%2Fv2%2Fcomments&post=1253780"}],"version-history":[{"count":0,"href":"https:\/\/analyse.optim.biz\/index.php?rest_route=\/wp\/v2\/posts\/1253780\/revisions"}],"wp:attachment":[{"href":"https:\/\/analyse.optim.biz\/index.php?rest_route=%2Fwp%2Fv2%2Fmedia&parent=1253780"}],"wp:term":[{"taxonomy":"category","embeddable":true,"href":"https:\/\/analyse.optim.biz\/index.php?rest_route=%2Fwp%2Fv2%2Fcategories&post=1253780"},{"taxonomy":"post_tag","embeddable":true,"href":"https:\/\/analyse.optim.biz\/index.php?rest_route=%2Fwp%2Fv2%2Ftags&post=1253780"}],"curies":[{"name":"wp","href":"https:\/\/api.w.org\/{rel}","templated":true}]}}