{"id":1253644,"date":"2016-06-03T07:39:21","date_gmt":"2016-06-03T04:39:21","guid":{"rendered":"https:\/\/analyse.optim.biz\/?p=1253644"},"modified":"2016-06-03T07:39:21","modified_gmt":"2016-06-03T04:39:21","slug":"suceava-filmare-aeriana-suceava-news-online","status":"publish","type":"post","link":"https:\/\/analyse.optim.biz\/?p=1253644","title":{"rendered":"Suceava (filmare aerian\u0103) | Suceava News Online"},"content":{"rendered":"<article>\n<div id=\"tools\">\n<div id=\"datemeta\">vineri, 3 iunie 2016<\/div>\n<div id=\"breadcrumb\"><span><a href=\"https:\/\/www.svnews.ro\/\" title=\"Suceava News : \u015etiri din Suceava\" rel=\"home\"><span>\u015etiri<\/span><\/a><\/span>\u00a0\u2022\u00a0<span><a href=\"https:\/\/www.svnews.ro\/turism\/\" title=\"Vezi toate articolele din Turism\"><span>Turism<\/span><\/a><\/span><\/div>\n<\/div>\n<div class=\"post\"><a href=\"https:\/\/www.svnews.ro\/suceava-filmare-aeriana\/74731\/\" rel=\"bookmark\" title=\"Suceava (filmare aerian\u0103)\"><\/p>\n<h2>Suceava (filmare aerian\u0103)<\/h2>\n<p><\/a><\/p>\n<div class=\"entry\">\n<div class=\"entry_content\">\n<div class=\"video-container\"><iframe loading=\"lazy\" title=\"Municipiul Suceava (filmare aerian\u0103)\" width=\"500\" height=\"311\" src=\"https:\/\/www.youtube.com\/embed\/58lGFkXQ-fw?feature=oembed\" frameborder allow=\"accelerometer; autoplay; clipboard-write; encrypted-media; gyroscope; picture-in-picture; web-share\" referrerpolicy=\"strict-origin-when-cross-origin\" allowfullscreen><\/iframe><\/div>\n<p>Municipiul Suceava este re\u0219edin\u021ba \u0219i totodat\u0103 cel mai mare centru urban al jude\u021bului cu acela\u0219i nume, fiind localizat \u00een partea central-estic\u0103 a sa. Localitatea a fost declarat\u0103 municipiu \u00een anul 1968, fiind cel mai vechi municipiu dintre cele cinci care se g\u0103sesc pe teritoriul jude\u021bului Suceava: Suceava (1968), F\u0103lticeni, R\u0103d\u0103u\u021bi, C\u00e2mpulung Moldovenesc (1995) \u0219i Vatra Dornei (2000). De asemenea, Suceava reprezint\u0103 de departe principalul centru economic, social, politic \u0219i cultural al jude\u021bului.<\/p>\n<p>Timp de dou\u0103 secole XV \u2013 XVI, Suceava a ocupat un loc de prim plan \u00een istoria ora\u015felor Moldovei, fiind cel mai important centru al produc\u0163iei de m\u0103rfuri si al schimbului intern si extern, aici afl\u00e2ndu-se vama principal\u0103 a t\u0103rii, pe unde erau obligate s\u0103 treac\u0103 toate caravanele de negustori.<\/p>\n<p>Apogeul str\u0103lucirii Sucevei este atins \u00eens\u0103 \u00een vremea marelui domnitor \u015etefan cel Mare (1457-1504), acesta acordandu-i o aten\u0163ie sporit\u0103, consolid\u00e2nd Cetatea de Scaun, Curtea Domneasc\u0103, ad\u0103ug\u00e2nd noi \u015fi importante construc\u0163ii \u00een ora\u015f, \u00eengrijindu-se de dezvoltarea sa economic\u0103 \u015fi cultural\u0103.<\/p>\n<p>Ora\u0219ul (cu excep\u021bia cartierului Burdujeni) se afl\u0103 \u00een regiunea istoric\u0103 Bucovina, fiind localitate de frontier\u0103 austro-ungar\u0103 \u0219i al doilea centru urban al Bucovinei ca m\u0103rime \u0219i importan\u021b\u0103 dup\u0103 capitala Cern\u0103u\u021bi.<\/p>\n<p>Localitatea este situat\u0103 pe cursul r\u00e2ului Suceava, afluent de dreapta al Siretului, la distan\u021ba de 21 km de v\u0103rsarea \u00een Siret (l\u00e2ng\u0103 ora\u0219ul Liteni) \u0219i 149 km de locul de izvor\u00e2re (Masivul Lucina din Obcina Mestec\u0103ni\u0219ului). R\u00e2ul separ\u0103 vechiul ora\u0219 Suceava de cartierele suburbane Burdujeni \u0219i I\u021bcani \u0219i a determinat \u00een timp configura\u021bia neobi\u0219nuit\u0103 a reliefului urban al Sucevei, care include zone de deal (cu platouri \u0219i versan\u021bi), zone de lunc\u0103 \u0219i dou\u0103 cr\u00e2nguri: Zamca \u0219i \u0218ipote (ambele localizate \u00een grani\u021bele ora\u0219ului).<\/p>\n<p>Mai multe informa\u0163ii:<\/p>\n<ul>\n<li><a title=\"Suceava\" href=\"https:\/\/ro.wikipedia.org\/wiki\/Suceava\" target=\"_blank\"><strong>Wikipedia<\/strong><\/a><\/li>\n<li><strong><a title=\"Prim\u0103ria municipiului Suceava\" href=\"http:\/\/www.primariasv.ro\" target=\"_blank\">Prim\u0103ria municipiului Suceava<\/a><\/strong><\/li>\n<\/ul>\n\n<p><span class=\"hreview-aggregate\"><span class=\"item\"><span class=\"fn\">Suceava (filmare aerian\u0103)<\/span><\/span>, <span class=\"rating\"><span class=\"average\">9.0<\/span> out of <span class=\"best\">10<\/span> based on <span class=\"votes\">9<\/span> ratings <\/span><\/span><\/div>\n<div>\n<div>VN:F [1.9.22_1171]<\/div>\n<div class=\"ratingblock \">\n<div class=\"ratingstars \">\n<div id=\"article_loader_74731\" class=\"ratingloaderarticle\">\n<div class=\"loader arrows \">\n<div class=\"loaderinner\">se actualizeaz\u0103&#8230;<\/div>\n<\/div>\n<\/div>\n<\/div>\n<div class=\"ratingtext \">\n<div id=\"gdr_text_a74731\">Rating: 9.0\/<strong>10<\/strong> (9 votes cast)<\/div>\n<\/div>\n<\/div>\n<\/div>\n<\/div>\n<\/div>\n<p><span>Turism<\/span><\/p>\n<div id=\"metaboxh\">\n<h5>Etichete<\/h5>\n<div class=\"listtags\"><a href=\"https:\/\/www.svnews.ro\/subiect\/biserica-sfantul-dumitru\/\" rel=\"tag\">Biserica Sfantul Dumitru<\/a><span>,<\/span><a href=\"https:\/\/www.svnews.ro\/subiect\/burdujeni\/\" rel=\"tag\">Burdujeni<\/a><span>,<\/span><a href=\"https:\/\/www.svnews.ro\/subiect\/catedrala-nasterea-domnului\/\" rel=\"tag\">Catedrala Nasterea Domnului<\/a><span>,<\/span><a href=\"https:\/\/www.svnews.ro\/subiect\/centru\/\" rel=\"tag\">Centru<\/a><span>,<\/span><a href=\"https:\/\/www.svnews.ro\/subiect\/cetatea-de-scaun\/\" rel=\"tag\">Cetatea de Scaun<\/a><span>,<\/span><a href=\"https:\/\/www.svnews.ro\/subiect\/filmare-aeriana\/\" rel=\"tag\">filmare aeriana<\/a><span>,<\/span><a href=\"https:\/\/www.svnews.ro\/subiect\/george-enescu\/\" rel=\"tag\">George Enescu<\/a><span>,<\/span><a href=\"https:\/\/www.svnews.ro\/subiect\/manastirea-sf-ioan-cel-nou\/\" rel=\"tag\">Manastirea Sf. Ioan cel Nou<\/a><span>,<\/span><a href=\"https:\/\/www.svnews.ro\/subiect\/manastirea-zamca\/\" rel=\"tag\">M\u0103n\u0103stirea Zamca<\/a><span>,<\/span><a href=\"https:\/\/www.svnews.ro\/subiect\/orasul-suceava\/\" rel=\"tag\">orasul Suceava<\/a><span>,<\/span><a href=\"https:\/\/www.svnews.ro\/subiect\/palatul-administrativ\/\" rel=\"tag\">Palatul Administrativ<\/a><span>,<\/span><a href=\"https:\/\/www.svnews.ro\/subiect\/primaria-suceava\/\" rel=\"tag\">Primaria Suceava<\/a><span>,<\/span><a href=\"https:\/\/www.svnews.ro\/subiect\/stadionul-areni\/\" rel=\"tag\">stadionul Areni<\/a><span>,<\/span><a href=\"https:\/\/www.svnews.ro\/subiect\/suceava\/\" rel=\"tag\">Suceava<\/a><span>,<\/span><a href=\"https:\/\/www.svnews.ro\/subiect\/zamca\/\" rel=\"tag\">Zamca<\/a><\/div>\n<\/div>\n<div class=\"socialsharewrapper\">\n<div class=\"socialshare\"><a target=\"_blank\" href=\"https:\/\/www.facebook.com\/sharer.php?u=https:\/\/www.svnews.ro\/suceava-filmare-aeriana\/74731\/\" title=\"Trimite pe Facebook\" class=\"facebook tooltip-top\">Trimite pe Facebook<\/a><a target=\"_blank\" href=\"https:\/\/twitter.com\/intent\/tweet?url=https:\/\/www.svnews.ro\/suceava-filmare-aeriana\/74731\/\" title=\"Trimite pe Twiter\" class=\"twitter tooltip-top\">Trimite pe Twiter<\/a><a target=\"_blank\" href=\"https:\/\/plus.google.com\/share?url=https:\/\/www.svnews.ro\/suceava-filmare-aeriana\/74731\/\" title=\"Trimite pe Google Plus\" class=\"google tooltip-top\">Trimite pe Google Plus<\/a><a target=\"_blank\" href=\"https:\/\/pinterest.com\/pin\/create\/button\/?url=https:\/\/www.svnews.ro\/suceava-filmare-aeriana\/74731\/&amp;media=https:\/\/img.svnews.ro\/foto\/9e3d4358bade8b7f3ae754d16.jpg&amp;description=Suceava%20%28filmare%20aerian%C4%83%29\" title=\"Pin pe poz\u0103\" class=\"pinterest tooltip-top\">Pin pe poz\u0103<\/a><a href=\"mailto:?subject=Suceava%20%28filmare%20aerian%C4%83%29&amp;body='Suceava%20(filmare%20aerian?)':%0D%0Ahttps:\/\/www.svnews.ro\/suceava-filmare-aeriana\/74731\/\" title=\"Trimite pe Email\" class=\"email tooltip-top\">Trimite pe Email<\/a><\/div>\n<\/div>\n<div>\n<div><strong><a href=\"https:\/\/www.svnews.ro\/premierul-dacian-ciolos-transmite-condoleante-familiilor-victimelor-accidentului-din-republica-moldova\/74723\/\" rel=\"prev\">Premierul Dacian Ciolo\u0219 transmite condolean\u021be familiilor victimelor accidentului din Republica Moldova<\/a><\/strong><\/div>\n<div><strong><a href=\"https:\/\/www.svnews.ro\/patru-persoane-ranite-in-urma-ciocnirii-dintre-un-autoturism-si-o-autoutilitara-pe-dn-17-la-argestru\/74735\/\" rel=\"next\">Patru persoane r\u0103nite \u00een urma ciocnirii dintre un autoturism \u015fi o autoutilitar\u0103 pe DN 17 la Argestru<\/a><\/strong><\/div>\n<\/div>\n<p><span><span><a href=\"https:\/\/plus.google.com\/114118714655107976080?rel=author\">Suceava News Online<\/a><\/span><\/span><\/p>\n<div id=\"related\" class=\"clearfix\">\n<div id=\"relatednews\">\n<div id=\"relatednewsh2\">Alte \u015ftiri pe aceea\u015fi tem\u0103<\/div>\n<\/div>\n<div class=\"related\">\n<div class=\"relatedpost\"><a href=\"https:\/\/www.svnews.ro\/manastirea-zamca-filmare-aeriana\/40447\/\" rel=\"bookmark\" title=\"M\u0103n\u0103stirea Zamca (filmare aerian\u0103)\"><img decoding=\"async\" width=\"150\" height=\"125\" src=\"https:\/\/img.svnews.ro\/foto\/921644fc9ab9d0833ca9ed2ce01500125.jpg\" alt loading=\"lazy\"><\/a><\/p>\n<h3><a href=\"https:\/\/www.svnews.ro\/manastirea-zamca-filmare-aeriana\/40447\/\" rel=\"bookmark\" title=\"M\u0103n\u0103stirea Zamca (filmare aerian\u0103)\"> M\u0103n\u0103stirea Zamca (filmare aerian\u0103) <\/a><\/h3>\n<\/div>\n<\/div>\n<div class=\"related\">\n<div class=\"relatedpost\"><a href=\"https:\/\/www.svnews.ro\/cartierul-marasesti-suceava-filmare-aeriana\/42152\/\" rel=\"bookmark\" title=\"Cartierul M\u0103r\u0103\u0219e\u0219ti, Suceava (filmare aerian\u0103)\"><img decoding=\"async\" width=\"150\" height=\"125\" src=\"https:\/\/img.svnews.ro\/foto\/d48903061f3f27dd03d582c0301500125.jpg\" alt loading=\"lazy\"><\/a><\/p>\n<h3><a href=\"https:\/\/www.svnews.ro\/cartierul-marasesti-suceava-filmare-aeriana\/42152\/\" rel=\"bookmark\" title=\"Cartierul M\u0103r\u0103\u0219e\u0219ti, Suceava (filmare aerian\u0103)\"> Cartierul M\u0103r\u0103\u0219e\u0219ti, Suceava (filmare aerian\u0103) <\/a><\/h3>\n<\/div>\n<\/div>\n<div class=\"related\">\n<div class=\"relatedpost\"><a href=\"https:\/\/www.svnews.ro\/cetatea-de-scaun-a-sucevei-filmare-aeriana\/39900\/\" rel=\"bookmark\" title=\"Cetatea de Scaun a Sucevei (filmare aerian\u0103)\"><img decoding=\"async\" width=\"150\" height=\"125\" src=\"https:\/\/img.svnews.ro\/foto\/4ff3745d31922ab0515fd8c7701500125.jpg\" alt loading=\"lazy\"><\/a><\/p>\n<h3><a href=\"https:\/\/www.svnews.ro\/cetatea-de-scaun-a-sucevei-filmare-aeriana\/39900\/\" rel=\"bookmark\" title=\"Cetatea de Scaun a Sucevei (filmare aerian\u0103)\"> Cetatea de Scaun a Sucevei (filmare aerian\u0103) <\/a><\/h3>\n<\/div>\n<\/div>\n<div class=\"related\">\n<div class=\"relatedpost\"><a href=\"https:\/\/www.svnews.ro\/biserica-romano-catolica-din-cacica-filmare-aeriana\/37412\/\" rel=\"bookmark\" title=\"Biserica romano-catolic\u0103 din Cacica (filmare aerian\u0103)\"><img decoding=\"async\" width=\"150\" height=\"125\" src=\"https:\/\/img.svnews.ro\/foto\/ba6341d1f20758e12308e6b0a01500125.jpg\" alt loading=\"lazy\"><\/a><\/p>\n<h3><a href=\"https:\/\/www.svnews.ro\/biserica-romano-catolica-din-cacica-filmare-aeriana\/37412\/\" rel=\"bookmark\" title=\"Biserica romano-catolic\u0103 din Cacica (filmare aerian\u0103)\"> Biserica romano-catolic\u0103 din Cacica (filmare aerian\u0103) <\/a><\/h3>\n<\/div>\n<\/div>\n<p><\/p>\n<hr>\n<p><\/div>\n<\/article>\n<p> Source URL: https:\/\/www.svnews.ro\/suceava-filmare-aeriana\/74731\/<\/p>\n","protected":false},"excerpt":{"rendered":"<p>vineri, 3 iunie 2016 \u015etiri\u00a0\u2022\u00a0Turism Suceava (filmare aerian\u0103) Municipiul Suceava este re\u0219edin\u021ba \u0219i totodat\u0103 cel mai mare centru urban al jude\u021bului cu acela\u0219i nume, fiind localizat \u00een partea central-estic\u0103 a sa. Localitatea a fost declarat\u0103 municipiu \u00een anul 1968, fiind cel mai vechi municipiu dintre cele cinci care se g\u0103sesc pe teritoriul jude\u021bului Suceava: Suceava [&hellip;]<\/p>\n","protected":false},"author":1,"featured_media":0,"comment_status":"open","ping_status":"","sticky":false,"template":"","format":"standard","meta":{"footnotes":""},"categories":[89],"tags":[175],"class_list":["post-1253644","post","type-post","status-publish","format-standard","hentry","category-romania","tag-svnews-ro"],"_links":{"self":[{"href":"https:\/\/analyse.optim.biz\/index.php?rest_route=\/wp\/v2\/posts\/1253644","targetHints":{"allow":["GET"]}}],"collection":[{"href":"https:\/\/analyse.optim.biz\/index.php?rest_route=\/wp\/v2\/posts"}],"about":[{"href":"https:\/\/analyse.optim.biz\/index.php?rest_route=\/wp\/v2\/types\/post"}],"author":[{"embeddable":true,"href":"https:\/\/analyse.optim.biz\/index.php?rest_route=\/wp\/v2\/users\/1"}],"replies":[{"embeddable":true,"href":"https:\/\/analyse.optim.biz\/index.php?rest_route=%2Fwp%2Fv2%2Fcomments&post=1253644"}],"version-history":[{"count":0,"href":"https:\/\/analyse.optim.biz\/index.php?rest_route=\/wp\/v2\/posts\/1253644\/revisions"}],"wp:attachment":[{"href":"https:\/\/analyse.optim.biz\/index.php?rest_route=%2Fwp%2Fv2%2Fmedia&parent=1253644"}],"wp:term":[{"taxonomy":"category","embeddable":true,"href":"https:\/\/analyse.optim.biz\/index.php?rest_route=%2Fwp%2Fv2%2Fcategories&post=1253644"},{"taxonomy":"post_tag","embeddable":true,"href":"https:\/\/analyse.optim.biz\/index.php?rest_route=%2Fwp%2Fv2%2Ftags&post=1253644"}],"curies":[{"name":"wp","href":"https:\/\/api.w.org\/{rel}","templated":true}]}}